{"id":10031,"date":"2021-12-18T16:17:12","date_gmt":"2021-12-18T15:17:12","guid":{"rendered":"https:\/\/videomappingcenter.com\/la-terre-le-charbon-%e2%80%a8%e2%80%a8le-quartier-centre-des-arts-plastiques-fresnes-sur-escaut-france%e2%80%a8-video-mapping-festival-2021\/"},"modified":"2022-05-23T10:36:09","modified_gmt":"2022-05-23T08:36:09","slug":"la-terre-le-charbon-%e2%80%a8%e2%80%a8le-quartier-centre-des-arts-plastiques-fresnes-sur-escaut-france%e2%80%a8-video-mapping-festival-2021","status":"publish","type":"post","link":"https:\/\/videomappingcenter.com\/en\/la-terre-le-charbon-%e2%80%a8%e2%80%a8le-quartier-centre-des-arts-plastiques-fresnes-sur-escaut-france%e2%80%a8-video-mapping-festival-2021\/","title":{"rendered":"THE EARTH, THE COAL &#8211; Le quARTier \u2013 Centre des Arts Plastiques, Fresnes-sur-Escaut, France &#8211; Video Mapping Festival 2021"},"content":{"rendered":"\n<figure><iframe loading=\"lazy\" src=\"https:\/\/player.vimeo.com\/video\/704178693?h=e55e685234\" width=\"640\" height=\"360\" allowfullscreen=\"\"><\/iframe><\/figure>\n\n\n\n<p style=\"text-align:justify\">Video mapping created during an intergenerational participative workshop, as part of the Video Mapping Festival #4.<br><br><strong>\u25ba The Earth, the coal<\/strong><br>The underground was coal;<br>The sky was the horizon;<br>Men were underground miners.<br><br><strong>Creative time:<\/strong> <strong>Le quARTier &#8211; Fresnes-sur-Escaut<br><\/strong>Ad\u00e9laide<br>Alicia<br>Doroth\u00e9e<br>Elyas<br>Fatiha<br>Hafida<br>In\u00e8s<br>Kimberley<br>Lucie<br>Math\u00e9o<br>Nassim<br><br><strong>Supervising staff: <\/strong>Chlo\u00e9 ROUGIER<br><br><em>With the support of the Hauts-de-France Region, the Drac Hauts-de-France and Valenciennes M\u00e9tropole.<br>In collaboration with the City of Anzin and the City Fresnes-sur-Escaut.<\/em><br><br><br><strong>More info:\u00a0<a rel=\"noreferrer noopener\" href=\"https:\/\/videomappingfestival.com\/?lang=en\" target=\"_blank\">videomappingfestival.com<\/a><\/strong><br><strong>Facebook:\u00a0<a rel=\"noreferrer noopener\" href=\"https:\/\/www.facebook.com\/VideoMappingFestival\" target=\"_blank\">Video Mapping Festival<\/a><\/strong><\/p>\n\n\n\n<p><br> <\/p>\n<div class=\"simple-taxonomy\">\n\t<div class=\"taxonomy-item-prod\"><a href=\"https:\/\/videomappingcenter.com\/en\/item-prod\/atelier-pedagogique\/\" rel=\"tag\">Educational workshop<\/a>, <a href=\"https:\/\/videomappingcenter.com\/en\/item-prod\/evenement\/\" rel=\"tag\">Event<\/a><\/div>\n\t<div class=\"taxonomy-item-mapping\"><a href=\"https:\/\/videomappingcenter.com\/en\/item-mapping\/mapping-monumental-en\/\" rel=\"tag\">Monument video mapping<\/a><\/div>\n\t<div class=\"taxonomy-item-lieu\"><a href=\"https:\/\/videomappingcenter.com\/en\/item-lieu\/hauts-de-france-en\/\" rel=\"tag\">Hauts-de-France<\/a><\/div>\n\t<div class=\"taxonomy-item-dates\"><a href=\"https:\/\/videomappingcenter.com\/en\/item-dates\/2021-en\/\" rel=\"tag\">2021<\/a><\/div>\n\n<\/div>\n","protected":false},"excerpt":{"rendered":"<p>Video mapping created during an intergenerational participative workshop, as part of the Video Mapping Festival #4. \u25ba The Earth, the coalThe underground was coal;The sky was the horizon;Men were underground miners. Creative time: Le quARTier &#8211; Fresnes-sur-EscautAd\u00e9laideAliciaDoroth\u00e9eElyasFatihaHafidaIn\u00e8sKimberleyLucieMath\u00e9oNassim Supervising staff: Chlo\u00e9 ROUGIER With the support of the Hauts-de-France Region, the Drac Hauts-de-France and Valenciennes M\u00e9tropole.In collaboration [&hellip;]<\/p>\n<div class=\"simple-taxonomy\">\n\t<div class=\"taxonomy-item-prod\"><a href=\"https:\/\/videomappingcenter.com\/en\/item-prod\/atelier-pedagogique\/\" rel=\"tag\">Educational workshop<\/a>, <a href=\"https:\/\/videomappingcenter.com\/en\/item-prod\/evenement\/\" rel=\"tag\">Event<\/a><\/div>\n\t<div class=\"taxonomy-item-mapping\"><a href=\"https:\/\/videomappingcenter.com\/en\/item-mapping\/mapping-monumental-en\/\" rel=\"tag\">Monument video mapping<\/a><\/div>\n\t<div class=\"taxonomy-item-lieu\"><a href=\"https:\/\/videomappingcenter.com\/en\/item-lieu\/hauts-de-france-en\/\" rel=\"tag\">Hauts-de-France<\/a><\/div>\n\t<div class=\"taxonomy-item-dates\"><a href=\"https:\/\/videomappingcenter.com\/en\/item-dates\/2021-en\/\" rel=\"tag\">2021<\/a><\/div>\n\n<\/div>\n","protected":false},"author":3,"featured_media":10026,"comment_status":"closed","ping_status":"closed","sticky":false,"template":"","format":"standard","meta":{"footnotes":""},"categories":[151,149],"tags":[1897,758,109,124,2180,117,131,2230,110,116,108],"item-prod":[156,157],"item-mapping":[277],"item-lieu":[281],"item-dates":[1901],"class_list":["post-10031","post","type-post","status-publish","format-standard","has-post-thumbnail","hentry","category-educative-workshop","category-video-mapping-festival-en","tag-2021-en","tag-chloe-rougier-en","tag-educational-workshop","tag-transcient","tag-fresnes-sur-escaut-en","tag-front","tag-hauts-de-france-en","tag-le-quartier-centre-des-arts-plastiques-en-2","tag-monument-video-mapping","tag-outdoor","tag-video-mapping-festival-en","item-prod-atelier-pedagogique","item-prod-evenement","item-mapping-mapping-monumental-en","item-lieu-hauts-de-france-en","item-dates-2021-en"],"yoast_head":"<!-- This site is optimized with the Yoast SEO plugin v25.8 - https:\/\/yoast.com\/wordpress\/plugins\/seo\/ -->\n<title>THE EARTH, THE COAL - Le quARTier \u2013 Centre des Arts Plastiques, Fresnes-sur-Escaut, France - Video Mapping Festival 2021 | Video Mapping European Center<\/title>\n<meta name=\"robots\" content=\"index, follow, max-snippet:-1, max-image-preview:large, max-video-preview:-1\" \/>\n<link rel=\"canonical\" href=\"https:\/\/videomappingcenter.com\/la-terre-le-charbon-\u2028\u2028le-quartier-centre-des-arts-plastiques-fresnes-sur-escaut-france\u2028-video-mapping-festival-2021\/\" \/>\n<meta property=\"og:locale\" content=\"en_US\" \/>\n<meta property=\"og:type\" content=\"article\" \/>\n<meta property=\"og:title\" content=\"THE EARTH, THE COAL - Le quARTier \u2013 Centre des Arts Plastiques, Fresnes-sur-Escaut, France - Video Mapping Festival 2021 | Video Mapping European Center\" \/>\n<meta property=\"og:description\" content=\"Video mapping created during an intergenerational participative workshop, as part of the Video Mapping Festival #4. \u25ba The Earth, the coalThe underground was coal;The sky was the horizon;Men were underground miners. Creative time: Le quARTier &#8211; Fresnes-sur-EscautAd\u00e9laideAliciaDoroth\u00e9eElyasFatihaHafidaIn\u00e8sKimberleyLucieMath\u00e9oNassim Supervising staff: Chlo\u00e9 ROUGIER With the support of the Hauts-de-France Region, the Drac Hauts-de-France and Valenciennes M\u00e9tropole.In collaboration [&hellip;]\" \/>\n<meta property=\"og:url\" content=\"https:\/\/videomappingcenter.com\/la-terre-le-charbon-\u2028\u2028le-quartier-centre-des-arts-plastiques-fresnes-sur-escaut-france\u2028-video-mapping-festival-2021\/\" \/>\n<meta property=\"og:site_name\" content=\"Video Mapping European Center\" \/>\n<meta property=\"article:published_time\" content=\"2021-12-18T15:17:12+00:00\" \/>\n<meta property=\"article:modified_time\" content=\"2022-05-23T08:36:09+00:00\" \/>\n<meta property=\"og:image\" content=\"https:\/\/videomappingcenter.com\/wp-content\/uploads\/2022\/05\/Sans-titre-5.png\" \/>\n\t<meta property=\"og:image:width\" content=\"900\" \/>\n\t<meta property=\"og:image:height\" content=\"500\" \/>\n\t<meta property=\"og:image:type\" content=\"image\/png\" \/>\n<meta name=\"author\" content=\"Edimestre\" \/>\n<meta name=\"twitter:card\" content=\"summary_large_image\" \/>\n<meta name=\"twitter:label1\" content=\"Written by\" \/>\n\t<meta name=\"twitter:data1\" content=\"Edimestre\" \/>\n<script type=\"application\/ld+json\" class=\"yoast-schema-graph\">{\"@context\":\"https:\/\/schema.org\",\"@graph\":[{\"@type\":\"Article\",\"@id\":\"https:\/\/videomappingcenter.com\/la-terre-le-charbon-%e2%80%a8%e2%80%a8le-quartier-centre-des-arts-plastiques-fresnes-sur-escaut-france%e2%80%a8-video-mapping-festival-2021\/#article\",\"isPartOf\":{\"@id\":\"https:\/\/videomappingcenter.com\/la-terre-le-charbon-%e2%80%a8%e2%80%a8le-quartier-centre-des-arts-plastiques-fresnes-sur-escaut-france%e2%80%a8-video-mapping-festival-2021\/\"},\"author\":{\"name\":\"Edimestre\",\"@id\":\"https:\/\/videomappingcenter.com\/?lang=en\/#\/schema\/person\/506136ad599d9c386ea59407d183cef8\"},\"headline\":\"THE EARTH, THE COAL &#8211; Le quARTier \u2013 Centre des Arts Plastiques, Fresnes-sur-Escaut, France &#8211; Video Mapping Festival 2021\",\"datePublished\":\"2021-12-18T15:17:12+00:00\",\"dateModified\":\"2022-05-23T08:36:09+00:00\",\"mainEntityOfPage\":{\"@id\":\"https:\/\/videomappingcenter.com\/la-terre-le-charbon-%e2%80%a8%e2%80%a8le-quartier-centre-des-arts-plastiques-fresnes-sur-escaut-france%e2%80%a8-video-mapping-festival-2021\/\"},\"wordCount\":97,\"publisher\":{\"@id\":\"https:\/\/videomappingcenter.com\/?lang=en\/#organization\"},\"image\":{\"@id\":\"https:\/\/videomappingcenter.com\/la-terre-le-charbon-%e2%80%a8%e2%80%a8le-quartier-centre-des-arts-plastiques-fresnes-sur-escaut-france%e2%80%a8-video-mapping-festival-2021\/#primaryimage\"},\"thumbnailUrl\":\"https:\/\/videomappingcenter.com\/wp-content\/uploads\/2022\/05\/Sans-titre-5.png\",\"keywords\":[\"2021\",\"Chlo\u00e9 Rougier\",\"Educational workshop\",\"Ephemeral\",\"Fresnes-sur-Escaut\",\"Frontal\",\"Hauts-de-France\",\"Le quARTier - Centre des Arts Plastiques\",\"Monument video mapping\",\"Outdoor\",\"Video Mapping Festival\"],\"articleSection\":[\"Educational workshop\",\"Video Mapping Festival\"],\"inLanguage\":\"en-US\"},{\"@type\":\"WebPage\",\"@id\":\"https:\/\/videomappingcenter.com\/la-terre-le-charbon-%e2%80%a8%e2%80%a8le-quartier-centre-des-arts-plastiques-fresnes-sur-escaut-france%e2%80%a8-video-mapping-festival-2021\/\",\"url\":\"https:\/\/videomappingcenter.com\/la-terre-le-charbon-%e2%80%a8%e2%80%a8le-quartier-centre-des-arts-plastiques-fresnes-sur-escaut-france%e2%80%a8-video-mapping-festival-2021\/\",\"name\":\"THE EARTH, THE COAL - Le quARTier \u2013 Centre des Arts Plastiques, Fresnes-sur-Escaut, France - Video Mapping Festival 2021 | Video Mapping European Center\",\"isPartOf\":{\"@id\":\"https:\/\/videomappingcenter.com\/?lang=en\/#website\"},\"primaryImageOfPage\":{\"@id\":\"https:\/\/videomappingcenter.com\/la-terre-le-charbon-%e2%80%a8%e2%80%a8le-quartier-centre-des-arts-plastiques-fresnes-sur-escaut-france%e2%80%a8-video-mapping-festival-2021\/#primaryimage\"},\"image\":{\"@id\":\"https:\/\/videomappingcenter.com\/la-terre-le-charbon-%e2%80%a8%e2%80%a8le-quartier-centre-des-arts-plastiques-fresnes-sur-escaut-france%e2%80%a8-video-mapping-festival-2021\/#primaryimage\"},\"thumbnailUrl\":\"https:\/\/videomappingcenter.com\/wp-content\/uploads\/2022\/05\/Sans-titre-5.png\",\"datePublished\":\"2021-12-18T15:17:12+00:00\",\"dateModified\":\"2022-05-23T08:36:09+00:00\",\"breadcrumb\":{\"@id\":\"https:\/\/videomappingcenter.com\/la-terre-le-charbon-%e2%80%a8%e2%80%a8le-quartier-centre-des-arts-plastiques-fresnes-sur-escaut-france%e2%80%a8-video-mapping-festival-2021\/#breadcrumb\"},\"inLanguage\":\"en-US\",\"potentialAction\":[{\"@type\":\"ReadAction\",\"target\":[\"https:\/\/videomappingcenter.com\/la-terre-le-charbon-%e2%80%a8%e2%80%a8le-quartier-centre-des-arts-plastiques-fresnes-sur-escaut-france%e2%80%a8-video-mapping-festival-2021\/\"]}]},{\"@type\":\"ImageObject\",\"inLanguage\":\"en-US\",\"@id\":\"https:\/\/videomappingcenter.com\/la-terre-le-charbon-%e2%80%a8%e2%80%a8le-quartier-centre-des-arts-plastiques-fresnes-sur-escaut-france%e2%80%a8-video-mapping-festival-2021\/#primaryimage\",\"url\":\"https:\/\/videomappingcenter.com\/wp-content\/uploads\/2022\/05\/Sans-titre-5.png\",\"contentUrl\":\"https:\/\/videomappingcenter.com\/wp-content\/uploads\/2022\/05\/Sans-titre-5.png\",\"width\":900,\"height\":500},{\"@type\":\"BreadcrumbList\",\"@id\":\"https:\/\/videomappingcenter.com\/la-terre-le-charbon-%e2%80%a8%e2%80%a8le-quartier-centre-des-arts-plastiques-fresnes-sur-escaut-france%e2%80%a8-video-mapping-festival-2021\/#breadcrumb\",\"itemListElement\":[{\"@type\":\"ListItem\",\"position\":1,\"name\":\"Accueil\",\"item\":\"https:\/\/videomappingcenter.com\/\"},{\"@type\":\"ListItem\",\"position\":2,\"name\":\"THE EARTH, THE COAL &#8211; Le quARTier \u2013 Centre des Arts Plastiques, Fresnes-sur-Escaut, France &#8211; Video Mapping Festival 2021\"}]},{\"@type\":\"WebSite\",\"@id\":\"https:\/\/videomappingcenter.com\/?lang=en\/#website\",\"url\":\"https:\/\/videomappingcenter.com\/?lang=en\/\",\"name\":\"Video Mapping European Center\",\"description\":\"Video Mapping European Center\",\"publisher\":{\"@id\":\"https:\/\/videomappingcenter.com\/?lang=en\/#organization\"},\"potentialAction\":[{\"@type\":\"SearchAction\",\"target\":{\"@type\":\"EntryPoint\",\"urlTemplate\":\"https:\/\/videomappingcenter.com\/?lang=en\/?s={search_term_string}\"},\"query-input\":{\"@type\":\"PropertyValueSpecification\",\"valueRequired\":true,\"valueName\":\"search_term_string\"}}],\"inLanguage\":\"en-US\"},{\"@type\":\"Organization\",\"@id\":\"https:\/\/videomappingcenter.com\/?lang=en\/#organization\",\"name\":\"Video Mapping European Center\",\"url\":\"https:\/\/videomappingcenter.com\/?lang=en\/\",\"logo\":{\"@type\":\"ImageObject\",\"inLanguage\":\"en-US\",\"@id\":\"https:\/\/videomappingcenter.com\/?lang=en\/#\/schema\/logo\/image\/\",\"url\":\"https:\/\/videomappingcenter.com\/wp-content\/uploads\/2017\/07\/logo-v3.png\",\"contentUrl\":\"https:\/\/videomappingcenter.com\/wp-content\/uploads\/2017\/07\/logo-v3.png\",\"width\":300,\"height\":135,\"caption\":\"Video Mapping European Center\"},\"image\":{\"@id\":\"https:\/\/videomappingcenter.com\/?lang=en\/#\/schema\/logo\/image\/\"}},{\"@type\":\"Person\",\"@id\":\"https:\/\/videomappingcenter.com\/?lang=en\/#\/schema\/person\/506136ad599d9c386ea59407d183cef8\",\"name\":\"Edimestre\",\"image\":{\"@type\":\"ImageObject\",\"inLanguage\":\"en-US\",\"@id\":\"https:\/\/videomappingcenter.com\/?lang=en\/#\/schema\/person\/image\/\",\"url\":\"https:\/\/videomappingcenter.com\/wp-content\/uploads\/2017\/07\/avatar.jpg\",\"contentUrl\":\"https:\/\/videomappingcenter.com\/wp-content\/uploads\/2017\/07\/avatar.jpg\",\"caption\":\"Edimestre\"}}]}<\/script>\n<!-- \/ Yoast SEO plugin. -->","yoast_head_json":{"title":"THE EARTH, THE COAL - Le quARTier \u2013 Centre des Arts Plastiques, Fresnes-sur-Escaut, France - Video Mapping Festival 2021 | Video Mapping European Center","robots":{"index":"index","follow":"follow","max-snippet":"max-snippet:-1","max-image-preview":"max-image-preview:large","max-video-preview":"max-video-preview:-1"},"canonical":"https:\/\/videomappingcenter.com\/la-terre-le-charbon-\u2028\u2028le-quartier-centre-des-arts-plastiques-fresnes-sur-escaut-france\u2028-video-mapping-festival-2021\/","og_locale":"en_US","og_type":"article","og_title":"THE EARTH, THE COAL - Le quARTier \u2013 Centre des Arts Plastiques, Fresnes-sur-Escaut, France - Video Mapping Festival 2021 | Video Mapping European Center","og_description":"Video mapping created during an intergenerational participative workshop, as part of the Video Mapping Festival #4. \u25ba The Earth, the coalThe underground was coal;The sky was the horizon;Men were underground miners. Creative time: Le quARTier &#8211; Fresnes-sur-EscautAd\u00e9laideAliciaDoroth\u00e9eElyasFatihaHafidaIn\u00e8sKimberleyLucieMath\u00e9oNassim Supervising staff: Chlo\u00e9 ROUGIER With the support of the Hauts-de-France Region, the Drac Hauts-de-France and Valenciennes M\u00e9tropole.In collaboration [&hellip;]","og_url":"https:\/\/videomappingcenter.com\/la-terre-le-charbon-\u2028\u2028le-quartier-centre-des-arts-plastiques-fresnes-sur-escaut-france\u2028-video-mapping-festival-2021\/","og_site_name":"Video Mapping European Center","article_published_time":"2021-12-18T15:17:12+00:00","article_modified_time":"2022-05-23T08:36:09+00:00","og_image":[{"width":900,"height":500,"url":"https:\/\/videomappingcenter.com\/wp-content\/uploads\/2022\/05\/Sans-titre-5.png","type":"image\/png"}],"author":"Edimestre","twitter_card":"summary_large_image","twitter_misc":{"Written by":"Edimestre"},"schema":{"@context":"https:\/\/schema.org","@graph":[{"@type":"Article","@id":"https:\/\/videomappingcenter.com\/la-terre-le-charbon-%e2%80%a8%e2%80%a8le-quartier-centre-des-arts-plastiques-fresnes-sur-escaut-france%e2%80%a8-video-mapping-festival-2021\/#article","isPartOf":{"@id":"https:\/\/videomappingcenter.com\/la-terre-le-charbon-%e2%80%a8%e2%80%a8le-quartier-centre-des-arts-plastiques-fresnes-sur-escaut-france%e2%80%a8-video-mapping-festival-2021\/"},"author":{"name":"Edimestre","@id":"https:\/\/videomappingcenter.com\/?lang=en\/#\/schema\/person\/506136ad599d9c386ea59407d183cef8"},"headline":"THE EARTH, THE COAL &#8211; Le quARTier \u2013 Centre des Arts Plastiques, Fresnes-sur-Escaut, France &#8211; Video Mapping Festival 2021","datePublished":"2021-12-18T15:17:12+00:00","dateModified":"2022-05-23T08:36:09+00:00","mainEntityOfPage":{"@id":"https:\/\/videomappingcenter.com\/la-terre-le-charbon-%e2%80%a8%e2%80%a8le-quartier-centre-des-arts-plastiques-fresnes-sur-escaut-france%e2%80%a8-video-mapping-festival-2021\/"},"wordCount":97,"publisher":{"@id":"https:\/\/videomappingcenter.com\/?lang=en\/#organization"},"image":{"@id":"https:\/\/videomappingcenter.com\/la-terre-le-charbon-%e2%80%a8%e2%80%a8le-quartier-centre-des-arts-plastiques-fresnes-sur-escaut-france%e2%80%a8-video-mapping-festival-2021\/#primaryimage"},"thumbnailUrl":"https:\/\/videomappingcenter.com\/wp-content\/uploads\/2022\/05\/Sans-titre-5.png","keywords":["2021","Chlo\u00e9 Rougier","Educational workshop","Ephemeral","Fresnes-sur-Escaut","Frontal","Hauts-de-France","Le quARTier - Centre des Arts Plastiques","Monument video mapping","Outdoor","Video Mapping Festival"],"articleSection":["Educational workshop","Video Mapping Festival"],"inLanguage":"en-US"},{"@type":"WebPage","@id":"https:\/\/videomappingcenter.com\/la-terre-le-charbon-%e2%80%a8%e2%80%a8le-quartier-centre-des-arts-plastiques-fresnes-sur-escaut-france%e2%80%a8-video-mapping-festival-2021\/","url":"https:\/\/videomappingcenter.com\/la-terre-le-charbon-%e2%80%a8%e2%80%a8le-quartier-centre-des-arts-plastiques-fresnes-sur-escaut-france%e2%80%a8-video-mapping-festival-2021\/","name":"THE EARTH, THE COAL - Le quARTier \u2013 Centre des Arts Plastiques, Fresnes-sur-Escaut, France - Video Mapping Festival 2021 | Video Mapping European Center","isPartOf":{"@id":"https:\/\/videomappingcenter.com\/?lang=en\/#website"},"primaryImageOfPage":{"@id":"https:\/\/videomappingcenter.com\/la-terre-le-charbon-%e2%80%a8%e2%80%a8le-quartier-centre-des-arts-plastiques-fresnes-sur-escaut-france%e2%80%a8-video-mapping-festival-2021\/#primaryimage"},"image":{"@id":"https:\/\/videomappingcenter.com\/la-terre-le-charbon-%e2%80%a8%e2%80%a8le-quartier-centre-des-arts-plastiques-fresnes-sur-escaut-france%e2%80%a8-video-mapping-festival-2021\/#primaryimage"},"thumbnailUrl":"https:\/\/videomappingcenter.com\/wp-content\/uploads\/2022\/05\/Sans-titre-5.png","datePublished":"2021-12-18T15:17:12+00:00","dateModified":"2022-05-23T08:36:09+00:00","breadcrumb":{"@id":"https:\/\/videomappingcenter.com\/la-terre-le-charbon-%e2%80%a8%e2%80%a8le-quartier-centre-des-arts-plastiques-fresnes-sur-escaut-france%e2%80%a8-video-mapping-festival-2021\/#breadcrumb"},"inLanguage":"en-US","potentialAction":[{"@type":"ReadAction","target":["https:\/\/videomappingcenter.com\/la-terre-le-charbon-%e2%80%a8%e2%80%a8le-quartier-centre-des-arts-plastiques-fresnes-sur-escaut-france%e2%80%a8-video-mapping-festival-2021\/"]}]},{"@type":"ImageObject","inLanguage":"en-US","@id":"https:\/\/videomappingcenter.com\/la-terre-le-charbon-%e2%80%a8%e2%80%a8le-quartier-centre-des-arts-plastiques-fresnes-sur-escaut-france%e2%80%a8-video-mapping-festival-2021\/#primaryimage","url":"https:\/\/videomappingcenter.com\/wp-content\/uploads\/2022\/05\/Sans-titre-5.png","contentUrl":"https:\/\/videomappingcenter.com\/wp-content\/uploads\/2022\/05\/Sans-titre-5.png","width":900,"height":500},{"@type":"BreadcrumbList","@id":"https:\/\/videomappingcenter.com\/la-terre-le-charbon-%e2%80%a8%e2%80%a8le-quartier-centre-des-arts-plastiques-fresnes-sur-escaut-france%e2%80%a8-video-mapping-festival-2021\/#breadcrumb","itemListElement":[{"@type":"ListItem","position":1,"name":"Accueil","item":"https:\/\/videomappingcenter.com\/"},{"@type":"ListItem","position":2,"name":"THE EARTH, THE COAL &#8211; Le quARTier \u2013 Centre des Arts Plastiques, Fresnes-sur-Escaut, France &#8211; Video Mapping Festival 2021"}]},{"@type":"WebSite","@id":"https:\/\/videomappingcenter.com\/?lang=en\/#website","url":"https:\/\/videomappingcenter.com\/?lang=en\/","name":"Video Mapping European Center","description":"Video Mapping European Center","publisher":{"@id":"https:\/\/videomappingcenter.com\/?lang=en\/#organization"},"potentialAction":[{"@type":"SearchAction","target":{"@type":"EntryPoint","urlTemplate":"https:\/\/videomappingcenter.com\/?lang=en\/?s={search_term_string}"},"query-input":{"@type":"PropertyValueSpecification","valueRequired":true,"valueName":"search_term_string"}}],"inLanguage":"en-US"},{"@type":"Organization","@id":"https:\/\/videomappingcenter.com\/?lang=en\/#organization","name":"Video Mapping European Center","url":"https:\/\/videomappingcenter.com\/?lang=en\/","logo":{"@type":"ImageObject","inLanguage":"en-US","@id":"https:\/\/videomappingcenter.com\/?lang=en\/#\/schema\/logo\/image\/","url":"https:\/\/videomappingcenter.com\/wp-content\/uploads\/2017\/07\/logo-v3.png","contentUrl":"https:\/\/videomappingcenter.com\/wp-content\/uploads\/2017\/07\/logo-v3.png","width":300,"height":135,"caption":"Video Mapping European Center"},"image":{"@id":"https:\/\/videomappingcenter.com\/?lang=en\/#\/schema\/logo\/image\/"}},{"@type":"Person","@id":"https:\/\/videomappingcenter.com\/?lang=en\/#\/schema\/person\/506136ad599d9c386ea59407d183cef8","name":"Edimestre","image":{"@type":"ImageObject","inLanguage":"en-US","@id":"https:\/\/videomappingcenter.com\/?lang=en\/#\/schema\/person\/image\/","url":"https:\/\/videomappingcenter.com\/wp-content\/uploads\/2017\/07\/avatar.jpg","contentUrl":"https:\/\/videomappingcenter.com\/wp-content\/uploads\/2017\/07\/avatar.jpg","caption":"Edimestre"}}]}},"_links":{"self":[{"href":"https:\/\/videomappingcenter.com\/en\/wp-json\/wp\/v2\/posts\/10031","targetHints":{"allow":["GET"]}}],"collection":[{"href":"https:\/\/videomappingcenter.com\/en\/wp-json\/wp\/v2\/posts"}],"about":[{"href":"https:\/\/videomappingcenter.com\/en\/wp-json\/wp\/v2\/types\/post"}],"author":[{"embeddable":true,"href":"https:\/\/videomappingcenter.com\/en\/wp-json\/wp\/v2\/users\/3"}],"replies":[{"embeddable":true,"href":"https:\/\/videomappingcenter.com\/en\/wp-json\/wp\/v2\/comments?post=10031"}],"version-history":[{"count":0,"href":"https:\/\/videomappingcenter.com\/en\/wp-json\/wp\/v2\/posts\/10031\/revisions"}],"wp:featuredmedia":[{"embeddable":true,"href":"https:\/\/videomappingcenter.com\/en\/wp-json\/wp\/v2\/media\/10026"}],"wp:attachment":[{"href":"https:\/\/videomappingcenter.com\/en\/wp-json\/wp\/v2\/media?parent=10031"}],"wp:term":[{"taxonomy":"category","embeddable":true,"href":"https:\/\/videomappingcenter.com\/en\/wp-json\/wp\/v2\/categories?post=10031"},{"taxonomy":"post_tag","embeddable":true,"href":"https:\/\/videomappingcenter.com\/en\/wp-json\/wp\/v2\/tags?post=10031"},{"taxonomy":"item-prod","embeddable":true,"href":"https:\/\/videomappingcenter.com\/en\/wp-json\/wp\/v2\/item-prod?post=10031"},{"taxonomy":"item-mapping","embeddable":true,"href":"https:\/\/videomappingcenter.com\/en\/wp-json\/wp\/v2\/item-mapping?post=10031"},{"taxonomy":"item-lieu","embeddable":true,"href":"https:\/\/videomappingcenter.com\/en\/wp-json\/wp\/v2\/item-lieu?post=10031"},{"taxonomy":"item-dates","embeddable":true,"href":"https:\/\/videomappingcenter.com\/en\/wp-json\/wp\/v2\/item-dates?post=10031"}],"curies":[{"name":"wp","href":"https:\/\/api.w.org\/{rel}","templated":true}]}}