{"id":10334,"date":"2021-10-23T10:30:36","date_gmt":"2021-10-23T08:30:36","guid":{"rendered":"https:\/\/videomappingcenter.com\/love_404%e2%80%a8%e2%80%a8-arenberg-creative-mine-wallers-arenberg-france%e2%80%a8-video-mapping-festival\/"},"modified":"2022-05-23T11:17:03","modified_gmt":"2022-05-23T09:17:03","slug":"love_404%e2%80%a8%e2%80%a8-arenberg-creative-mine-wallers-arenberg-france%e2%80%a8-video-mapping-festival","status":"publish","type":"post","link":"https:\/\/videomappingcenter.com\/en\/love_404%e2%80%a8%e2%80%a8-arenberg-creative-mine-wallers-arenberg-france%e2%80%a8-video-mapping-festival\/","title":{"rendered":"LOVE_404 &#8211; Arenberg Creative Mine, Wallers-Arenberg, France &#8211; Video Mapping Festival"},"content":{"rendered":"\n<figure><iframe loading=\"lazy\" src=\"https:\/\/player.vimeo.com\/video\/706488531?h=d642f46230\" width=\"640\" height=\"360\" allowfullscreen=\"\"><\/iframe><\/figure>\n\n\n\n<p style=\"text-align:justify\">Video mapping created during a training course entitled \u201cCollective Operational Preparation for Employment (POEC)\u201d offered by Rencontres Audiovisuelles in collaboration with the Fresnoy \u2013 Studio national des arts contemporains, P\u00f4le Emploi and Afdas.<br><br><strong>\u25ba LOVE_404<\/strong><br><strong>Visual design:<\/strong>&nbsp;Rachel ANCIAUX, No\u00e9mie BONNEL, Cl\u00e9ment LEMAIRE, St\u00e9phanie L\u00c9ONARD, Daniel SYNAK<br><strong>Original music:&nbsp;<\/strong>Virgile GUIOST<br><strong>Supervising staff: <\/strong>Susie lou CHETCUTI, Jules HUVIG, Sylvain POUILLART<br><strong>Project coordination:<\/strong>&nbsp;Violaine TALLEU<br><br><em>With the support of the Hauts-de-France Region, the Drac Hauts-de-France, the Communaut\u00e9 d\u2019Agglom\u00e9ration de La Porte du Hainaut and Arenberg Creative Mine.<\/em><br><br><br><strong>More info:&nbsp;<a rel=\"noreferrer noopener\" href=\"https:\/\/videomappingfestival.com\/?lang=en\" target=\"_blank\">videomappingfestival.com<\/a><\/strong><br><strong>Facebook:&nbsp;<a rel=\"noreferrer noopener\" href=\"https:\/\/www.facebook.com\/VideoMappingFestival\" target=\"_blank\">Video Mapping Festival<\/a><\/strong><\/p>\n\n\n\n<p><br> <\/p>\n<div class=\"simple-taxonomy\">\n\t<div class=\"taxonomy-item-prod\"><a href=\"https:\/\/videomappingcenter.com\/en\/item-prod\/evenement\/\" rel=\"tag\">Event<\/a>, <a href=\"https:\/\/videomappingcenter.com\/en\/item-prod\/training\/\" rel=\"tag\">Training<\/a><\/div>\n\t<div class=\"taxonomy-item-mapping\"><a href=\"https:\/\/videomappingcenter.com\/en\/item-mapping\/itinerary\/\" rel=\"tag\">Itinerary<\/a>, <a href=\"https:\/\/videomappingcenter.com\/en\/item-mapping\/mapping-monumental-en\/\" rel=\"tag\">Monument video mapping<\/a><\/div>\n\t<div class=\"taxonomy-item-lieu\"><a href=\"https:\/\/videomappingcenter.com\/en\/item-lieu\/hauts-de-france-en\/\" rel=\"tag\">Hauts-de-France<\/a><\/div>\n\t<div class=\"taxonomy-item-dates\"><a href=\"https:\/\/videomappingcenter.com\/en\/item-dates\/2021-en\/\" rel=\"tag\">2021<\/a><\/div>\n\n<\/div>\n","protected":false},"excerpt":{"rendered":"<p>Video mapping created during a training course entitled \u201cCollective Operational Preparation for Employment (POEC)\u201d offered by Rencontres Audiovisuelles in collaboration with the Fresnoy \u2013 Studio national des arts contemporains, P\u00f4le Emploi and Afdas. \u25ba LOVE_404Visual design:&nbsp;Rachel ANCIAUX, No\u00e9mie BONNEL, Cl\u00e9ment LEMAIRE, St\u00e9phanie L\u00c9ONARD, Daniel SYNAKOriginal music:&nbsp;Virgile GUIOSTSupervising staff: Susie lou CHETCUTI, Jules HUVIG, Sylvain POUILLARTProject [&hellip;]<\/p>\n<div class=\"simple-taxonomy\">\n\t<div class=\"taxonomy-item-prod\"><a href=\"https:\/\/videomappingcenter.com\/en\/item-prod\/evenement\/\" rel=\"tag\">Event<\/a>, <a href=\"https:\/\/videomappingcenter.com\/en\/item-prod\/training\/\" rel=\"tag\">Training<\/a><\/div>\n\t<div class=\"taxonomy-item-mapping\"><a href=\"https:\/\/videomappingcenter.com\/en\/item-mapping\/itinerary\/\" rel=\"tag\">Itinerary<\/a>, <a href=\"https:\/\/videomappingcenter.com\/en\/item-mapping\/mapping-monumental-en\/\" rel=\"tag\">Monument video mapping<\/a><\/div>\n\t<div class=\"taxonomy-item-lieu\"><a href=\"https:\/\/videomappingcenter.com\/en\/item-lieu\/hauts-de-france-en\/\" rel=\"tag\">Hauts-de-France<\/a><\/div>\n\t<div class=\"taxonomy-item-dates\"><a href=\"https:\/\/videomappingcenter.com\/en\/item-dates\/2021-en\/\" rel=\"tag\">2021<\/a><\/div>\n\n<\/div>\n","protected":false},"author":3,"featured_media":10329,"comment_status":"closed","ping_status":"closed","sticky":false,"template":"","format":"standard","meta":{"footnotes":""},"categories":[144,149],"tags":[1897,931,1949,1957,124,117,131,674,120,110,1965,116,1721,1716,505,1405,102,564,108,1660,1952,939],"item-prod":[157,153],"item-mapping":[563,277],"item-lieu":[281],"item-dates":[1901],"class_list":["post-10334","post","type-post","status-publish","format-standard","has-post-thumbnail","hentry","category-formation-en","category-video-mapping-festival-en","tag-2021-en","tag-arenberg-creative-mine-en","tag-clement-lemaire-en","tag-daniel-synak-en","tag-transcient","tag-front","tag-hauts-de-france-en","tag-jules-huvig-en","tag-linear","tag-monument-video-mapping","tag-noemie-bonnel-en","tag-outdoor","tag-rachelle-anciaux-en","tag-stephanie-leonard-en","tag-susie-lou-chetcuti-en","tag-sylvain-pouillart-en","tag-formation-en","tag-training","tag-video-mapping-festival-en","tag-violaine-talleu-en","tag-virgile-guiost-en","tag-wallers-arenberg-en","item-prod-evenement","item-prod-training","item-mapping-itinerary","item-mapping-mapping-monumental-en","item-lieu-hauts-de-france-en","item-dates-2021-en"],"yoast_head":"<!-- This site is optimized with the Yoast SEO plugin v25.8 - https:\/\/yoast.com\/wordpress\/plugins\/seo\/ -->\n<title>LOVE_404 - Arenberg Creative Mine, Wallers-Arenberg, France - Video Mapping Festival | Video Mapping European Center<\/title>\n<meta name=\"robots\" content=\"index, follow, max-snippet:-1, max-image-preview:large, max-video-preview:-1\" \/>\n<link rel=\"canonical\" href=\"https:\/\/videomappingcenter.com\/love_404\u2028\u2028-arenberg-creative-mine-wallers-arenberg-france\u2028-video-mapping-festival\/?lang=en\" \/>\n<meta property=\"og:locale\" content=\"en_US\" \/>\n<meta property=\"og:type\" content=\"article\" \/>\n<meta property=\"og:title\" content=\"LOVE_404 - Arenberg Creative Mine, Wallers-Arenberg, France - Video Mapping Festival | Video Mapping European Center\" \/>\n<meta property=\"og:description\" content=\"Video mapping created during a training course entitled \u201cCollective Operational Preparation for Employment (POEC)\u201d offered by Rencontres Audiovisuelles in collaboration with the Fresnoy \u2013 Studio national des arts contemporains, P\u00f4le Emploi and Afdas. \u25ba LOVE_404Visual design:&nbsp;Rachel ANCIAUX, No\u00e9mie BONNEL, Cl\u00e9ment LEMAIRE, St\u00e9phanie L\u00c9ONARD, Daniel SYNAKOriginal music:&nbsp;Virgile GUIOSTSupervising staff: Susie lou CHETCUTI, Jules HUVIG, Sylvain POUILLARTProject [&hellip;]\" \/>\n<meta property=\"og:url\" content=\"https:\/\/videomappingcenter.com\/love_404\u2028\u2028-arenberg-creative-mine-wallers-arenberg-france\u2028-video-mapping-festival\/?lang=en\" \/>\n<meta property=\"og:site_name\" content=\"Video Mapping European Center\" \/>\n<meta property=\"article:published_time\" content=\"2021-10-23T08:30:36+00:00\" \/>\n<meta property=\"article:modified_time\" content=\"2022-05-23T09:17:03+00:00\" \/>\n<meta property=\"og:image\" content=\"https:\/\/videomappingcenter.com\/wp-content\/uploads\/2022\/05\/VMF21_Arenberg_creative_mine_2.png\" \/>\n\t<meta property=\"og:image:width\" content=\"900\" \/>\n\t<meta property=\"og:image:height\" content=\"500\" \/>\n\t<meta property=\"og:image:type\" content=\"image\/png\" \/>\n<meta name=\"author\" content=\"Edimestre\" \/>\n<meta name=\"twitter:card\" content=\"summary_large_image\" \/>\n<meta name=\"twitter:label1\" content=\"Written by\" \/>\n\t<meta name=\"twitter:data1\" content=\"Edimestre\" \/>\n<script type=\"application\/ld+json\" class=\"yoast-schema-graph\">{\"@context\":\"https:\/\/schema.org\",\"@graph\":[{\"@type\":\"Article\",\"@id\":\"https:\/\/videomappingcenter.com\/love_404%e2%80%a8%e2%80%a8-arenberg-creative-mine-wallers-arenberg-france%e2%80%a8-video-mapping-festival\/?lang=en#article\",\"isPartOf\":{\"@id\":\"https:\/\/videomappingcenter.com\/love_404%e2%80%a8%e2%80%a8-arenberg-creative-mine-wallers-arenberg-france%e2%80%a8-video-mapping-festival\/?lang=en\"},\"author\":{\"name\":\"Edimestre\",\"@id\":\"https:\/\/videomappingcenter.com\/?lang=en\/#\/schema\/person\/506136ad599d9c386ea59407d183cef8\"},\"headline\":\"LOVE_404 &#8211; Arenberg Creative Mine, Wallers-Arenberg, France &#8211; Video Mapping Festival\",\"datePublished\":\"2021-10-23T08:30:36+00:00\",\"dateModified\":\"2022-05-23T09:17:03+00:00\",\"mainEntityOfPage\":{\"@id\":\"https:\/\/videomappingcenter.com\/love_404%e2%80%a8%e2%80%a8-arenberg-creative-mine-wallers-arenberg-france%e2%80%a8-video-mapping-festival\/?lang=en\"},\"wordCount\":115,\"publisher\":{\"@id\":\"https:\/\/videomappingcenter.com\/?lang=en\/#organization\"},\"image\":{\"@id\":\"https:\/\/videomappingcenter.com\/love_404%e2%80%a8%e2%80%a8-arenberg-creative-mine-wallers-arenberg-france%e2%80%a8-video-mapping-festival\/?lang=en#primaryimage\"},\"thumbnailUrl\":\"https:\/\/videomappingcenter.com\/wp-content\/uploads\/2022\/05\/VMF21_Arenberg_creative_mine_2.png\",\"keywords\":[\"2021\",\"Arenberg Creative Mine\",\"Cl\u00e9ment LEMAIRE\",\"Daniel Synak\",\"Ephemeral\",\"Frontal\",\"Hauts-de-France\",\"Jules Huvig\",\"linear\",\"Monument video mapping\",\"No\u00e9mie Bonnel\",\"Outdoor\",\"Rachelle ANCIAUX\",\"St\u00e9phanie LEONARD\",\"Susie-Lou Chetcuti\",\"Sylvain POUILLART\",\"Training\",\"Training\",\"Video Mapping Festival\",\"Violaine TALLEU\",\"Virgile GUIOST\",\"Wallers-Arenberg\"],\"articleSection\":[\"Training\",\"Video Mapping Festival\"],\"inLanguage\":\"en-US\"},{\"@type\":\"WebPage\",\"@id\":\"https:\/\/videomappingcenter.com\/love_404%e2%80%a8%e2%80%a8-arenberg-creative-mine-wallers-arenberg-france%e2%80%a8-video-mapping-festival\/?lang=en\",\"url\":\"https:\/\/videomappingcenter.com\/love_404%e2%80%a8%e2%80%a8-arenberg-creative-mine-wallers-arenberg-france%e2%80%a8-video-mapping-festival\/?lang=en\",\"name\":\"LOVE_404 - Arenberg Creative Mine, Wallers-Arenberg, France - Video Mapping Festival | Video Mapping European Center\",\"isPartOf\":{\"@id\":\"https:\/\/videomappingcenter.com\/?lang=en\/#website\"},\"primaryImageOfPage\":{\"@id\":\"https:\/\/videomappingcenter.com\/love_404%e2%80%a8%e2%80%a8-arenberg-creative-mine-wallers-arenberg-france%e2%80%a8-video-mapping-festival\/?lang=en#primaryimage\"},\"image\":{\"@id\":\"https:\/\/videomappingcenter.com\/love_404%e2%80%a8%e2%80%a8-arenberg-creative-mine-wallers-arenberg-france%e2%80%a8-video-mapping-festival\/?lang=en#primaryimage\"},\"thumbnailUrl\":\"https:\/\/videomappingcenter.com\/wp-content\/uploads\/2022\/05\/VMF21_Arenberg_creative_mine_2.png\",\"datePublished\":\"2021-10-23T08:30:36+00:00\",\"dateModified\":\"2022-05-23T09:17:03+00:00\",\"breadcrumb\":{\"@id\":\"https:\/\/videomappingcenter.com\/love_404%e2%80%a8%e2%80%a8-arenberg-creative-mine-wallers-arenberg-france%e2%80%a8-video-mapping-festival\/?lang=en#breadcrumb\"},\"inLanguage\":\"en-US\",\"potentialAction\":[{\"@type\":\"ReadAction\",\"target\":[\"https:\/\/videomappingcenter.com\/love_404%e2%80%a8%e2%80%a8-arenberg-creative-mine-wallers-arenberg-france%e2%80%a8-video-mapping-festival\/?lang=en\"]}]},{\"@type\":\"ImageObject\",\"inLanguage\":\"en-US\",\"@id\":\"https:\/\/videomappingcenter.com\/love_404%e2%80%a8%e2%80%a8-arenberg-creative-mine-wallers-arenberg-france%e2%80%a8-video-mapping-festival\/?lang=en#primaryimage\",\"url\":\"https:\/\/videomappingcenter.com\/wp-content\/uploads\/2022\/05\/VMF21_Arenberg_creative_mine_2.png\",\"contentUrl\":\"https:\/\/videomappingcenter.com\/wp-content\/uploads\/2022\/05\/VMF21_Arenberg_creative_mine_2.png\",\"width\":900,\"height\":500},{\"@type\":\"BreadcrumbList\",\"@id\":\"https:\/\/videomappingcenter.com\/love_404%e2%80%a8%e2%80%a8-arenberg-creative-mine-wallers-arenberg-france%e2%80%a8-video-mapping-festival\/?lang=en#breadcrumb\",\"itemListElement\":[{\"@type\":\"ListItem\",\"position\":1,\"name\":\"Accueil\",\"item\":\"https:\/\/videomappingcenter.com\/\"},{\"@type\":\"ListItem\",\"position\":2,\"name\":\"LOVE_404 &#8211; Arenberg Creative Mine, Wallers-Arenberg, France &#8211; Video Mapping Festival\"}]},{\"@type\":\"WebSite\",\"@id\":\"https:\/\/videomappingcenter.com\/?lang=en\/#website\",\"url\":\"https:\/\/videomappingcenter.com\/?lang=en\/\",\"name\":\"Video Mapping European Center\",\"description\":\"Video Mapping European Center\",\"publisher\":{\"@id\":\"https:\/\/videomappingcenter.com\/?lang=en\/#organization\"},\"potentialAction\":[{\"@type\":\"SearchAction\",\"target\":{\"@type\":\"EntryPoint\",\"urlTemplate\":\"https:\/\/videomappingcenter.com\/?lang=en\/?s={search_term_string}\"},\"query-input\":{\"@type\":\"PropertyValueSpecification\",\"valueRequired\":true,\"valueName\":\"search_term_string\"}}],\"inLanguage\":\"en-US\"},{\"@type\":\"Organization\",\"@id\":\"https:\/\/videomappingcenter.com\/?lang=en\/#organization\",\"name\":\"Video Mapping European Center\",\"url\":\"https:\/\/videomappingcenter.com\/?lang=en\/\",\"logo\":{\"@type\":\"ImageObject\",\"inLanguage\":\"en-US\",\"@id\":\"https:\/\/videomappingcenter.com\/?lang=en\/#\/schema\/logo\/image\/\",\"url\":\"https:\/\/videomappingcenter.com\/wp-content\/uploads\/2017\/07\/logo-v3.png\",\"contentUrl\":\"https:\/\/videomappingcenter.com\/wp-content\/uploads\/2017\/07\/logo-v3.png\",\"width\":300,\"height\":135,\"caption\":\"Video Mapping European Center\"},\"image\":{\"@id\":\"https:\/\/videomappingcenter.com\/?lang=en\/#\/schema\/logo\/image\/\"}},{\"@type\":\"Person\",\"@id\":\"https:\/\/videomappingcenter.com\/?lang=en\/#\/schema\/person\/506136ad599d9c386ea59407d183cef8\",\"name\":\"Edimestre\",\"image\":{\"@type\":\"ImageObject\",\"inLanguage\":\"en-US\",\"@id\":\"https:\/\/videomappingcenter.com\/?lang=en\/#\/schema\/person\/image\/\",\"url\":\"https:\/\/videomappingcenter.com\/wp-content\/uploads\/2017\/07\/avatar.jpg\",\"contentUrl\":\"https:\/\/videomappingcenter.com\/wp-content\/uploads\/2017\/07\/avatar.jpg\",\"caption\":\"Edimestre\"}}]}<\/script>\n<!-- \/ Yoast SEO plugin. -->","yoast_head_json":{"title":"LOVE_404 - Arenberg Creative Mine, Wallers-Arenberg, France - Video Mapping Festival | Video Mapping European Center","robots":{"index":"index","follow":"follow","max-snippet":"max-snippet:-1","max-image-preview":"max-image-preview:large","max-video-preview":"max-video-preview:-1"},"canonical":"https:\/\/videomappingcenter.com\/love_404\u2028\u2028-arenberg-creative-mine-wallers-arenberg-france\u2028-video-mapping-festival\/?lang=en","og_locale":"en_US","og_type":"article","og_title":"LOVE_404 - Arenberg Creative Mine, Wallers-Arenberg, France - Video Mapping Festival | Video Mapping European Center","og_description":"Video mapping created during a training course entitled \u201cCollective Operational Preparation for Employment (POEC)\u201d offered by Rencontres Audiovisuelles in collaboration with the Fresnoy \u2013 Studio national des arts contemporains, P\u00f4le Emploi and Afdas. \u25ba LOVE_404Visual design:&nbsp;Rachel ANCIAUX, No\u00e9mie BONNEL, Cl\u00e9ment LEMAIRE, St\u00e9phanie L\u00c9ONARD, Daniel SYNAKOriginal music:&nbsp;Virgile GUIOSTSupervising staff: Susie lou CHETCUTI, Jules HUVIG, Sylvain POUILLARTProject [&hellip;]","og_url":"https:\/\/videomappingcenter.com\/love_404\u2028\u2028-arenberg-creative-mine-wallers-arenberg-france\u2028-video-mapping-festival\/?lang=en","og_site_name":"Video Mapping European Center","article_published_time":"2021-10-23T08:30:36+00:00","article_modified_time":"2022-05-23T09:17:03+00:00","og_image":[{"width":900,"height":500,"url":"https:\/\/videomappingcenter.com\/wp-content\/uploads\/2022\/05\/VMF21_Arenberg_creative_mine_2.png","type":"image\/png"}],"author":"Edimestre","twitter_card":"summary_large_image","twitter_misc":{"Written by":"Edimestre"},"schema":{"@context":"https:\/\/schema.org","@graph":[{"@type":"Article","@id":"https:\/\/videomappingcenter.com\/love_404%e2%80%a8%e2%80%a8-arenberg-creative-mine-wallers-arenberg-france%e2%80%a8-video-mapping-festival\/?lang=en#article","isPartOf":{"@id":"https:\/\/videomappingcenter.com\/love_404%e2%80%a8%e2%80%a8-arenberg-creative-mine-wallers-arenberg-france%e2%80%a8-video-mapping-festival\/?lang=en"},"author":{"name":"Edimestre","@id":"https:\/\/videomappingcenter.com\/?lang=en\/#\/schema\/person\/506136ad599d9c386ea59407d183cef8"},"headline":"LOVE_404 &#8211; Arenberg Creative Mine, Wallers-Arenberg, France &#8211; Video Mapping Festival","datePublished":"2021-10-23T08:30:36+00:00","dateModified":"2022-05-23T09:17:03+00:00","mainEntityOfPage":{"@id":"https:\/\/videomappingcenter.com\/love_404%e2%80%a8%e2%80%a8-arenberg-creative-mine-wallers-arenberg-france%e2%80%a8-video-mapping-festival\/?lang=en"},"wordCount":115,"publisher":{"@id":"https:\/\/videomappingcenter.com\/?lang=en\/#organization"},"image":{"@id":"https:\/\/videomappingcenter.com\/love_404%e2%80%a8%e2%80%a8-arenberg-creative-mine-wallers-arenberg-france%e2%80%a8-video-mapping-festival\/?lang=en#primaryimage"},"thumbnailUrl":"https:\/\/videomappingcenter.com\/wp-content\/uploads\/2022\/05\/VMF21_Arenberg_creative_mine_2.png","keywords":["2021","Arenberg Creative Mine","Cl\u00e9ment LEMAIRE","Daniel Synak","Ephemeral","Frontal","Hauts-de-France","Jules Huvig","linear","Monument video mapping","No\u00e9mie Bonnel","Outdoor","Rachelle ANCIAUX","St\u00e9phanie LEONARD","Susie-Lou Chetcuti","Sylvain POUILLART","Training","Training","Video Mapping Festival","Violaine TALLEU","Virgile GUIOST","Wallers-Arenberg"],"articleSection":["Training","Video Mapping Festival"],"inLanguage":"en-US"},{"@type":"WebPage","@id":"https:\/\/videomappingcenter.com\/love_404%e2%80%a8%e2%80%a8-arenberg-creative-mine-wallers-arenberg-france%e2%80%a8-video-mapping-festival\/?lang=en","url":"https:\/\/videomappingcenter.com\/love_404%e2%80%a8%e2%80%a8-arenberg-creative-mine-wallers-arenberg-france%e2%80%a8-video-mapping-festival\/?lang=en","name":"LOVE_404 - Arenberg Creative Mine, Wallers-Arenberg, France - Video Mapping Festival | Video Mapping European Center","isPartOf":{"@id":"https:\/\/videomappingcenter.com\/?lang=en\/#website"},"primaryImageOfPage":{"@id":"https:\/\/videomappingcenter.com\/love_404%e2%80%a8%e2%80%a8-arenberg-creative-mine-wallers-arenberg-france%e2%80%a8-video-mapping-festival\/?lang=en#primaryimage"},"image":{"@id":"https:\/\/videomappingcenter.com\/love_404%e2%80%a8%e2%80%a8-arenberg-creative-mine-wallers-arenberg-france%e2%80%a8-video-mapping-festival\/?lang=en#primaryimage"},"thumbnailUrl":"https:\/\/videomappingcenter.com\/wp-content\/uploads\/2022\/05\/VMF21_Arenberg_creative_mine_2.png","datePublished":"2021-10-23T08:30:36+00:00","dateModified":"2022-05-23T09:17:03+00:00","breadcrumb":{"@id":"https:\/\/videomappingcenter.com\/love_404%e2%80%a8%e2%80%a8-arenberg-creative-mine-wallers-arenberg-france%e2%80%a8-video-mapping-festival\/?lang=en#breadcrumb"},"inLanguage":"en-US","potentialAction":[{"@type":"ReadAction","target":["https:\/\/videomappingcenter.com\/love_404%e2%80%a8%e2%80%a8-arenberg-creative-mine-wallers-arenberg-france%e2%80%a8-video-mapping-festival\/?lang=en"]}]},{"@type":"ImageObject","inLanguage":"en-US","@id":"https:\/\/videomappingcenter.com\/love_404%e2%80%a8%e2%80%a8-arenberg-creative-mine-wallers-arenberg-france%e2%80%a8-video-mapping-festival\/?lang=en#primaryimage","url":"https:\/\/videomappingcenter.com\/wp-content\/uploads\/2022\/05\/VMF21_Arenberg_creative_mine_2.png","contentUrl":"https:\/\/videomappingcenter.com\/wp-content\/uploads\/2022\/05\/VMF21_Arenberg_creative_mine_2.png","width":900,"height":500},{"@type":"BreadcrumbList","@id":"https:\/\/videomappingcenter.com\/love_404%e2%80%a8%e2%80%a8-arenberg-creative-mine-wallers-arenberg-france%e2%80%a8-video-mapping-festival\/?lang=en#breadcrumb","itemListElement":[{"@type":"ListItem","position":1,"name":"Accueil","item":"https:\/\/videomappingcenter.com\/"},{"@type":"ListItem","position":2,"name":"LOVE_404 &#8211; Arenberg Creative Mine, Wallers-Arenberg, France &#8211; Video Mapping Festival"}]},{"@type":"WebSite","@id":"https:\/\/videomappingcenter.com\/?lang=en\/#website","url":"https:\/\/videomappingcenter.com\/?lang=en\/","name":"Video Mapping European Center","description":"Video Mapping European Center","publisher":{"@id":"https:\/\/videomappingcenter.com\/?lang=en\/#organization"},"potentialAction":[{"@type":"SearchAction","target":{"@type":"EntryPoint","urlTemplate":"https:\/\/videomappingcenter.com\/?lang=en\/?s={search_term_string}"},"query-input":{"@type":"PropertyValueSpecification","valueRequired":true,"valueName":"search_term_string"}}],"inLanguage":"en-US"},{"@type":"Organization","@id":"https:\/\/videomappingcenter.com\/?lang=en\/#organization","name":"Video Mapping European Center","url":"https:\/\/videomappingcenter.com\/?lang=en\/","logo":{"@type":"ImageObject","inLanguage":"en-US","@id":"https:\/\/videomappingcenter.com\/?lang=en\/#\/schema\/logo\/image\/","url":"https:\/\/videomappingcenter.com\/wp-content\/uploads\/2017\/07\/logo-v3.png","contentUrl":"https:\/\/videomappingcenter.com\/wp-content\/uploads\/2017\/07\/logo-v3.png","width":300,"height":135,"caption":"Video Mapping European Center"},"image":{"@id":"https:\/\/videomappingcenter.com\/?lang=en\/#\/schema\/logo\/image\/"}},{"@type":"Person","@id":"https:\/\/videomappingcenter.com\/?lang=en\/#\/schema\/person\/506136ad599d9c386ea59407d183cef8","name":"Edimestre","image":{"@type":"ImageObject","inLanguage":"en-US","@id":"https:\/\/videomappingcenter.com\/?lang=en\/#\/schema\/person\/image\/","url":"https:\/\/videomappingcenter.com\/wp-content\/uploads\/2017\/07\/avatar.jpg","contentUrl":"https:\/\/videomappingcenter.com\/wp-content\/uploads\/2017\/07\/avatar.jpg","caption":"Edimestre"}}]}},"_links":{"self":[{"href":"https:\/\/videomappingcenter.com\/en\/wp-json\/wp\/v2\/posts\/10334","targetHints":{"allow":["GET"]}}],"collection":[{"href":"https:\/\/videomappingcenter.com\/en\/wp-json\/wp\/v2\/posts"}],"about":[{"href":"https:\/\/videomappingcenter.com\/en\/wp-json\/wp\/v2\/types\/post"}],"author":[{"embeddable":true,"href":"https:\/\/videomappingcenter.com\/en\/wp-json\/wp\/v2\/users\/3"}],"replies":[{"embeddable":true,"href":"https:\/\/videomappingcenter.com\/en\/wp-json\/wp\/v2\/comments?post=10334"}],"version-history":[{"count":0,"href":"https:\/\/videomappingcenter.com\/en\/wp-json\/wp\/v2\/posts\/10334\/revisions"}],"wp:featuredmedia":[{"embeddable":true,"href":"https:\/\/videomappingcenter.com\/en\/wp-json\/wp\/v2\/media\/10329"}],"wp:attachment":[{"href":"https:\/\/videomappingcenter.com\/en\/wp-json\/wp\/v2\/media?parent=10334"}],"wp:term":[{"taxonomy":"category","embeddable":true,"href":"https:\/\/videomappingcenter.com\/en\/wp-json\/wp\/v2\/categories?post=10334"},{"taxonomy":"post_tag","embeddable":true,"href":"https:\/\/videomappingcenter.com\/en\/wp-json\/wp\/v2\/tags?post=10334"},{"taxonomy":"item-prod","embeddable":true,"href":"https:\/\/videomappingcenter.com\/en\/wp-json\/wp\/v2\/item-prod?post=10334"},{"taxonomy":"item-mapping","embeddable":true,"href":"https:\/\/videomappingcenter.com\/en\/wp-json\/wp\/v2\/item-mapping?post=10334"},{"taxonomy":"item-lieu","embeddable":true,"href":"https:\/\/videomappingcenter.com\/en\/wp-json\/wp\/v2\/item-lieu?post=10334"},{"taxonomy":"item-dates","embeddable":true,"href":"https:\/\/videomappingcenter.com\/en\/wp-json\/wp\/v2\/item-dates?post=10334"}],"curies":[{"name":"wp","href":"https:\/\/api.w.org\/{rel}","templated":true}]}}