{"id":10774,"date":"2022-07-16T01:00:58","date_gmt":"2022-07-15T23:00:58","guid":{"rendered":"https:\/\/videomappingcenter.com\/video-mapping-fetes-de-fives-fives-cail-lille-2-juillet-2022\/"},"modified":"2023-05-26T10:18:15","modified_gmt":"2023-05-26T08:18:15","slug":"video-mapping-fetes-de-fives-fives-cail-lille-2-juillet-2022","status":"publish","type":"post","link":"https:\/\/videomappingcenter.com\/en\/video-mapping-fetes-de-fives-fives-cail-lille-2-juillet-2022\/","title":{"rendered":"THE BROWNFIELD PARTY &#8211; Cours Jean-Fran\u00e7ois Cail, Lille, France"},"content":{"rendered":"\n<iframe loading=\"lazy\" src=\"https:\/\/player.vimeo.com\/video\/819066058?h=0ceb98095c\" width=\"640\" height=\"360\" frameborder=\"0\" allow=\"autoplay; fullscreen; picture-in-picture\" allowfullscreen=\"\"><\/iframe>\n\n\n\n<p style=\"text-align:justify\">Video mapping created by Rencontres Audiovisuelles&nbsp;for SORELI, the City of Lille and the M\u00e9tropole Europ\u00e9enne de Lille,&nbsp;as part of F\u00eates de Fives.<br><br><strong>\u25ba The brownfield party<\/strong><br>On the Fives brownfield, little characters still occupy the facades. In a friendly atmosphere, they are busy bringing back to life its different eras, from the industrial period to the present day.<br><br><strong>Supervision: <\/strong>Cl\u00e9ment GOFFINET<br><strong>Animation: <\/strong>Paul GARCIA, Cl\u00e9ment GOFFINET, Adrien TISON<br><strong>Original music: <\/strong>Aleksi AUBRY-CARLSON<br><\/p>\n<div class=\"simple-taxonomy\">\n\t<div class=\"taxonomy-item-prod\"><a href=\"https:\/\/videomappingcenter.com\/en\/item-prod\/production\/\" rel=\"tag\">Production<\/a><\/div>\n\t<div class=\"taxonomy-item-mapping\"><a href=\"https:\/\/videomappingcenter.com\/en\/item-mapping\/mapping-monumental-en\/\" rel=\"tag\">Monument video mapping<\/a><\/div>\n\t<div class=\"taxonomy-item-lieu\"><a href=\"https:\/\/videomappingcenter.com\/en\/item-lieu\/france-en\/\" rel=\"tag\">France<\/a><\/div>\n\t<div class=\"taxonomy-item-dates\"><a href=\"https:\/\/videomappingcenter.com\/en\/item-dates\/2022-en\/\" rel=\"tag\">2022<\/a><\/div>\n\n<\/div>\n","protected":false},"excerpt":{"rendered":"<p>Video mapping created by Rencontres Audiovisuelles&nbsp;for SORELI, the City of Lille and the M\u00e9tropole Europ\u00e9enne de Lille,&nbsp;as part of F\u00eates de Fives. \u25ba The brownfield partyOn the Fives brownfield, little characters still occupy the facades. In a friendly atmosphere, they are busy bringing back to life its different eras, from the industrial period to the [&hellip;]<\/p>\n<div class=\"simple-taxonomy\">\n\t<div class=\"taxonomy-item-prod\"><a href=\"https:\/\/videomappingcenter.com\/en\/item-prod\/production\/\" rel=\"tag\">Production<\/a><\/div>\n\t<div class=\"taxonomy-item-mapping\"><a href=\"https:\/\/videomappingcenter.com\/en\/item-mapping\/mapping-monumental-en\/\" rel=\"tag\">Monument video mapping<\/a><\/div>\n\t<div class=\"taxonomy-item-lieu\"><a href=\"https:\/\/videomappingcenter.com\/en\/item-lieu\/france-en\/\" rel=\"tag\">France<\/a><\/div>\n\t<div class=\"taxonomy-item-dates\"><a href=\"https:\/\/videomappingcenter.com\/en\/item-dates\/2022-en\/\" rel=\"tag\">2022<\/a><\/div>\n\n<\/div>\n","protected":false},"author":3,"featured_media":12896,"comment_status":"closed","ping_status":"closed","sticky":false,"template":"","format":"standard","meta":{"footnotes":""},"categories":[146],"tags":[2233,1323,341,667,2574,124,64,87,120,110,2563,116,1882,52],"item-prod":[155],"item-mapping":[277],"item-lieu":[475],"item-dates":[2237],"class_list":["post-10774","post","type-post","status-publish","format-standard","has-post-thumbnail","hentry","category-production-en","tag-2233","tag-adrien-tison","tag-aleksi-aubry-carlson","tag-clement-goffinet","tag-cours-jean-francois-cail","tag-transcient","tag-frontal","tag-lille","tag-linear","tag-monument-video-mapping","tag-national","tag-outdoor","tag-paul-garcia","tag-production","item-prod-production","item-mapping-mapping-monumental-en","item-lieu-france-en","item-dates-2022-en"],"yoast_head":"<!-- This site is optimized with the Yoast SEO plugin v25.8 - https:\/\/yoast.com\/wordpress\/plugins\/seo\/ -->\n<title>THE BROWNFIELD PARTY - Cours Jean-Fran\u00e7ois Cail, Lille, France | Video Mapping European Center<\/title>\n<meta name=\"robots\" content=\"index, follow, max-snippet:-1, max-image-preview:large, max-video-preview:-1\" \/>\n<link rel=\"canonical\" href=\"https:\/\/videomappingcenter.com\/video-mapping-fetes-de-fives-fives-cail-lille-2-juillet-2022\/\" \/>\n<meta property=\"og:locale\" content=\"en_US\" \/>\n<meta property=\"og:type\" content=\"article\" \/>\n<meta property=\"og:title\" content=\"THE BROWNFIELD PARTY - Cours Jean-Fran\u00e7ois Cail, Lille, France | Video Mapping European Center\" \/>\n<meta property=\"og:description\" content=\"Video mapping created by Rencontres Audiovisuelles&nbsp;for SORELI, the City of Lille and the M\u00e9tropole Europ\u00e9enne de Lille,&nbsp;as part of F\u00eates de Fives. \u25ba The brownfield partyOn the Fives brownfield, little characters still occupy the facades. In a friendly atmosphere, they are busy bringing back to life its different eras, from the industrial period to the [&hellip;]\" \/>\n<meta property=\"og:url\" content=\"https:\/\/videomappingcenter.com\/video-mapping-fetes-de-fives-fives-cail-lille-2-juillet-2022\/\" \/>\n<meta property=\"og:site_name\" content=\"Video Mapping European Center\" \/>\n<meta property=\"article:published_time\" content=\"2022-07-15T23:00:58+00:00\" \/>\n<meta property=\"article:modified_time\" content=\"2023-05-26T08:18:15+00:00\" \/>\n<meta property=\"og:image\" content=\"https:\/\/videomappingcenter.com\/wp-content\/uploads\/2022\/06\/VMEC22_FCB_900_500.jpg\" \/>\n\t<meta property=\"og:image:width\" content=\"900\" \/>\n\t<meta property=\"og:image:height\" content=\"500\" \/>\n\t<meta property=\"og:image:type\" content=\"image\/jpeg\" \/>\n<meta name=\"author\" content=\"Edimestre\" \/>\n<meta name=\"twitter:card\" content=\"summary_large_image\" \/>\n<meta name=\"twitter:label1\" content=\"Written by\" \/>\n\t<meta name=\"twitter:data1\" content=\"Edimestre\" \/>\n<script type=\"application\/ld+json\" class=\"yoast-schema-graph\">{\"@context\":\"https:\/\/schema.org\",\"@graph\":[{\"@type\":\"Article\",\"@id\":\"https:\/\/videomappingcenter.com\/video-mapping-fetes-de-fives-fives-cail-lille-2-juillet-2022\/#article\",\"isPartOf\":{\"@id\":\"https:\/\/videomappingcenter.com\/video-mapping-fetes-de-fives-fives-cail-lille-2-juillet-2022\/\"},\"author\":{\"name\":\"Edimestre\",\"@id\":\"https:\/\/videomappingcenter.com\/?lang=en\/#\/schema\/person\/506136ad599d9c386ea59407d183cef8\"},\"headline\":\"THE BROWNFIELD PARTY &#8211; Cours Jean-Fran\u00e7ois Cail, Lille, France\",\"datePublished\":\"2022-07-15T23:00:58+00:00\",\"dateModified\":\"2023-05-26T08:18:15+00:00\",\"mainEntityOfPage\":{\"@id\":\"https:\/\/videomappingcenter.com\/video-mapping-fetes-de-fives-fives-cail-lille-2-juillet-2022\/\"},\"wordCount\":90,\"publisher\":{\"@id\":\"https:\/\/videomappingcenter.com\/?lang=en\/#organization\"},\"image\":{\"@id\":\"https:\/\/videomappingcenter.com\/video-mapping-fetes-de-fives-fives-cail-lille-2-juillet-2022\/#primaryimage\"},\"thumbnailUrl\":\"https:\/\/videomappingcenter.com\/wp-content\/uploads\/2022\/06\/VMEC22_FCB_900_500.jpg\",\"keywords\":[\"2022\",\"Adrien TISON\",\"Aleksi Aubry-Carlson\",\"Cl\u00e9ment Goffinet\",\"Cours Jean-Fran\u00e7ois Cail\",\"Ephemeral\",\"Frontal\",\"Lille\",\"linear\",\"Monument video mapping\",\"National\",\"Outdoor\",\"Paul GARCIA\",\"Production\"],\"articleSection\":[\"Production\"],\"inLanguage\":\"en-US\"},{\"@type\":\"WebPage\",\"@id\":\"https:\/\/videomappingcenter.com\/video-mapping-fetes-de-fives-fives-cail-lille-2-juillet-2022\/\",\"url\":\"https:\/\/videomappingcenter.com\/video-mapping-fetes-de-fives-fives-cail-lille-2-juillet-2022\/\",\"name\":\"THE BROWNFIELD PARTY - Cours Jean-Fran\u00e7ois Cail, Lille, France | Video Mapping European Center\",\"isPartOf\":{\"@id\":\"https:\/\/videomappingcenter.com\/?lang=en\/#website\"},\"primaryImageOfPage\":{\"@id\":\"https:\/\/videomappingcenter.com\/video-mapping-fetes-de-fives-fives-cail-lille-2-juillet-2022\/#primaryimage\"},\"image\":{\"@id\":\"https:\/\/videomappingcenter.com\/video-mapping-fetes-de-fives-fives-cail-lille-2-juillet-2022\/#primaryimage\"},\"thumbnailUrl\":\"https:\/\/videomappingcenter.com\/wp-content\/uploads\/2022\/06\/VMEC22_FCB_900_500.jpg\",\"datePublished\":\"2022-07-15T23:00:58+00:00\",\"dateModified\":\"2023-05-26T08:18:15+00:00\",\"breadcrumb\":{\"@id\":\"https:\/\/videomappingcenter.com\/video-mapping-fetes-de-fives-fives-cail-lille-2-juillet-2022\/#breadcrumb\"},\"inLanguage\":\"en-US\",\"potentialAction\":[{\"@type\":\"ReadAction\",\"target\":[\"https:\/\/videomappingcenter.com\/video-mapping-fetes-de-fives-fives-cail-lille-2-juillet-2022\/\"]}]},{\"@type\":\"ImageObject\",\"inLanguage\":\"en-US\",\"@id\":\"https:\/\/videomappingcenter.com\/video-mapping-fetes-de-fives-fives-cail-lille-2-juillet-2022\/#primaryimage\",\"url\":\"https:\/\/videomappingcenter.com\/wp-content\/uploads\/2022\/06\/VMEC22_FCB_900_500.jpg\",\"contentUrl\":\"https:\/\/videomappingcenter.com\/wp-content\/uploads\/2022\/06\/VMEC22_FCB_900_500.jpg\",\"width\":900,\"height\":500},{\"@type\":\"BreadcrumbList\",\"@id\":\"https:\/\/videomappingcenter.com\/video-mapping-fetes-de-fives-fives-cail-lille-2-juillet-2022\/#breadcrumb\",\"itemListElement\":[{\"@type\":\"ListItem\",\"position\":1,\"name\":\"Accueil\",\"item\":\"https:\/\/videomappingcenter.com\/\"},{\"@type\":\"ListItem\",\"position\":2,\"name\":\"THE BROWNFIELD PARTY &#8211; Cours Jean-Fran\u00e7ois Cail, Lille, France\"}]},{\"@type\":\"WebSite\",\"@id\":\"https:\/\/videomappingcenter.com\/?lang=en\/#website\",\"url\":\"https:\/\/videomappingcenter.com\/?lang=en\/\",\"name\":\"Video Mapping European Center\",\"description\":\"Video Mapping European Center\",\"publisher\":{\"@id\":\"https:\/\/videomappingcenter.com\/?lang=en\/#organization\"},\"potentialAction\":[{\"@type\":\"SearchAction\",\"target\":{\"@type\":\"EntryPoint\",\"urlTemplate\":\"https:\/\/videomappingcenter.com\/?lang=en\/?s={search_term_string}\"},\"query-input\":{\"@type\":\"PropertyValueSpecification\",\"valueRequired\":true,\"valueName\":\"search_term_string\"}}],\"inLanguage\":\"en-US\"},{\"@type\":\"Organization\",\"@id\":\"https:\/\/videomappingcenter.com\/?lang=en\/#organization\",\"name\":\"Video Mapping European Center\",\"url\":\"https:\/\/videomappingcenter.com\/?lang=en\/\",\"logo\":{\"@type\":\"ImageObject\",\"inLanguage\":\"en-US\",\"@id\":\"https:\/\/videomappingcenter.com\/?lang=en\/#\/schema\/logo\/image\/\",\"url\":\"https:\/\/videomappingcenter.com\/wp-content\/uploads\/2017\/07\/logo-v3.png\",\"contentUrl\":\"https:\/\/videomappingcenter.com\/wp-content\/uploads\/2017\/07\/logo-v3.png\",\"width\":300,\"height\":135,\"caption\":\"Video Mapping European Center\"},\"image\":{\"@id\":\"https:\/\/videomappingcenter.com\/?lang=en\/#\/schema\/logo\/image\/\"}},{\"@type\":\"Person\",\"@id\":\"https:\/\/videomappingcenter.com\/?lang=en\/#\/schema\/person\/506136ad599d9c386ea59407d183cef8\",\"name\":\"Edimestre\",\"image\":{\"@type\":\"ImageObject\",\"inLanguage\":\"en-US\",\"@id\":\"https:\/\/videomappingcenter.com\/?lang=en\/#\/schema\/person\/image\/\",\"url\":\"https:\/\/videomappingcenter.com\/wp-content\/uploads\/2017\/07\/avatar.jpg\",\"contentUrl\":\"https:\/\/videomappingcenter.com\/wp-content\/uploads\/2017\/07\/avatar.jpg\",\"caption\":\"Edimestre\"}}]}<\/script>\n<!-- \/ Yoast SEO plugin. -->","yoast_head_json":{"title":"THE BROWNFIELD PARTY - Cours Jean-Fran\u00e7ois Cail, Lille, France | Video Mapping European Center","robots":{"index":"index","follow":"follow","max-snippet":"max-snippet:-1","max-image-preview":"max-image-preview:large","max-video-preview":"max-video-preview:-1"},"canonical":"https:\/\/videomappingcenter.com\/video-mapping-fetes-de-fives-fives-cail-lille-2-juillet-2022\/","og_locale":"en_US","og_type":"article","og_title":"THE BROWNFIELD PARTY - Cours Jean-Fran\u00e7ois Cail, Lille, France | Video Mapping European Center","og_description":"Video mapping created by Rencontres Audiovisuelles&nbsp;for SORELI, the City of Lille and the M\u00e9tropole Europ\u00e9enne de Lille,&nbsp;as part of F\u00eates de Fives. \u25ba The brownfield partyOn the Fives brownfield, little characters still occupy the facades. In a friendly atmosphere, they are busy bringing back to life its different eras, from the industrial period to the [&hellip;]","og_url":"https:\/\/videomappingcenter.com\/video-mapping-fetes-de-fives-fives-cail-lille-2-juillet-2022\/","og_site_name":"Video Mapping European Center","article_published_time":"2022-07-15T23:00:58+00:00","article_modified_time":"2023-05-26T08:18:15+00:00","og_image":[{"width":900,"height":500,"url":"https:\/\/videomappingcenter.com\/wp-content\/uploads\/2022\/06\/VMEC22_FCB_900_500.jpg","type":"image\/jpeg"}],"author":"Edimestre","twitter_card":"summary_large_image","twitter_misc":{"Written by":"Edimestre"},"schema":{"@context":"https:\/\/schema.org","@graph":[{"@type":"Article","@id":"https:\/\/videomappingcenter.com\/video-mapping-fetes-de-fives-fives-cail-lille-2-juillet-2022\/#article","isPartOf":{"@id":"https:\/\/videomappingcenter.com\/video-mapping-fetes-de-fives-fives-cail-lille-2-juillet-2022\/"},"author":{"name":"Edimestre","@id":"https:\/\/videomappingcenter.com\/?lang=en\/#\/schema\/person\/506136ad599d9c386ea59407d183cef8"},"headline":"THE BROWNFIELD PARTY &#8211; Cours Jean-Fran\u00e7ois Cail, Lille, France","datePublished":"2022-07-15T23:00:58+00:00","dateModified":"2023-05-26T08:18:15+00:00","mainEntityOfPage":{"@id":"https:\/\/videomappingcenter.com\/video-mapping-fetes-de-fives-fives-cail-lille-2-juillet-2022\/"},"wordCount":90,"publisher":{"@id":"https:\/\/videomappingcenter.com\/?lang=en\/#organization"},"image":{"@id":"https:\/\/videomappingcenter.com\/video-mapping-fetes-de-fives-fives-cail-lille-2-juillet-2022\/#primaryimage"},"thumbnailUrl":"https:\/\/videomappingcenter.com\/wp-content\/uploads\/2022\/06\/VMEC22_FCB_900_500.jpg","keywords":["2022","Adrien TISON","Aleksi Aubry-Carlson","Cl\u00e9ment Goffinet","Cours Jean-Fran\u00e7ois Cail","Ephemeral","Frontal","Lille","linear","Monument video mapping","National","Outdoor","Paul GARCIA","Production"],"articleSection":["Production"],"inLanguage":"en-US"},{"@type":"WebPage","@id":"https:\/\/videomappingcenter.com\/video-mapping-fetes-de-fives-fives-cail-lille-2-juillet-2022\/","url":"https:\/\/videomappingcenter.com\/video-mapping-fetes-de-fives-fives-cail-lille-2-juillet-2022\/","name":"THE BROWNFIELD PARTY - Cours Jean-Fran\u00e7ois Cail, Lille, France | Video Mapping European Center","isPartOf":{"@id":"https:\/\/videomappingcenter.com\/?lang=en\/#website"},"primaryImageOfPage":{"@id":"https:\/\/videomappingcenter.com\/video-mapping-fetes-de-fives-fives-cail-lille-2-juillet-2022\/#primaryimage"},"image":{"@id":"https:\/\/videomappingcenter.com\/video-mapping-fetes-de-fives-fives-cail-lille-2-juillet-2022\/#primaryimage"},"thumbnailUrl":"https:\/\/videomappingcenter.com\/wp-content\/uploads\/2022\/06\/VMEC22_FCB_900_500.jpg","datePublished":"2022-07-15T23:00:58+00:00","dateModified":"2023-05-26T08:18:15+00:00","breadcrumb":{"@id":"https:\/\/videomappingcenter.com\/video-mapping-fetes-de-fives-fives-cail-lille-2-juillet-2022\/#breadcrumb"},"inLanguage":"en-US","potentialAction":[{"@type":"ReadAction","target":["https:\/\/videomappingcenter.com\/video-mapping-fetes-de-fives-fives-cail-lille-2-juillet-2022\/"]}]},{"@type":"ImageObject","inLanguage":"en-US","@id":"https:\/\/videomappingcenter.com\/video-mapping-fetes-de-fives-fives-cail-lille-2-juillet-2022\/#primaryimage","url":"https:\/\/videomappingcenter.com\/wp-content\/uploads\/2022\/06\/VMEC22_FCB_900_500.jpg","contentUrl":"https:\/\/videomappingcenter.com\/wp-content\/uploads\/2022\/06\/VMEC22_FCB_900_500.jpg","width":900,"height":500},{"@type":"BreadcrumbList","@id":"https:\/\/videomappingcenter.com\/video-mapping-fetes-de-fives-fives-cail-lille-2-juillet-2022\/#breadcrumb","itemListElement":[{"@type":"ListItem","position":1,"name":"Accueil","item":"https:\/\/videomappingcenter.com\/"},{"@type":"ListItem","position":2,"name":"THE BROWNFIELD PARTY &#8211; Cours Jean-Fran\u00e7ois Cail, Lille, France"}]},{"@type":"WebSite","@id":"https:\/\/videomappingcenter.com\/?lang=en\/#website","url":"https:\/\/videomappingcenter.com\/?lang=en\/","name":"Video Mapping European Center","description":"Video Mapping European Center","publisher":{"@id":"https:\/\/videomappingcenter.com\/?lang=en\/#organization"},"potentialAction":[{"@type":"SearchAction","target":{"@type":"EntryPoint","urlTemplate":"https:\/\/videomappingcenter.com\/?lang=en\/?s={search_term_string}"},"query-input":{"@type":"PropertyValueSpecification","valueRequired":true,"valueName":"search_term_string"}}],"inLanguage":"en-US"},{"@type":"Organization","@id":"https:\/\/videomappingcenter.com\/?lang=en\/#organization","name":"Video Mapping European Center","url":"https:\/\/videomappingcenter.com\/?lang=en\/","logo":{"@type":"ImageObject","inLanguage":"en-US","@id":"https:\/\/videomappingcenter.com\/?lang=en\/#\/schema\/logo\/image\/","url":"https:\/\/videomappingcenter.com\/wp-content\/uploads\/2017\/07\/logo-v3.png","contentUrl":"https:\/\/videomappingcenter.com\/wp-content\/uploads\/2017\/07\/logo-v3.png","width":300,"height":135,"caption":"Video Mapping European Center"},"image":{"@id":"https:\/\/videomappingcenter.com\/?lang=en\/#\/schema\/logo\/image\/"}},{"@type":"Person","@id":"https:\/\/videomappingcenter.com\/?lang=en\/#\/schema\/person\/506136ad599d9c386ea59407d183cef8","name":"Edimestre","image":{"@type":"ImageObject","inLanguage":"en-US","@id":"https:\/\/videomappingcenter.com\/?lang=en\/#\/schema\/person\/image\/","url":"https:\/\/videomappingcenter.com\/wp-content\/uploads\/2017\/07\/avatar.jpg","contentUrl":"https:\/\/videomappingcenter.com\/wp-content\/uploads\/2017\/07\/avatar.jpg","caption":"Edimestre"}}]}},"_links":{"self":[{"href":"https:\/\/videomappingcenter.com\/en\/wp-json\/wp\/v2\/posts\/10774","targetHints":{"allow":["GET"]}}],"collection":[{"href":"https:\/\/videomappingcenter.com\/en\/wp-json\/wp\/v2\/posts"}],"about":[{"href":"https:\/\/videomappingcenter.com\/en\/wp-json\/wp\/v2\/types\/post"}],"author":[{"embeddable":true,"href":"https:\/\/videomappingcenter.com\/en\/wp-json\/wp\/v2\/users\/3"}],"replies":[{"embeddable":true,"href":"https:\/\/videomappingcenter.com\/en\/wp-json\/wp\/v2\/comments?post=10774"}],"version-history":[{"count":0,"href":"https:\/\/videomappingcenter.com\/en\/wp-json\/wp\/v2\/posts\/10774\/revisions"}],"wp:featuredmedia":[{"embeddable":true,"href":"https:\/\/videomappingcenter.com\/en\/wp-json\/wp\/v2\/media\/12896"}],"wp:attachment":[{"href":"https:\/\/videomappingcenter.com\/en\/wp-json\/wp\/v2\/media?parent=10774"}],"wp:term":[{"taxonomy":"category","embeddable":true,"href":"https:\/\/videomappingcenter.com\/en\/wp-json\/wp\/v2\/categories?post=10774"},{"taxonomy":"post_tag","embeddable":true,"href":"https:\/\/videomappingcenter.com\/en\/wp-json\/wp\/v2\/tags?post=10774"},{"taxonomy":"item-prod","embeddable":true,"href":"https:\/\/videomappingcenter.com\/en\/wp-json\/wp\/v2\/item-prod?post=10774"},{"taxonomy":"item-mapping","embeddable":true,"href":"https:\/\/videomappingcenter.com\/en\/wp-json\/wp\/v2\/item-mapping?post=10774"},{"taxonomy":"item-lieu","embeddable":true,"href":"https:\/\/videomappingcenter.com\/en\/wp-json\/wp\/v2\/item-lieu?post=10774"},{"taxonomy":"item-dates","embeddable":true,"href":"https:\/\/videomappingcenter.com\/en\/wp-json\/wp\/v2\/item-dates?post=10774"}],"curies":[{"name":"wp","href":"https:\/\/api.w.org\/{rel}","templated":true}]}}