{"id":11815,"date":"2022-09-24T17:26:18","date_gmt":"2022-09-24T15:26:18","guid":{"rendered":"https:\/\/videomappingcenter.com\/en-harmonie-les-arcades-faches-thumesnil-france-video-mapping-festival-2022\/"},"modified":"2023-01-31T17:54:38","modified_gmt":"2023-01-31T16:54:38","slug":"en-harmonie-les-arcades-faches-thumesnil-france-video-mapping-festival-2022","status":"publish","type":"post","link":"https:\/\/videomappingcenter.com\/en\/en-harmonie-les-arcades-faches-thumesnil-france-video-mapping-festival-2022\/","title":{"rendered":"IN HARMONY &#8211; Les Arcades, Faches-Thumesnil, France &#8211; Video Mapping Festival 2022"},"content":{"rendered":"\n<figure><iframe loading=\"lazy\" src=\"https:\/\/player.vimeo.com\/video\/793141388?h=ae629054d1\" width=\"640\" height=\"360\" allowfullscreen=\"\"><\/iframe><\/figure>\n\n\n\n<p>Video mapping created during an educational workshop, as part of the Video Mapping Festival #5.<br><br><strong>\u25ba In Harmon<\/strong>y<br>We have piano, guitar, bass and drums. Okay. All that\u2019s missing are the dancers. Let\u2019s hope that everyone has warmed up well, it\u2019s going to be fun!<br> <br><strong>Creative team<\/strong>:<strong> Centre artistique, Ville de Lomme<\/strong><br>Ma\u00efssa BENAAMARI<br>Maylis BERGOT<br>Thym\u00e9o BONICALZI<br>Cha\u00efma CHARROUTI<br>Luca GERACE<br>Soan LE TARO<br>Anatole SANCHEZ<br>Clara VANBESIEN-JOE<br>Molly VANSLEMBROUCKE<br>Fatou VENIAT<br><br>Supervised by:<br>Gatien MOURONVALLE<br>Loic VERNEZ<br><br><strong>Supervising staff: <\/strong>Etienne BONNET, Simon ROUZ\u00c9<br><strong>Assisted with:<\/strong> M\u00e9lanie LONGEAU<br><strong>Editing and sound creation:<\/strong> Etienne BONNET<br><br><em>With the support of the Hauts-de-France Region, Drac Hauts-de-France and M\u00e9tropole Europ\u00e9enne de Lille.<br>In collaboration with the City of Faches-Thumesnil and the City of Lomme.<\/em><br><br><br><strong>More info:\u00a0<a rel=\"noreferrer noopener\" href=\"https:\/\/videomappingfestival.com\/?lang=en\" target=\"_blank\">videomappingfestival.com<\/a><\/strong><br><strong>Facebook:\u00a0<a rel=\"noreferrer noopener\" href=\"https:\/\/www.facebook.com\/VideoMappingFestival\" target=\"_blank\">Video Mapping Festival<\/a><\/strong><\/p>\n<div class=\"simple-taxonomy\">\n\t<div class=\"taxonomy-item-prod\"><a href=\"https:\/\/videomappingcenter.com\/en\/item-prod\/atelier-pedagogique\/\" rel=\"tag\">Educational workshop<\/a>, <a href=\"https:\/\/videomappingcenter.com\/en\/item-prod\/evenement\/\" rel=\"tag\">Event<\/a><\/div>\n\t<div class=\"taxonomy-item-mapping\"><a href=\"https:\/\/videomappingcenter.com\/en\/item-mapping\/mapping-monumental-en\/\" rel=\"tag\">Monument video mapping<\/a><\/div>\n\t<div class=\"taxonomy-item-lieu\"><a href=\"https:\/\/videomappingcenter.com\/en\/item-lieu\/hauts-de-france-en\/\" rel=\"tag\">Hauts-de-France<\/a><\/div>\n\t<div class=\"taxonomy-item-dates\"><a href=\"https:\/\/videomappingcenter.com\/en\/item-dates\/2022-en\/\" rel=\"tag\">2022<\/a><\/div>\n\n<\/div>\n","protected":false},"excerpt":{"rendered":"<p>Video mapping created during an educational workshop, as part of the Video Mapping Festival #5. \u25ba In HarmonyWe have piano, guitar, bass and drums. Okay. All that\u2019s missing are the dancers. Let\u2019s hope that everyone has warmed up well, it\u2019s going to be fun! Creative team: Centre artistique, Ville de LommeMa\u00efssa BENAAMARIMaylis BERGOTThym\u00e9o BONICALZICha\u00efma CHARROUTILuca [&hellip;]<\/p>\n<div class=\"simple-taxonomy\">\n\t<div class=\"taxonomy-item-prod\"><a href=\"https:\/\/videomappingcenter.com\/en\/item-prod\/atelier-pedagogique\/\" rel=\"tag\">Educational workshop<\/a>, <a href=\"https:\/\/videomappingcenter.com\/en\/item-prod\/evenement\/\" rel=\"tag\">Event<\/a><\/div>\n\t<div class=\"taxonomy-item-mapping\"><a href=\"https:\/\/videomappingcenter.com\/en\/item-mapping\/mapping-monumental-en\/\" rel=\"tag\">Monument video mapping<\/a><\/div>\n\t<div class=\"taxonomy-item-lieu\"><a href=\"https:\/\/videomappingcenter.com\/en\/item-lieu\/hauts-de-france-en\/\" rel=\"tag\">Hauts-de-France<\/a><\/div>\n\t<div class=\"taxonomy-item-dates\"><a href=\"https:\/\/videomappingcenter.com\/en\/item-dates\/2022-en\/\" rel=\"tag\">2022<\/a><\/div>\n\n<\/div>\n","protected":false},"author":3,"featured_media":11811,"comment_status":"closed","ping_status":"closed","sticky":false,"template":"","format":"standard","meta":{"footnotes":""},"categories":[151,149],"tags":[2233,109,124,2301,2424,64,82,2423,120,2428,110,116,2427,55],"item-prod":[156,157],"item-mapping":[277],"item-lieu":[281],"item-dates":[2237],"class_list":["post-11815","post","type-post","status-publish","format-standard","has-post-thumbnail","hentry","category-educative-workshop","category-video-mapping-festival-en","tag-2233","tag-educational-workshop","tag-transcient","tag-etienne-bonnet","tag-faches-thumesnil","tag-frontal","tag-hauts-de-france","tag-les-arcades","tag-linear","tag-melanie-longeau","tag-monument-video-mapping","tag-outdoor","tag-simon-rouze","tag-video-mapping-festival","item-prod-atelier-pedagogique","item-prod-evenement","item-mapping-mapping-monumental-en","item-lieu-hauts-de-france-en","item-dates-2022-en"],"yoast_head":"<!-- This site is optimized with the Yoast SEO plugin v25.8 - https:\/\/yoast.com\/wordpress\/plugins\/seo\/ -->\n<title>IN HARMONY - Les Arcades, Faches-Thumesnil, France - Video Mapping Festival 2022 | Video Mapping European Center<\/title>\n<meta name=\"robots\" content=\"index, follow, max-snippet:-1, max-image-preview:large, max-video-preview:-1\" \/>\n<link rel=\"canonical\" href=\"https:\/\/videomappingcenter.com\/en-harmonie-les-arcades-faches-thumesnil-france-video-mapping-festival-2022\/\" \/>\n<meta property=\"og:locale\" content=\"en_US\" \/>\n<meta property=\"og:type\" content=\"article\" \/>\n<meta property=\"og:title\" content=\"IN HARMONY - Les Arcades, Faches-Thumesnil, France - Video Mapping Festival 2022 | Video Mapping European Center\" \/>\n<meta property=\"og:description\" content=\"Video mapping created during an educational workshop, as part of the Video Mapping Festival #5. \u25ba In HarmonyWe have piano, guitar, bass and drums. Okay. All that\u2019s missing are the dancers. Let\u2019s hope that everyone has warmed up well, it\u2019s going to be fun! Creative team: Centre artistique, Ville de LommeMa\u00efssa BENAAMARIMaylis BERGOTThym\u00e9o BONICALZICha\u00efma CHARROUTILuca [&hellip;]\" \/>\n<meta property=\"og:url\" content=\"https:\/\/videomappingcenter.com\/en-harmonie-les-arcades-faches-thumesnil-france-video-mapping-festival-2022\/\" \/>\n<meta property=\"og:site_name\" content=\"Video Mapping European Center\" \/>\n<meta property=\"article:published_time\" content=\"2022-09-24T15:26:18+00:00\" \/>\n<meta property=\"article:modified_time\" content=\"2023-01-31T16:54:38+00:00\" \/>\n<meta property=\"og:image\" content=\"https:\/\/videomappingcenter.com\/wp-content\/uploads\/2023\/01\/VMF22_Faches_4.png\" \/>\n\t<meta property=\"og:image:width\" content=\"900\" \/>\n\t<meta property=\"og:image:height\" content=\"500\" \/>\n\t<meta property=\"og:image:type\" content=\"image\/png\" \/>\n<meta name=\"author\" content=\"Edimestre\" \/>\n<meta name=\"twitter:card\" content=\"summary_large_image\" \/>\n<meta name=\"twitter:label1\" content=\"Written by\" \/>\n\t<meta name=\"twitter:data1\" content=\"Edimestre\" \/>\n\t<meta name=\"twitter:label2\" content=\"Est. reading time\" \/>\n\t<meta name=\"twitter:data2\" content=\"1 minute\" \/>\n<script type=\"application\/ld+json\" class=\"yoast-schema-graph\">{\"@context\":\"https:\/\/schema.org\",\"@graph\":[{\"@type\":\"Article\",\"@id\":\"https:\/\/videomappingcenter.com\/en-harmonie-les-arcades-faches-thumesnil-france-video-mapping-festival-2022\/#article\",\"isPartOf\":{\"@id\":\"https:\/\/videomappingcenter.com\/en-harmonie-les-arcades-faches-thumesnil-france-video-mapping-festival-2022\/\"},\"author\":{\"name\":\"Edimestre\",\"@id\":\"https:\/\/videomappingcenter.com\/?lang=en\/#\/schema\/person\/506136ad599d9c386ea59407d183cef8\"},\"headline\":\"IN HARMONY &#8211; Les Arcades, Faches-Thumesnil, France &#8211; Video Mapping Festival 2022\",\"datePublished\":\"2022-09-24T15:26:18+00:00\",\"dateModified\":\"2023-01-31T16:54:38+00:00\",\"mainEntityOfPage\":{\"@id\":\"https:\/\/videomappingcenter.com\/en-harmonie-les-arcades-faches-thumesnil-france-video-mapping-festival-2022\/\"},\"wordCount\":136,\"publisher\":{\"@id\":\"https:\/\/videomappingcenter.com\/?lang=en\/#organization\"},\"image\":{\"@id\":\"https:\/\/videomappingcenter.com\/en-harmonie-les-arcades-faches-thumesnil-france-video-mapping-festival-2022\/#primaryimage\"},\"thumbnailUrl\":\"https:\/\/videomappingcenter.com\/wp-content\/uploads\/2023\/01\/VMF22_Faches_4.png\",\"keywords\":[\"2022\",\"Educational workshop\",\"Ephemeral\",\"Etienne BONNET\",\"Faches-Thumesnil\",\"Frontal\",\"Hauts-de-France\",\"Les Arcades\",\"linear\",\"M\u00e9lanie LONGEAU\",\"Monument video mapping\",\"Outdoor\",\"Simon ROUZ\u00c9\",\"Video Mapping Festival\"],\"articleSection\":[\"Educational workshop\",\"Video Mapping Festival\"],\"inLanguage\":\"en-US\"},{\"@type\":\"WebPage\",\"@id\":\"https:\/\/videomappingcenter.com\/en-harmonie-les-arcades-faches-thumesnil-france-video-mapping-festival-2022\/\",\"url\":\"https:\/\/videomappingcenter.com\/en-harmonie-les-arcades-faches-thumesnil-france-video-mapping-festival-2022\/\",\"name\":\"IN HARMONY - Les Arcades, Faches-Thumesnil, France - Video Mapping Festival 2022 | Video Mapping European Center\",\"isPartOf\":{\"@id\":\"https:\/\/videomappingcenter.com\/?lang=en\/#website\"},\"primaryImageOfPage\":{\"@id\":\"https:\/\/videomappingcenter.com\/en-harmonie-les-arcades-faches-thumesnil-france-video-mapping-festival-2022\/#primaryimage\"},\"image\":{\"@id\":\"https:\/\/videomappingcenter.com\/en-harmonie-les-arcades-faches-thumesnil-france-video-mapping-festival-2022\/#primaryimage\"},\"thumbnailUrl\":\"https:\/\/videomappingcenter.com\/wp-content\/uploads\/2023\/01\/VMF22_Faches_4.png\",\"datePublished\":\"2022-09-24T15:26:18+00:00\",\"dateModified\":\"2023-01-31T16:54:38+00:00\",\"breadcrumb\":{\"@id\":\"https:\/\/videomappingcenter.com\/en-harmonie-les-arcades-faches-thumesnil-france-video-mapping-festival-2022\/#breadcrumb\"},\"inLanguage\":\"en-US\",\"potentialAction\":[{\"@type\":\"ReadAction\",\"target\":[\"https:\/\/videomappingcenter.com\/en-harmonie-les-arcades-faches-thumesnil-france-video-mapping-festival-2022\/\"]}]},{\"@type\":\"ImageObject\",\"inLanguage\":\"en-US\",\"@id\":\"https:\/\/videomappingcenter.com\/en-harmonie-les-arcades-faches-thumesnil-france-video-mapping-festival-2022\/#primaryimage\",\"url\":\"https:\/\/videomappingcenter.com\/wp-content\/uploads\/2023\/01\/VMF22_Faches_4.png\",\"contentUrl\":\"https:\/\/videomappingcenter.com\/wp-content\/uploads\/2023\/01\/VMF22_Faches_4.png\",\"width\":900,\"height\":500},{\"@type\":\"BreadcrumbList\",\"@id\":\"https:\/\/videomappingcenter.com\/en-harmonie-les-arcades-faches-thumesnil-france-video-mapping-festival-2022\/#breadcrumb\",\"itemListElement\":[{\"@type\":\"ListItem\",\"position\":1,\"name\":\"Accueil\",\"item\":\"https:\/\/videomappingcenter.com\/\"},{\"@type\":\"ListItem\",\"position\":2,\"name\":\"IN HARMONY &#8211; Les Arcades, Faches-Thumesnil, France &#8211; Video Mapping Festival 2022\"}]},{\"@type\":\"WebSite\",\"@id\":\"https:\/\/videomappingcenter.com\/?lang=en\/#website\",\"url\":\"https:\/\/videomappingcenter.com\/?lang=en\/\",\"name\":\"Video Mapping European Center\",\"description\":\"Video Mapping European Center\",\"publisher\":{\"@id\":\"https:\/\/videomappingcenter.com\/?lang=en\/#organization\"},\"potentialAction\":[{\"@type\":\"SearchAction\",\"target\":{\"@type\":\"EntryPoint\",\"urlTemplate\":\"https:\/\/videomappingcenter.com\/?lang=en\/?s={search_term_string}\"},\"query-input\":{\"@type\":\"PropertyValueSpecification\",\"valueRequired\":true,\"valueName\":\"search_term_string\"}}],\"inLanguage\":\"en-US\"},{\"@type\":\"Organization\",\"@id\":\"https:\/\/videomappingcenter.com\/?lang=en\/#organization\",\"name\":\"Video Mapping European Center\",\"url\":\"https:\/\/videomappingcenter.com\/?lang=en\/\",\"logo\":{\"@type\":\"ImageObject\",\"inLanguage\":\"en-US\",\"@id\":\"https:\/\/videomappingcenter.com\/?lang=en\/#\/schema\/logo\/image\/\",\"url\":\"https:\/\/videomappingcenter.com\/wp-content\/uploads\/2017\/07\/logo-v3.png\",\"contentUrl\":\"https:\/\/videomappingcenter.com\/wp-content\/uploads\/2017\/07\/logo-v3.png\",\"width\":300,\"height\":135,\"caption\":\"Video Mapping European Center\"},\"image\":{\"@id\":\"https:\/\/videomappingcenter.com\/?lang=en\/#\/schema\/logo\/image\/\"}},{\"@type\":\"Person\",\"@id\":\"https:\/\/videomappingcenter.com\/?lang=en\/#\/schema\/person\/506136ad599d9c386ea59407d183cef8\",\"name\":\"Edimestre\",\"image\":{\"@type\":\"ImageObject\",\"inLanguage\":\"en-US\",\"@id\":\"https:\/\/videomappingcenter.com\/?lang=en\/#\/schema\/person\/image\/\",\"url\":\"https:\/\/videomappingcenter.com\/wp-content\/uploads\/2017\/07\/avatar.jpg\",\"contentUrl\":\"https:\/\/videomappingcenter.com\/wp-content\/uploads\/2017\/07\/avatar.jpg\",\"caption\":\"Edimestre\"}}]}<\/script>\n<!-- \/ Yoast SEO plugin. -->","yoast_head_json":{"title":"IN HARMONY - Les Arcades, Faches-Thumesnil, France - Video Mapping Festival 2022 | Video Mapping European Center","robots":{"index":"index","follow":"follow","max-snippet":"max-snippet:-1","max-image-preview":"max-image-preview:large","max-video-preview":"max-video-preview:-1"},"canonical":"https:\/\/videomappingcenter.com\/en-harmonie-les-arcades-faches-thumesnil-france-video-mapping-festival-2022\/","og_locale":"en_US","og_type":"article","og_title":"IN HARMONY - Les Arcades, Faches-Thumesnil, France - Video Mapping Festival 2022 | Video Mapping European Center","og_description":"Video mapping created during an educational workshop, as part of the Video Mapping Festival #5. \u25ba In HarmonyWe have piano, guitar, bass and drums. Okay. All that\u2019s missing are the dancers. Let\u2019s hope that everyone has warmed up well, it\u2019s going to be fun! Creative team: Centre artistique, Ville de LommeMa\u00efssa BENAAMARIMaylis BERGOTThym\u00e9o BONICALZICha\u00efma CHARROUTILuca [&hellip;]","og_url":"https:\/\/videomappingcenter.com\/en-harmonie-les-arcades-faches-thumesnil-france-video-mapping-festival-2022\/","og_site_name":"Video Mapping European Center","article_published_time":"2022-09-24T15:26:18+00:00","article_modified_time":"2023-01-31T16:54:38+00:00","og_image":[{"width":900,"height":500,"url":"https:\/\/videomappingcenter.com\/wp-content\/uploads\/2023\/01\/VMF22_Faches_4.png","type":"image\/png"}],"author":"Edimestre","twitter_card":"summary_large_image","twitter_misc":{"Written by":"Edimestre","Est. reading time":"1 minute"},"schema":{"@context":"https:\/\/schema.org","@graph":[{"@type":"Article","@id":"https:\/\/videomappingcenter.com\/en-harmonie-les-arcades-faches-thumesnil-france-video-mapping-festival-2022\/#article","isPartOf":{"@id":"https:\/\/videomappingcenter.com\/en-harmonie-les-arcades-faches-thumesnil-france-video-mapping-festival-2022\/"},"author":{"name":"Edimestre","@id":"https:\/\/videomappingcenter.com\/?lang=en\/#\/schema\/person\/506136ad599d9c386ea59407d183cef8"},"headline":"IN HARMONY &#8211; Les Arcades, Faches-Thumesnil, France &#8211; Video Mapping Festival 2022","datePublished":"2022-09-24T15:26:18+00:00","dateModified":"2023-01-31T16:54:38+00:00","mainEntityOfPage":{"@id":"https:\/\/videomappingcenter.com\/en-harmonie-les-arcades-faches-thumesnil-france-video-mapping-festival-2022\/"},"wordCount":136,"publisher":{"@id":"https:\/\/videomappingcenter.com\/?lang=en\/#organization"},"image":{"@id":"https:\/\/videomappingcenter.com\/en-harmonie-les-arcades-faches-thumesnil-france-video-mapping-festival-2022\/#primaryimage"},"thumbnailUrl":"https:\/\/videomappingcenter.com\/wp-content\/uploads\/2023\/01\/VMF22_Faches_4.png","keywords":["2022","Educational workshop","Ephemeral","Etienne BONNET","Faches-Thumesnil","Frontal","Hauts-de-France","Les Arcades","linear","M\u00e9lanie LONGEAU","Monument video mapping","Outdoor","Simon ROUZ\u00c9","Video Mapping Festival"],"articleSection":["Educational workshop","Video Mapping Festival"],"inLanguage":"en-US"},{"@type":"WebPage","@id":"https:\/\/videomappingcenter.com\/en-harmonie-les-arcades-faches-thumesnil-france-video-mapping-festival-2022\/","url":"https:\/\/videomappingcenter.com\/en-harmonie-les-arcades-faches-thumesnil-france-video-mapping-festival-2022\/","name":"IN HARMONY - Les Arcades, Faches-Thumesnil, France - Video Mapping Festival 2022 | Video Mapping European Center","isPartOf":{"@id":"https:\/\/videomappingcenter.com\/?lang=en\/#website"},"primaryImageOfPage":{"@id":"https:\/\/videomappingcenter.com\/en-harmonie-les-arcades-faches-thumesnil-france-video-mapping-festival-2022\/#primaryimage"},"image":{"@id":"https:\/\/videomappingcenter.com\/en-harmonie-les-arcades-faches-thumesnil-france-video-mapping-festival-2022\/#primaryimage"},"thumbnailUrl":"https:\/\/videomappingcenter.com\/wp-content\/uploads\/2023\/01\/VMF22_Faches_4.png","datePublished":"2022-09-24T15:26:18+00:00","dateModified":"2023-01-31T16:54:38+00:00","breadcrumb":{"@id":"https:\/\/videomappingcenter.com\/en-harmonie-les-arcades-faches-thumesnil-france-video-mapping-festival-2022\/#breadcrumb"},"inLanguage":"en-US","potentialAction":[{"@type":"ReadAction","target":["https:\/\/videomappingcenter.com\/en-harmonie-les-arcades-faches-thumesnil-france-video-mapping-festival-2022\/"]}]},{"@type":"ImageObject","inLanguage":"en-US","@id":"https:\/\/videomappingcenter.com\/en-harmonie-les-arcades-faches-thumesnil-france-video-mapping-festival-2022\/#primaryimage","url":"https:\/\/videomappingcenter.com\/wp-content\/uploads\/2023\/01\/VMF22_Faches_4.png","contentUrl":"https:\/\/videomappingcenter.com\/wp-content\/uploads\/2023\/01\/VMF22_Faches_4.png","width":900,"height":500},{"@type":"BreadcrumbList","@id":"https:\/\/videomappingcenter.com\/en-harmonie-les-arcades-faches-thumesnil-france-video-mapping-festival-2022\/#breadcrumb","itemListElement":[{"@type":"ListItem","position":1,"name":"Accueil","item":"https:\/\/videomappingcenter.com\/"},{"@type":"ListItem","position":2,"name":"IN HARMONY &#8211; Les Arcades, Faches-Thumesnil, France &#8211; Video Mapping Festival 2022"}]},{"@type":"WebSite","@id":"https:\/\/videomappingcenter.com\/?lang=en\/#website","url":"https:\/\/videomappingcenter.com\/?lang=en\/","name":"Video Mapping European Center","description":"Video Mapping European Center","publisher":{"@id":"https:\/\/videomappingcenter.com\/?lang=en\/#organization"},"potentialAction":[{"@type":"SearchAction","target":{"@type":"EntryPoint","urlTemplate":"https:\/\/videomappingcenter.com\/?lang=en\/?s={search_term_string}"},"query-input":{"@type":"PropertyValueSpecification","valueRequired":true,"valueName":"search_term_string"}}],"inLanguage":"en-US"},{"@type":"Organization","@id":"https:\/\/videomappingcenter.com\/?lang=en\/#organization","name":"Video Mapping European Center","url":"https:\/\/videomappingcenter.com\/?lang=en\/","logo":{"@type":"ImageObject","inLanguage":"en-US","@id":"https:\/\/videomappingcenter.com\/?lang=en\/#\/schema\/logo\/image\/","url":"https:\/\/videomappingcenter.com\/wp-content\/uploads\/2017\/07\/logo-v3.png","contentUrl":"https:\/\/videomappingcenter.com\/wp-content\/uploads\/2017\/07\/logo-v3.png","width":300,"height":135,"caption":"Video Mapping European Center"},"image":{"@id":"https:\/\/videomappingcenter.com\/?lang=en\/#\/schema\/logo\/image\/"}},{"@type":"Person","@id":"https:\/\/videomappingcenter.com\/?lang=en\/#\/schema\/person\/506136ad599d9c386ea59407d183cef8","name":"Edimestre","image":{"@type":"ImageObject","inLanguage":"en-US","@id":"https:\/\/videomappingcenter.com\/?lang=en\/#\/schema\/person\/image\/","url":"https:\/\/videomappingcenter.com\/wp-content\/uploads\/2017\/07\/avatar.jpg","contentUrl":"https:\/\/videomappingcenter.com\/wp-content\/uploads\/2017\/07\/avatar.jpg","caption":"Edimestre"}}]}},"_links":{"self":[{"href":"https:\/\/videomappingcenter.com\/en\/wp-json\/wp\/v2\/posts\/11815","targetHints":{"allow":["GET"]}}],"collection":[{"href":"https:\/\/videomappingcenter.com\/en\/wp-json\/wp\/v2\/posts"}],"about":[{"href":"https:\/\/videomappingcenter.com\/en\/wp-json\/wp\/v2\/types\/post"}],"author":[{"embeddable":true,"href":"https:\/\/videomappingcenter.com\/en\/wp-json\/wp\/v2\/users\/3"}],"replies":[{"embeddable":true,"href":"https:\/\/videomappingcenter.com\/en\/wp-json\/wp\/v2\/comments?post=11815"}],"version-history":[{"count":0,"href":"https:\/\/videomappingcenter.com\/en\/wp-json\/wp\/v2\/posts\/11815\/revisions"}],"wp:featuredmedia":[{"embeddable":true,"href":"https:\/\/videomappingcenter.com\/en\/wp-json\/wp\/v2\/media\/11811"}],"wp:attachment":[{"href":"https:\/\/videomappingcenter.com\/en\/wp-json\/wp\/v2\/media?parent=11815"}],"wp:term":[{"taxonomy":"category","embeddable":true,"href":"https:\/\/videomappingcenter.com\/en\/wp-json\/wp\/v2\/categories?post=11815"},{"taxonomy":"post_tag","embeddable":true,"href":"https:\/\/videomappingcenter.com\/en\/wp-json\/wp\/v2\/tags?post=11815"},{"taxonomy":"item-prod","embeddable":true,"href":"https:\/\/videomappingcenter.com\/en\/wp-json\/wp\/v2\/item-prod?post=11815"},{"taxonomy":"item-mapping","embeddable":true,"href":"https:\/\/videomappingcenter.com\/en\/wp-json\/wp\/v2\/item-mapping?post=11815"},{"taxonomy":"item-lieu","embeddable":true,"href":"https:\/\/videomappingcenter.com\/en\/wp-json\/wp\/v2\/item-lieu?post=11815"},{"taxonomy":"item-dates","embeddable":true,"href":"https:\/\/videomappingcenter.com\/en\/wp-json\/wp\/v2\/item-dates?post=11815"}],"curies":[{"name":"wp","href":"https:\/\/api.w.org\/{rel}","templated":true}]}}