{"id":11955,"date":"2022-10-22T16:50:59","date_gmt":"2022-10-22T14:50:59","guid":{"rendered":"https:\/\/videomappingcenter.com\/le-chanoine-et-le-diable-bibliotheque-du-chapitre-noyon-france-video-mapping-festival-2022\/"},"modified":"2023-02-01T17:05:46","modified_gmt":"2023-02-01T16:05:46","slug":"le-chanoine-et-le-diable-bibliotheque-du-chapitre-noyon-france-video-mapping-festival-2022","status":"publish","type":"post","link":"https:\/\/videomappingcenter.com\/en\/le-chanoine-et-le-diable-bibliotheque-du-chapitre-noyon-france-video-mapping-festival-2022\/","title":{"rendered":"THE CANON AND THE DEVIL &#8211; Chapitre Library, Noyon, France &#8211; Video Mapping Festival 2022"},"content":{"rendered":"\n<figure><iframe loading=\"lazy\" src=\"https:\/\/player.vimeo.com\/video\/794447192?h=f1adec2702\" width=\"640\" height=\"360\" allowfullscreen=\"\"><\/iframe><\/figure>\n\n\n\n<p style=\"text-align:justify\">Video mapping created by Rencontres Audiovisuelles as part of the Video Mapping Festival #5.<br><br><strong>\u25ba The canon and the devil<\/strong><br>A small canon is quietly looking after his library, when big menacing eyes appear above him. This evil being will then try by all means to destroy the building.<br><br><strong>Supervision:<\/strong>\u00a0C\u00e9sar PAYRAT<br><strong>Animation:<\/strong>\u00a0Johanna ALBERT, Diane KLENES, Alicia MONNOT, C\u00e9sar PAYRAT<br><strong>Original music:<\/strong>\u00a0Erick BEJARANO<br><br><em class=\"\">With the support of the European Union (FEADER-LEADER), the Hauts-de-France Region, Drac Hauts-de-France, Pays de Sources et Vall\u00e9es and the City of Noyon.<\/em><br><br><br><strong>More info:\u00a0<a rel=\"noreferrer noopener\" href=\"https:\/\/videomappingfestival.com\/?lang=en\" target=\"_blank\">videomappingfestival.com<\/a><\/strong><br><strong>Facebook:\u00a0<a rel=\"noreferrer noopener\" href=\"https:\/\/www.facebook.com\/VideoMappingFestival\" target=\"_blank\">Video Mapping Festival<\/a><\/strong><\/p>\n<div class=\"simple-taxonomy\">\n\t<div class=\"taxonomy-item-prod\"><a href=\"https:\/\/videomappingcenter.com\/en\/item-prod\/evenement\/\" rel=\"tag\">Event<\/a>, <a href=\"https:\/\/videomappingcenter.com\/en\/item-prod\/production\/\" rel=\"tag\">Production<\/a><\/div>\n\t<div class=\"taxonomy-item-mapping\"><a href=\"https:\/\/videomappingcenter.com\/en\/item-mapping\/itinerary\/\" rel=\"tag\">Itinerary<\/a>, <a href=\"https:\/\/videomappingcenter.com\/en\/item-mapping\/mapping-monumental-en\/\" rel=\"tag\">Monument video mapping<\/a><\/div>\n\t<div class=\"taxonomy-item-lieu\"><a href=\"https:\/\/videomappingcenter.com\/en\/item-lieu\/hauts-de-france-en\/\" rel=\"tag\">Hauts-de-France<\/a><\/div>\n\t<div class=\"taxonomy-item-dates\"><a href=\"https:\/\/videomappingcenter.com\/en\/item-dates\/2022-en\/\" rel=\"tag\">2022<\/a><\/div>\n\n<\/div>\n","protected":false},"excerpt":{"rendered":"<p>Video mapping created by Rencontres Audiovisuelles as part of the Video Mapping Festival #5. \u25ba The canon and the devilA small canon is quietly looking after his library, when big menacing eyes appear above him. This evil being will then try by all means to destroy the building. Supervision:\u00a0C\u00e9sar PAYRATAnimation:\u00a0Johanna ALBERT, Diane KLENES, Alicia MONNOT, [&hellip;]<\/p>\n<div class=\"simple-taxonomy\">\n\t<div class=\"taxonomy-item-prod\"><a href=\"https:\/\/videomappingcenter.com\/en\/item-prod\/evenement\/\" rel=\"tag\">Event<\/a>, <a href=\"https:\/\/videomappingcenter.com\/en\/item-prod\/production\/\" rel=\"tag\">Production<\/a><\/div>\n\t<div class=\"taxonomy-item-mapping\"><a href=\"https:\/\/videomappingcenter.com\/en\/item-mapping\/itinerary\/\" rel=\"tag\">Itinerary<\/a>, <a href=\"https:\/\/videomappingcenter.com\/en\/item-mapping\/mapping-monumental-en\/\" rel=\"tag\">Monument video mapping<\/a><\/div>\n\t<div class=\"taxonomy-item-lieu\"><a href=\"https:\/\/videomappingcenter.com\/en\/item-lieu\/hauts-de-france-en\/\" rel=\"tag\">Hauts-de-France<\/a><\/div>\n\t<div class=\"taxonomy-item-dates\"><a href=\"https:\/\/videomappingcenter.com\/en\/item-dates\/2022-en\/\" rel=\"tag\">2022<\/a><\/div>\n\n<\/div>\n","protected":false},"author":3,"featured_media":11950,"comment_status":"closed","ping_status":"closed","sticky":false,"template":"","format":"standard","meta":{"footnotes":""},"categories":[146,149],"tags":[2235,2233,2004,2002,2444,1954,1956,2447,2445,2443,124,1993,1994,64,82,2446,2442,120,110,1992,1995,116,52,55],"item-prod":[157,155],"item-mapping":[563,277],"item-lieu":[281],"item-dates":[2237],"class_list":["post-11955","post","type-post","status-publish","format-standard","has-post-thumbnail","hentry","category-production-en","category-video-mapping-festival-en","tag-2022-en","tag-2233","tag-alicia-monnot-en","tag-alicia-monnot","tag-bibliotheque-du-chapitre-en","tag-cesar-payrat","tag-cesar-payrat-en","tag-chapitre-library","tag-diane-klenes-en","tag-diane-klenes","tag-transcient","tag-erick-bejarano","tag-erick-bejarano-en","tag-frontal","tag-hauts-de-france","tag-johanna-albert-en","tag-johanna-albert","tag-linear","tag-monument-video-mapping","tag-noyon","tag-noyon-en","tag-outdoor","tag-production","tag-video-mapping-festival","item-prod-evenement","item-prod-production","item-mapping-itinerary","item-mapping-mapping-monumental-en","item-lieu-hauts-de-france-en","item-dates-2022-en"],"yoast_head":"<!-- This site is optimized with the Yoast SEO plugin v25.8 - https:\/\/yoast.com\/wordpress\/plugins\/seo\/ -->\n<title>THE CANON AND THE DEVIL - Chapitre Library, Noyon, France - Video Mapping Festival 2022 | Video Mapping European Center<\/title>\n<meta name=\"robots\" content=\"index, follow, max-snippet:-1, max-image-preview:large, max-video-preview:-1\" \/>\n<link rel=\"canonical\" href=\"https:\/\/videomappingcenter.com\/le-chanoine-et-le-diable-bibliotheque-du-chapitre-noyon-france-video-mapping-festival-2022\/?lang=en\" \/>\n<meta property=\"og:locale\" content=\"en_US\" \/>\n<meta property=\"og:type\" content=\"article\" \/>\n<meta property=\"og:title\" content=\"THE CANON AND THE DEVIL - Chapitre Library, Noyon, France - Video Mapping Festival 2022 | Video Mapping European Center\" \/>\n<meta property=\"og:description\" content=\"Video mapping created by Rencontres Audiovisuelles as part of the Video Mapping Festival #5. \u25ba The canon and the devilA small canon is quietly looking after his library, when big menacing eyes appear above him. This evil being will then try by all means to destroy the building. Supervision:\u00a0C\u00e9sar PAYRATAnimation:\u00a0Johanna ALBERT, Diane KLENES, Alicia MONNOT, [&hellip;]\" \/>\n<meta property=\"og:url\" content=\"https:\/\/videomappingcenter.com\/le-chanoine-et-le-diable-bibliotheque-du-chapitre-noyon-france-video-mapping-festival-2022\/?lang=en\" \/>\n<meta property=\"og:site_name\" content=\"Video Mapping European Center\" \/>\n<meta property=\"article:published_time\" content=\"2022-10-22T14:50:59+00:00\" \/>\n<meta property=\"article:modified_time\" content=\"2023-02-01T16:05:46+00:00\" \/>\n<meta property=\"og:image\" content=\"https:\/\/videomappingcenter.com\/wp-content\/uploads\/2023\/02\/VMF22_Noyon_3.png\" \/>\n\t<meta property=\"og:image:width\" content=\"900\" \/>\n\t<meta property=\"og:image:height\" content=\"500\" \/>\n\t<meta property=\"og:image:type\" content=\"image\/png\" \/>\n<meta name=\"author\" content=\"Edimestre\" \/>\n<meta name=\"twitter:card\" content=\"summary_large_image\" \/>\n<meta name=\"twitter:label1\" content=\"Written by\" \/>\n\t<meta name=\"twitter:data1\" content=\"Edimestre\" \/>\n<script type=\"application\/ld+json\" class=\"yoast-schema-graph\">{\"@context\":\"https:\/\/schema.org\",\"@graph\":[{\"@type\":\"Article\",\"@id\":\"https:\/\/videomappingcenter.com\/le-chanoine-et-le-diable-bibliotheque-du-chapitre-noyon-france-video-mapping-festival-2022\/?lang=en#article\",\"isPartOf\":{\"@id\":\"https:\/\/videomappingcenter.com\/le-chanoine-et-le-diable-bibliotheque-du-chapitre-noyon-france-video-mapping-festival-2022\/?lang=en\"},\"author\":{\"name\":\"Edimestre\",\"@id\":\"https:\/\/videomappingcenter.com\/?lang=en\/#\/schema\/person\/506136ad599d9c386ea59407d183cef8\"},\"headline\":\"THE CANON AND THE DEVIL &#8211; Chapitre Library, Noyon, France &#8211; Video Mapping Festival 2022\",\"datePublished\":\"2022-10-22T14:50:59+00:00\",\"dateModified\":\"2023-02-01T16:05:46+00:00\",\"mainEntityOfPage\":{\"@id\":\"https:\/\/videomappingcenter.com\/le-chanoine-et-le-diable-bibliotheque-du-chapitre-noyon-france-video-mapping-festival-2022\/?lang=en\"},\"wordCount\":111,\"publisher\":{\"@id\":\"https:\/\/videomappingcenter.com\/?lang=en\/#organization\"},\"image\":{\"@id\":\"https:\/\/videomappingcenter.com\/le-chanoine-et-le-diable-bibliotheque-du-chapitre-noyon-france-video-mapping-festival-2022\/?lang=en#primaryimage\"},\"thumbnailUrl\":\"https:\/\/videomappingcenter.com\/wp-content\/uploads\/2023\/02\/VMF22_Noyon_3.png\",\"keywords\":[\"2022\",\"2022\",\"Alicia MONNOT\",\"Alicia MONNOT\",\"Biblioth\u00e8que du Chapitre\",\"C\u00e9sar Payrat\",\"C\u00e9sar Payrat\",\"Chapitre Library\",\"Diane KLENES\",\"Diane KLENES\",\"Ephemeral\",\"Erick Bejarano\",\"Erick Bejarano\",\"Frontal\",\"Hauts-de-France\",\"Johanna ALBERT\",\"Johanna ALBERT\",\"linear\",\"Monument video mapping\",\"Noyon\",\"Noyon\",\"Outdoor\",\"Production\",\"Video Mapping Festival\"],\"articleSection\":[\"Production\",\"Video Mapping Festival\"],\"inLanguage\":\"en-US\"},{\"@type\":\"WebPage\",\"@id\":\"https:\/\/videomappingcenter.com\/le-chanoine-et-le-diable-bibliotheque-du-chapitre-noyon-france-video-mapping-festival-2022\/?lang=en\",\"url\":\"https:\/\/videomappingcenter.com\/le-chanoine-et-le-diable-bibliotheque-du-chapitre-noyon-france-video-mapping-festival-2022\/?lang=en\",\"name\":\"THE CANON AND THE DEVIL - Chapitre Library, Noyon, France - Video Mapping Festival 2022 | Video Mapping European Center\",\"isPartOf\":{\"@id\":\"https:\/\/videomappingcenter.com\/?lang=en\/#website\"},\"primaryImageOfPage\":{\"@id\":\"https:\/\/videomappingcenter.com\/le-chanoine-et-le-diable-bibliotheque-du-chapitre-noyon-france-video-mapping-festival-2022\/?lang=en#primaryimage\"},\"image\":{\"@id\":\"https:\/\/videomappingcenter.com\/le-chanoine-et-le-diable-bibliotheque-du-chapitre-noyon-france-video-mapping-festival-2022\/?lang=en#primaryimage\"},\"thumbnailUrl\":\"https:\/\/videomappingcenter.com\/wp-content\/uploads\/2023\/02\/VMF22_Noyon_3.png\",\"datePublished\":\"2022-10-22T14:50:59+00:00\",\"dateModified\":\"2023-02-01T16:05:46+00:00\",\"breadcrumb\":{\"@id\":\"https:\/\/videomappingcenter.com\/le-chanoine-et-le-diable-bibliotheque-du-chapitre-noyon-france-video-mapping-festival-2022\/?lang=en#breadcrumb\"},\"inLanguage\":\"en-US\",\"potentialAction\":[{\"@type\":\"ReadAction\",\"target\":[\"https:\/\/videomappingcenter.com\/le-chanoine-et-le-diable-bibliotheque-du-chapitre-noyon-france-video-mapping-festival-2022\/?lang=en\"]}]},{\"@type\":\"ImageObject\",\"inLanguage\":\"en-US\",\"@id\":\"https:\/\/videomappingcenter.com\/le-chanoine-et-le-diable-bibliotheque-du-chapitre-noyon-france-video-mapping-festival-2022\/?lang=en#primaryimage\",\"url\":\"https:\/\/videomappingcenter.com\/wp-content\/uploads\/2023\/02\/VMF22_Noyon_3.png\",\"contentUrl\":\"https:\/\/videomappingcenter.com\/wp-content\/uploads\/2023\/02\/VMF22_Noyon_3.png\",\"width\":900,\"height\":500},{\"@type\":\"BreadcrumbList\",\"@id\":\"https:\/\/videomappingcenter.com\/le-chanoine-et-le-diable-bibliotheque-du-chapitre-noyon-france-video-mapping-festival-2022\/?lang=en#breadcrumb\",\"itemListElement\":[{\"@type\":\"ListItem\",\"position\":1,\"name\":\"Accueil\",\"item\":\"https:\/\/videomappingcenter.com\/\"},{\"@type\":\"ListItem\",\"position\":2,\"name\":\"THE CANON AND THE DEVIL &#8211; Chapitre Library, Noyon, France &#8211; Video Mapping Festival 2022\"}]},{\"@type\":\"WebSite\",\"@id\":\"https:\/\/videomappingcenter.com\/?lang=en\/#website\",\"url\":\"https:\/\/videomappingcenter.com\/?lang=en\/\",\"name\":\"Video Mapping European Center\",\"description\":\"Video Mapping European Center\",\"publisher\":{\"@id\":\"https:\/\/videomappingcenter.com\/?lang=en\/#organization\"},\"potentialAction\":[{\"@type\":\"SearchAction\",\"target\":{\"@type\":\"EntryPoint\",\"urlTemplate\":\"https:\/\/videomappingcenter.com\/?lang=en\/?s={search_term_string}\"},\"query-input\":{\"@type\":\"PropertyValueSpecification\",\"valueRequired\":true,\"valueName\":\"search_term_string\"}}],\"inLanguage\":\"en-US\"},{\"@type\":\"Organization\",\"@id\":\"https:\/\/videomappingcenter.com\/?lang=en\/#organization\",\"name\":\"Video Mapping European Center\",\"url\":\"https:\/\/videomappingcenter.com\/?lang=en\/\",\"logo\":{\"@type\":\"ImageObject\",\"inLanguage\":\"en-US\",\"@id\":\"https:\/\/videomappingcenter.com\/?lang=en\/#\/schema\/logo\/image\/\",\"url\":\"https:\/\/videomappingcenter.com\/wp-content\/uploads\/2017\/07\/logo-v3.png\",\"contentUrl\":\"https:\/\/videomappingcenter.com\/wp-content\/uploads\/2017\/07\/logo-v3.png\",\"width\":300,\"height\":135,\"caption\":\"Video Mapping European Center\"},\"image\":{\"@id\":\"https:\/\/videomappingcenter.com\/?lang=en\/#\/schema\/logo\/image\/\"}},{\"@type\":\"Person\",\"@id\":\"https:\/\/videomappingcenter.com\/?lang=en\/#\/schema\/person\/506136ad599d9c386ea59407d183cef8\",\"name\":\"Edimestre\",\"image\":{\"@type\":\"ImageObject\",\"inLanguage\":\"en-US\",\"@id\":\"https:\/\/videomappingcenter.com\/?lang=en\/#\/schema\/person\/image\/\",\"url\":\"https:\/\/videomappingcenter.com\/wp-content\/uploads\/2017\/07\/avatar.jpg\",\"contentUrl\":\"https:\/\/videomappingcenter.com\/wp-content\/uploads\/2017\/07\/avatar.jpg\",\"caption\":\"Edimestre\"}}]}<\/script>\n<!-- \/ Yoast SEO plugin. -->","yoast_head_json":{"title":"THE CANON AND THE DEVIL - Chapitre Library, Noyon, France - Video Mapping Festival 2022 | Video Mapping European Center","robots":{"index":"index","follow":"follow","max-snippet":"max-snippet:-1","max-image-preview":"max-image-preview:large","max-video-preview":"max-video-preview:-1"},"canonical":"https:\/\/videomappingcenter.com\/le-chanoine-et-le-diable-bibliotheque-du-chapitre-noyon-france-video-mapping-festival-2022\/?lang=en","og_locale":"en_US","og_type":"article","og_title":"THE CANON AND THE DEVIL - Chapitre Library, Noyon, France - Video Mapping Festival 2022 | Video Mapping European Center","og_description":"Video mapping created by Rencontres Audiovisuelles as part of the Video Mapping Festival #5. \u25ba The canon and the devilA small canon is quietly looking after his library, when big menacing eyes appear above him. This evil being will then try by all means to destroy the building. Supervision:\u00a0C\u00e9sar PAYRATAnimation:\u00a0Johanna ALBERT, Diane KLENES, Alicia MONNOT, [&hellip;]","og_url":"https:\/\/videomappingcenter.com\/le-chanoine-et-le-diable-bibliotheque-du-chapitre-noyon-france-video-mapping-festival-2022\/?lang=en","og_site_name":"Video Mapping European Center","article_published_time":"2022-10-22T14:50:59+00:00","article_modified_time":"2023-02-01T16:05:46+00:00","og_image":[{"width":900,"height":500,"url":"https:\/\/videomappingcenter.com\/wp-content\/uploads\/2023\/02\/VMF22_Noyon_3.png","type":"image\/png"}],"author":"Edimestre","twitter_card":"summary_large_image","twitter_misc":{"Written by":"Edimestre"},"schema":{"@context":"https:\/\/schema.org","@graph":[{"@type":"Article","@id":"https:\/\/videomappingcenter.com\/le-chanoine-et-le-diable-bibliotheque-du-chapitre-noyon-france-video-mapping-festival-2022\/?lang=en#article","isPartOf":{"@id":"https:\/\/videomappingcenter.com\/le-chanoine-et-le-diable-bibliotheque-du-chapitre-noyon-france-video-mapping-festival-2022\/?lang=en"},"author":{"name":"Edimestre","@id":"https:\/\/videomappingcenter.com\/?lang=en\/#\/schema\/person\/506136ad599d9c386ea59407d183cef8"},"headline":"THE CANON AND THE DEVIL &#8211; Chapitre Library, Noyon, France &#8211; Video Mapping Festival 2022","datePublished":"2022-10-22T14:50:59+00:00","dateModified":"2023-02-01T16:05:46+00:00","mainEntityOfPage":{"@id":"https:\/\/videomappingcenter.com\/le-chanoine-et-le-diable-bibliotheque-du-chapitre-noyon-france-video-mapping-festival-2022\/?lang=en"},"wordCount":111,"publisher":{"@id":"https:\/\/videomappingcenter.com\/?lang=en\/#organization"},"image":{"@id":"https:\/\/videomappingcenter.com\/le-chanoine-et-le-diable-bibliotheque-du-chapitre-noyon-france-video-mapping-festival-2022\/?lang=en#primaryimage"},"thumbnailUrl":"https:\/\/videomappingcenter.com\/wp-content\/uploads\/2023\/02\/VMF22_Noyon_3.png","keywords":["2022","2022","Alicia MONNOT","Alicia MONNOT","Biblioth\u00e8que du Chapitre","C\u00e9sar Payrat","C\u00e9sar Payrat","Chapitre Library","Diane KLENES","Diane KLENES","Ephemeral","Erick Bejarano","Erick Bejarano","Frontal","Hauts-de-France","Johanna ALBERT","Johanna ALBERT","linear","Monument video mapping","Noyon","Noyon","Outdoor","Production","Video Mapping Festival"],"articleSection":["Production","Video Mapping Festival"],"inLanguage":"en-US"},{"@type":"WebPage","@id":"https:\/\/videomappingcenter.com\/le-chanoine-et-le-diable-bibliotheque-du-chapitre-noyon-france-video-mapping-festival-2022\/?lang=en","url":"https:\/\/videomappingcenter.com\/le-chanoine-et-le-diable-bibliotheque-du-chapitre-noyon-france-video-mapping-festival-2022\/?lang=en","name":"THE CANON AND THE DEVIL - Chapitre Library, Noyon, France - Video Mapping Festival 2022 | Video Mapping European Center","isPartOf":{"@id":"https:\/\/videomappingcenter.com\/?lang=en\/#website"},"primaryImageOfPage":{"@id":"https:\/\/videomappingcenter.com\/le-chanoine-et-le-diable-bibliotheque-du-chapitre-noyon-france-video-mapping-festival-2022\/?lang=en#primaryimage"},"image":{"@id":"https:\/\/videomappingcenter.com\/le-chanoine-et-le-diable-bibliotheque-du-chapitre-noyon-france-video-mapping-festival-2022\/?lang=en#primaryimage"},"thumbnailUrl":"https:\/\/videomappingcenter.com\/wp-content\/uploads\/2023\/02\/VMF22_Noyon_3.png","datePublished":"2022-10-22T14:50:59+00:00","dateModified":"2023-02-01T16:05:46+00:00","breadcrumb":{"@id":"https:\/\/videomappingcenter.com\/le-chanoine-et-le-diable-bibliotheque-du-chapitre-noyon-france-video-mapping-festival-2022\/?lang=en#breadcrumb"},"inLanguage":"en-US","potentialAction":[{"@type":"ReadAction","target":["https:\/\/videomappingcenter.com\/le-chanoine-et-le-diable-bibliotheque-du-chapitre-noyon-france-video-mapping-festival-2022\/?lang=en"]}]},{"@type":"ImageObject","inLanguage":"en-US","@id":"https:\/\/videomappingcenter.com\/le-chanoine-et-le-diable-bibliotheque-du-chapitre-noyon-france-video-mapping-festival-2022\/?lang=en#primaryimage","url":"https:\/\/videomappingcenter.com\/wp-content\/uploads\/2023\/02\/VMF22_Noyon_3.png","contentUrl":"https:\/\/videomappingcenter.com\/wp-content\/uploads\/2023\/02\/VMF22_Noyon_3.png","width":900,"height":500},{"@type":"BreadcrumbList","@id":"https:\/\/videomappingcenter.com\/le-chanoine-et-le-diable-bibliotheque-du-chapitre-noyon-france-video-mapping-festival-2022\/?lang=en#breadcrumb","itemListElement":[{"@type":"ListItem","position":1,"name":"Accueil","item":"https:\/\/videomappingcenter.com\/"},{"@type":"ListItem","position":2,"name":"THE CANON AND THE DEVIL &#8211; Chapitre Library, Noyon, France &#8211; Video Mapping Festival 2022"}]},{"@type":"WebSite","@id":"https:\/\/videomappingcenter.com\/?lang=en\/#website","url":"https:\/\/videomappingcenter.com\/?lang=en\/","name":"Video Mapping European Center","description":"Video Mapping European Center","publisher":{"@id":"https:\/\/videomappingcenter.com\/?lang=en\/#organization"},"potentialAction":[{"@type":"SearchAction","target":{"@type":"EntryPoint","urlTemplate":"https:\/\/videomappingcenter.com\/?lang=en\/?s={search_term_string}"},"query-input":{"@type":"PropertyValueSpecification","valueRequired":true,"valueName":"search_term_string"}}],"inLanguage":"en-US"},{"@type":"Organization","@id":"https:\/\/videomappingcenter.com\/?lang=en\/#organization","name":"Video Mapping European Center","url":"https:\/\/videomappingcenter.com\/?lang=en\/","logo":{"@type":"ImageObject","inLanguage":"en-US","@id":"https:\/\/videomappingcenter.com\/?lang=en\/#\/schema\/logo\/image\/","url":"https:\/\/videomappingcenter.com\/wp-content\/uploads\/2017\/07\/logo-v3.png","contentUrl":"https:\/\/videomappingcenter.com\/wp-content\/uploads\/2017\/07\/logo-v3.png","width":300,"height":135,"caption":"Video Mapping European Center"},"image":{"@id":"https:\/\/videomappingcenter.com\/?lang=en\/#\/schema\/logo\/image\/"}},{"@type":"Person","@id":"https:\/\/videomappingcenter.com\/?lang=en\/#\/schema\/person\/506136ad599d9c386ea59407d183cef8","name":"Edimestre","image":{"@type":"ImageObject","inLanguage":"en-US","@id":"https:\/\/videomappingcenter.com\/?lang=en\/#\/schema\/person\/image\/","url":"https:\/\/videomappingcenter.com\/wp-content\/uploads\/2017\/07\/avatar.jpg","contentUrl":"https:\/\/videomappingcenter.com\/wp-content\/uploads\/2017\/07\/avatar.jpg","caption":"Edimestre"}}]}},"_links":{"self":[{"href":"https:\/\/videomappingcenter.com\/en\/wp-json\/wp\/v2\/posts\/11955","targetHints":{"allow":["GET"]}}],"collection":[{"href":"https:\/\/videomappingcenter.com\/en\/wp-json\/wp\/v2\/posts"}],"about":[{"href":"https:\/\/videomappingcenter.com\/en\/wp-json\/wp\/v2\/types\/post"}],"author":[{"embeddable":true,"href":"https:\/\/videomappingcenter.com\/en\/wp-json\/wp\/v2\/users\/3"}],"replies":[{"embeddable":true,"href":"https:\/\/videomappingcenter.com\/en\/wp-json\/wp\/v2\/comments?post=11955"}],"version-history":[{"count":0,"href":"https:\/\/videomappingcenter.com\/en\/wp-json\/wp\/v2\/posts\/11955\/revisions"}],"wp:featuredmedia":[{"embeddable":true,"href":"https:\/\/videomappingcenter.com\/en\/wp-json\/wp\/v2\/media\/11950"}],"wp:attachment":[{"href":"https:\/\/videomappingcenter.com\/en\/wp-json\/wp\/v2\/media?parent=11955"}],"wp:term":[{"taxonomy":"category","embeddable":true,"href":"https:\/\/videomappingcenter.com\/en\/wp-json\/wp\/v2\/categories?post=11955"},{"taxonomy":"post_tag","embeddable":true,"href":"https:\/\/videomappingcenter.com\/en\/wp-json\/wp\/v2\/tags?post=11955"},{"taxonomy":"item-prod","embeddable":true,"href":"https:\/\/videomappingcenter.com\/en\/wp-json\/wp\/v2\/item-prod?post=11955"},{"taxonomy":"item-mapping","embeddable":true,"href":"https:\/\/videomappingcenter.com\/en\/wp-json\/wp\/v2\/item-mapping?post=11955"},{"taxonomy":"item-lieu","embeddable":true,"href":"https:\/\/videomappingcenter.com\/en\/wp-json\/wp\/v2\/item-lieu?post=11955"},{"taxonomy":"item-dates","embeddable":true,"href":"https:\/\/videomappingcenter.com\/en\/wp-json\/wp\/v2\/item-dates?post=11955"}],"curies":[{"name":"wp","href":"https:\/\/api.w.org\/{rel}","templated":true}]}}