{"id":12096,"date":"2022-10-29T19:05:15","date_gmt":"2022-10-29T17:05:15","guid":{"rendered":"https:\/\/videomappingcenter.com\/apertus-animus-jardin-de-leveche-facade-du-musee-senlis-france-video-mapping-festival-2022\/"},"modified":"2023-02-15T17:10:29","modified_gmt":"2023-02-15T16:10:29","slug":"apertus-animus-jardin-de-leveche-facade-du-musee-senlis-france-video-mapping-festival-2022","status":"publish","type":"post","link":"https:\/\/videomappingcenter.com\/en\/apertus-animus-jardin-de-leveche-facade-du-musee-senlis-france-video-mapping-festival-2022\/","title":{"rendered":"APERTUS ANIMUS &#8211; Jardin de l\u2019\u00c9v\u00each\u00e9 (museum\u2019s facade), Senlis, France &#8211; Video Mapping Festival 2022"},"content":{"rendered":"\n<figure><iframe loading=\"lazy\" src=\"https:\/\/player.vimeo.com\/video\/796224011?h=6730c42f54\" width=\"640\" height=\"360\" allowfullscreen=\"\"><\/iframe><\/figure>\n\n\n\n<p style=\"text-align:justify\">Video mapping created by Ma\u00f6ke as part of the Video Mapping Festival #5.<br><br><strong>\u25ba Apertus Animus<\/strong><br>A special focus is given to the collections of the Museum of Art and Archaeology, with a reference to the ex-votos of the Roman temple in the Halatte forest and the works of S\u00e9raphine de Senlis and Thomas Couture. An invitation to push open the doors of the museum to discover all its riches!<br><br><strong>Direction:<\/strong>&nbsp;Ma\u00f6ke<br><strong>Animation:<\/strong>&nbsp;Aur\u00e9lien BINAULD, Lucas DUROT, Alexandre PESCHMANN<br><br><em>With the support of the European Union (FEADER-LEADER),&nbsp;Hauts-de-France Region,&nbsp;Oise \u2013 Pays de France Regional Nature Park,&nbsp;Drac Hauts-de-France, the City of Senlis and&nbsp;Villes et Pays d\u2019Art et d\u2019Histoire.<\/em><br><br><br><strong>More info:&nbsp;<a rel=\"noreferrer noopener\" href=\"https:\/\/videomappingfestival.com\/?lang=en\" target=\"_blank\">videomappingfestival.com<\/a><\/strong><br><strong>Facebook:&nbsp;<a rel=\"noreferrer noopener\" href=\"https:\/\/www.facebook.com\/VideoMappingFestival\" target=\"_blank\">Video Mapping Festival<\/a><\/strong><\/p>\n<div class=\"simple-taxonomy\">\n\t<div class=\"taxonomy-item-prod\"><a href=\"https:\/\/videomappingcenter.com\/en\/item-prod\/evenement\/\" rel=\"tag\">Event<\/a>, <a href=\"https:\/\/videomappingcenter.com\/en\/item-prod\/production\/\" rel=\"tag\">Production<\/a><\/div>\n\t<div class=\"taxonomy-item-mapping\"><a href=\"https:\/\/videomappingcenter.com\/en\/item-mapping\/itinerary\/\" rel=\"tag\">Itinerary<\/a>, <a href=\"https:\/\/videomappingcenter.com\/en\/item-mapping\/mapping-monumental-en\/\" rel=\"tag\">Monument video mapping<\/a><\/div>\n\t<div class=\"taxonomy-item-lieu\"><a href=\"https:\/\/videomappingcenter.com\/en\/item-lieu\/hauts-de-france-en\/\" rel=\"tag\">Hauts-de-France<\/a><\/div>\n\t<div class=\"taxonomy-item-dates\"><a href=\"https:\/\/videomappingcenter.com\/en\/item-dates\/2022-en\/\" rel=\"tag\">2022<\/a><\/div>\n\n<\/div>\n","protected":false},"excerpt":{"rendered":"<p>Video mapping created by Ma\u00f6ke as part of the Video Mapping Festival #5. \u25ba Apertus AnimusA special focus is given to the collections of the Museum of Art and Archaeology, with a reference to the ex-votos of the Roman temple in the Halatte forest and the works of S\u00e9raphine de Senlis and Thomas Couture. An [&hellip;]<\/p>\n<div class=\"simple-taxonomy\">\n\t<div class=\"taxonomy-item-prod\"><a href=\"https:\/\/videomappingcenter.com\/en\/item-prod\/evenement\/\" rel=\"tag\">Event<\/a>, <a href=\"https:\/\/videomappingcenter.com\/en\/item-prod\/production\/\" rel=\"tag\">Production<\/a><\/div>\n\t<div class=\"taxonomy-item-mapping\"><a href=\"https:\/\/videomappingcenter.com\/en\/item-mapping\/itinerary\/\" rel=\"tag\">Itinerary<\/a>, <a href=\"https:\/\/videomappingcenter.com\/en\/item-mapping\/mapping-monumental-en\/\" rel=\"tag\">Monument video mapping<\/a><\/div>\n\t<div class=\"taxonomy-item-lieu\"><a href=\"https:\/\/videomappingcenter.com\/en\/item-lieu\/hauts-de-france-en\/\" rel=\"tag\">Hauts-de-France<\/a><\/div>\n\t<div class=\"taxonomy-item-dates\"><a href=\"https:\/\/videomappingcenter.com\/en\/item-dates\/2022-en\/\" rel=\"tag\">2022<\/a><\/div>\n\n<\/div>\n","protected":false},"author":3,"featured_media":12091,"comment_status":"closed","ping_status":"closed","sticky":false,"template":"","format":"standard","meta":{"footnotes":""},"categories":[146,149],"tags":[2235,2015,2016,124,117,131,2488,120,2017,2030,110,116,105,2109,108],"item-prod":[157,155],"item-mapping":[563,277],"item-lieu":[281],"item-dates":[2237],"class_list":["post-12096","post","type-post","status-publish","format-standard","has-post-thumbnail","hentry","category-production-en","category-video-mapping-festival-en","tag-2022-en","tag-alexandre-peschmann-en","tag-aurelien-binauld-en","tag-transcient","tag-front","tag-hauts-de-france-en","tag-jardin-de-leveche-en","tag-linear","tag-lucas-durot-en","tag-maoke-2","tag-monument-video-mapping","tag-outdoor","tag-production-en","tag-senlis-en","tag-video-mapping-festival-en","item-prod-evenement","item-prod-production","item-mapping-itinerary","item-mapping-mapping-monumental-en","item-lieu-hauts-de-france-en","item-dates-2022-en"],"yoast_head":"<!-- This site is optimized with the Yoast SEO plugin v25.8 - https:\/\/yoast.com\/wordpress\/plugins\/seo\/ -->\n<title>APERTUS ANIMUS - Jardin de l\u2019\u00c9v\u00each\u00e9 (museum\u2019s facade), Senlis, France - Video Mapping Festival 2022 | Video Mapping European Center<\/title>\n<meta name=\"robots\" content=\"index, follow, max-snippet:-1, max-image-preview:large, max-video-preview:-1\" \/>\n<link rel=\"canonical\" href=\"https:\/\/videomappingcenter.com\/apertus-animus-jardin-de-leveche-facade-du-musee-senlis-france-video-mapping-festival-2022\/\" \/>\n<meta property=\"og:locale\" content=\"en_US\" \/>\n<meta property=\"og:type\" content=\"article\" \/>\n<meta property=\"og:title\" content=\"APERTUS ANIMUS - Jardin de l\u2019\u00c9v\u00each\u00e9 (museum\u2019s facade), Senlis, France - Video Mapping Festival 2022 | Video Mapping European Center\" \/>\n<meta property=\"og:description\" content=\"Video mapping created by Ma\u00f6ke as part of the Video Mapping Festival #5. \u25ba Apertus AnimusA special focus is given to the collections of the Museum of Art and Archaeology, with a reference to the ex-votos of the Roman temple in the Halatte forest and the works of S\u00e9raphine de Senlis and Thomas Couture. An [&hellip;]\" \/>\n<meta property=\"og:url\" content=\"https:\/\/videomappingcenter.com\/apertus-animus-jardin-de-leveche-facade-du-musee-senlis-france-video-mapping-festival-2022\/\" \/>\n<meta property=\"og:site_name\" content=\"Video Mapping European Center\" \/>\n<meta property=\"article:published_time\" content=\"2022-10-29T17:05:15+00:00\" \/>\n<meta property=\"article:modified_time\" content=\"2023-02-15T16:10:29+00:00\" \/>\n<meta property=\"og:image\" content=\"https:\/\/videomappingcenter.com\/wp-content\/uploads\/2023\/02\/VMF22_Senlis_Jardin_Eveche.png\" \/>\n\t<meta property=\"og:image:width\" content=\"900\" \/>\n\t<meta property=\"og:image:height\" content=\"500\" \/>\n\t<meta property=\"og:image:type\" content=\"image\/png\" \/>\n<meta name=\"author\" content=\"Edimestre\" \/>\n<meta name=\"twitter:card\" content=\"summary_large_image\" \/>\n<meta name=\"twitter:label1\" content=\"Written by\" \/>\n\t<meta name=\"twitter:data1\" content=\"Edimestre\" \/>\n\t<meta name=\"twitter:label2\" content=\"Est. reading time\" \/>\n\t<meta name=\"twitter:data2\" content=\"1 minute\" \/>\n<script type=\"application\/ld+json\" class=\"yoast-schema-graph\">{\"@context\":\"https:\/\/schema.org\",\"@graph\":[{\"@type\":\"Article\",\"@id\":\"https:\/\/videomappingcenter.com\/apertus-animus-jardin-de-leveche-facade-du-musee-senlis-france-video-mapping-festival-2022\/#article\",\"isPartOf\":{\"@id\":\"https:\/\/videomappingcenter.com\/apertus-animus-jardin-de-leveche-facade-du-musee-senlis-france-video-mapping-festival-2022\/\"},\"author\":{\"name\":\"Edimestre\",\"@id\":\"https:\/\/videomappingcenter.com\/?lang=en\/#\/schema\/person\/506136ad599d9c386ea59407d183cef8\"},\"headline\":\"APERTUS ANIMUS &#8211; Jardin de l\u2019\u00c9v\u00each\u00e9 (museum\u2019s facade), Senlis, France &#8211; Video Mapping Festival 2022\",\"datePublished\":\"2022-10-29T17:05:15+00:00\",\"dateModified\":\"2023-02-15T16:10:29+00:00\",\"mainEntityOfPage\":{\"@id\":\"https:\/\/videomappingcenter.com\/apertus-animus-jardin-de-leveche-facade-du-musee-senlis-france-video-mapping-festival-2022\/\"},\"wordCount\":146,\"publisher\":{\"@id\":\"https:\/\/videomappingcenter.com\/?lang=en\/#organization\"},\"image\":{\"@id\":\"https:\/\/videomappingcenter.com\/apertus-animus-jardin-de-leveche-facade-du-musee-senlis-france-video-mapping-festival-2022\/#primaryimage\"},\"thumbnailUrl\":\"https:\/\/videomappingcenter.com\/wp-content\/uploads\/2023\/02\/VMF22_Senlis_Jardin_Eveche.png\",\"keywords\":[\"2022\",\"Alexandre Peschmann\",\"Aur\u00e9lien BINAULD\",\"Ephemeral\",\"Frontal\",\"Hauts-de-France\",\"Jardin de l&#039;\u00c9v\u00each\u00e9\",\"linear\",\"Lucas Durot\",\"Ma\u00f6k\u00e9\",\"Monument video mapping\",\"Outdoor\",\"Production\",\"Senlis\",\"Video Mapping Festival\"],\"articleSection\":[\"Production\",\"Video Mapping Festival\"],\"inLanguage\":\"en-US\"},{\"@type\":\"WebPage\",\"@id\":\"https:\/\/videomappingcenter.com\/apertus-animus-jardin-de-leveche-facade-du-musee-senlis-france-video-mapping-festival-2022\/\",\"url\":\"https:\/\/videomappingcenter.com\/apertus-animus-jardin-de-leveche-facade-du-musee-senlis-france-video-mapping-festival-2022\/\",\"name\":\"APERTUS ANIMUS - Jardin de l\u2019\u00c9v\u00each\u00e9 (museum\u2019s facade), Senlis, France - Video Mapping Festival 2022 | Video Mapping European Center\",\"isPartOf\":{\"@id\":\"https:\/\/videomappingcenter.com\/?lang=en\/#website\"},\"primaryImageOfPage\":{\"@id\":\"https:\/\/videomappingcenter.com\/apertus-animus-jardin-de-leveche-facade-du-musee-senlis-france-video-mapping-festival-2022\/#primaryimage\"},\"image\":{\"@id\":\"https:\/\/videomappingcenter.com\/apertus-animus-jardin-de-leveche-facade-du-musee-senlis-france-video-mapping-festival-2022\/#primaryimage\"},\"thumbnailUrl\":\"https:\/\/videomappingcenter.com\/wp-content\/uploads\/2023\/02\/VMF22_Senlis_Jardin_Eveche.png\",\"datePublished\":\"2022-10-29T17:05:15+00:00\",\"dateModified\":\"2023-02-15T16:10:29+00:00\",\"breadcrumb\":{\"@id\":\"https:\/\/videomappingcenter.com\/apertus-animus-jardin-de-leveche-facade-du-musee-senlis-france-video-mapping-festival-2022\/#breadcrumb\"},\"inLanguage\":\"en-US\",\"potentialAction\":[{\"@type\":\"ReadAction\",\"target\":[\"https:\/\/videomappingcenter.com\/apertus-animus-jardin-de-leveche-facade-du-musee-senlis-france-video-mapping-festival-2022\/\"]}]},{\"@type\":\"ImageObject\",\"inLanguage\":\"en-US\",\"@id\":\"https:\/\/videomappingcenter.com\/apertus-animus-jardin-de-leveche-facade-du-musee-senlis-france-video-mapping-festival-2022\/#primaryimage\",\"url\":\"https:\/\/videomappingcenter.com\/wp-content\/uploads\/2023\/02\/VMF22_Senlis_Jardin_Eveche.png\",\"contentUrl\":\"https:\/\/videomappingcenter.com\/wp-content\/uploads\/2023\/02\/VMF22_Senlis_Jardin_Eveche.png\",\"width\":900,\"height\":500},{\"@type\":\"BreadcrumbList\",\"@id\":\"https:\/\/videomappingcenter.com\/apertus-animus-jardin-de-leveche-facade-du-musee-senlis-france-video-mapping-festival-2022\/#breadcrumb\",\"itemListElement\":[{\"@type\":\"ListItem\",\"position\":1,\"name\":\"Accueil\",\"item\":\"https:\/\/videomappingcenter.com\/\"},{\"@type\":\"ListItem\",\"position\":2,\"name\":\"APERTUS ANIMUS &#8211; Jardin de l\u2019\u00c9v\u00each\u00e9 (museum\u2019s facade), Senlis, France &#8211; Video Mapping Festival 2022\"}]},{\"@type\":\"WebSite\",\"@id\":\"https:\/\/videomappingcenter.com\/?lang=en\/#website\",\"url\":\"https:\/\/videomappingcenter.com\/?lang=en\/\",\"name\":\"Video Mapping European Center\",\"description\":\"Video Mapping European Center\",\"publisher\":{\"@id\":\"https:\/\/videomappingcenter.com\/?lang=en\/#organization\"},\"potentialAction\":[{\"@type\":\"SearchAction\",\"target\":{\"@type\":\"EntryPoint\",\"urlTemplate\":\"https:\/\/videomappingcenter.com\/?lang=en\/?s={search_term_string}\"},\"query-input\":{\"@type\":\"PropertyValueSpecification\",\"valueRequired\":true,\"valueName\":\"search_term_string\"}}],\"inLanguage\":\"en-US\"},{\"@type\":\"Organization\",\"@id\":\"https:\/\/videomappingcenter.com\/?lang=en\/#organization\",\"name\":\"Video Mapping European Center\",\"url\":\"https:\/\/videomappingcenter.com\/?lang=en\/\",\"logo\":{\"@type\":\"ImageObject\",\"inLanguage\":\"en-US\",\"@id\":\"https:\/\/videomappingcenter.com\/?lang=en\/#\/schema\/logo\/image\/\",\"url\":\"https:\/\/videomappingcenter.com\/wp-content\/uploads\/2017\/07\/logo-v3.png\",\"contentUrl\":\"https:\/\/videomappingcenter.com\/wp-content\/uploads\/2017\/07\/logo-v3.png\",\"width\":300,\"height\":135,\"caption\":\"Video Mapping European Center\"},\"image\":{\"@id\":\"https:\/\/videomappingcenter.com\/?lang=en\/#\/schema\/logo\/image\/\"}},{\"@type\":\"Person\",\"@id\":\"https:\/\/videomappingcenter.com\/?lang=en\/#\/schema\/person\/506136ad599d9c386ea59407d183cef8\",\"name\":\"Edimestre\",\"image\":{\"@type\":\"ImageObject\",\"inLanguage\":\"en-US\",\"@id\":\"https:\/\/videomappingcenter.com\/?lang=en\/#\/schema\/person\/image\/\",\"url\":\"https:\/\/videomappingcenter.com\/wp-content\/uploads\/2017\/07\/avatar.jpg\",\"contentUrl\":\"https:\/\/videomappingcenter.com\/wp-content\/uploads\/2017\/07\/avatar.jpg\",\"caption\":\"Edimestre\"}}]}<\/script>\n<!-- \/ Yoast SEO plugin. -->","yoast_head_json":{"title":"APERTUS ANIMUS - Jardin de l\u2019\u00c9v\u00each\u00e9 (museum\u2019s facade), Senlis, France - Video Mapping Festival 2022 | Video Mapping European Center","robots":{"index":"index","follow":"follow","max-snippet":"max-snippet:-1","max-image-preview":"max-image-preview:large","max-video-preview":"max-video-preview:-1"},"canonical":"https:\/\/videomappingcenter.com\/apertus-animus-jardin-de-leveche-facade-du-musee-senlis-france-video-mapping-festival-2022\/","og_locale":"en_US","og_type":"article","og_title":"APERTUS ANIMUS - Jardin de l\u2019\u00c9v\u00each\u00e9 (museum\u2019s facade), Senlis, France - Video Mapping Festival 2022 | Video Mapping European Center","og_description":"Video mapping created by Ma\u00f6ke as part of the Video Mapping Festival #5. \u25ba Apertus AnimusA special focus is given to the collections of the Museum of Art and Archaeology, with a reference to the ex-votos of the Roman temple in the Halatte forest and the works of S\u00e9raphine de Senlis and Thomas Couture. An [&hellip;]","og_url":"https:\/\/videomappingcenter.com\/apertus-animus-jardin-de-leveche-facade-du-musee-senlis-france-video-mapping-festival-2022\/","og_site_name":"Video Mapping European Center","article_published_time":"2022-10-29T17:05:15+00:00","article_modified_time":"2023-02-15T16:10:29+00:00","og_image":[{"width":900,"height":500,"url":"https:\/\/videomappingcenter.com\/wp-content\/uploads\/2023\/02\/VMF22_Senlis_Jardin_Eveche.png","type":"image\/png"}],"author":"Edimestre","twitter_card":"summary_large_image","twitter_misc":{"Written by":"Edimestre","Est. reading time":"1 minute"},"schema":{"@context":"https:\/\/schema.org","@graph":[{"@type":"Article","@id":"https:\/\/videomappingcenter.com\/apertus-animus-jardin-de-leveche-facade-du-musee-senlis-france-video-mapping-festival-2022\/#article","isPartOf":{"@id":"https:\/\/videomappingcenter.com\/apertus-animus-jardin-de-leveche-facade-du-musee-senlis-france-video-mapping-festival-2022\/"},"author":{"name":"Edimestre","@id":"https:\/\/videomappingcenter.com\/?lang=en\/#\/schema\/person\/506136ad599d9c386ea59407d183cef8"},"headline":"APERTUS ANIMUS &#8211; Jardin de l\u2019\u00c9v\u00each\u00e9 (museum\u2019s facade), Senlis, France &#8211; Video Mapping Festival 2022","datePublished":"2022-10-29T17:05:15+00:00","dateModified":"2023-02-15T16:10:29+00:00","mainEntityOfPage":{"@id":"https:\/\/videomappingcenter.com\/apertus-animus-jardin-de-leveche-facade-du-musee-senlis-france-video-mapping-festival-2022\/"},"wordCount":146,"publisher":{"@id":"https:\/\/videomappingcenter.com\/?lang=en\/#organization"},"image":{"@id":"https:\/\/videomappingcenter.com\/apertus-animus-jardin-de-leveche-facade-du-musee-senlis-france-video-mapping-festival-2022\/#primaryimage"},"thumbnailUrl":"https:\/\/videomappingcenter.com\/wp-content\/uploads\/2023\/02\/VMF22_Senlis_Jardin_Eveche.png","keywords":["2022","Alexandre Peschmann","Aur\u00e9lien BINAULD","Ephemeral","Frontal","Hauts-de-France","Jardin de l&#039;\u00c9v\u00each\u00e9","linear","Lucas Durot","Ma\u00f6k\u00e9","Monument video mapping","Outdoor","Production","Senlis","Video Mapping Festival"],"articleSection":["Production","Video Mapping Festival"],"inLanguage":"en-US"},{"@type":"WebPage","@id":"https:\/\/videomappingcenter.com\/apertus-animus-jardin-de-leveche-facade-du-musee-senlis-france-video-mapping-festival-2022\/","url":"https:\/\/videomappingcenter.com\/apertus-animus-jardin-de-leveche-facade-du-musee-senlis-france-video-mapping-festival-2022\/","name":"APERTUS ANIMUS - Jardin de l\u2019\u00c9v\u00each\u00e9 (museum\u2019s facade), Senlis, France - Video Mapping Festival 2022 | Video Mapping European Center","isPartOf":{"@id":"https:\/\/videomappingcenter.com\/?lang=en\/#website"},"primaryImageOfPage":{"@id":"https:\/\/videomappingcenter.com\/apertus-animus-jardin-de-leveche-facade-du-musee-senlis-france-video-mapping-festival-2022\/#primaryimage"},"image":{"@id":"https:\/\/videomappingcenter.com\/apertus-animus-jardin-de-leveche-facade-du-musee-senlis-france-video-mapping-festival-2022\/#primaryimage"},"thumbnailUrl":"https:\/\/videomappingcenter.com\/wp-content\/uploads\/2023\/02\/VMF22_Senlis_Jardin_Eveche.png","datePublished":"2022-10-29T17:05:15+00:00","dateModified":"2023-02-15T16:10:29+00:00","breadcrumb":{"@id":"https:\/\/videomappingcenter.com\/apertus-animus-jardin-de-leveche-facade-du-musee-senlis-france-video-mapping-festival-2022\/#breadcrumb"},"inLanguage":"en-US","potentialAction":[{"@type":"ReadAction","target":["https:\/\/videomappingcenter.com\/apertus-animus-jardin-de-leveche-facade-du-musee-senlis-france-video-mapping-festival-2022\/"]}]},{"@type":"ImageObject","inLanguage":"en-US","@id":"https:\/\/videomappingcenter.com\/apertus-animus-jardin-de-leveche-facade-du-musee-senlis-france-video-mapping-festival-2022\/#primaryimage","url":"https:\/\/videomappingcenter.com\/wp-content\/uploads\/2023\/02\/VMF22_Senlis_Jardin_Eveche.png","contentUrl":"https:\/\/videomappingcenter.com\/wp-content\/uploads\/2023\/02\/VMF22_Senlis_Jardin_Eveche.png","width":900,"height":500},{"@type":"BreadcrumbList","@id":"https:\/\/videomappingcenter.com\/apertus-animus-jardin-de-leveche-facade-du-musee-senlis-france-video-mapping-festival-2022\/#breadcrumb","itemListElement":[{"@type":"ListItem","position":1,"name":"Accueil","item":"https:\/\/videomappingcenter.com\/"},{"@type":"ListItem","position":2,"name":"APERTUS ANIMUS &#8211; Jardin de l\u2019\u00c9v\u00each\u00e9 (museum\u2019s facade), Senlis, France &#8211; Video Mapping Festival 2022"}]},{"@type":"WebSite","@id":"https:\/\/videomappingcenter.com\/?lang=en\/#website","url":"https:\/\/videomappingcenter.com\/?lang=en\/","name":"Video Mapping European Center","description":"Video Mapping European Center","publisher":{"@id":"https:\/\/videomappingcenter.com\/?lang=en\/#organization"},"potentialAction":[{"@type":"SearchAction","target":{"@type":"EntryPoint","urlTemplate":"https:\/\/videomappingcenter.com\/?lang=en\/?s={search_term_string}"},"query-input":{"@type":"PropertyValueSpecification","valueRequired":true,"valueName":"search_term_string"}}],"inLanguage":"en-US"},{"@type":"Organization","@id":"https:\/\/videomappingcenter.com\/?lang=en\/#organization","name":"Video Mapping European Center","url":"https:\/\/videomappingcenter.com\/?lang=en\/","logo":{"@type":"ImageObject","inLanguage":"en-US","@id":"https:\/\/videomappingcenter.com\/?lang=en\/#\/schema\/logo\/image\/","url":"https:\/\/videomappingcenter.com\/wp-content\/uploads\/2017\/07\/logo-v3.png","contentUrl":"https:\/\/videomappingcenter.com\/wp-content\/uploads\/2017\/07\/logo-v3.png","width":300,"height":135,"caption":"Video Mapping European Center"},"image":{"@id":"https:\/\/videomappingcenter.com\/?lang=en\/#\/schema\/logo\/image\/"}},{"@type":"Person","@id":"https:\/\/videomappingcenter.com\/?lang=en\/#\/schema\/person\/506136ad599d9c386ea59407d183cef8","name":"Edimestre","image":{"@type":"ImageObject","inLanguage":"en-US","@id":"https:\/\/videomappingcenter.com\/?lang=en\/#\/schema\/person\/image\/","url":"https:\/\/videomappingcenter.com\/wp-content\/uploads\/2017\/07\/avatar.jpg","contentUrl":"https:\/\/videomappingcenter.com\/wp-content\/uploads\/2017\/07\/avatar.jpg","caption":"Edimestre"}}]}},"_links":{"self":[{"href":"https:\/\/videomappingcenter.com\/en\/wp-json\/wp\/v2\/posts\/12096","targetHints":{"allow":["GET"]}}],"collection":[{"href":"https:\/\/videomappingcenter.com\/en\/wp-json\/wp\/v2\/posts"}],"about":[{"href":"https:\/\/videomappingcenter.com\/en\/wp-json\/wp\/v2\/types\/post"}],"author":[{"embeddable":true,"href":"https:\/\/videomappingcenter.com\/en\/wp-json\/wp\/v2\/users\/3"}],"replies":[{"embeddable":true,"href":"https:\/\/videomappingcenter.com\/en\/wp-json\/wp\/v2\/comments?post=12096"}],"version-history":[{"count":0,"href":"https:\/\/videomappingcenter.com\/en\/wp-json\/wp\/v2\/posts\/12096\/revisions"}],"wp:featuredmedia":[{"embeddable":true,"href":"https:\/\/videomappingcenter.com\/en\/wp-json\/wp\/v2\/media\/12091"}],"wp:attachment":[{"href":"https:\/\/videomappingcenter.com\/en\/wp-json\/wp\/v2\/media?parent=12096"}],"wp:term":[{"taxonomy":"category","embeddable":true,"href":"https:\/\/videomappingcenter.com\/en\/wp-json\/wp\/v2\/categories?post=12096"},{"taxonomy":"post_tag","embeddable":true,"href":"https:\/\/videomappingcenter.com\/en\/wp-json\/wp\/v2\/tags?post=12096"},{"taxonomy":"item-prod","embeddable":true,"href":"https:\/\/videomappingcenter.com\/en\/wp-json\/wp\/v2\/item-prod?post=12096"},{"taxonomy":"item-mapping","embeddable":true,"href":"https:\/\/videomappingcenter.com\/en\/wp-json\/wp\/v2\/item-mapping?post=12096"},{"taxonomy":"item-lieu","embeddable":true,"href":"https:\/\/videomappingcenter.com\/en\/wp-json\/wp\/v2\/item-lieu?post=12096"},{"taxonomy":"item-dates","embeddable":true,"href":"https:\/\/videomappingcenter.com\/en\/wp-json\/wp\/v2\/item-dates?post=12096"}],"curies":[{"name":"wp","href":"https:\/\/api.w.org\/{rel}","templated":true}]}}