{"id":12252,"date":"2022-11-05T10:11:35","date_gmt":"2022-11-05T09:11:35","guid":{"rendered":"https:\/\/videomappingcenter.com\/compression-jardin-medieval-amiens-france-video-mapping-festival-2022\/"},"modified":"2023-03-14T11:08:02","modified_gmt":"2023-03-14T10:08:02","slug":"compression-jardin-medieval-amiens-france-video-mapping-festival-2022","status":"publish","type":"post","link":"https:\/\/videomappingcenter.com\/en\/compression-jardin-medieval-amiens-france-video-mapping-festival-2022\/","title":{"rendered":"COMPRESSION &#8211; Medieval Garden, Amiens, France &#8211; Video Mapping Festival 2022"},"content":{"rendered":"\n<figure><iframe loading=\"lazy\" src=\"https:\/\/player.vimeo.com\/video\/806274622?h=d2e5679be2\" width=\"640\" height=\"360\" allowfullscreen=\"\"><\/iframe><\/figure>\n\n\n\n<p style=\"text-align:justify\">Video mapping created as part of a creation residency organised by Rencontres Audiovisuelles, with the support of European Union &#8211; ERDF programme (Europe is committed to the Hauts-de-France region through the European Regional Development Fund).<br><br><strong>\u25ba Compression<\/strong><br>A meeting between video mapping and dance for a poetic and inspired performance.<br><br><strong>Direction:<\/strong> Pablo GRACIAS<br><strong>Scenario:<\/strong> Jules HUVIG<br><strong>Performance: <\/strong>Eva BOUCETLA, Oleg KIRICENKO<br><strong>Animation:<\/strong> Joanna ALBERT, Pablo GRACIAS, Diane KLENES<br><strong>Original music: <\/strong>Aleksi AUBRY-CARLSON<br><br><em>With the support of the Hauts-de-France Region, Drac Hauts-de-France, D\u00e9partement de la Somme and Amiens M\u00e9tropole.<br>In collaboration with IC.ON.IC, Visual arts Festival of Amiens M\u00e9tropole.<\/em><br><br><br><strong>More info:&nbsp;<a rel=\"noreferrer noopener\" href=\"https:\/\/videomappingfestival.com\/?lang=en\" target=\"_blank\">videomappingfestival.com<\/a><\/strong><br><strong>Facebook:&nbsp;<a rel=\"noreferrer noopener\" href=\"https:\/\/www.facebook.com\/VideoMappingFestival\" target=\"_blank\">Video Mapping Festival<\/a><\/strong><\/p>\n<div class=\"simple-taxonomy\">\n\t<div class=\"taxonomy-item-prod\"><a href=\"https:\/\/videomappingcenter.com\/en\/item-prod\/evenement\/\" rel=\"tag\">Event<\/a>, <a href=\"https:\/\/videomappingcenter.com\/en\/item-prod\/residence-en\/\" rel=\"tag\">Residency<\/a><\/div>\n\t<div class=\"taxonomy-item-mapping\"><a href=\"https:\/\/videomappingcenter.com\/en\/item-mapping\/itinerary\/\" rel=\"tag\">Itinerary<\/a>, <a href=\"https:\/\/videomappingcenter.com\/en\/item-mapping\/spectacle-vivant-en\/\" rel=\"tag\">Live performance<\/a>, <a href=\"https:\/\/videomappingcenter.com\/en\/item-mapping\/mapping-sur-objet\/\" rel=\"tag\">Object video mapping<\/a><\/div>\n\t<div class=\"taxonomy-item-lieu\"><a href=\"https:\/\/videomappingcenter.com\/en\/item-lieu\/hauts-de-france-en\/\" rel=\"tag\">Hauts-de-France<\/a><\/div>\n\t<div class=\"taxonomy-item-dates\"><a href=\"https:\/\/videomappingcenter.com\/en\/item-dates\/2022-en\/\" rel=\"tag\">2022<\/a><\/div>\n\n<\/div>\n","protected":false},"excerpt":{"rendered":"<p>Video mapping created as part of a creation residency organised by Rencontres Audiovisuelles, with the support of European Union &#8211; ERDF programme (Europe is committed to the Hauts-de-France region through the European Regional Development Fund). \u25ba CompressionA meeting between video mapping and dance for a poetic and inspired performance. Direction: Pablo GRACIASScenario: Jules HUVIGPerformance: Eva [&hellip;]<\/p>\n<div class=\"simple-taxonomy\">\n\t<div class=\"taxonomy-item-prod\"><a href=\"https:\/\/videomappingcenter.com\/en\/item-prod\/evenement\/\" rel=\"tag\">Event<\/a>, <a href=\"https:\/\/videomappingcenter.com\/en\/item-prod\/residence-en\/\" rel=\"tag\">Residency<\/a><\/div>\n\t<div class=\"taxonomy-item-mapping\"><a href=\"https:\/\/videomappingcenter.com\/en\/item-mapping\/itinerary\/\" rel=\"tag\">Itinerary<\/a>, <a href=\"https:\/\/videomappingcenter.com\/en\/item-mapping\/spectacle-vivant-en\/\" rel=\"tag\">Live performance<\/a>, <a href=\"https:\/\/videomappingcenter.com\/en\/item-mapping\/mapping-sur-objet\/\" rel=\"tag\">Object video mapping<\/a><\/div>\n\t<div class=\"taxonomy-item-lieu\"><a href=\"https:\/\/videomappingcenter.com\/en\/item-lieu\/hauts-de-france-en\/\" rel=\"tag\">Hauts-de-France<\/a><\/div>\n\t<div class=\"taxonomy-item-dates\"><a href=\"https:\/\/videomappingcenter.com\/en\/item-dates\/2022-en\/\" rel=\"tag\">2022<\/a><\/div>\n\n<\/div>\n","protected":false},"author":3,"featured_media":12232,"comment_status":"closed","ping_status":"closed","sticky":false,"template":"","format":"standard","meta":{"footnotes":""},"categories":[147,149],"tags":[2233,341,2145,2443,2494,64,82,2493,2479,668,120,2499,111,2495,116,2198,126,104,2220,55],"item-prod":[157,273],"item-mapping":[563,279,159],"item-lieu":[281],"item-dates":[2237],"class_list":["post-12252","post","type-post","status-publish","format-standard","has-post-thumbnail","hentry","category-residence-en","category-video-mapping-festival-en","tag-2233","tag-aleksi-aubry-carlson","tag-amiens","tag-diane-klenes","tag-eva-boucetla","tag-frontal","tag-hauts-de-france","tag-jardin-medieval","tag-joanna-albert","tag-jules-huvig","tag-linear","tag-medieval-garden","tag-object-video-mapping","tag-oleg-kiricenko","tag-outdoor","tag-pablo-gracias","tag-reproductable","tag-residence-en","tag-video-mapping-spectacle-vivant","tag-video-mapping-festival","item-prod-evenement","item-prod-residence-en","item-mapping-itinerary","item-mapping-spectacle-vivant-en","item-mapping-mapping-sur-objet","item-lieu-hauts-de-france-en","item-dates-2022-en"],"yoast_head":"<!-- This site is optimized with the Yoast SEO plugin v25.8 - https:\/\/yoast.com\/wordpress\/plugins\/seo\/ -->\n<title>COMPRESSION - Medieval Garden, Amiens, France - Video Mapping Festival 2022 | Video Mapping European Center<\/title>\n<meta name=\"robots\" content=\"index, follow, max-snippet:-1, max-image-preview:large, max-video-preview:-1\" \/>\n<link rel=\"canonical\" href=\"https:\/\/videomappingcenter.com\/compression-jardin-medieval-amiens-france-video-mapping-festival-2022\/\" \/>\n<meta property=\"og:locale\" content=\"en_US\" \/>\n<meta property=\"og:type\" content=\"article\" \/>\n<meta property=\"og:title\" content=\"COMPRESSION - Medieval Garden, Amiens, France - Video Mapping Festival 2022 | Video Mapping European Center\" \/>\n<meta property=\"og:description\" content=\"Video mapping created as part of a creation residency organised by Rencontres Audiovisuelles, with the support of European Union &#8211; ERDF programme (Europe is committed to the Hauts-de-France region through the European Regional Development Fund). \u25ba CompressionA meeting between video mapping and dance for a poetic and inspired performance. Direction: Pablo GRACIASScenario: Jules HUVIGPerformance: Eva [&hellip;]\" \/>\n<meta property=\"og:url\" content=\"https:\/\/videomappingcenter.com\/compression-jardin-medieval-amiens-france-video-mapping-festival-2022\/\" \/>\n<meta property=\"og:site_name\" content=\"Video Mapping European Center\" \/>\n<meta property=\"article:published_time\" content=\"2022-11-05T09:11:35+00:00\" \/>\n<meta property=\"article:modified_time\" content=\"2023-03-14T10:08:02+00:00\" \/>\n<meta property=\"og:image\" content=\"https:\/\/videomappingcenter.com\/wp-content\/uploads\/2023\/03\/VMF22_Amiens_Jardin_Medieval.png\" \/>\n\t<meta property=\"og:image:width\" content=\"900\" \/>\n\t<meta property=\"og:image:height\" content=\"500\" \/>\n\t<meta property=\"og:image:type\" content=\"image\/png\" \/>\n<meta name=\"author\" content=\"Edimestre\" \/>\n<meta name=\"twitter:card\" content=\"summary_large_image\" \/>\n<meta name=\"twitter:label1\" content=\"Written by\" \/>\n\t<meta name=\"twitter:data1\" content=\"Edimestre\" \/>\n\t<meta name=\"twitter:label2\" content=\"Est. reading time\" \/>\n\t<meta name=\"twitter:data2\" content=\"1 minute\" \/>\n<script type=\"application\/ld+json\" class=\"yoast-schema-graph\">{\"@context\":\"https:\/\/schema.org\",\"@graph\":[{\"@type\":\"Article\",\"@id\":\"https:\/\/videomappingcenter.com\/compression-jardin-medieval-amiens-france-video-mapping-festival-2022\/#article\",\"isPartOf\":{\"@id\":\"https:\/\/videomappingcenter.com\/compression-jardin-medieval-amiens-france-video-mapping-festival-2022\/\"},\"author\":{\"name\":\"Edimestre\",\"@id\":\"https:\/\/videomappingcenter.com\/?lang=en\/#\/schema\/person\/506136ad599d9c386ea59407d183cef8\"},\"headline\":\"COMPRESSION &#8211; Medieval Garden, Amiens, France &#8211; Video Mapping Festival 2022\",\"datePublished\":\"2022-11-05T09:11:35+00:00\",\"dateModified\":\"2023-03-14T10:08:02+00:00\",\"mainEntityOfPage\":{\"@id\":\"https:\/\/videomappingcenter.com\/compression-jardin-medieval-amiens-france-video-mapping-festival-2022\/\"},\"wordCount\":122,\"publisher\":{\"@id\":\"https:\/\/videomappingcenter.com\/?lang=en\/#organization\"},\"image\":{\"@id\":\"https:\/\/videomappingcenter.com\/compression-jardin-medieval-amiens-france-video-mapping-festival-2022\/#primaryimage\"},\"thumbnailUrl\":\"https:\/\/videomappingcenter.com\/wp-content\/uploads\/2023\/03\/VMF22_Amiens_Jardin_Medieval.png\",\"keywords\":[\"2022\",\"Aleksi Aubry-Carlson\",\"Amiens\",\"Diane KLENES\",\"Eva BOUCETLA\",\"Frontal\",\"Hauts-de-France\",\"Jardin m\u00e9di\u00e9val\",\"Joanna ALBERT\",\"Jules Huvig\",\"linear\",\"Medieval Garden\",\"Object video mapping\",\"Oleg KIRICENKO\",\"Outdoor\",\"Pablo GRACIAS\",\"Reproducible\",\"Residency\",\"Video mapping &amp; spectacle vivant\",\"Video Mapping Festival\"],\"articleSection\":[\"Residency\",\"Video Mapping Festival\"],\"inLanguage\":\"en-US\"},{\"@type\":\"WebPage\",\"@id\":\"https:\/\/videomappingcenter.com\/compression-jardin-medieval-amiens-france-video-mapping-festival-2022\/\",\"url\":\"https:\/\/videomappingcenter.com\/compression-jardin-medieval-amiens-france-video-mapping-festival-2022\/\",\"name\":\"COMPRESSION - Medieval Garden, Amiens, France - Video Mapping Festival 2022 | Video Mapping European Center\",\"isPartOf\":{\"@id\":\"https:\/\/videomappingcenter.com\/?lang=en\/#website\"},\"primaryImageOfPage\":{\"@id\":\"https:\/\/videomappingcenter.com\/compression-jardin-medieval-amiens-france-video-mapping-festival-2022\/#primaryimage\"},\"image\":{\"@id\":\"https:\/\/videomappingcenter.com\/compression-jardin-medieval-amiens-france-video-mapping-festival-2022\/#primaryimage\"},\"thumbnailUrl\":\"https:\/\/videomappingcenter.com\/wp-content\/uploads\/2023\/03\/VMF22_Amiens_Jardin_Medieval.png\",\"datePublished\":\"2022-11-05T09:11:35+00:00\",\"dateModified\":\"2023-03-14T10:08:02+00:00\",\"breadcrumb\":{\"@id\":\"https:\/\/videomappingcenter.com\/compression-jardin-medieval-amiens-france-video-mapping-festival-2022\/#breadcrumb\"},\"inLanguage\":\"en-US\",\"potentialAction\":[{\"@type\":\"ReadAction\",\"target\":[\"https:\/\/videomappingcenter.com\/compression-jardin-medieval-amiens-france-video-mapping-festival-2022\/\"]}]},{\"@type\":\"ImageObject\",\"inLanguage\":\"en-US\",\"@id\":\"https:\/\/videomappingcenter.com\/compression-jardin-medieval-amiens-france-video-mapping-festival-2022\/#primaryimage\",\"url\":\"https:\/\/videomappingcenter.com\/wp-content\/uploads\/2023\/03\/VMF22_Amiens_Jardin_Medieval.png\",\"contentUrl\":\"https:\/\/videomappingcenter.com\/wp-content\/uploads\/2023\/03\/VMF22_Amiens_Jardin_Medieval.png\",\"width\":900,\"height\":500},{\"@type\":\"BreadcrumbList\",\"@id\":\"https:\/\/videomappingcenter.com\/compression-jardin-medieval-amiens-france-video-mapping-festival-2022\/#breadcrumb\",\"itemListElement\":[{\"@type\":\"ListItem\",\"position\":1,\"name\":\"Accueil\",\"item\":\"https:\/\/videomappingcenter.com\/\"},{\"@type\":\"ListItem\",\"position\":2,\"name\":\"COMPRESSION &#8211; Medieval Garden, Amiens, France &#8211; Video Mapping Festival 2022\"}]},{\"@type\":\"WebSite\",\"@id\":\"https:\/\/videomappingcenter.com\/?lang=en\/#website\",\"url\":\"https:\/\/videomappingcenter.com\/?lang=en\/\",\"name\":\"Video Mapping European Center\",\"description\":\"Video Mapping European Center\",\"publisher\":{\"@id\":\"https:\/\/videomappingcenter.com\/?lang=en\/#organization\"},\"potentialAction\":[{\"@type\":\"SearchAction\",\"target\":{\"@type\":\"EntryPoint\",\"urlTemplate\":\"https:\/\/videomappingcenter.com\/?lang=en\/?s={search_term_string}\"},\"query-input\":{\"@type\":\"PropertyValueSpecification\",\"valueRequired\":true,\"valueName\":\"search_term_string\"}}],\"inLanguage\":\"en-US\"},{\"@type\":\"Organization\",\"@id\":\"https:\/\/videomappingcenter.com\/?lang=en\/#organization\",\"name\":\"Video Mapping European Center\",\"url\":\"https:\/\/videomappingcenter.com\/?lang=en\/\",\"logo\":{\"@type\":\"ImageObject\",\"inLanguage\":\"en-US\",\"@id\":\"https:\/\/videomappingcenter.com\/?lang=en\/#\/schema\/logo\/image\/\",\"url\":\"https:\/\/videomappingcenter.com\/wp-content\/uploads\/2017\/07\/logo-v3.png\",\"contentUrl\":\"https:\/\/videomappingcenter.com\/wp-content\/uploads\/2017\/07\/logo-v3.png\",\"width\":300,\"height\":135,\"caption\":\"Video Mapping European Center\"},\"image\":{\"@id\":\"https:\/\/videomappingcenter.com\/?lang=en\/#\/schema\/logo\/image\/\"}},{\"@type\":\"Person\",\"@id\":\"https:\/\/videomappingcenter.com\/?lang=en\/#\/schema\/person\/506136ad599d9c386ea59407d183cef8\",\"name\":\"Edimestre\",\"image\":{\"@type\":\"ImageObject\",\"inLanguage\":\"en-US\",\"@id\":\"https:\/\/videomappingcenter.com\/?lang=en\/#\/schema\/person\/image\/\",\"url\":\"https:\/\/videomappingcenter.com\/wp-content\/uploads\/2017\/07\/avatar.jpg\",\"contentUrl\":\"https:\/\/videomappingcenter.com\/wp-content\/uploads\/2017\/07\/avatar.jpg\",\"caption\":\"Edimestre\"}}]}<\/script>\n<!-- \/ Yoast SEO plugin. -->","yoast_head_json":{"title":"COMPRESSION - Medieval Garden, Amiens, France - Video Mapping Festival 2022 | Video Mapping European Center","robots":{"index":"index","follow":"follow","max-snippet":"max-snippet:-1","max-image-preview":"max-image-preview:large","max-video-preview":"max-video-preview:-1"},"canonical":"https:\/\/videomappingcenter.com\/compression-jardin-medieval-amiens-france-video-mapping-festival-2022\/","og_locale":"en_US","og_type":"article","og_title":"COMPRESSION - Medieval Garden, Amiens, France - Video Mapping Festival 2022 | Video Mapping European Center","og_description":"Video mapping created as part of a creation residency organised by Rencontres Audiovisuelles, with the support of European Union &#8211; ERDF programme (Europe is committed to the Hauts-de-France region through the European Regional Development Fund). \u25ba CompressionA meeting between video mapping and dance for a poetic and inspired performance. Direction: Pablo GRACIASScenario: Jules HUVIGPerformance: Eva [&hellip;]","og_url":"https:\/\/videomappingcenter.com\/compression-jardin-medieval-amiens-france-video-mapping-festival-2022\/","og_site_name":"Video Mapping European Center","article_published_time":"2022-11-05T09:11:35+00:00","article_modified_time":"2023-03-14T10:08:02+00:00","og_image":[{"width":900,"height":500,"url":"https:\/\/videomappingcenter.com\/wp-content\/uploads\/2023\/03\/VMF22_Amiens_Jardin_Medieval.png","type":"image\/png"}],"author":"Edimestre","twitter_card":"summary_large_image","twitter_misc":{"Written by":"Edimestre","Est. reading time":"1 minute"},"schema":{"@context":"https:\/\/schema.org","@graph":[{"@type":"Article","@id":"https:\/\/videomappingcenter.com\/compression-jardin-medieval-amiens-france-video-mapping-festival-2022\/#article","isPartOf":{"@id":"https:\/\/videomappingcenter.com\/compression-jardin-medieval-amiens-france-video-mapping-festival-2022\/"},"author":{"name":"Edimestre","@id":"https:\/\/videomappingcenter.com\/?lang=en\/#\/schema\/person\/506136ad599d9c386ea59407d183cef8"},"headline":"COMPRESSION &#8211; Medieval Garden, Amiens, France &#8211; Video Mapping Festival 2022","datePublished":"2022-11-05T09:11:35+00:00","dateModified":"2023-03-14T10:08:02+00:00","mainEntityOfPage":{"@id":"https:\/\/videomappingcenter.com\/compression-jardin-medieval-amiens-france-video-mapping-festival-2022\/"},"wordCount":122,"publisher":{"@id":"https:\/\/videomappingcenter.com\/?lang=en\/#organization"},"image":{"@id":"https:\/\/videomappingcenter.com\/compression-jardin-medieval-amiens-france-video-mapping-festival-2022\/#primaryimage"},"thumbnailUrl":"https:\/\/videomappingcenter.com\/wp-content\/uploads\/2023\/03\/VMF22_Amiens_Jardin_Medieval.png","keywords":["2022","Aleksi Aubry-Carlson","Amiens","Diane KLENES","Eva BOUCETLA","Frontal","Hauts-de-France","Jardin m\u00e9di\u00e9val","Joanna ALBERT","Jules Huvig","linear","Medieval Garden","Object video mapping","Oleg KIRICENKO","Outdoor","Pablo GRACIAS","Reproducible","Residency","Video mapping &amp; spectacle vivant","Video Mapping Festival"],"articleSection":["Residency","Video Mapping Festival"],"inLanguage":"en-US"},{"@type":"WebPage","@id":"https:\/\/videomappingcenter.com\/compression-jardin-medieval-amiens-france-video-mapping-festival-2022\/","url":"https:\/\/videomappingcenter.com\/compression-jardin-medieval-amiens-france-video-mapping-festival-2022\/","name":"COMPRESSION - Medieval Garden, Amiens, France - Video Mapping Festival 2022 | Video Mapping European Center","isPartOf":{"@id":"https:\/\/videomappingcenter.com\/?lang=en\/#website"},"primaryImageOfPage":{"@id":"https:\/\/videomappingcenter.com\/compression-jardin-medieval-amiens-france-video-mapping-festival-2022\/#primaryimage"},"image":{"@id":"https:\/\/videomappingcenter.com\/compression-jardin-medieval-amiens-france-video-mapping-festival-2022\/#primaryimage"},"thumbnailUrl":"https:\/\/videomappingcenter.com\/wp-content\/uploads\/2023\/03\/VMF22_Amiens_Jardin_Medieval.png","datePublished":"2022-11-05T09:11:35+00:00","dateModified":"2023-03-14T10:08:02+00:00","breadcrumb":{"@id":"https:\/\/videomappingcenter.com\/compression-jardin-medieval-amiens-france-video-mapping-festival-2022\/#breadcrumb"},"inLanguage":"en-US","potentialAction":[{"@type":"ReadAction","target":["https:\/\/videomappingcenter.com\/compression-jardin-medieval-amiens-france-video-mapping-festival-2022\/"]}]},{"@type":"ImageObject","inLanguage":"en-US","@id":"https:\/\/videomappingcenter.com\/compression-jardin-medieval-amiens-france-video-mapping-festival-2022\/#primaryimage","url":"https:\/\/videomappingcenter.com\/wp-content\/uploads\/2023\/03\/VMF22_Amiens_Jardin_Medieval.png","contentUrl":"https:\/\/videomappingcenter.com\/wp-content\/uploads\/2023\/03\/VMF22_Amiens_Jardin_Medieval.png","width":900,"height":500},{"@type":"BreadcrumbList","@id":"https:\/\/videomappingcenter.com\/compression-jardin-medieval-amiens-france-video-mapping-festival-2022\/#breadcrumb","itemListElement":[{"@type":"ListItem","position":1,"name":"Accueil","item":"https:\/\/videomappingcenter.com\/"},{"@type":"ListItem","position":2,"name":"COMPRESSION &#8211; Medieval Garden, Amiens, France &#8211; Video Mapping Festival 2022"}]},{"@type":"WebSite","@id":"https:\/\/videomappingcenter.com\/?lang=en\/#website","url":"https:\/\/videomappingcenter.com\/?lang=en\/","name":"Video Mapping European Center","description":"Video Mapping European Center","publisher":{"@id":"https:\/\/videomappingcenter.com\/?lang=en\/#organization"},"potentialAction":[{"@type":"SearchAction","target":{"@type":"EntryPoint","urlTemplate":"https:\/\/videomappingcenter.com\/?lang=en\/?s={search_term_string}"},"query-input":{"@type":"PropertyValueSpecification","valueRequired":true,"valueName":"search_term_string"}}],"inLanguage":"en-US"},{"@type":"Organization","@id":"https:\/\/videomappingcenter.com\/?lang=en\/#organization","name":"Video Mapping European Center","url":"https:\/\/videomappingcenter.com\/?lang=en\/","logo":{"@type":"ImageObject","inLanguage":"en-US","@id":"https:\/\/videomappingcenter.com\/?lang=en\/#\/schema\/logo\/image\/","url":"https:\/\/videomappingcenter.com\/wp-content\/uploads\/2017\/07\/logo-v3.png","contentUrl":"https:\/\/videomappingcenter.com\/wp-content\/uploads\/2017\/07\/logo-v3.png","width":300,"height":135,"caption":"Video Mapping European Center"},"image":{"@id":"https:\/\/videomappingcenter.com\/?lang=en\/#\/schema\/logo\/image\/"}},{"@type":"Person","@id":"https:\/\/videomappingcenter.com\/?lang=en\/#\/schema\/person\/506136ad599d9c386ea59407d183cef8","name":"Edimestre","image":{"@type":"ImageObject","inLanguage":"en-US","@id":"https:\/\/videomappingcenter.com\/?lang=en\/#\/schema\/person\/image\/","url":"https:\/\/videomappingcenter.com\/wp-content\/uploads\/2017\/07\/avatar.jpg","contentUrl":"https:\/\/videomappingcenter.com\/wp-content\/uploads\/2017\/07\/avatar.jpg","caption":"Edimestre"}}]}},"_links":{"self":[{"href":"https:\/\/videomappingcenter.com\/en\/wp-json\/wp\/v2\/posts\/12252","targetHints":{"allow":["GET"]}}],"collection":[{"href":"https:\/\/videomappingcenter.com\/en\/wp-json\/wp\/v2\/posts"}],"about":[{"href":"https:\/\/videomappingcenter.com\/en\/wp-json\/wp\/v2\/types\/post"}],"author":[{"embeddable":true,"href":"https:\/\/videomappingcenter.com\/en\/wp-json\/wp\/v2\/users\/3"}],"replies":[{"embeddable":true,"href":"https:\/\/videomappingcenter.com\/en\/wp-json\/wp\/v2\/comments?post=12252"}],"version-history":[{"count":0,"href":"https:\/\/videomappingcenter.com\/en\/wp-json\/wp\/v2\/posts\/12252\/revisions"}],"wp:featuredmedia":[{"embeddable":true,"href":"https:\/\/videomappingcenter.com\/en\/wp-json\/wp\/v2\/media\/12232"}],"wp:attachment":[{"href":"https:\/\/videomappingcenter.com\/en\/wp-json\/wp\/v2\/media?parent=12252"}],"wp:term":[{"taxonomy":"category","embeddable":true,"href":"https:\/\/videomappingcenter.com\/en\/wp-json\/wp\/v2\/categories?post=12252"},{"taxonomy":"post_tag","embeddable":true,"href":"https:\/\/videomappingcenter.com\/en\/wp-json\/wp\/v2\/tags?post=12252"},{"taxonomy":"item-prod","embeddable":true,"href":"https:\/\/videomappingcenter.com\/en\/wp-json\/wp\/v2\/item-prod?post=12252"},{"taxonomy":"item-mapping","embeddable":true,"href":"https:\/\/videomappingcenter.com\/en\/wp-json\/wp\/v2\/item-mapping?post=12252"},{"taxonomy":"item-lieu","embeddable":true,"href":"https:\/\/videomappingcenter.com\/en\/wp-json\/wp\/v2\/item-lieu?post=12252"},{"taxonomy":"item-dates","embeddable":true,"href":"https:\/\/videomappingcenter.com\/en\/wp-json\/wp\/v2\/item-dates?post=12252"}],"curies":[{"name":"wp","href":"https:\/\/api.w.org\/{rel}","templated":true}]}}