{"id":1404,"date":"2015-04-10T05:07:06","date_gmt":"2015-04-10T03:07:06","guid":{"rendered":"https:\/\/videomappingcenter.com\/2015\/04\/10\/mapping-lopera-de-lille-fete-de-lanim-2015\/"},"modified":"2019-01-15T15:13:09","modified_gmt":"2019-01-15T14:13:09","slug":"mapping-opera-de-lille-fete-de-lanim-2015","status":"publish","type":"post","link":"https:\/\/videomappingcenter.com\/en\/mapping-opera-de-lille-fete-de-lanim-2015\/","title":{"rendered":"VIDEO MAPPING ON LILLE OPERA HOUSE \u2013 F\u00eate de l\u2019anim\u2019 2015"},"content":{"rendered":"<p><iframe loading=\"lazy\" src=\"https:\/\/player.vimeo.com\/video\/124026159?app_id=122963\" width=\"1104\" height=\"621\" frameborder=\"0\" title=\"Mapping : OP&Eacute;RA DE LILLE, ouverture de la F&ecirc;te de l&#039;anim&#039; 2015 (workshop) - 27 mars 2015\" allow=\"autoplay; fullscreen\" allowfullscreen><\/iframe><\/p>\n<p>Video mapping piece created especially for the F\u00eate de l\u2019Anim by students from the leading European animation schools and professionals, during a workshop supervised by Tam\u00e1s Z\u00e1dor, creator of the Hungarian collective Ki\u00e9g\u0151 Izz\u00f3k (Glowing Bulbs), and Ludovic Burczykowski, a Lille artist specialising in video mapping (sound creation: Aleksi Aubry-Carlson).<br \/>\n<em>Workshop from 24 to 26 March 2015 at the Imaginarium (Tourcoing).<\/em><\/p>\n<p><strong>Participants:<\/strong><\/p>\n<p>3axes Institut (Tourcoing, France)<br \/>\nRichard Fonteyne<br \/>\nAndrew Jowett<br \/>\nThibaut William<\/p>\n<p>BCFE, Ballyfermot College of Further Education (Dublin, Ireland)<br \/>\nDarragh Herlihy<br \/>\nEmma Kinsella<br \/>\nKillian McDonagh<\/p>\n<p>e-artsup (Lille, France)<br \/>\nFabien Berquet<br \/>\nAlexandre Huyghe<br \/>\nValentin Peulmeule<\/p>\n<p>ECV, \u00c9cole de Communication Visuelle (Lille, France)<br \/>\nAugustin Descamps<br \/>\nAntoine Dhondt<br \/>\nJoseph Loche<br \/>\nJuliette Brenne (professional)<\/p>\n<p>Glowing Bulbs (Budapest, Hungary)<br \/>\nTam\u00e1s Z\u00e1dor<\/p>\n<p>KASK (Ghent, Belgium)<br \/>\nSofie De Cleene<br \/>\nEmily Lefebvre<br \/>\nLizzy Vandierendonck<\/p>\n<p>La Cambre (Brussels, Belgium)<br \/>\nJulien Chelles<br \/>\nMa\u00ebva Jacques<br \/>\nPierre Lecouvey<\/p>\n<p>P\u00f4le IIID (Roubaix, France)<br \/>\nL\u00e9o Berret<br \/>\nMaxime Renault<br \/>\nCamille Vandenbussche<\/p>\n<p>Professionals<br \/>\nNicolas Floquet<br \/>\nMonsieur Nuage<br \/>\nPilou<br \/>\nDorianne Wotton<br \/>\nThomas Zaderatzky<\/p>\n<p><em>With support from the Regional Council Nord-Pas de Calais, the European Union (European Regional Development Fund), the City of Lille, Lille Opera and Manganelli.<\/em><\/p>\n<div class=\"simple-taxonomy\">\n\t<div class=\"taxonomy-item-prod\"><a href=\"https:\/\/videomappingcenter.com\/en\/item-prod\/evenement\/\" rel=\"tag\">Event<\/a>, <a href=\"https:\/\/videomappingcenter.com\/en\/item-prod\/training\/\" rel=\"tag\">Training<\/a><\/div>\n\t<div class=\"taxonomy-item-mapping\"><a href=\"https:\/\/videomappingcenter.com\/en\/item-mapping\/mapping-monumental-en\/\" rel=\"tag\">Monument video mapping<\/a><\/div>\n\t<div class=\"taxonomy-item-lieu\"><a href=\"https:\/\/videomappingcenter.com\/en\/item-lieu\/hauts-de-france-en\/\" rel=\"tag\">Hauts-de-France<\/a><\/div>\n\t<div class=\"taxonomy-item-dates\"><a href=\"https:\/\/videomappingcenter.com\/en\/item-dates\/2015\/\" rel=\"tag\">2015<\/a><\/div>\n\n<\/div>\n","protected":false},"excerpt":{"rendered":"<p>Video mapping piece created especially for the F\u00eate de l\u2019Anim by students from the leading European animation schools and professionals, during a workshop supervised by Tam\u00e1s Z\u00e1dor, creator of the Hungarian collective Ki\u00e9g\u0151 Izz\u00f3k (Glowing Bulbs), and Ludovic Burczykowski, a Lille artist specialising in video mapping (sound creation: Aleksi Aubry-Carlson). Workshop from 24 to 26 [&hellip;]<\/p>\n<div class=\"simple-taxonomy\">\n\t<div class=\"taxonomy-item-prod\"><a href=\"https:\/\/videomappingcenter.com\/en\/item-prod\/evenement\/\" rel=\"tag\">Event<\/a>, <a href=\"https:\/\/videomappingcenter.com\/en\/item-prod\/training\/\" rel=\"tag\">Training<\/a><\/div>\n\t<div class=\"taxonomy-item-mapping\"><a href=\"https:\/\/videomappingcenter.com\/en\/item-mapping\/mapping-monumental-en\/\" rel=\"tag\">Monument video mapping<\/a><\/div>\n\t<div class=\"taxonomy-item-lieu\"><a href=\"https:\/\/videomappingcenter.com\/en\/item-lieu\/hauts-de-france-en\/\" rel=\"tag\">Hauts-de-France<\/a><\/div>\n\t<div class=\"taxonomy-item-dates\"><a href=\"https:\/\/videomappingcenter.com\/en\/item-dates\/2015\/\" rel=\"tag\">2015<\/a><\/div>\n\n<\/div>\n","protected":false},"author":2,"featured_media":2230,"comment_status":"closed","ping_status":"closed","sticky":false,"template":"","format":"standard","meta":{"footnotes":""},"categories":[150,145],"tags":[234,342,124,243,117,131,141,136,135,120,251,110,636,116,340,103],"item-prod":[157,153],"item-mapping":[277],"item-lieu":[281],"item-dates":[172],"class_list":["post-1404","post","type-post","status-publish","format-standard","has-post-thumbnail","hentry","category-others-events","category-workshop-en","tag-2015-en","tag-aleksi-aubry-carlson-en","tag-transcient","tag-fete-de-lanim-en","tag-front","tag-hauts-de-france-en","tag-lille-en-2","tag-lille-en","tag-lille-opera-house","tag-linear","tag-ludovic-burczykowski-en","tag-monument-video-mapping","tag-opera-of-lille","tag-outdoor","tag-tamas-zador-en","tag-workshop-en","item-prod-evenement","item-prod-training","item-mapping-mapping-monumental-en","item-lieu-hauts-de-france-en","item-dates-172"],"yoast_head":"<!-- This site is optimized with the Yoast SEO plugin v25.8 - https:\/\/yoast.com\/wordpress\/plugins\/seo\/ -->\n<title>VIDEO MAPPING ON LILLE OPERA HOUSE \u2013 F\u00eate de l\u2019anim\u2019 2015 | Video Mapping European Center<\/title>\n<meta name=\"robots\" content=\"index, follow, max-snippet:-1, max-image-preview:large, max-video-preview:-1\" \/>\n<link rel=\"canonical\" href=\"https:\/\/videomappingcenter.com\/mapping-opera-de-lille-fete-de-lanim-2015\/\" \/>\n<meta property=\"og:locale\" content=\"en_US\" \/>\n<meta property=\"og:type\" content=\"article\" \/>\n<meta property=\"og:title\" content=\"VIDEO MAPPING ON LILLE OPERA HOUSE \u2013 F\u00eate de l\u2019anim\u2019 2015 | Video Mapping European Center\" \/>\n<meta property=\"og:description\" content=\"Video mapping piece created especially for the F\u00eate de l\u2019Anim by students from the leading European animation schools and professionals, during a workshop supervised by Tam\u00e1s Z\u00e1dor, creator of the Hungarian collective Ki\u00e9g\u0151 Izz\u00f3k (Glowing Bulbs), and Ludovic Burczykowski, a Lille artist specialising in video mapping (sound creation: Aleksi Aubry-Carlson). Workshop from 24 to 26 [&hellip;]\" \/>\n<meta property=\"og:url\" content=\"https:\/\/videomappingcenter.com\/mapping-opera-de-lille-fete-de-lanim-2015\/\" \/>\n<meta property=\"og:site_name\" content=\"Video Mapping European Center\" \/>\n<meta property=\"article:published_time\" content=\"2015-04-10T03:07:06+00:00\" \/>\n<meta property=\"article:modified_time\" content=\"2019-01-15T14:13:09+00:00\" \/>\n<meta property=\"og:image\" content=\"https:\/\/videomappingcenter.com\/wp-content\/uploads\/2017\/09\/mapping-sur-lopera-de-lille-fete-2.jpg\" \/>\n\t<meta property=\"og:image:width\" content=\"640\" \/>\n\t<meta property=\"og:image:height\" content=\"360\" \/>\n\t<meta property=\"og:image:type\" content=\"image\/jpeg\" \/>\n<meta name=\"author\" content=\"Webmaster\" \/>\n<meta name=\"twitter:card\" content=\"summary_large_image\" \/>\n<meta name=\"twitter:label1\" content=\"Written by\" \/>\n\t<meta name=\"twitter:data1\" content=\"Webmaster\" \/>\n\t<meta name=\"twitter:label2\" content=\"Est. reading time\" \/>\n\t<meta name=\"twitter:data2\" content=\"1 minute\" \/>\n<script type=\"application\/ld+json\" class=\"yoast-schema-graph\">{\"@context\":\"https:\/\/schema.org\",\"@graph\":[{\"@type\":\"Article\",\"@id\":\"https:\/\/videomappingcenter.com\/mapping-opera-de-lille-fete-de-lanim-2015\/#article\",\"isPartOf\":{\"@id\":\"https:\/\/videomappingcenter.com\/mapping-opera-de-lille-fete-de-lanim-2015\/\"},\"author\":{\"name\":\"Webmaster\",\"@id\":\"https:\/\/videomappingcenter.com\/?lang=en\/#\/schema\/person\/b4e7ccbceddeda732fa7de831d7b0c1c\"},\"headline\":\"VIDEO MAPPING ON LILLE OPERA HOUSE \u2013 F\u00eate de l\u2019anim\u2019 2015\",\"datePublished\":\"2015-04-10T03:07:06+00:00\",\"dateModified\":\"2019-01-15T14:13:09+00:00\",\"mainEntityOfPage\":{\"@id\":\"https:\/\/videomappingcenter.com\/mapping-opera-de-lille-fete-de-lanim-2015\/\"},\"wordCount\":203,\"publisher\":{\"@id\":\"https:\/\/videomappingcenter.com\/?lang=en\/#organization\"},\"image\":{\"@id\":\"https:\/\/videomappingcenter.com\/mapping-opera-de-lille-fete-de-lanim-2015\/#primaryimage\"},\"thumbnailUrl\":\"https:\/\/videomappingcenter.com\/wp-content\/uploads\/2017\/09\/mapping-sur-lopera-de-lille-fete-2.jpg\",\"keywords\":[\"2015\",\"Aleksi Aubry-Carlson\",\"Ephemeral\",\"F\u00eate de l\u2019anim\u2019\",\"Frontal\",\"Hauts-de-France\",\"Lille\",\"Lille\",\"Lille Opera House\",\"linear\",\"Ludovic Burczykowski\",\"Monument video mapping\",\"Opera of Lille\",\"Outdoor\",\"Tam\u00e1s Z\u00e1dor\",\"Workshop\"],\"articleSection\":[\"Other Events\",\"Workshop\"],\"inLanguage\":\"en-US\"},{\"@type\":\"WebPage\",\"@id\":\"https:\/\/videomappingcenter.com\/mapping-opera-de-lille-fete-de-lanim-2015\/\",\"url\":\"https:\/\/videomappingcenter.com\/mapping-opera-de-lille-fete-de-lanim-2015\/\",\"name\":\"VIDEO MAPPING ON LILLE OPERA HOUSE \u2013 F\u00eate de l\u2019anim\u2019 2015 | Video Mapping European Center\",\"isPartOf\":{\"@id\":\"https:\/\/videomappingcenter.com\/?lang=en\/#website\"},\"primaryImageOfPage\":{\"@id\":\"https:\/\/videomappingcenter.com\/mapping-opera-de-lille-fete-de-lanim-2015\/#primaryimage\"},\"image\":{\"@id\":\"https:\/\/videomappingcenter.com\/mapping-opera-de-lille-fete-de-lanim-2015\/#primaryimage\"},\"thumbnailUrl\":\"https:\/\/videomappingcenter.com\/wp-content\/uploads\/2017\/09\/mapping-sur-lopera-de-lille-fete-2.jpg\",\"datePublished\":\"2015-04-10T03:07:06+00:00\",\"dateModified\":\"2019-01-15T14:13:09+00:00\",\"breadcrumb\":{\"@id\":\"https:\/\/videomappingcenter.com\/mapping-opera-de-lille-fete-de-lanim-2015\/#breadcrumb\"},\"inLanguage\":\"en-US\",\"potentialAction\":[{\"@type\":\"ReadAction\",\"target\":[\"https:\/\/videomappingcenter.com\/mapping-opera-de-lille-fete-de-lanim-2015\/\"]}]},{\"@type\":\"ImageObject\",\"inLanguage\":\"en-US\",\"@id\":\"https:\/\/videomappingcenter.com\/mapping-opera-de-lille-fete-de-lanim-2015\/#primaryimage\",\"url\":\"https:\/\/videomappingcenter.com\/wp-content\/uploads\/2017\/09\/mapping-sur-lopera-de-lille-fete-2.jpg\",\"contentUrl\":\"https:\/\/videomappingcenter.com\/wp-content\/uploads\/2017\/09\/mapping-sur-lopera-de-lille-fete-2.jpg\",\"width\":\"640\",\"height\":\"360\"},{\"@type\":\"BreadcrumbList\",\"@id\":\"https:\/\/videomappingcenter.com\/mapping-opera-de-lille-fete-de-lanim-2015\/#breadcrumb\",\"itemListElement\":[{\"@type\":\"ListItem\",\"position\":1,\"name\":\"Accueil\",\"item\":\"https:\/\/videomappingcenter.com\/\"},{\"@type\":\"ListItem\",\"position\":2,\"name\":\"VIDEO MAPPING ON LILLE OPERA HOUSE \u2013 F\u00eate de l\u2019anim\u2019 2015\"}]},{\"@type\":\"WebSite\",\"@id\":\"https:\/\/videomappingcenter.com\/?lang=en\/#website\",\"url\":\"https:\/\/videomappingcenter.com\/?lang=en\/\",\"name\":\"Video Mapping European Center\",\"description\":\"Video Mapping European Center\",\"publisher\":{\"@id\":\"https:\/\/videomappingcenter.com\/?lang=en\/#organization\"},\"potentialAction\":[{\"@type\":\"SearchAction\",\"target\":{\"@type\":\"EntryPoint\",\"urlTemplate\":\"https:\/\/videomappingcenter.com\/?lang=en\/?s={search_term_string}\"},\"query-input\":{\"@type\":\"PropertyValueSpecification\",\"valueRequired\":true,\"valueName\":\"search_term_string\"}}],\"inLanguage\":\"en-US\"},{\"@type\":\"Organization\",\"@id\":\"https:\/\/videomappingcenter.com\/?lang=en\/#organization\",\"name\":\"Video Mapping European Center\",\"url\":\"https:\/\/videomappingcenter.com\/?lang=en\/\",\"logo\":{\"@type\":\"ImageObject\",\"inLanguage\":\"en-US\",\"@id\":\"https:\/\/videomappingcenter.com\/?lang=en\/#\/schema\/logo\/image\/\",\"url\":\"https:\/\/videomappingcenter.com\/wp-content\/uploads\/2017\/07\/logo-v3.png\",\"contentUrl\":\"https:\/\/videomappingcenter.com\/wp-content\/uploads\/2017\/07\/logo-v3.png\",\"width\":300,\"height\":135,\"caption\":\"Video Mapping European Center\"},\"image\":{\"@id\":\"https:\/\/videomappingcenter.com\/?lang=en\/#\/schema\/logo\/image\/\"}},{\"@type\":\"Person\",\"@id\":\"https:\/\/videomappingcenter.com\/?lang=en\/#\/schema\/person\/b4e7ccbceddeda732fa7de831d7b0c1c\",\"name\":\"Webmaster\",\"image\":{\"@type\":\"ImageObject\",\"inLanguage\":\"en-US\",\"@id\":\"https:\/\/videomappingcenter.com\/?lang=en\/#\/schema\/person\/image\/\",\"url\":\"https:\/\/videomappingcenter.com\/wp-content\/uploads\/2017\/07\/avatar.jpg\",\"contentUrl\":\"https:\/\/videomappingcenter.com\/wp-content\/uploads\/2017\/07\/avatar.jpg\",\"caption\":\"Webmaster\"}}]}<\/script>\n<!-- \/ Yoast SEO plugin. -->","yoast_head_json":{"title":"VIDEO MAPPING ON LILLE OPERA HOUSE \u2013 F\u00eate de l\u2019anim\u2019 2015 | Video Mapping European Center","robots":{"index":"index","follow":"follow","max-snippet":"max-snippet:-1","max-image-preview":"max-image-preview:large","max-video-preview":"max-video-preview:-1"},"canonical":"https:\/\/videomappingcenter.com\/mapping-opera-de-lille-fete-de-lanim-2015\/","og_locale":"en_US","og_type":"article","og_title":"VIDEO MAPPING ON LILLE OPERA HOUSE \u2013 F\u00eate de l\u2019anim\u2019 2015 | Video Mapping European Center","og_description":"Video mapping piece created especially for the F\u00eate de l\u2019Anim by students from the leading European animation schools and professionals, during a workshop supervised by Tam\u00e1s Z\u00e1dor, creator of the Hungarian collective Ki\u00e9g\u0151 Izz\u00f3k (Glowing Bulbs), and Ludovic Burczykowski, a Lille artist specialising in video mapping (sound creation: Aleksi Aubry-Carlson). Workshop from 24 to 26 [&hellip;]","og_url":"https:\/\/videomappingcenter.com\/mapping-opera-de-lille-fete-de-lanim-2015\/","og_site_name":"Video Mapping European Center","article_published_time":"2015-04-10T03:07:06+00:00","article_modified_time":"2019-01-15T14:13:09+00:00","og_image":[{"width":640,"height":360,"url":"https:\/\/videomappingcenter.com\/wp-content\/uploads\/2017\/09\/mapping-sur-lopera-de-lille-fete-2.jpg","type":"image\/jpeg"}],"author":"Webmaster","twitter_card":"summary_large_image","twitter_misc":{"Written by":"Webmaster","Est. reading time":"1 minute"},"schema":{"@context":"https:\/\/schema.org","@graph":[{"@type":"Article","@id":"https:\/\/videomappingcenter.com\/mapping-opera-de-lille-fete-de-lanim-2015\/#article","isPartOf":{"@id":"https:\/\/videomappingcenter.com\/mapping-opera-de-lille-fete-de-lanim-2015\/"},"author":{"name":"Webmaster","@id":"https:\/\/videomappingcenter.com\/?lang=en\/#\/schema\/person\/b4e7ccbceddeda732fa7de831d7b0c1c"},"headline":"VIDEO MAPPING ON LILLE OPERA HOUSE \u2013 F\u00eate de l\u2019anim\u2019 2015","datePublished":"2015-04-10T03:07:06+00:00","dateModified":"2019-01-15T14:13:09+00:00","mainEntityOfPage":{"@id":"https:\/\/videomappingcenter.com\/mapping-opera-de-lille-fete-de-lanim-2015\/"},"wordCount":203,"publisher":{"@id":"https:\/\/videomappingcenter.com\/?lang=en\/#organization"},"image":{"@id":"https:\/\/videomappingcenter.com\/mapping-opera-de-lille-fete-de-lanim-2015\/#primaryimage"},"thumbnailUrl":"https:\/\/videomappingcenter.com\/wp-content\/uploads\/2017\/09\/mapping-sur-lopera-de-lille-fete-2.jpg","keywords":["2015","Aleksi Aubry-Carlson","Ephemeral","F\u00eate de l\u2019anim\u2019","Frontal","Hauts-de-France","Lille","Lille","Lille Opera House","linear","Ludovic Burczykowski","Monument video mapping","Opera of Lille","Outdoor","Tam\u00e1s Z\u00e1dor","Workshop"],"articleSection":["Other Events","Workshop"],"inLanguage":"en-US"},{"@type":"WebPage","@id":"https:\/\/videomappingcenter.com\/mapping-opera-de-lille-fete-de-lanim-2015\/","url":"https:\/\/videomappingcenter.com\/mapping-opera-de-lille-fete-de-lanim-2015\/","name":"VIDEO MAPPING ON LILLE OPERA HOUSE \u2013 F\u00eate de l\u2019anim\u2019 2015 | Video Mapping European Center","isPartOf":{"@id":"https:\/\/videomappingcenter.com\/?lang=en\/#website"},"primaryImageOfPage":{"@id":"https:\/\/videomappingcenter.com\/mapping-opera-de-lille-fete-de-lanim-2015\/#primaryimage"},"image":{"@id":"https:\/\/videomappingcenter.com\/mapping-opera-de-lille-fete-de-lanim-2015\/#primaryimage"},"thumbnailUrl":"https:\/\/videomappingcenter.com\/wp-content\/uploads\/2017\/09\/mapping-sur-lopera-de-lille-fete-2.jpg","datePublished":"2015-04-10T03:07:06+00:00","dateModified":"2019-01-15T14:13:09+00:00","breadcrumb":{"@id":"https:\/\/videomappingcenter.com\/mapping-opera-de-lille-fete-de-lanim-2015\/#breadcrumb"},"inLanguage":"en-US","potentialAction":[{"@type":"ReadAction","target":["https:\/\/videomappingcenter.com\/mapping-opera-de-lille-fete-de-lanim-2015\/"]}]},{"@type":"ImageObject","inLanguage":"en-US","@id":"https:\/\/videomappingcenter.com\/mapping-opera-de-lille-fete-de-lanim-2015\/#primaryimage","url":"https:\/\/videomappingcenter.com\/wp-content\/uploads\/2017\/09\/mapping-sur-lopera-de-lille-fete-2.jpg","contentUrl":"https:\/\/videomappingcenter.com\/wp-content\/uploads\/2017\/09\/mapping-sur-lopera-de-lille-fete-2.jpg","width":"640","height":"360"},{"@type":"BreadcrumbList","@id":"https:\/\/videomappingcenter.com\/mapping-opera-de-lille-fete-de-lanim-2015\/#breadcrumb","itemListElement":[{"@type":"ListItem","position":1,"name":"Accueil","item":"https:\/\/videomappingcenter.com\/"},{"@type":"ListItem","position":2,"name":"VIDEO MAPPING ON LILLE OPERA HOUSE \u2013 F\u00eate de l\u2019anim\u2019 2015"}]},{"@type":"WebSite","@id":"https:\/\/videomappingcenter.com\/?lang=en\/#website","url":"https:\/\/videomappingcenter.com\/?lang=en\/","name":"Video Mapping European Center","description":"Video Mapping European Center","publisher":{"@id":"https:\/\/videomappingcenter.com\/?lang=en\/#organization"},"potentialAction":[{"@type":"SearchAction","target":{"@type":"EntryPoint","urlTemplate":"https:\/\/videomappingcenter.com\/?lang=en\/?s={search_term_string}"},"query-input":{"@type":"PropertyValueSpecification","valueRequired":true,"valueName":"search_term_string"}}],"inLanguage":"en-US"},{"@type":"Organization","@id":"https:\/\/videomappingcenter.com\/?lang=en\/#organization","name":"Video Mapping European Center","url":"https:\/\/videomappingcenter.com\/?lang=en\/","logo":{"@type":"ImageObject","inLanguage":"en-US","@id":"https:\/\/videomappingcenter.com\/?lang=en\/#\/schema\/logo\/image\/","url":"https:\/\/videomappingcenter.com\/wp-content\/uploads\/2017\/07\/logo-v3.png","contentUrl":"https:\/\/videomappingcenter.com\/wp-content\/uploads\/2017\/07\/logo-v3.png","width":300,"height":135,"caption":"Video Mapping European Center"},"image":{"@id":"https:\/\/videomappingcenter.com\/?lang=en\/#\/schema\/logo\/image\/"}},{"@type":"Person","@id":"https:\/\/videomappingcenter.com\/?lang=en\/#\/schema\/person\/b4e7ccbceddeda732fa7de831d7b0c1c","name":"Webmaster","image":{"@type":"ImageObject","inLanguage":"en-US","@id":"https:\/\/videomappingcenter.com\/?lang=en\/#\/schema\/person\/image\/","url":"https:\/\/videomappingcenter.com\/wp-content\/uploads\/2017\/07\/avatar.jpg","contentUrl":"https:\/\/videomappingcenter.com\/wp-content\/uploads\/2017\/07\/avatar.jpg","caption":"Webmaster"}}]}},"_links":{"self":[{"href":"https:\/\/videomappingcenter.com\/en\/wp-json\/wp\/v2\/posts\/1404","targetHints":{"allow":["GET"]}}],"collection":[{"href":"https:\/\/videomappingcenter.com\/en\/wp-json\/wp\/v2\/posts"}],"about":[{"href":"https:\/\/videomappingcenter.com\/en\/wp-json\/wp\/v2\/types\/post"}],"author":[{"embeddable":true,"href":"https:\/\/videomappingcenter.com\/en\/wp-json\/wp\/v2\/users\/2"}],"replies":[{"embeddable":true,"href":"https:\/\/videomappingcenter.com\/en\/wp-json\/wp\/v2\/comments?post=1404"}],"version-history":[{"count":0,"href":"https:\/\/videomappingcenter.com\/en\/wp-json\/wp\/v2\/posts\/1404\/revisions"}],"wp:featuredmedia":[{"embeddable":true,"href":"https:\/\/videomappingcenter.com\/en\/wp-json\/wp\/v2\/media\/2230"}],"wp:attachment":[{"href":"https:\/\/videomappingcenter.com\/en\/wp-json\/wp\/v2\/media?parent=1404"}],"wp:term":[{"taxonomy":"category","embeddable":true,"href":"https:\/\/videomappingcenter.com\/en\/wp-json\/wp\/v2\/categories?post=1404"},{"taxonomy":"post_tag","embeddable":true,"href":"https:\/\/videomappingcenter.com\/en\/wp-json\/wp\/v2\/tags?post=1404"},{"taxonomy":"item-prod","embeddable":true,"href":"https:\/\/videomappingcenter.com\/en\/wp-json\/wp\/v2\/item-prod?post=1404"},{"taxonomy":"item-mapping","embeddable":true,"href":"https:\/\/videomappingcenter.com\/en\/wp-json\/wp\/v2\/item-mapping?post=1404"},{"taxonomy":"item-lieu","embeddable":true,"href":"https:\/\/videomappingcenter.com\/en\/wp-json\/wp\/v2\/item-lieu?post=1404"},{"taxonomy":"item-dates","embeddable":true,"href":"https:\/\/videomappingcenter.com\/en\/wp-json\/wp\/v2\/item-dates?post=1404"}],"curies":[{"name":"wp","href":"https:\/\/api.w.org\/{rel}","templated":true}]}}