{"id":1414,"date":"2015-10-05T05:13:33","date_gmt":"2015-10-05T03:13:33","guid":{"rendered":"https:\/\/videomappingcenter.com\/2015\/10\/05\/workshop-musee-23e-siecle-euranim-septembre-2015\/"},"modified":"2021-01-06T11:52:02","modified_gmt":"2021-01-06T10:52:02","slug":"workshop-musee-23e-siecle-euranim-septembre-2015","status":"publish","type":"post","link":"https:\/\/videomappingcenter.com\/en\/workshop-musee-23e-siecle-euranim-septembre-2015\/","title":{"rendered":"WORKSHOP \u2013 LE MUS\u00c9E DU 23<sup>E<\/sup> SI\u00c8CLE \u2013 Euranim, September 2015"},"content":{"rendered":"<p><iframe loading=\"lazy\" title=\"Video Mapping Workshop and Showcase event \/\/ September 2015 \/\/ Lille (FR)\" src=\"https:\/\/player.vimeo.com\/video\/497269444?dnt=1&amp;app_id=122963\" width=\"1104\" height=\"621\" frameborder=\"0\" allow=\"autoplay; fullscreen\" allowfullscreen><\/iframe><\/p>\n<p>In September 2015, about 30 students from all over Europe came to Lille to participate to a 7 days workshop on video mapping. With a background in animation and graphic design they learnt how to cooperate with each other to create video mapping installations.<br \/>\nEveryday objects lent by people from Lille were turned into art pieces and \u201cmapped\u201d by these students. Through the exhibition of their creations, they imagined a museum of the future bearing testimony of the life of Lille inhabitants in 2015\u2026 an unusual and futuristic experience!<\/p>\n<p>The workshop and the video mapping exhibition were the first two activities of the Euranim project. The event was an opportunity to launch the activities of the three years to come that will be filled with collaborations and exchanges between schools, students and young professionals working on video mapping in Europe.<\/p>\n<p><em>Workshop: Monday 7<sup>th<\/sup> &gt; Monday 14<sup>th<\/sup> of September 2015<\/em><br \/>\n<em>Exhibition: Monday 14<sup>th<\/sup> &gt; Saturday 26<sup>th<\/sup> of September 2015<\/em><br \/>\n<em>Opening: Monday 14<sup>th<\/sup> September 2015 from 7pm in L\u2019hybride as part of the opening of the 15<sup>th<\/sup> International Short Film Festival in Lille<\/em><\/p>\n<p><strong>Training staff<\/strong><br \/>\nSamy Barras, Ludovic Burczykowski, Tam\u00e1s Z\u00e1dor<\/p>\n<p><strong>Creative teams<\/strong><br \/>\nASP \u2013 Katowice (Poland)<br \/>\nBart\u0142omiej Leszek<br \/>\nIrmina Tota<br \/>\nMateusz Trytek<\/p>\n<p>Leeds Beckett University \u2013 Leeds (United Kingdom)<br \/>\nJosh Seelan<br \/>\nCahyle Smith<\/p>\n<p>College of Art \u2013 Leeds (United Kingdom)<br \/>\nOscar Barany<\/p>\n<p>ECV \u2013 Lille (France)<br \/>\nAntoine Dhont<br \/>\nJoseph Loche<\/p>\n<p>\u00c9saat \u2013 Roubaix (France)<br \/>\nCamille Lonchampt<br \/>\nJuliette Paquet<\/p>\n<p>Howest \u2013 Courtrai (Belgium)<br \/>\nMathias Aerts<br \/>\nBert Steyaert<\/p>\n<p>KASK \u2013 Gand (Belgium)<br \/>\nJasmijn Cedee<br \/>\nFelix Dhuys<br \/>\nHannes Legrand<br \/>\nJef Staut<br \/>\nLiene Straupe<\/p>\n<p>MOME \u2013 Budapest (Hungary)<br \/>\nDaniel Cseh<br \/>\nMira Zeno<\/p>\n<p>Plymouth College of Art \u2013 Plymouth (United Kingdom)<br \/>\nTim Franklin<br \/>\nTom Callis<\/p>\n<p>The Animation Workshop \u2013 Viborg (Denmark)<br \/>\nLeonard Bismuth<br \/>\nIsak Howalt Owe<\/p>\n<p>Turku University of Applied Sciences \u2013 Turku (Finland)<br \/>\nMika Kosinen<br \/>\nHeta Okkonen<\/p>\n<p><strong>Works produced:<\/strong><br \/>\n&gt; NES &#8211; Mysteerinen esine menneisyydest\u00e4<br \/>\nL\u00e9onard Bismuth (Fr) \/ Mika Koskinen (Fi) \/ Camille Lonchampt (Fr) \/ Josh Seelan (Uk)<br \/>\n&gt; The Renaissance of the bidet<br \/>\nAntoine Dhondt (Fr) \/ Z\u00e9n\u00f3 Mira (Hu) \/ Heta Okkonen (Fi) \/ Mateusz Trytek (Pl)<br \/>\n&gt; Tempus Fugit<br \/>\nMathias Aert (Be) \/ Juliette Paquet (Fr) \/ Cahyle Smith (Uk) \/ Bert Steyaert (Be) \/ Irmina Tota (Pl)<br \/>\n&gt; guitar<br \/>\nJasmijn Cedee (Be) \/ Isak Howalt Owe (Dk) \/ Bartlomiej Leszek (Pl) \/ Joseph Loche (Fr)<br \/>\n&gt; Past Lights<br \/>\nOscar Barany \/ Thomas Callis \/ Timothy Franklin (Uk)<br \/>\n&gt; Buste de Flore<br \/>\nSamy Barras \/ Ludovic Burczykowski \/ Maud Sertour (Fr)<\/p>\n<p><em>In the framework of the European Heritage day celebrations in line with the national theme \u201cHeritage of the 21<sup>st<\/sup> Century, a history of the future\u201d.<\/em><br \/>\n<em>With the support of the Creative Europe programme of the European Union, the City of Lille and the Nord-Pas de Calais Region.<\/em><\/p>\n<div class=\"simple-taxonomy\">\n\t<div class=\"taxonomy-item-prod\"><a href=\"https:\/\/videomappingcenter.com\/en\/item-prod\/evenement\/\" rel=\"tag\">Event<\/a>, <a href=\"https:\/\/videomappingcenter.com\/en\/item-prod\/training\/\" rel=\"tag\">Training<\/a><\/div>\n\t<div class=\"taxonomy-item-mapping\"><a href=\"https:\/\/videomappingcenter.com\/en\/item-mapping\/mapping-sur-objet\/\" rel=\"tag\">Object video mapping<\/a><\/div>\n\t<!-- Taxonomy : item-lieu : No Terms found -->\n\t<div class=\"taxonomy-item-dates\"><a href=\"https:\/\/videomappingcenter.com\/en\/item-dates\/2015\/\" rel=\"tag\">2015<\/a><\/div>\n\n<\/div>\n","protected":false},"excerpt":{"rendered":"<p>In September 2015, about 30 students from all over Europe came to Lille to participate to a 7 days workshop on video mapping. With a background in animation and graphic design they learnt how to cooperate with each other to create video mapping installations. Everyday objects lent by people from Lille were turned into art [&hellip;]<\/p>\n<div class=\"simple-taxonomy\">\n\t<div class=\"taxonomy-item-prod\"><a href=\"https:\/\/videomappingcenter.com\/en\/item-prod\/evenement\/\" rel=\"tag\">Event<\/a>, <a href=\"https:\/\/videomappingcenter.com\/en\/item-prod\/training\/\" rel=\"tag\">Training<\/a><\/div>\n\t<div class=\"taxonomy-item-mapping\"><a href=\"https:\/\/videomappingcenter.com\/en\/item-mapping\/mapping-sur-objet\/\" rel=\"tag\">Object video mapping<\/a><\/div>\n\t<!-- Taxonomy : item-lieu : No Terms found -->\n\t<div class=\"taxonomy-item-dates\"><a href=\"https:\/\/videomappingcenter.com\/en\/item-dates\/2015\/\" rel=\"tag\">2015<\/a><\/div>\n\n<\/div>\n","protected":false},"author":2,"featured_media":1413,"comment_status":"closed","ping_status":"closed","sticky":false,"template":"","format":"standard","meta":{"footnotes":""},"categories":[150,145],"tags":[227,343,290,190,111,206,339,50],"item-prod":[157,153],"item-mapping":[159],"item-lieu":[],"item-dates":[172],"class_list":["post-1414","post","type-post","status-publish","format-standard","has-post-thumbnail","hentry","category-others-events","category-workshop-en","tag-227","tag-euranim","tag-festival-international-du-court-metrage","tag-ludovic-burczykowski","tag-object-video-mapping","tag-samy-barras","tag-tamas-zador","tag-workshop","item-prod-evenement","item-prod-training","item-mapping-mapping-sur-objet","item-dates-172"],"yoast_head":"<!-- This site is optimized with the Yoast SEO plugin v25.8 - https:\/\/yoast.com\/wordpress\/plugins\/seo\/ -->\n<title>WORKSHOP \u2013 LE MUS\u00c9E DU 23E SI\u00c8CLE \u2013 Euranim, September 2015 | Video Mapping European Center<\/title>\n<meta name=\"robots\" content=\"index, follow, max-snippet:-1, max-image-preview:large, max-video-preview:-1\" \/>\n<link rel=\"canonical\" href=\"https:\/\/videomappingcenter.com\/workshop-musee-23e-siecle-euranim-septembre-2015\/\" \/>\n<meta property=\"og:locale\" content=\"en_US\" \/>\n<meta property=\"og:type\" content=\"article\" \/>\n<meta property=\"og:title\" content=\"WORKSHOP \u2013 LE MUS\u00c9E DU 23E SI\u00c8CLE \u2013 Euranim, September 2015 | Video Mapping European Center\" \/>\n<meta property=\"og:description\" content=\"In September 2015, about 30 students from all over Europe came to Lille to participate to a 7 days workshop on video mapping. With a background in animation and graphic design they learnt how to cooperate with each other to create video mapping installations. Everyday objects lent by people from Lille were turned into art [&hellip;]\" \/>\n<meta property=\"og:url\" content=\"https:\/\/videomappingcenter.com\/workshop-musee-23e-siecle-euranim-septembre-2015\/\" \/>\n<meta property=\"og:site_name\" content=\"Video Mapping European Center\" \/>\n<meta property=\"article:published_time\" content=\"2015-10-05T03:13:33+00:00\" \/>\n<meta property=\"article:modified_time\" content=\"2021-01-06T10:52:02+00:00\" \/>\n<meta property=\"og:image\" content=\"https:\/\/videomappingcenter.com\/wp-content\/uploads\/2017\/09\/workshop-le-musee-du-23e-siecle.jpg\" \/>\n\t<meta property=\"og:image:width\" content=\"640\" \/>\n\t<meta property=\"og:image:height\" content=\"360\" \/>\n\t<meta property=\"og:image:type\" content=\"image\/jpeg\" \/>\n<meta name=\"author\" content=\"Webmaster\" \/>\n<meta name=\"twitter:card\" content=\"summary_large_image\" \/>\n<meta name=\"twitter:label1\" content=\"Written by\" \/>\n\t<meta name=\"twitter:data1\" content=\"Webmaster\" \/>\n\t<meta name=\"twitter:label2\" content=\"Est. reading time\" \/>\n\t<meta name=\"twitter:data2\" content=\"2 minutes\" \/>\n<script type=\"application\/ld+json\" class=\"yoast-schema-graph\">{\"@context\":\"https:\/\/schema.org\",\"@graph\":[{\"@type\":\"Article\",\"@id\":\"https:\/\/videomappingcenter.com\/workshop-musee-23e-siecle-euranim-septembre-2015\/#article\",\"isPartOf\":{\"@id\":\"https:\/\/videomappingcenter.com\/workshop-musee-23e-siecle-euranim-septembre-2015\/\"},\"author\":{\"name\":\"Webmaster\",\"@id\":\"https:\/\/videomappingcenter.com\/?lang=en\/#\/schema\/person\/b4e7ccbceddeda732fa7de831d7b0c1c\"},\"headline\":\"WORKSHOP \u2013 LE MUS\u00c9E DU 23E SI\u00c8CLE \u2013 Euranim, September 2015\",\"datePublished\":\"2015-10-05T03:13:33+00:00\",\"dateModified\":\"2021-01-06T10:52:02+00:00\",\"mainEntityOfPage\":{\"@id\":\"https:\/\/videomappingcenter.com\/workshop-musee-23e-siecle-euranim-septembre-2015\/\"},\"wordCount\":442,\"publisher\":{\"@id\":\"https:\/\/videomappingcenter.com\/?lang=en\/#organization\"},\"image\":{\"@id\":\"https:\/\/videomappingcenter.com\/workshop-musee-23e-siecle-euranim-septembre-2015\/#primaryimage\"},\"thumbnailUrl\":\"https:\/\/videomappingcenter.com\/wp-content\/uploads\/2017\/09\/workshop-le-musee-du-23e-siecle.jpg\",\"keywords\":[\"2015\",\"Euranim\",\"Festival International du Court M\u00e9trage\",\"Ludovic Burczykowski\",\"Object video mapping\",\"Samy Barras\",\"Tam\u00e1s Z\u00e1dor\",\"Workshop\"],\"articleSection\":[\"Other Events\",\"Workshop\"],\"inLanguage\":\"en-US\"},{\"@type\":\"WebPage\",\"@id\":\"https:\/\/videomappingcenter.com\/workshop-musee-23e-siecle-euranim-septembre-2015\/\",\"url\":\"https:\/\/videomappingcenter.com\/workshop-musee-23e-siecle-euranim-septembre-2015\/\",\"name\":\"WORKSHOP \u2013 LE MUS\u00c9E DU 23E SI\u00c8CLE \u2013 Euranim, September 2015 | Video Mapping European Center\",\"isPartOf\":{\"@id\":\"https:\/\/videomappingcenter.com\/?lang=en\/#website\"},\"primaryImageOfPage\":{\"@id\":\"https:\/\/videomappingcenter.com\/workshop-musee-23e-siecle-euranim-septembre-2015\/#primaryimage\"},\"image\":{\"@id\":\"https:\/\/videomappingcenter.com\/workshop-musee-23e-siecle-euranim-septembre-2015\/#primaryimage\"},\"thumbnailUrl\":\"https:\/\/videomappingcenter.com\/wp-content\/uploads\/2017\/09\/workshop-le-musee-du-23e-siecle.jpg\",\"datePublished\":\"2015-10-05T03:13:33+00:00\",\"dateModified\":\"2021-01-06T10:52:02+00:00\",\"breadcrumb\":{\"@id\":\"https:\/\/videomappingcenter.com\/workshop-musee-23e-siecle-euranim-septembre-2015\/#breadcrumb\"},\"inLanguage\":\"en-US\",\"potentialAction\":[{\"@type\":\"ReadAction\",\"target\":[\"https:\/\/videomappingcenter.com\/workshop-musee-23e-siecle-euranim-septembre-2015\/\"]}]},{\"@type\":\"ImageObject\",\"inLanguage\":\"en-US\",\"@id\":\"https:\/\/videomappingcenter.com\/workshop-musee-23e-siecle-euranim-septembre-2015\/#primaryimage\",\"url\":\"https:\/\/videomappingcenter.com\/wp-content\/uploads\/2017\/09\/workshop-le-musee-du-23e-siecle.jpg\",\"contentUrl\":\"https:\/\/videomappingcenter.com\/wp-content\/uploads\/2017\/09\/workshop-le-musee-du-23e-siecle.jpg\",\"width\":640,\"height\":360},{\"@type\":\"BreadcrumbList\",\"@id\":\"https:\/\/videomappingcenter.com\/workshop-musee-23e-siecle-euranim-septembre-2015\/#breadcrumb\",\"itemListElement\":[{\"@type\":\"ListItem\",\"position\":1,\"name\":\"Accueil\",\"item\":\"https:\/\/videomappingcenter.com\/\"},{\"@type\":\"ListItem\",\"position\":2,\"name\":\"WORKSHOP \u2013 LE MUS\u00c9E DU 23E SI\u00c8CLE \u2013 Euranim, September 2015\"}]},{\"@type\":\"WebSite\",\"@id\":\"https:\/\/videomappingcenter.com\/?lang=en\/#website\",\"url\":\"https:\/\/videomappingcenter.com\/?lang=en\/\",\"name\":\"Video Mapping European Center\",\"description\":\"Video Mapping European Center\",\"publisher\":{\"@id\":\"https:\/\/videomappingcenter.com\/?lang=en\/#organization\"},\"potentialAction\":[{\"@type\":\"SearchAction\",\"target\":{\"@type\":\"EntryPoint\",\"urlTemplate\":\"https:\/\/videomappingcenter.com\/?lang=en\/?s={search_term_string}\"},\"query-input\":{\"@type\":\"PropertyValueSpecification\",\"valueRequired\":true,\"valueName\":\"search_term_string\"}}],\"inLanguage\":\"en-US\"},{\"@type\":\"Organization\",\"@id\":\"https:\/\/videomappingcenter.com\/?lang=en\/#organization\",\"name\":\"Video Mapping European Center\",\"url\":\"https:\/\/videomappingcenter.com\/?lang=en\/\",\"logo\":{\"@type\":\"ImageObject\",\"inLanguage\":\"en-US\",\"@id\":\"https:\/\/videomappingcenter.com\/?lang=en\/#\/schema\/logo\/image\/\",\"url\":\"https:\/\/videomappingcenter.com\/wp-content\/uploads\/2017\/07\/logo-v3.png\",\"contentUrl\":\"https:\/\/videomappingcenter.com\/wp-content\/uploads\/2017\/07\/logo-v3.png\",\"width\":300,\"height\":135,\"caption\":\"Video Mapping European Center\"},\"image\":{\"@id\":\"https:\/\/videomappingcenter.com\/?lang=en\/#\/schema\/logo\/image\/\"}},{\"@type\":\"Person\",\"@id\":\"https:\/\/videomappingcenter.com\/?lang=en\/#\/schema\/person\/b4e7ccbceddeda732fa7de831d7b0c1c\",\"name\":\"Webmaster\",\"image\":{\"@type\":\"ImageObject\",\"inLanguage\":\"en-US\",\"@id\":\"https:\/\/videomappingcenter.com\/?lang=en\/#\/schema\/person\/image\/\",\"url\":\"https:\/\/videomappingcenter.com\/wp-content\/uploads\/2017\/07\/avatar.jpg\",\"contentUrl\":\"https:\/\/videomappingcenter.com\/wp-content\/uploads\/2017\/07\/avatar.jpg\",\"caption\":\"Webmaster\"}}]}<\/script>\n<!-- \/ Yoast SEO plugin. -->","yoast_head_json":{"title":"WORKSHOP \u2013 LE MUS\u00c9E DU 23E SI\u00c8CLE \u2013 Euranim, September 2015 | Video Mapping European Center","robots":{"index":"index","follow":"follow","max-snippet":"max-snippet:-1","max-image-preview":"max-image-preview:large","max-video-preview":"max-video-preview:-1"},"canonical":"https:\/\/videomappingcenter.com\/workshop-musee-23e-siecle-euranim-septembre-2015\/","og_locale":"en_US","og_type":"article","og_title":"WORKSHOP \u2013 LE MUS\u00c9E DU 23E SI\u00c8CLE \u2013 Euranim, September 2015 | Video Mapping European Center","og_description":"In September 2015, about 30 students from all over Europe came to Lille to participate to a 7 days workshop on video mapping. With a background in animation and graphic design they learnt how to cooperate with each other to create video mapping installations. Everyday objects lent by people from Lille were turned into art [&hellip;]","og_url":"https:\/\/videomappingcenter.com\/workshop-musee-23e-siecle-euranim-septembre-2015\/","og_site_name":"Video Mapping European Center","article_published_time":"2015-10-05T03:13:33+00:00","article_modified_time":"2021-01-06T10:52:02+00:00","og_image":[{"width":640,"height":360,"url":"https:\/\/videomappingcenter.com\/wp-content\/uploads\/2017\/09\/workshop-le-musee-du-23e-siecle.jpg","type":"image\/jpeg"}],"author":"Webmaster","twitter_card":"summary_large_image","twitter_misc":{"Written by":"Webmaster","Est. reading time":"2 minutes"},"schema":{"@context":"https:\/\/schema.org","@graph":[{"@type":"Article","@id":"https:\/\/videomappingcenter.com\/workshop-musee-23e-siecle-euranim-septembre-2015\/#article","isPartOf":{"@id":"https:\/\/videomappingcenter.com\/workshop-musee-23e-siecle-euranim-septembre-2015\/"},"author":{"name":"Webmaster","@id":"https:\/\/videomappingcenter.com\/?lang=en\/#\/schema\/person\/b4e7ccbceddeda732fa7de831d7b0c1c"},"headline":"WORKSHOP \u2013 LE MUS\u00c9E DU 23E SI\u00c8CLE \u2013 Euranim, September 2015","datePublished":"2015-10-05T03:13:33+00:00","dateModified":"2021-01-06T10:52:02+00:00","mainEntityOfPage":{"@id":"https:\/\/videomappingcenter.com\/workshop-musee-23e-siecle-euranim-septembre-2015\/"},"wordCount":442,"publisher":{"@id":"https:\/\/videomappingcenter.com\/?lang=en\/#organization"},"image":{"@id":"https:\/\/videomappingcenter.com\/workshop-musee-23e-siecle-euranim-septembre-2015\/#primaryimage"},"thumbnailUrl":"https:\/\/videomappingcenter.com\/wp-content\/uploads\/2017\/09\/workshop-le-musee-du-23e-siecle.jpg","keywords":["2015","Euranim","Festival International du Court M\u00e9trage","Ludovic Burczykowski","Object video mapping","Samy Barras","Tam\u00e1s Z\u00e1dor","Workshop"],"articleSection":["Other Events","Workshop"],"inLanguage":"en-US"},{"@type":"WebPage","@id":"https:\/\/videomappingcenter.com\/workshop-musee-23e-siecle-euranim-septembre-2015\/","url":"https:\/\/videomappingcenter.com\/workshop-musee-23e-siecle-euranim-septembre-2015\/","name":"WORKSHOP \u2013 LE MUS\u00c9E DU 23E SI\u00c8CLE \u2013 Euranim, September 2015 | Video Mapping European Center","isPartOf":{"@id":"https:\/\/videomappingcenter.com\/?lang=en\/#website"},"primaryImageOfPage":{"@id":"https:\/\/videomappingcenter.com\/workshop-musee-23e-siecle-euranim-septembre-2015\/#primaryimage"},"image":{"@id":"https:\/\/videomappingcenter.com\/workshop-musee-23e-siecle-euranim-septembre-2015\/#primaryimage"},"thumbnailUrl":"https:\/\/videomappingcenter.com\/wp-content\/uploads\/2017\/09\/workshop-le-musee-du-23e-siecle.jpg","datePublished":"2015-10-05T03:13:33+00:00","dateModified":"2021-01-06T10:52:02+00:00","breadcrumb":{"@id":"https:\/\/videomappingcenter.com\/workshop-musee-23e-siecle-euranim-septembre-2015\/#breadcrumb"},"inLanguage":"en-US","potentialAction":[{"@type":"ReadAction","target":["https:\/\/videomappingcenter.com\/workshop-musee-23e-siecle-euranim-septembre-2015\/"]}]},{"@type":"ImageObject","inLanguage":"en-US","@id":"https:\/\/videomappingcenter.com\/workshop-musee-23e-siecle-euranim-septembre-2015\/#primaryimage","url":"https:\/\/videomappingcenter.com\/wp-content\/uploads\/2017\/09\/workshop-le-musee-du-23e-siecle.jpg","contentUrl":"https:\/\/videomappingcenter.com\/wp-content\/uploads\/2017\/09\/workshop-le-musee-du-23e-siecle.jpg","width":640,"height":360},{"@type":"BreadcrumbList","@id":"https:\/\/videomappingcenter.com\/workshop-musee-23e-siecle-euranim-septembre-2015\/#breadcrumb","itemListElement":[{"@type":"ListItem","position":1,"name":"Accueil","item":"https:\/\/videomappingcenter.com\/"},{"@type":"ListItem","position":2,"name":"WORKSHOP \u2013 LE MUS\u00c9E DU 23E SI\u00c8CLE \u2013 Euranim, September 2015"}]},{"@type":"WebSite","@id":"https:\/\/videomappingcenter.com\/?lang=en\/#website","url":"https:\/\/videomappingcenter.com\/?lang=en\/","name":"Video Mapping European Center","description":"Video Mapping European Center","publisher":{"@id":"https:\/\/videomappingcenter.com\/?lang=en\/#organization"},"potentialAction":[{"@type":"SearchAction","target":{"@type":"EntryPoint","urlTemplate":"https:\/\/videomappingcenter.com\/?lang=en\/?s={search_term_string}"},"query-input":{"@type":"PropertyValueSpecification","valueRequired":true,"valueName":"search_term_string"}}],"inLanguage":"en-US"},{"@type":"Organization","@id":"https:\/\/videomappingcenter.com\/?lang=en\/#organization","name":"Video Mapping European Center","url":"https:\/\/videomappingcenter.com\/?lang=en\/","logo":{"@type":"ImageObject","inLanguage":"en-US","@id":"https:\/\/videomappingcenter.com\/?lang=en\/#\/schema\/logo\/image\/","url":"https:\/\/videomappingcenter.com\/wp-content\/uploads\/2017\/07\/logo-v3.png","contentUrl":"https:\/\/videomappingcenter.com\/wp-content\/uploads\/2017\/07\/logo-v3.png","width":300,"height":135,"caption":"Video Mapping European Center"},"image":{"@id":"https:\/\/videomappingcenter.com\/?lang=en\/#\/schema\/logo\/image\/"}},{"@type":"Person","@id":"https:\/\/videomappingcenter.com\/?lang=en\/#\/schema\/person\/b4e7ccbceddeda732fa7de831d7b0c1c","name":"Webmaster","image":{"@type":"ImageObject","inLanguage":"en-US","@id":"https:\/\/videomappingcenter.com\/?lang=en\/#\/schema\/person\/image\/","url":"https:\/\/videomappingcenter.com\/wp-content\/uploads\/2017\/07\/avatar.jpg","contentUrl":"https:\/\/videomappingcenter.com\/wp-content\/uploads\/2017\/07\/avatar.jpg","caption":"Webmaster"}}]}},"_links":{"self":[{"href":"https:\/\/videomappingcenter.com\/en\/wp-json\/wp\/v2\/posts\/1414","targetHints":{"allow":["GET"]}}],"collection":[{"href":"https:\/\/videomappingcenter.com\/en\/wp-json\/wp\/v2\/posts"}],"about":[{"href":"https:\/\/videomappingcenter.com\/en\/wp-json\/wp\/v2\/types\/post"}],"author":[{"embeddable":true,"href":"https:\/\/videomappingcenter.com\/en\/wp-json\/wp\/v2\/users\/2"}],"replies":[{"embeddable":true,"href":"https:\/\/videomappingcenter.com\/en\/wp-json\/wp\/v2\/comments?post=1414"}],"version-history":[{"count":0,"href":"https:\/\/videomappingcenter.com\/en\/wp-json\/wp\/v2\/posts\/1414\/revisions"}],"wp:featuredmedia":[{"embeddable":true,"href":"https:\/\/videomappingcenter.com\/en\/wp-json\/wp\/v2\/media\/1413"}],"wp:attachment":[{"href":"https:\/\/videomappingcenter.com\/en\/wp-json\/wp\/v2\/media?parent=1414"}],"wp:term":[{"taxonomy":"category","embeddable":true,"href":"https:\/\/videomappingcenter.com\/en\/wp-json\/wp\/v2\/categories?post=1414"},{"taxonomy":"post_tag","embeddable":true,"href":"https:\/\/videomappingcenter.com\/en\/wp-json\/wp\/v2\/tags?post=1414"},{"taxonomy":"item-prod","embeddable":true,"href":"https:\/\/videomappingcenter.com\/en\/wp-json\/wp\/v2\/item-prod?post=1414"},{"taxonomy":"item-mapping","embeddable":true,"href":"https:\/\/videomappingcenter.com\/en\/wp-json\/wp\/v2\/item-mapping?post=1414"},{"taxonomy":"item-lieu","embeddable":true,"href":"https:\/\/videomappingcenter.com\/en\/wp-json\/wp\/v2\/item-lieu?post=1414"},{"taxonomy":"item-dates","embeddable":true,"href":"https:\/\/videomappingcenter.com\/en\/wp-json\/wp\/v2\/item-dates?post=1414"}],"curies":[{"name":"wp","href":"https:\/\/api.w.org\/{rel}","templated":true}]}}