{"id":1429,"date":"2015-09-28T05:28:26","date_gmt":"2015-09-28T03:28:26","guid":{"rendered":"https:\/\/videomappingcenter.com\/2015\/09\/28\/el-futuro-segun-ayer-es-hoy-theatre-nord-lille-france-video-mapping-contest-2015\/"},"modified":"2019-01-15T14:47:35","modified_gmt":"2019-01-15T13:47:35","slug":"el-futuro-segun-ayer-es-hoy-theatre-nord-lille-france-video-mapping-contest-2015","status":"publish","type":"post","link":"https:\/\/videomappingcenter.com\/en\/el-futuro-segun-ayer-es-hoy-theatre-nord-lille-france-video-mapping-contest-2015\/","title":{"rendered":"EL FUTURO SEG\u00d9N AYER\u2026 ES HOY \u2013 Th\u00e9\u00e2tre du Nord, Lille, France \u2013 Video Mapping Contest 2015"},"content":{"rendered":"<p><iframe loading=\"lazy\" src=\"https:\/\/player.vimeo.com\/video\/140978196?app_id=122963\" width=\"1104\" height=\"621\" frameborder=\"0\" title=\"Video Mapping Contest 2015 : EL FUTURO SEG&Ugrave;N AYER&hellip; ES HOY\" allow=\"autoplay; fullscreen\" allowfullscreen><\/iframe><\/p>\n<p>In June 2015, Rencontres Audiovisuelles sent over to French and international students and professionals in audiovisual, animation film, digital arts, graphic design etc., a call for a video mapping contest, organised within the European Heritage days. Each work has been designed for the front fa\u00e7ade of the Th\u00e9\u00e2tre du Nord according to the theme \u201cHistory of the future\u201d.<\/p>\n<p>PANEL<br \/>\nJustine Beaujouan &#8211; Director of the Mapping Festival, Geneva<br \/>\nRob Delfgaauw &#8211; Founder of NuFormer<br \/>\nJulien Dubois &#8211; Assistant Mayor for Heritage, City of Lille<br \/>\nGilles Flouret &#8211; Project Manager, F\u00eate des Lumi\u00e8res, Lyon<br \/>\nAlain Grisval &#8211; Development Manager, Citeos<br \/>\nMichel Ocelot &#8211; Director of animated films<br \/>\nAbbe Robinson &#8211; Project Manager for the City of Leeds, coordinator of the Light Night Festival<\/p>\n<p><em>Organised by Rencontres Audiovisuelles, within the European Heritage days 2015.<\/em><br \/>\n<em>With the support of the Creative Europe programme of the European Union, TNCE project, the City of Lille and Citeos.<\/em><\/p>\n<div class=\"simple-taxonomy\">\n\t<div class=\"taxonomy-item-prod\"><a href=\"https:\/\/videomappingcenter.com\/en\/item-prod\/evenement\/\" rel=\"tag\">Event<\/a>, <a href=\"https:\/\/videomappingcenter.com\/en\/item-prod\/production\/\" rel=\"tag\">Production<\/a><\/div>\n\t<div class=\"taxonomy-item-mapping\"><a href=\"https:\/\/videomappingcenter.com\/en\/item-mapping\/mapping-monumental-en\/\" rel=\"tag\">Monument video mapping<\/a><\/div>\n\t<div class=\"taxonomy-item-lieu\"><a href=\"https:\/\/videomappingcenter.com\/en\/item-lieu\/hauts-de-france-en\/\" rel=\"tag\">Hauts-de-France<\/a><\/div>\n\t<div class=\"taxonomy-item-dates\"><a href=\"https:\/\/videomappingcenter.com\/en\/item-dates\/2015\/\" rel=\"tag\">2015<\/a><\/div>\n\n<\/div>\n","protected":false},"excerpt":{"rendered":"<p>In June 2015, Rencontres Audiovisuelles sent over to French and international students and professionals in audiovisual, animation film, digital arts, graphic design etc., a call for a video mapping contest, organised within the European Heritage days. Each work has been designed for the front fa\u00e7ade of the Th\u00e9\u00e2tre du Nord according to the theme \u201cHistory [&hellip;]<\/p>\n<div class=\"simple-taxonomy\">\n\t<div class=\"taxonomy-item-prod\"><a href=\"https:\/\/videomappingcenter.com\/en\/item-prod\/evenement\/\" rel=\"tag\">Event<\/a>, <a href=\"https:\/\/videomappingcenter.com\/en\/item-prod\/production\/\" rel=\"tag\">Production<\/a><\/div>\n\t<div class=\"taxonomy-item-mapping\"><a href=\"https:\/\/videomappingcenter.com\/en\/item-mapping\/mapping-monumental-en\/\" rel=\"tag\">Monument video mapping<\/a><\/div>\n\t<div class=\"taxonomy-item-lieu\"><a href=\"https:\/\/videomappingcenter.com\/en\/item-lieu\/hauts-de-france-en\/\" rel=\"tag\">Hauts-de-France<\/a><\/div>\n\t<div class=\"taxonomy-item-dates\"><a href=\"https:\/\/videomappingcenter.com\/en\/item-dates\/2015\/\" rel=\"tag\">2015<\/a><\/div>\n\n<\/div>\n","protected":false},"author":2,"featured_media":1428,"comment_status":"closed","ping_status":"closed","sticky":false,"template":"","format":"standard","meta":{"footnotes":""},"categories":[146,148],"tags":[234,356,357,124,247,106,117,358,359,131,360,136,120,361,110,116,105,362,363,107],"item-prod":[157,155],"item-mapping":[277],"item-lieu":[281],"item-dates":[172],"class_list":["post-1429","post","type-post","status-publish","format-standard","has-post-thumbnail","hentry","category-production-en","category-video-mapping-contest-en","tag-2015-en","tag-clemente-scherpereel-en","tag-diego-estay-en","tag-transcient","tag-european-heritage-days","tag-event","tag-front","tag-gaston-velez-en","tag-geek-media-en","tag-hauts-de-france-en","tag-leonardo-signorelli-en","tag-lille-en","tag-linear","tag-marcelo-diaz-en","tag-monument-video-mapping","tag-outdoor","tag-production-en","tag-ramiro-petitti-en","tag-theatre-du-nord-en","tag-video-mapping-contest-en","item-prod-evenement","item-prod-production","item-mapping-mapping-monumental-en","item-lieu-hauts-de-france-en","item-dates-172"],"yoast_head":"<!-- This site is optimized with the Yoast SEO plugin v25.8 - https:\/\/yoast.com\/wordpress\/plugins\/seo\/ -->\n<title>EL FUTURO SEG\u00d9N AYER\u2026 ES HOY \u2013 Th\u00e9\u00e2tre du Nord, Lille, France \u2013 Video Mapping Contest 2015 | Video Mapping European Center<\/title>\n<meta name=\"robots\" content=\"index, follow, max-snippet:-1, max-image-preview:large, max-video-preview:-1\" \/>\n<link rel=\"canonical\" href=\"https:\/\/videomappingcenter.com\/el-futuro-segun-ayer-es-hoy-theatre-nord-lille-france-video-mapping-contest-2015\/\" \/>\n<meta property=\"og:locale\" content=\"en_US\" \/>\n<meta property=\"og:type\" content=\"article\" \/>\n<meta property=\"og:title\" content=\"EL FUTURO SEG\u00d9N AYER\u2026 ES HOY \u2013 Th\u00e9\u00e2tre du Nord, Lille, France \u2013 Video Mapping Contest 2015 | Video Mapping European Center\" \/>\n<meta property=\"og:description\" content=\"In June 2015, Rencontres Audiovisuelles sent over to French and international students and professionals in audiovisual, animation film, digital arts, graphic design etc., a call for a video mapping contest, organised within the European Heritage days. Each work has been designed for the front fa\u00e7ade of the Th\u00e9\u00e2tre du Nord according to the theme \u201cHistory [&hellip;]\" \/>\n<meta property=\"og:url\" content=\"https:\/\/videomappingcenter.com\/el-futuro-segun-ayer-es-hoy-theatre-nord-lille-france-video-mapping-contest-2015\/\" \/>\n<meta property=\"og:site_name\" content=\"Video Mapping European Center\" \/>\n<meta property=\"article:published_time\" content=\"2015-09-28T03:28:26+00:00\" \/>\n<meta property=\"article:modified_time\" content=\"2019-01-15T13:47:35+00:00\" \/>\n<meta property=\"og:image\" content=\"https:\/\/videomappingcenter.com\/wp-content\/uploads\/2017\/09\/el-futuro-segun-ayer-es-hoy-thea.jpg\" \/>\n\t<meta property=\"og:image:width\" content=\"640\" \/>\n\t<meta property=\"og:image:height\" content=\"360\" \/>\n\t<meta property=\"og:image:type\" content=\"image\/jpeg\" \/>\n<meta name=\"author\" content=\"Webmaster\" \/>\n<meta name=\"twitter:card\" content=\"summary_large_image\" \/>\n<meta name=\"twitter:label1\" content=\"Written by\" \/>\n\t<meta name=\"twitter:data1\" content=\"Webmaster\" \/>\n\t<meta name=\"twitter:label2\" content=\"Est. reading time\" \/>\n\t<meta name=\"twitter:data2\" content=\"1 minute\" \/>\n<script type=\"application\/ld+json\" class=\"yoast-schema-graph\">{\"@context\":\"https:\/\/schema.org\",\"@graph\":[{\"@type\":\"Article\",\"@id\":\"https:\/\/videomappingcenter.com\/el-futuro-segun-ayer-es-hoy-theatre-nord-lille-france-video-mapping-contest-2015\/#article\",\"isPartOf\":{\"@id\":\"https:\/\/videomappingcenter.com\/el-futuro-segun-ayer-es-hoy-theatre-nord-lille-france-video-mapping-contest-2015\/\"},\"author\":{\"name\":\"Webmaster\",\"@id\":\"https:\/\/videomappingcenter.com\/?lang=en\/#\/schema\/person\/b4e7ccbceddeda732fa7de831d7b0c1c\"},\"headline\":\"EL FUTURO SEG\u00d9N AYER\u2026 ES HOY \u2013 Th\u00e9\u00e2tre du Nord, Lille, France \u2013 Video Mapping Contest 2015\",\"datePublished\":\"2015-09-28T03:28:26+00:00\",\"dateModified\":\"2019-01-15T13:47:35+00:00\",\"mainEntityOfPage\":{\"@id\":\"https:\/\/videomappingcenter.com\/el-futuro-segun-ayer-es-hoy-theatre-nord-lille-france-video-mapping-contest-2015\/\"},\"wordCount\":173,\"publisher\":{\"@id\":\"https:\/\/videomappingcenter.com\/?lang=en\/#organization\"},\"image\":{\"@id\":\"https:\/\/videomappingcenter.com\/el-futuro-segun-ayer-es-hoy-theatre-nord-lille-france-video-mapping-contest-2015\/#primaryimage\"},\"thumbnailUrl\":\"https:\/\/videomappingcenter.com\/wp-content\/uploads\/2017\/09\/el-futuro-segun-ayer-es-hoy-thea.jpg\",\"keywords\":[\"2015\",\"Clemente Scherpereel\",\"Diego Estay\",\"Ephemeral\",\"European Heritage Days\",\"Event\",\"Frontal\",\"Gast\u00f3n V\u00e9lez\",\"Geek Media\",\"Hauts-de-France\",\"Leonardo Signorelli\",\"Lille\",\"linear\",\"Marcelo D\u00edaz\",\"Monument video mapping\",\"Outdoor\",\"Production\",\"Ramiro Petitti\",\"Th\u00e9\u00e2tre du Nord\",\"Video Mapping Contest\"],\"articleSection\":[\"Production\",\"Video Mapping Contest\"],\"inLanguage\":\"en-US\"},{\"@type\":\"WebPage\",\"@id\":\"https:\/\/videomappingcenter.com\/el-futuro-segun-ayer-es-hoy-theatre-nord-lille-france-video-mapping-contest-2015\/\",\"url\":\"https:\/\/videomappingcenter.com\/el-futuro-segun-ayer-es-hoy-theatre-nord-lille-france-video-mapping-contest-2015\/\",\"name\":\"EL FUTURO SEG\u00d9N AYER\u2026 ES HOY \u2013 Th\u00e9\u00e2tre du Nord, Lille, France \u2013 Video Mapping Contest 2015 | Video Mapping European Center\",\"isPartOf\":{\"@id\":\"https:\/\/videomappingcenter.com\/?lang=en\/#website\"},\"primaryImageOfPage\":{\"@id\":\"https:\/\/videomappingcenter.com\/el-futuro-segun-ayer-es-hoy-theatre-nord-lille-france-video-mapping-contest-2015\/#primaryimage\"},\"image\":{\"@id\":\"https:\/\/videomappingcenter.com\/el-futuro-segun-ayer-es-hoy-theatre-nord-lille-france-video-mapping-contest-2015\/#primaryimage\"},\"thumbnailUrl\":\"https:\/\/videomappingcenter.com\/wp-content\/uploads\/2017\/09\/el-futuro-segun-ayer-es-hoy-thea.jpg\",\"datePublished\":\"2015-09-28T03:28:26+00:00\",\"dateModified\":\"2019-01-15T13:47:35+00:00\",\"breadcrumb\":{\"@id\":\"https:\/\/videomappingcenter.com\/el-futuro-segun-ayer-es-hoy-theatre-nord-lille-france-video-mapping-contest-2015\/#breadcrumb\"},\"inLanguage\":\"en-US\",\"potentialAction\":[{\"@type\":\"ReadAction\",\"target\":[\"https:\/\/videomappingcenter.com\/el-futuro-segun-ayer-es-hoy-theatre-nord-lille-france-video-mapping-contest-2015\/\"]}]},{\"@type\":\"ImageObject\",\"inLanguage\":\"en-US\",\"@id\":\"https:\/\/videomappingcenter.com\/el-futuro-segun-ayer-es-hoy-theatre-nord-lille-france-video-mapping-contest-2015\/#primaryimage\",\"url\":\"https:\/\/videomappingcenter.com\/wp-content\/uploads\/2017\/09\/el-futuro-segun-ayer-es-hoy-thea.jpg\",\"contentUrl\":\"https:\/\/videomappingcenter.com\/wp-content\/uploads\/2017\/09\/el-futuro-segun-ayer-es-hoy-thea.jpg\",\"width\":640,\"height\":360},{\"@type\":\"BreadcrumbList\",\"@id\":\"https:\/\/videomappingcenter.com\/el-futuro-segun-ayer-es-hoy-theatre-nord-lille-france-video-mapping-contest-2015\/#breadcrumb\",\"itemListElement\":[{\"@type\":\"ListItem\",\"position\":1,\"name\":\"Accueil\",\"item\":\"https:\/\/videomappingcenter.com\/\"},{\"@type\":\"ListItem\",\"position\":2,\"name\":\"EL FUTURO SEG\u00d9N AYER\u2026 ES HOY \u2013 Th\u00e9\u00e2tre du Nord, Lille, France \u2013 Video Mapping Contest 2015\"}]},{\"@type\":\"WebSite\",\"@id\":\"https:\/\/videomappingcenter.com\/?lang=en\/#website\",\"url\":\"https:\/\/videomappingcenter.com\/?lang=en\/\",\"name\":\"Video Mapping European Center\",\"description\":\"Video Mapping European Center\",\"publisher\":{\"@id\":\"https:\/\/videomappingcenter.com\/?lang=en\/#organization\"},\"potentialAction\":[{\"@type\":\"SearchAction\",\"target\":{\"@type\":\"EntryPoint\",\"urlTemplate\":\"https:\/\/videomappingcenter.com\/?lang=en\/?s={search_term_string}\"},\"query-input\":{\"@type\":\"PropertyValueSpecification\",\"valueRequired\":true,\"valueName\":\"search_term_string\"}}],\"inLanguage\":\"en-US\"},{\"@type\":\"Organization\",\"@id\":\"https:\/\/videomappingcenter.com\/?lang=en\/#organization\",\"name\":\"Video Mapping European Center\",\"url\":\"https:\/\/videomappingcenter.com\/?lang=en\/\",\"logo\":{\"@type\":\"ImageObject\",\"inLanguage\":\"en-US\",\"@id\":\"https:\/\/videomappingcenter.com\/?lang=en\/#\/schema\/logo\/image\/\",\"url\":\"https:\/\/videomappingcenter.com\/wp-content\/uploads\/2017\/07\/logo-v3.png\",\"contentUrl\":\"https:\/\/videomappingcenter.com\/wp-content\/uploads\/2017\/07\/logo-v3.png\",\"width\":300,\"height\":135,\"caption\":\"Video Mapping European Center\"},\"image\":{\"@id\":\"https:\/\/videomappingcenter.com\/?lang=en\/#\/schema\/logo\/image\/\"}},{\"@type\":\"Person\",\"@id\":\"https:\/\/videomappingcenter.com\/?lang=en\/#\/schema\/person\/b4e7ccbceddeda732fa7de831d7b0c1c\",\"name\":\"Webmaster\",\"image\":{\"@type\":\"ImageObject\",\"inLanguage\":\"en-US\",\"@id\":\"https:\/\/videomappingcenter.com\/?lang=en\/#\/schema\/person\/image\/\",\"url\":\"https:\/\/videomappingcenter.com\/wp-content\/uploads\/2017\/07\/avatar.jpg\",\"contentUrl\":\"https:\/\/videomappingcenter.com\/wp-content\/uploads\/2017\/07\/avatar.jpg\",\"caption\":\"Webmaster\"}}]}<\/script>\n<!-- \/ Yoast SEO plugin. -->","yoast_head_json":{"title":"EL FUTURO SEG\u00d9N AYER\u2026 ES HOY \u2013 Th\u00e9\u00e2tre du Nord, Lille, France \u2013 Video Mapping Contest 2015 | Video Mapping European Center","robots":{"index":"index","follow":"follow","max-snippet":"max-snippet:-1","max-image-preview":"max-image-preview:large","max-video-preview":"max-video-preview:-1"},"canonical":"https:\/\/videomappingcenter.com\/el-futuro-segun-ayer-es-hoy-theatre-nord-lille-france-video-mapping-contest-2015\/","og_locale":"en_US","og_type":"article","og_title":"EL FUTURO SEG\u00d9N AYER\u2026 ES HOY \u2013 Th\u00e9\u00e2tre du Nord, Lille, France \u2013 Video Mapping Contest 2015 | Video Mapping European Center","og_description":"In June 2015, Rencontres Audiovisuelles sent over to French and international students and professionals in audiovisual, animation film, digital arts, graphic design etc., a call for a video mapping contest, organised within the European Heritage days. Each work has been designed for the front fa\u00e7ade of the Th\u00e9\u00e2tre du Nord according to the theme \u201cHistory [&hellip;]","og_url":"https:\/\/videomappingcenter.com\/el-futuro-segun-ayer-es-hoy-theatre-nord-lille-france-video-mapping-contest-2015\/","og_site_name":"Video Mapping European Center","article_published_time":"2015-09-28T03:28:26+00:00","article_modified_time":"2019-01-15T13:47:35+00:00","og_image":[{"width":640,"height":360,"url":"https:\/\/videomappingcenter.com\/wp-content\/uploads\/2017\/09\/el-futuro-segun-ayer-es-hoy-thea.jpg","type":"image\/jpeg"}],"author":"Webmaster","twitter_card":"summary_large_image","twitter_misc":{"Written by":"Webmaster","Est. reading time":"1 minute"},"schema":{"@context":"https:\/\/schema.org","@graph":[{"@type":"Article","@id":"https:\/\/videomappingcenter.com\/el-futuro-segun-ayer-es-hoy-theatre-nord-lille-france-video-mapping-contest-2015\/#article","isPartOf":{"@id":"https:\/\/videomappingcenter.com\/el-futuro-segun-ayer-es-hoy-theatre-nord-lille-france-video-mapping-contest-2015\/"},"author":{"name":"Webmaster","@id":"https:\/\/videomappingcenter.com\/?lang=en\/#\/schema\/person\/b4e7ccbceddeda732fa7de831d7b0c1c"},"headline":"EL FUTURO SEG\u00d9N AYER\u2026 ES HOY \u2013 Th\u00e9\u00e2tre du Nord, Lille, France \u2013 Video Mapping Contest 2015","datePublished":"2015-09-28T03:28:26+00:00","dateModified":"2019-01-15T13:47:35+00:00","mainEntityOfPage":{"@id":"https:\/\/videomappingcenter.com\/el-futuro-segun-ayer-es-hoy-theatre-nord-lille-france-video-mapping-contest-2015\/"},"wordCount":173,"publisher":{"@id":"https:\/\/videomappingcenter.com\/?lang=en\/#organization"},"image":{"@id":"https:\/\/videomappingcenter.com\/el-futuro-segun-ayer-es-hoy-theatre-nord-lille-france-video-mapping-contest-2015\/#primaryimage"},"thumbnailUrl":"https:\/\/videomappingcenter.com\/wp-content\/uploads\/2017\/09\/el-futuro-segun-ayer-es-hoy-thea.jpg","keywords":["2015","Clemente Scherpereel","Diego Estay","Ephemeral","European Heritage Days","Event","Frontal","Gast\u00f3n V\u00e9lez","Geek Media","Hauts-de-France","Leonardo Signorelli","Lille","linear","Marcelo D\u00edaz","Monument video mapping","Outdoor","Production","Ramiro Petitti","Th\u00e9\u00e2tre du Nord","Video Mapping Contest"],"articleSection":["Production","Video Mapping Contest"],"inLanguage":"en-US"},{"@type":"WebPage","@id":"https:\/\/videomappingcenter.com\/el-futuro-segun-ayer-es-hoy-theatre-nord-lille-france-video-mapping-contest-2015\/","url":"https:\/\/videomappingcenter.com\/el-futuro-segun-ayer-es-hoy-theatre-nord-lille-france-video-mapping-contest-2015\/","name":"EL FUTURO SEG\u00d9N AYER\u2026 ES HOY \u2013 Th\u00e9\u00e2tre du Nord, Lille, France \u2013 Video Mapping Contest 2015 | Video Mapping European Center","isPartOf":{"@id":"https:\/\/videomappingcenter.com\/?lang=en\/#website"},"primaryImageOfPage":{"@id":"https:\/\/videomappingcenter.com\/el-futuro-segun-ayer-es-hoy-theatre-nord-lille-france-video-mapping-contest-2015\/#primaryimage"},"image":{"@id":"https:\/\/videomappingcenter.com\/el-futuro-segun-ayer-es-hoy-theatre-nord-lille-france-video-mapping-contest-2015\/#primaryimage"},"thumbnailUrl":"https:\/\/videomappingcenter.com\/wp-content\/uploads\/2017\/09\/el-futuro-segun-ayer-es-hoy-thea.jpg","datePublished":"2015-09-28T03:28:26+00:00","dateModified":"2019-01-15T13:47:35+00:00","breadcrumb":{"@id":"https:\/\/videomappingcenter.com\/el-futuro-segun-ayer-es-hoy-theatre-nord-lille-france-video-mapping-contest-2015\/#breadcrumb"},"inLanguage":"en-US","potentialAction":[{"@type":"ReadAction","target":["https:\/\/videomappingcenter.com\/el-futuro-segun-ayer-es-hoy-theatre-nord-lille-france-video-mapping-contest-2015\/"]}]},{"@type":"ImageObject","inLanguage":"en-US","@id":"https:\/\/videomappingcenter.com\/el-futuro-segun-ayer-es-hoy-theatre-nord-lille-france-video-mapping-contest-2015\/#primaryimage","url":"https:\/\/videomappingcenter.com\/wp-content\/uploads\/2017\/09\/el-futuro-segun-ayer-es-hoy-thea.jpg","contentUrl":"https:\/\/videomappingcenter.com\/wp-content\/uploads\/2017\/09\/el-futuro-segun-ayer-es-hoy-thea.jpg","width":640,"height":360},{"@type":"BreadcrumbList","@id":"https:\/\/videomappingcenter.com\/el-futuro-segun-ayer-es-hoy-theatre-nord-lille-france-video-mapping-contest-2015\/#breadcrumb","itemListElement":[{"@type":"ListItem","position":1,"name":"Accueil","item":"https:\/\/videomappingcenter.com\/"},{"@type":"ListItem","position":2,"name":"EL FUTURO SEG\u00d9N AYER\u2026 ES HOY \u2013 Th\u00e9\u00e2tre du Nord, Lille, France \u2013 Video Mapping Contest 2015"}]},{"@type":"WebSite","@id":"https:\/\/videomappingcenter.com\/?lang=en\/#website","url":"https:\/\/videomappingcenter.com\/?lang=en\/","name":"Video Mapping European Center","description":"Video Mapping European Center","publisher":{"@id":"https:\/\/videomappingcenter.com\/?lang=en\/#organization"},"potentialAction":[{"@type":"SearchAction","target":{"@type":"EntryPoint","urlTemplate":"https:\/\/videomappingcenter.com\/?lang=en\/?s={search_term_string}"},"query-input":{"@type":"PropertyValueSpecification","valueRequired":true,"valueName":"search_term_string"}}],"inLanguage":"en-US"},{"@type":"Organization","@id":"https:\/\/videomappingcenter.com\/?lang=en\/#organization","name":"Video Mapping European Center","url":"https:\/\/videomappingcenter.com\/?lang=en\/","logo":{"@type":"ImageObject","inLanguage":"en-US","@id":"https:\/\/videomappingcenter.com\/?lang=en\/#\/schema\/logo\/image\/","url":"https:\/\/videomappingcenter.com\/wp-content\/uploads\/2017\/07\/logo-v3.png","contentUrl":"https:\/\/videomappingcenter.com\/wp-content\/uploads\/2017\/07\/logo-v3.png","width":300,"height":135,"caption":"Video Mapping European Center"},"image":{"@id":"https:\/\/videomappingcenter.com\/?lang=en\/#\/schema\/logo\/image\/"}},{"@type":"Person","@id":"https:\/\/videomappingcenter.com\/?lang=en\/#\/schema\/person\/b4e7ccbceddeda732fa7de831d7b0c1c","name":"Webmaster","image":{"@type":"ImageObject","inLanguage":"en-US","@id":"https:\/\/videomappingcenter.com\/?lang=en\/#\/schema\/person\/image\/","url":"https:\/\/videomappingcenter.com\/wp-content\/uploads\/2017\/07\/avatar.jpg","contentUrl":"https:\/\/videomappingcenter.com\/wp-content\/uploads\/2017\/07\/avatar.jpg","caption":"Webmaster"}}]}},"_links":{"self":[{"href":"https:\/\/videomappingcenter.com\/en\/wp-json\/wp\/v2\/posts\/1429","targetHints":{"allow":["GET"]}}],"collection":[{"href":"https:\/\/videomappingcenter.com\/en\/wp-json\/wp\/v2\/posts"}],"about":[{"href":"https:\/\/videomappingcenter.com\/en\/wp-json\/wp\/v2\/types\/post"}],"author":[{"embeddable":true,"href":"https:\/\/videomappingcenter.com\/en\/wp-json\/wp\/v2\/users\/2"}],"replies":[{"embeddable":true,"href":"https:\/\/videomappingcenter.com\/en\/wp-json\/wp\/v2\/comments?post=1429"}],"version-history":[{"count":0,"href":"https:\/\/videomappingcenter.com\/en\/wp-json\/wp\/v2\/posts\/1429\/revisions"}],"wp:featuredmedia":[{"embeddable":true,"href":"https:\/\/videomappingcenter.com\/en\/wp-json\/wp\/v2\/media\/1428"}],"wp:attachment":[{"href":"https:\/\/videomappingcenter.com\/en\/wp-json\/wp\/v2\/media?parent=1429"}],"wp:term":[{"taxonomy":"category","embeddable":true,"href":"https:\/\/videomappingcenter.com\/en\/wp-json\/wp\/v2\/categories?post=1429"},{"taxonomy":"post_tag","embeddable":true,"href":"https:\/\/videomappingcenter.com\/en\/wp-json\/wp\/v2\/tags?post=1429"},{"taxonomy":"item-prod","embeddable":true,"href":"https:\/\/videomappingcenter.com\/en\/wp-json\/wp\/v2\/item-prod?post=1429"},{"taxonomy":"item-mapping","embeddable":true,"href":"https:\/\/videomappingcenter.com\/en\/wp-json\/wp\/v2\/item-mapping?post=1429"},{"taxonomy":"item-lieu","embeddable":true,"href":"https:\/\/videomappingcenter.com\/en\/wp-json\/wp\/v2\/item-lieu?post=1429"},{"taxonomy":"item-dates","embeddable":true,"href":"https:\/\/videomappingcenter.com\/en\/wp-json\/wp\/v2\/item-dates?post=1429"}],"curies":[{"name":"wp","href":"https:\/\/api.w.org\/{rel}","templated":true}]}}