{"id":14424,"date":"2023-12-05T13:01:28","date_gmt":"2023-12-05T12:01:28","guid":{"rendered":"https:\/\/videomappingcenter.com\/multiplions-nous-theatre-jean-vilar-saint-quentin-france\/"},"modified":"2023-12-06T11:05:02","modified_gmt":"2023-12-06T10:05:02","slug":"multiplions-nous-theatre-jean-vilar-saint-quentin-france","status":"publish","type":"post","link":"https:\/\/videomappingcenter.com\/en\/multiplions-nous-theatre-jean-vilar-saint-quentin-france\/","title":{"rendered":"LET\u2019S MULTIPLY &#8211; Jean Vilar Theatre, Saint-Quentin, France \u2013 Video Mapping Festival 2023"},"content":{"rendered":"\n<iframe loading=\"lazy\" src=\"https:\/\/player.vimeo.com\/video\/891086340?h=0ae5eee6c7\" width=\"640\" height=\"360\" frameborder=\"0\" allow=\"autoplay; fullscreen; picture-in-picture\" allowfullscreen=\"\"><\/iframe>\n\n\n\n<p style=\"text-align:justify\">Video mapping created by Rencontres Audiovisuelles as part of the Video Mapping Festival #6.\n<br>\n<br><strong>\u25ba Let\u2019s multiply<\/strong>\n<br>Around the text and voice of MAL\u00e9, the theater\u2019s facade comes alive with the figure of a monumental face.\n<br>\n<br><strong>Direction and animation:<\/strong> Jules Camille HUVIG\n<br><strong>Wording and voice:<\/strong> MAL\u00e9 (Ang\u00e8le MALLET)\n<br><strong>Original music:<\/strong> G\u00e9raldine KWIK\n<br>\n<br>\n<br><em>With the support of the Hauts-de-France Region and DRAC Hauts-de-France.\n<br>In collaboration with the City of Saint-Quentin.<\/em>\n<br>\n<br><strong>More info:&nbsp;<a rel=\"noreferrer noopener\" href=\"https:\/\/videomappingfestival.com\/\" target=\"_blank\">videomappingfestival.com<\/a><\/strong>\n<br><strong>Facebook: <a rel=\"noreferrer noopener\" href=\"https:\/\/www.facebook.com\/VideoMappingFestival\" target=\"_blank\">Video Mapping Festival<\/a><\/strong><\/p>\n<br>\n<div class=\"simple-taxonomy\">\n\t<div class=\"taxonomy-item-prod\"><a href=\"https:\/\/videomappingcenter.com\/en\/item-prod\/production\/\" rel=\"tag\">Production<\/a><\/div>\n\t<div class=\"taxonomy-item-mapping\"><a href=\"https:\/\/videomappingcenter.com\/en\/item-mapping\/mapping-monumental-en\/\" rel=\"tag\">Monument video mapping<\/a><\/div>\n\t<div class=\"taxonomy-item-lieu\"><a href=\"https:\/\/videomappingcenter.com\/en\/item-lieu\/hauts-de-france-en\/\" rel=\"tag\">Hauts-de-France<\/a><\/div>\n\t<div class=\"taxonomy-item-dates\"><a href=\"https:\/\/videomappingcenter.com\/en\/item-dates\/2023-2\/\" rel=\"tag\">2023<\/a>, <a href=\"https:\/\/videomappingcenter.com\/en\/item-dates\/2023-en\/\" rel=\"tag\">2023<\/a><\/div>\n\n<\/div>\n","protected":false},"excerpt":{"rendered":"<p>Video mapping created by Rencontres Audiovisuelles as part of the Video Mapping Festival #6. \u25ba Let\u2019s multiply Around the text and voice of MAL\u00e9, the theater\u2019s facade comes alive with the figure of a monumental face. Direction and animation: Jules Camille HUVIG Wording and voice: MAL\u00e9 (Ang\u00e8le MALLET) Original music: G\u00e9raldine KWIK With the support [&hellip;]<\/p>\n<div class=\"simple-taxonomy\">\n\t<div class=\"taxonomy-item-prod\"><a href=\"https:\/\/videomappingcenter.com\/en\/item-prod\/production\/\" rel=\"tag\">Production<\/a><\/div>\n\t<div class=\"taxonomy-item-mapping\"><a href=\"https:\/\/videomappingcenter.com\/en\/item-mapping\/mapping-monumental-en\/\" rel=\"tag\">Monument video mapping<\/a><\/div>\n\t<div class=\"taxonomy-item-lieu\"><a href=\"https:\/\/videomappingcenter.com\/en\/item-lieu\/hauts-de-france-en\/\" rel=\"tag\">Hauts-de-France<\/a><\/div>\n\t<div class=\"taxonomy-item-dates\"><a href=\"https:\/\/videomappingcenter.com\/en\/item-dates\/2023-2\/\" rel=\"tag\">2023<\/a>, <a href=\"https:\/\/videomappingcenter.com\/en\/item-dates\/2023-en\/\" rel=\"tag\">2023<\/a><\/div>\n\n<\/div>\n","protected":false},"author":3,"featured_media":14440,"comment_status":"closed","ping_status":"closed","sticky":false,"template":"","format":"standard","meta":{"footnotes":""},"categories":[146,149],"tags":[2595,2583,720,2323,2681,2740,2571,2619,1537,2322],"item-prod":[155],"item-mapping":[277],"item-lieu":[281],"item-dates":[2582,2600],"class_list":["post-14424","post","type-post","status-publish","format-standard","has-post-thumbnail","hentry","category-production-en","category-video-mapping-festival-en","tag-2023-en","tag-2023-3","tag-geraldine-kwik-en","tag-jean-vilar-theatre","tag-jules-camille-huvig-en","tag-male-angele-mallet-en","tag-mapping-monumental-2","tag-monument-mapping","tag-saint-quentin-en","tag-theatre-jean-vilar-en","item-prod-production","item-mapping-mapping-monumental-en","item-lieu-hauts-de-france-en","item-dates-2023-2","item-dates-2023-en"],"yoast_head":"<!-- This site is optimized with the Yoast SEO plugin v25.8 - https:\/\/yoast.com\/wordpress\/plugins\/seo\/ -->\n<title>LET\u2019S MULTIPLY - Jean Vilar Theatre, Saint-Quentin, France \u2013 Video Mapping Festival 2023 | Video Mapping European Center<\/title>\n<meta name=\"robots\" content=\"index, follow, max-snippet:-1, max-image-preview:large, max-video-preview:-1\" \/>\n<link rel=\"canonical\" href=\"https:\/\/videomappingcenter.com\/multiplions-nous-theatre-jean-vilar-saint-quentin-france\/\" \/>\n<meta property=\"og:locale\" content=\"en_US\" \/>\n<meta property=\"og:type\" content=\"article\" \/>\n<meta property=\"og:title\" content=\"LET\u2019S MULTIPLY - Jean Vilar Theatre, Saint-Quentin, France \u2013 Video Mapping Festival 2023 | Video Mapping European Center\" \/>\n<meta property=\"og:description\" content=\"Video mapping created by Rencontres Audiovisuelles as part of the Video Mapping Festival #6. \u25ba Let\u2019s multiply Around the text and voice of MAL\u00e9, the theater\u2019s facade comes alive with the figure of a monumental face. Direction and animation: Jules Camille HUVIG Wording and voice: MAL\u00e9 (Ang\u00e8le MALLET) Original music: G\u00e9raldine KWIK With the support [&hellip;]\" \/>\n<meta property=\"og:url\" content=\"https:\/\/videomappingcenter.com\/multiplions-nous-theatre-jean-vilar-saint-quentin-france\/\" \/>\n<meta property=\"og:site_name\" content=\"Video Mapping European Center\" \/>\n<meta property=\"article:published_time\" content=\"2023-12-05T12:01:28+00:00\" \/>\n<meta property=\"article:modified_time\" content=\"2023-12-06T10:05:02+00:00\" \/>\n<meta property=\"og:image\" content=\"https:\/\/videomappingcenter.com\/wp-content\/uploads\/2023\/12\/VMF23_Saint_Quentin_01_900_500.png\" \/>\n\t<meta property=\"og:image:width\" content=\"900\" \/>\n\t<meta property=\"og:image:height\" content=\"500\" \/>\n\t<meta property=\"og:image:type\" content=\"image\/png\" \/>\n<meta name=\"author\" content=\"Edimestre\" \/>\n<meta name=\"twitter:card\" content=\"summary_large_image\" \/>\n<meta name=\"twitter:label1\" content=\"Written by\" \/>\n\t<meta name=\"twitter:data1\" content=\"Edimestre\" \/>\n<script type=\"application\/ld+json\" class=\"yoast-schema-graph\">{\"@context\":\"https:\/\/schema.org\",\"@graph\":[{\"@type\":\"Article\",\"@id\":\"https:\/\/videomappingcenter.com\/multiplions-nous-theatre-jean-vilar-saint-quentin-france\/#article\",\"isPartOf\":{\"@id\":\"https:\/\/videomappingcenter.com\/multiplions-nous-theatre-jean-vilar-saint-quentin-france\/\"},\"author\":{\"name\":\"Edimestre\",\"@id\":\"https:\/\/videomappingcenter.com\/?lang=en\/#\/schema\/person\/506136ad599d9c386ea59407d183cef8\"},\"headline\":\"LET\u2019S MULTIPLY &#8211; Jean Vilar Theatre, Saint-Quentin, France \u2013 Video Mapping Festival 2023\",\"datePublished\":\"2023-12-05T12:01:28+00:00\",\"dateModified\":\"2023-12-06T10:05:02+00:00\",\"mainEntityOfPage\":{\"@id\":\"https:\/\/videomappingcenter.com\/multiplions-nous-theatre-jean-vilar-saint-quentin-france\/\"},\"wordCount\":92,\"publisher\":{\"@id\":\"https:\/\/videomappingcenter.com\/?lang=en\/#organization\"},\"image\":{\"@id\":\"https:\/\/videomappingcenter.com\/multiplions-nous-theatre-jean-vilar-saint-quentin-france\/#primaryimage\"},\"thumbnailUrl\":\"https:\/\/videomappingcenter.com\/wp-content\/uploads\/2023\/12\/VMF23_Saint_Quentin_01_900_500.png\",\"keywords\":[\"2023\",\"2023\",\"G\u00e9raldine Kwik\",\"Jean Vilar Theatre\",\"Jules Camille HUVIG\",\"MAL\u00e9 (Ang\u00e8le MALLET)\",\"Mapping monumental\",\"Monument mapping\",\"Saint-Quentin\",\"Th\u00e9\u00e2tre Jean Vilar\"],\"articleSection\":[\"Production\",\"Video Mapping Festival\"],\"inLanguage\":\"en-US\"},{\"@type\":\"WebPage\",\"@id\":\"https:\/\/videomappingcenter.com\/multiplions-nous-theatre-jean-vilar-saint-quentin-france\/\",\"url\":\"https:\/\/videomappingcenter.com\/multiplions-nous-theatre-jean-vilar-saint-quentin-france\/\",\"name\":\"LET\u2019S MULTIPLY - Jean Vilar Theatre, Saint-Quentin, France \u2013 Video Mapping Festival 2023 | Video Mapping European Center\",\"isPartOf\":{\"@id\":\"https:\/\/videomappingcenter.com\/?lang=en\/#website\"},\"primaryImageOfPage\":{\"@id\":\"https:\/\/videomappingcenter.com\/multiplions-nous-theatre-jean-vilar-saint-quentin-france\/#primaryimage\"},\"image\":{\"@id\":\"https:\/\/videomappingcenter.com\/multiplions-nous-theatre-jean-vilar-saint-quentin-france\/#primaryimage\"},\"thumbnailUrl\":\"https:\/\/videomappingcenter.com\/wp-content\/uploads\/2023\/12\/VMF23_Saint_Quentin_01_900_500.png\",\"datePublished\":\"2023-12-05T12:01:28+00:00\",\"dateModified\":\"2023-12-06T10:05:02+00:00\",\"breadcrumb\":{\"@id\":\"https:\/\/videomappingcenter.com\/multiplions-nous-theatre-jean-vilar-saint-quentin-france\/#breadcrumb\"},\"inLanguage\":\"en-US\",\"potentialAction\":[{\"@type\":\"ReadAction\",\"target\":[\"https:\/\/videomappingcenter.com\/multiplions-nous-theatre-jean-vilar-saint-quentin-france\/\"]}]},{\"@type\":\"ImageObject\",\"inLanguage\":\"en-US\",\"@id\":\"https:\/\/videomappingcenter.com\/multiplions-nous-theatre-jean-vilar-saint-quentin-france\/#primaryimage\",\"url\":\"https:\/\/videomappingcenter.com\/wp-content\/uploads\/2023\/12\/VMF23_Saint_Quentin_01_900_500.png\",\"contentUrl\":\"https:\/\/videomappingcenter.com\/wp-content\/uploads\/2023\/12\/VMF23_Saint_Quentin_01_900_500.png\",\"width\":900,\"height\":500},{\"@type\":\"BreadcrumbList\",\"@id\":\"https:\/\/videomappingcenter.com\/multiplions-nous-theatre-jean-vilar-saint-quentin-france\/#breadcrumb\",\"itemListElement\":[{\"@type\":\"ListItem\",\"position\":1,\"name\":\"Accueil\",\"item\":\"https:\/\/videomappingcenter.com\/\"},{\"@type\":\"ListItem\",\"position\":2,\"name\":\"LET\u2019S MULTIPLY &#8211; Jean Vilar Theatre, Saint-Quentin, France \u2013 Video Mapping Festival 2023\"}]},{\"@type\":\"WebSite\",\"@id\":\"https:\/\/videomappingcenter.com\/?lang=en\/#website\",\"url\":\"https:\/\/videomappingcenter.com\/?lang=en\/\",\"name\":\"Video Mapping European Center\",\"description\":\"Video Mapping European Center\",\"publisher\":{\"@id\":\"https:\/\/videomappingcenter.com\/?lang=en\/#organization\"},\"potentialAction\":[{\"@type\":\"SearchAction\",\"target\":{\"@type\":\"EntryPoint\",\"urlTemplate\":\"https:\/\/videomappingcenter.com\/?lang=en\/?s={search_term_string}\"},\"query-input\":{\"@type\":\"PropertyValueSpecification\",\"valueRequired\":true,\"valueName\":\"search_term_string\"}}],\"inLanguage\":\"en-US\"},{\"@type\":\"Organization\",\"@id\":\"https:\/\/videomappingcenter.com\/?lang=en\/#organization\",\"name\":\"Video Mapping European Center\",\"url\":\"https:\/\/videomappingcenter.com\/?lang=en\/\",\"logo\":{\"@type\":\"ImageObject\",\"inLanguage\":\"en-US\",\"@id\":\"https:\/\/videomappingcenter.com\/?lang=en\/#\/schema\/logo\/image\/\",\"url\":\"https:\/\/videomappingcenter.com\/wp-content\/uploads\/2017\/07\/logo-v3.png\",\"contentUrl\":\"https:\/\/videomappingcenter.com\/wp-content\/uploads\/2017\/07\/logo-v3.png\",\"width\":300,\"height\":135,\"caption\":\"Video Mapping European Center\"},\"image\":{\"@id\":\"https:\/\/videomappingcenter.com\/?lang=en\/#\/schema\/logo\/image\/\"}},{\"@type\":\"Person\",\"@id\":\"https:\/\/videomappingcenter.com\/?lang=en\/#\/schema\/person\/506136ad599d9c386ea59407d183cef8\",\"name\":\"Edimestre\",\"image\":{\"@type\":\"ImageObject\",\"inLanguage\":\"en-US\",\"@id\":\"https:\/\/videomappingcenter.com\/?lang=en\/#\/schema\/person\/image\/\",\"url\":\"https:\/\/videomappingcenter.com\/wp-content\/uploads\/2017\/07\/avatar.jpg\",\"contentUrl\":\"https:\/\/videomappingcenter.com\/wp-content\/uploads\/2017\/07\/avatar.jpg\",\"caption\":\"Edimestre\"}}]}<\/script>\n<!-- \/ Yoast SEO plugin. -->","yoast_head_json":{"title":"LET\u2019S MULTIPLY - Jean Vilar Theatre, Saint-Quentin, France \u2013 Video Mapping Festival 2023 | Video Mapping European Center","robots":{"index":"index","follow":"follow","max-snippet":"max-snippet:-1","max-image-preview":"max-image-preview:large","max-video-preview":"max-video-preview:-1"},"canonical":"https:\/\/videomappingcenter.com\/multiplions-nous-theatre-jean-vilar-saint-quentin-france\/","og_locale":"en_US","og_type":"article","og_title":"LET\u2019S MULTIPLY - Jean Vilar Theatre, Saint-Quentin, France \u2013 Video Mapping Festival 2023 | Video Mapping European Center","og_description":"Video mapping created by Rencontres Audiovisuelles as part of the Video Mapping Festival #6. \u25ba Let\u2019s multiply Around the text and voice of MAL\u00e9, the theater\u2019s facade comes alive with the figure of a monumental face. Direction and animation: Jules Camille HUVIG Wording and voice: MAL\u00e9 (Ang\u00e8le MALLET) Original music: G\u00e9raldine KWIK With the support [&hellip;]","og_url":"https:\/\/videomappingcenter.com\/multiplions-nous-theatre-jean-vilar-saint-quentin-france\/","og_site_name":"Video Mapping European Center","article_published_time":"2023-12-05T12:01:28+00:00","article_modified_time":"2023-12-06T10:05:02+00:00","og_image":[{"width":900,"height":500,"url":"https:\/\/videomappingcenter.com\/wp-content\/uploads\/2023\/12\/VMF23_Saint_Quentin_01_900_500.png","type":"image\/png"}],"author":"Edimestre","twitter_card":"summary_large_image","twitter_misc":{"Written by":"Edimestre"},"schema":{"@context":"https:\/\/schema.org","@graph":[{"@type":"Article","@id":"https:\/\/videomappingcenter.com\/multiplions-nous-theatre-jean-vilar-saint-quentin-france\/#article","isPartOf":{"@id":"https:\/\/videomappingcenter.com\/multiplions-nous-theatre-jean-vilar-saint-quentin-france\/"},"author":{"name":"Edimestre","@id":"https:\/\/videomappingcenter.com\/?lang=en\/#\/schema\/person\/506136ad599d9c386ea59407d183cef8"},"headline":"LET\u2019S MULTIPLY &#8211; Jean Vilar Theatre, Saint-Quentin, France \u2013 Video Mapping Festival 2023","datePublished":"2023-12-05T12:01:28+00:00","dateModified":"2023-12-06T10:05:02+00:00","mainEntityOfPage":{"@id":"https:\/\/videomappingcenter.com\/multiplions-nous-theatre-jean-vilar-saint-quentin-france\/"},"wordCount":92,"publisher":{"@id":"https:\/\/videomappingcenter.com\/?lang=en\/#organization"},"image":{"@id":"https:\/\/videomappingcenter.com\/multiplions-nous-theatre-jean-vilar-saint-quentin-france\/#primaryimage"},"thumbnailUrl":"https:\/\/videomappingcenter.com\/wp-content\/uploads\/2023\/12\/VMF23_Saint_Quentin_01_900_500.png","keywords":["2023","2023","G\u00e9raldine Kwik","Jean Vilar Theatre","Jules Camille HUVIG","MAL\u00e9 (Ang\u00e8le MALLET)","Mapping monumental","Monument mapping","Saint-Quentin","Th\u00e9\u00e2tre Jean Vilar"],"articleSection":["Production","Video Mapping Festival"],"inLanguage":"en-US"},{"@type":"WebPage","@id":"https:\/\/videomappingcenter.com\/multiplions-nous-theatre-jean-vilar-saint-quentin-france\/","url":"https:\/\/videomappingcenter.com\/multiplions-nous-theatre-jean-vilar-saint-quentin-france\/","name":"LET\u2019S MULTIPLY - Jean Vilar Theatre, Saint-Quentin, France \u2013 Video Mapping Festival 2023 | Video Mapping European Center","isPartOf":{"@id":"https:\/\/videomappingcenter.com\/?lang=en\/#website"},"primaryImageOfPage":{"@id":"https:\/\/videomappingcenter.com\/multiplions-nous-theatre-jean-vilar-saint-quentin-france\/#primaryimage"},"image":{"@id":"https:\/\/videomappingcenter.com\/multiplions-nous-theatre-jean-vilar-saint-quentin-france\/#primaryimage"},"thumbnailUrl":"https:\/\/videomappingcenter.com\/wp-content\/uploads\/2023\/12\/VMF23_Saint_Quentin_01_900_500.png","datePublished":"2023-12-05T12:01:28+00:00","dateModified":"2023-12-06T10:05:02+00:00","breadcrumb":{"@id":"https:\/\/videomappingcenter.com\/multiplions-nous-theatre-jean-vilar-saint-quentin-france\/#breadcrumb"},"inLanguage":"en-US","potentialAction":[{"@type":"ReadAction","target":["https:\/\/videomappingcenter.com\/multiplions-nous-theatre-jean-vilar-saint-quentin-france\/"]}]},{"@type":"ImageObject","inLanguage":"en-US","@id":"https:\/\/videomappingcenter.com\/multiplions-nous-theatre-jean-vilar-saint-quentin-france\/#primaryimage","url":"https:\/\/videomappingcenter.com\/wp-content\/uploads\/2023\/12\/VMF23_Saint_Quentin_01_900_500.png","contentUrl":"https:\/\/videomappingcenter.com\/wp-content\/uploads\/2023\/12\/VMF23_Saint_Quentin_01_900_500.png","width":900,"height":500},{"@type":"BreadcrumbList","@id":"https:\/\/videomappingcenter.com\/multiplions-nous-theatre-jean-vilar-saint-quentin-france\/#breadcrumb","itemListElement":[{"@type":"ListItem","position":1,"name":"Accueil","item":"https:\/\/videomappingcenter.com\/"},{"@type":"ListItem","position":2,"name":"LET\u2019S MULTIPLY &#8211; Jean Vilar Theatre, Saint-Quentin, France \u2013 Video Mapping Festival 2023"}]},{"@type":"WebSite","@id":"https:\/\/videomappingcenter.com\/?lang=en\/#website","url":"https:\/\/videomappingcenter.com\/?lang=en\/","name":"Video Mapping European Center","description":"Video Mapping European Center","publisher":{"@id":"https:\/\/videomappingcenter.com\/?lang=en\/#organization"},"potentialAction":[{"@type":"SearchAction","target":{"@type":"EntryPoint","urlTemplate":"https:\/\/videomappingcenter.com\/?lang=en\/?s={search_term_string}"},"query-input":{"@type":"PropertyValueSpecification","valueRequired":true,"valueName":"search_term_string"}}],"inLanguage":"en-US"},{"@type":"Organization","@id":"https:\/\/videomappingcenter.com\/?lang=en\/#organization","name":"Video Mapping European Center","url":"https:\/\/videomappingcenter.com\/?lang=en\/","logo":{"@type":"ImageObject","inLanguage":"en-US","@id":"https:\/\/videomappingcenter.com\/?lang=en\/#\/schema\/logo\/image\/","url":"https:\/\/videomappingcenter.com\/wp-content\/uploads\/2017\/07\/logo-v3.png","contentUrl":"https:\/\/videomappingcenter.com\/wp-content\/uploads\/2017\/07\/logo-v3.png","width":300,"height":135,"caption":"Video Mapping European Center"},"image":{"@id":"https:\/\/videomappingcenter.com\/?lang=en\/#\/schema\/logo\/image\/"}},{"@type":"Person","@id":"https:\/\/videomappingcenter.com\/?lang=en\/#\/schema\/person\/506136ad599d9c386ea59407d183cef8","name":"Edimestre","image":{"@type":"ImageObject","inLanguage":"en-US","@id":"https:\/\/videomappingcenter.com\/?lang=en\/#\/schema\/person\/image\/","url":"https:\/\/videomappingcenter.com\/wp-content\/uploads\/2017\/07\/avatar.jpg","contentUrl":"https:\/\/videomappingcenter.com\/wp-content\/uploads\/2017\/07\/avatar.jpg","caption":"Edimestre"}}]}},"_links":{"self":[{"href":"https:\/\/videomappingcenter.com\/en\/wp-json\/wp\/v2\/posts\/14424","targetHints":{"allow":["GET"]}}],"collection":[{"href":"https:\/\/videomappingcenter.com\/en\/wp-json\/wp\/v2\/posts"}],"about":[{"href":"https:\/\/videomappingcenter.com\/en\/wp-json\/wp\/v2\/types\/post"}],"author":[{"embeddable":true,"href":"https:\/\/videomappingcenter.com\/en\/wp-json\/wp\/v2\/users\/3"}],"replies":[{"embeddable":true,"href":"https:\/\/videomappingcenter.com\/en\/wp-json\/wp\/v2\/comments?post=14424"}],"version-history":[{"count":0,"href":"https:\/\/videomappingcenter.com\/en\/wp-json\/wp\/v2\/posts\/14424\/revisions"}],"wp:featuredmedia":[{"embeddable":true,"href":"https:\/\/videomappingcenter.com\/en\/wp-json\/wp\/v2\/media\/14440"}],"wp:attachment":[{"href":"https:\/\/videomappingcenter.com\/en\/wp-json\/wp\/v2\/media?parent=14424"}],"wp:term":[{"taxonomy":"category","embeddable":true,"href":"https:\/\/videomappingcenter.com\/en\/wp-json\/wp\/v2\/categories?post=14424"},{"taxonomy":"post_tag","embeddable":true,"href":"https:\/\/videomappingcenter.com\/en\/wp-json\/wp\/v2\/tags?post=14424"},{"taxonomy":"item-prod","embeddable":true,"href":"https:\/\/videomappingcenter.com\/en\/wp-json\/wp\/v2\/item-prod?post=14424"},{"taxonomy":"item-mapping","embeddable":true,"href":"https:\/\/videomappingcenter.com\/en\/wp-json\/wp\/v2\/item-mapping?post=14424"},{"taxonomy":"item-lieu","embeddable":true,"href":"https:\/\/videomappingcenter.com\/en\/wp-json\/wp\/v2\/item-lieu?post=14424"},{"taxonomy":"item-dates","embeddable":true,"href":"https:\/\/videomappingcenter.com\/en\/wp-json\/wp\/v2\/item-dates?post=14424"}],"curies":[{"name":"wp","href":"https:\/\/api.w.org\/{rel}","templated":true}]}}