{"id":15682,"date":"2024-04-06T20:44:04","date_gmt":"2024-04-06T18:44:04","guid":{"rendered":"https:\/\/videomappingcenter.com\/?p=15682"},"modified":"2024-11-06T11:14:53","modified_gmt":"2024-11-06T10:14:53","slug":"rhush-la-voix-du-nord-lille-france-video-mapping-festival-2024","status":"publish","type":"post","link":"https:\/\/videomappingcenter.com\/en\/rhush-la-voix-du-nord-lille-france-video-mapping-festival-2024\/","title":{"rendered":"(R)HUSH \u2013 La Voix du Nord, Lille, France \u2013 Video Mapping Festival 2024"},"content":{"rendered":"\r\n<p style=\"text-align: justify;\"><iframe loading=\"lazy\" src=\"https:\/\/player.vimeo.com\/video\/1024560650\" width=\"640\" height=\"360\" frameborder=\"0\" allowfullscreen=\"allowfullscreen\"><span data-mce-type=\"bookmark\" style=\"display: inline-block; width: 0px; overflow: hidden; line-height: 0;\" class=\"mce_SELRES_start\">\ufeff<\/span><span data-mce-type=\"bookmark\" style=\"display: inline-block; width: 0px; overflow: hidden; line-height: 0;\" class=\"mce_SELRES_start\">\ufeff<\/span><\/iframe><br \/>Video mapping created by Parisa Karimi as part of the Video Mapping Festival #7.<br \/><br \/><strong>\u25b6\ufe0e (R)hush<br \/><\/strong>This video mapping is a contemplative visual poem dedicated to beginnings and endings, to the chaos, the impermanence of all moments, to the complexity of love and life \u2013 past, present and possible. Traditional and digital animation techniques meet archive material and create a collage out of images, forms, colors and rhythm. <br \/><br \/><strong>Direction:<\/strong> Parisa Karimi <br \/><br \/><br \/><em>With the support of the Hauts-de-France Region, DRAC Hauts-de-France, M\u00e9tropole Europ\u00e9enne de Lille, the City of Lille, Cr\u00e9dit Mutuel Nord Europe and La Voix du Nord. <br \/><\/em><em>Technical sound installation sponsored by Prodjekt.<\/em>\u00a0\u00a0<\/p><div class=\"simple-taxonomy\">\n\t<div class=\"taxonomy-item-prod\"><a href=\"https:\/\/videomappingcenter.com\/en\/item-prod\/production\/\" rel=\"tag\">Production<\/a><\/div>\n\t<div class=\"taxonomy-item-mapping\"><a href=\"https:\/\/videomappingcenter.com\/en\/item-mapping\/mapping-monumental-en\/\" rel=\"tag\">Monument video mapping<\/a>, <a href=\"https:\/\/videomappingcenter.com\/item-mapping\/parcours\/\" rel=\"tag\">Parcours<\/a><\/div>\n\t<div class=\"taxonomy-item-lieu\"><a href=\"https:\/\/videomappingcenter.com\/en\/item-lieu\/hauts-de-france-en\/\" rel=\"tag\">Hauts-de-France<\/a><\/div>\n\t<div class=\"taxonomy-item-dates\"><a href=\"https:\/\/videomappingcenter.com\/en\/item-dates\/2024-2\/\" rel=\"tag\">2024<\/a><\/div>\n\n<\/div>\n","protected":false},"excerpt":{"rendered":"<p>\ufeff\ufeffVideo mapping created by Parisa Karimi as part of the Video Mapping Festival #7. \u25b6\ufe0e (R)hushThis video mapping is a contemplative visual poem dedicated to beginnings and endings, to the chaos, the impermanence of all moments, to the complexity of love and life \u2013 past, present and possible. Traditional and digital animation techniques meet archive [&hellip;]<\/p>\n<div class=\"simple-taxonomy\">\n\t<div class=\"taxonomy-item-prod\"><a href=\"https:\/\/videomappingcenter.com\/en\/item-prod\/production\/\" rel=\"tag\">Production<\/a><\/div>\n\t<div class=\"taxonomy-item-mapping\"><a href=\"https:\/\/videomappingcenter.com\/en\/item-mapping\/mapping-monumental-en\/\" rel=\"tag\">Monument video mapping<\/a>, <a href=\"https:\/\/videomappingcenter.com\/item-mapping\/parcours\/\" rel=\"tag\">Parcours<\/a><\/div>\n\t<div class=\"taxonomy-item-lieu\"><a href=\"https:\/\/videomappingcenter.com\/en\/item-lieu\/hauts-de-france-en\/\" rel=\"tag\">Hauts-de-France<\/a><\/div>\n\t<div class=\"taxonomy-item-dates\"><a href=\"https:\/\/videomappingcenter.com\/en\/item-dates\/2024-2\/\" rel=\"tag\">2024<\/a><\/div>\n\n<\/div>\n","protected":false},"author":3,"featured_media":15677,"comment_status":"closed","ping_status":"closed","sticky":false,"template":"","format":"standard","meta":{"footnotes":""},"categories":[146,149],"tags":[2829,124,117,131,2650,136,120,2717,110,116,1577,105,108],"item-prod":[155],"item-mapping":[277,162],"item-lieu":[281],"item-dates":[2821],"class_list":["post-15682","post","type-post","status-publish","format-standard","has-post-thumbnail","hentry","category-production-en","category-video-mapping-festival-en","tag-2024-3","tag-transcient","tag-front","tag-hauts-de-france-en","tag-la-voix-du-nord-en","tag-lille-en","tag-linear","tag-mapping-monumental-2-2","tag-monument-video-mapping","tag-outdoor","tag-parisa-karimi-en","tag-production-en","tag-video-mapping-festival-en","item-prod-production","item-mapping-mapping-monumental-en","item-mapping-parcours","item-lieu-hauts-de-france-en","item-dates-2024-2"],"yoast_head":"<!-- This site is optimized with the Yoast SEO plugin v25.8 - https:\/\/yoast.com\/wordpress\/plugins\/seo\/ -->\n<title>(R)HUSH \u2013 La Voix du Nord, Lille, France \u2013 Video Mapping Festival 2024 | Video Mapping European Center<\/title>\n<meta name=\"robots\" content=\"index, follow, max-snippet:-1, max-image-preview:large, max-video-preview:-1\" \/>\n<link rel=\"canonical\" href=\"https:\/\/videomappingcenter.com\/rhush-la-voix-du-nord-lille-france-video-mapping-festival-2024\/\" \/>\n<meta property=\"og:locale\" content=\"en_US\" \/>\n<meta property=\"og:type\" content=\"article\" \/>\n<meta property=\"og:title\" content=\"(R)HUSH \u2013 La Voix du Nord, Lille, France \u2013 Video Mapping Festival 2024 | Video Mapping European Center\" \/>\n<meta property=\"og:description\" content=\"\ufeff\ufeffVideo mapping created by Parisa Karimi as part of the Video Mapping Festival #7. \u25b6\ufe0e (R)hushThis video mapping is a contemplative visual poem dedicated to beginnings and endings, to the chaos, the impermanence of all moments, to the complexity of love and life \u2013 past, present and possible. Traditional and digital animation techniques meet archive [&hellip;]\" \/>\n<meta property=\"og:url\" content=\"https:\/\/videomappingcenter.com\/rhush-la-voix-du-nord-lille-france-video-mapping-festival-2024\/\" \/>\n<meta property=\"og:site_name\" content=\"Video Mapping European Center\" \/>\n<meta property=\"article:published_time\" content=\"2024-04-06T18:44:04+00:00\" \/>\n<meta property=\"article:modified_time\" content=\"2024-11-06T10:14:53+00:00\" \/>\n<meta property=\"og:image\" content=\"https:\/\/videomappingcenter.com\/wp-content\/uploads\/2024\/11\/VMEC24_RUSH_BANNIERE.png\" \/>\n\t<meta property=\"og:image:width\" content=\"900\" \/>\n\t<meta property=\"og:image:height\" content=\"500\" \/>\n\t<meta property=\"og:image:type\" content=\"image\/png\" \/>\n<meta name=\"author\" content=\"Edimestre\" \/>\n<meta name=\"twitter:card\" content=\"summary_large_image\" \/>\n<meta name=\"twitter:label1\" content=\"Written by\" \/>\n\t<meta name=\"twitter:data1\" content=\"Edimestre\" \/>\n\t<meta name=\"twitter:label2\" content=\"Est. reading time\" \/>\n\t<meta name=\"twitter:data2\" content=\"1 minute\" \/>\n<script type=\"application\/ld+json\" class=\"yoast-schema-graph\">{\"@context\":\"https:\/\/schema.org\",\"@graph\":[{\"@type\":\"Article\",\"@id\":\"https:\/\/videomappingcenter.com\/rhush-la-voix-du-nord-lille-france-video-mapping-festival-2024\/#article\",\"isPartOf\":{\"@id\":\"https:\/\/videomappingcenter.com\/rhush-la-voix-du-nord-lille-france-video-mapping-festival-2024\/\"},\"author\":{\"name\":\"Edimestre\",\"@id\":\"https:\/\/videomappingcenter.com\/?lang=en\/#\/schema\/person\/506136ad599d9c386ea59407d183cef8\"},\"headline\":\"(R)HUSH \u2013 La Voix du Nord, Lille, France \u2013 Video Mapping Festival 2024\",\"datePublished\":\"2024-04-06T18:44:04+00:00\",\"dateModified\":\"2024-11-06T10:14:53+00:00\",\"mainEntityOfPage\":{\"@id\":\"https:\/\/videomappingcenter.com\/rhush-la-voix-du-nord-lille-france-video-mapping-festival-2024\/\"},\"wordCount\":115,\"publisher\":{\"@id\":\"https:\/\/videomappingcenter.com\/?lang=en\/#organization\"},\"image\":{\"@id\":\"https:\/\/videomappingcenter.com\/rhush-la-voix-du-nord-lille-france-video-mapping-festival-2024\/#primaryimage\"},\"thumbnailUrl\":\"https:\/\/videomappingcenter.com\/wp-content\/uploads\/2024\/11\/VMEC24_RUSH_BANNIERE.png\",\"keywords\":[\"2024\",\"Ephemeral\",\"Frontal\",\"Hauts-de-France\",\"La Voix du Nord\",\"Lille\",\"linear\",\"Mapping monumental\",\"Monument video mapping\",\"Outdoor\",\"Parisa Karimi\",\"Production\",\"Video Mapping Festival\"],\"articleSection\":[\"Production\",\"Video Mapping Festival\"],\"inLanguage\":\"en-US\"},{\"@type\":\"WebPage\",\"@id\":\"https:\/\/videomappingcenter.com\/rhush-la-voix-du-nord-lille-france-video-mapping-festival-2024\/\",\"url\":\"https:\/\/videomappingcenter.com\/rhush-la-voix-du-nord-lille-france-video-mapping-festival-2024\/\",\"name\":\"(R)HUSH \u2013 La Voix du Nord, Lille, France \u2013 Video Mapping Festival 2024 | Video Mapping European Center\",\"isPartOf\":{\"@id\":\"https:\/\/videomappingcenter.com\/?lang=en\/#website\"},\"primaryImageOfPage\":{\"@id\":\"https:\/\/videomappingcenter.com\/rhush-la-voix-du-nord-lille-france-video-mapping-festival-2024\/#primaryimage\"},\"image\":{\"@id\":\"https:\/\/videomappingcenter.com\/rhush-la-voix-du-nord-lille-france-video-mapping-festival-2024\/#primaryimage\"},\"thumbnailUrl\":\"https:\/\/videomappingcenter.com\/wp-content\/uploads\/2024\/11\/VMEC24_RUSH_BANNIERE.png\",\"datePublished\":\"2024-04-06T18:44:04+00:00\",\"dateModified\":\"2024-11-06T10:14:53+00:00\",\"breadcrumb\":{\"@id\":\"https:\/\/videomappingcenter.com\/rhush-la-voix-du-nord-lille-france-video-mapping-festival-2024\/#breadcrumb\"},\"inLanguage\":\"en-US\",\"potentialAction\":[{\"@type\":\"ReadAction\",\"target\":[\"https:\/\/videomappingcenter.com\/rhush-la-voix-du-nord-lille-france-video-mapping-festival-2024\/\"]}]},{\"@type\":\"ImageObject\",\"inLanguage\":\"en-US\",\"@id\":\"https:\/\/videomappingcenter.com\/rhush-la-voix-du-nord-lille-france-video-mapping-festival-2024\/#primaryimage\",\"url\":\"https:\/\/videomappingcenter.com\/wp-content\/uploads\/2024\/11\/VMEC24_RUSH_BANNIERE.png\",\"contentUrl\":\"https:\/\/videomappingcenter.com\/wp-content\/uploads\/2024\/11\/VMEC24_RUSH_BANNIERE.png\",\"width\":900,\"height\":500},{\"@type\":\"BreadcrumbList\",\"@id\":\"https:\/\/videomappingcenter.com\/rhush-la-voix-du-nord-lille-france-video-mapping-festival-2024\/#breadcrumb\",\"itemListElement\":[{\"@type\":\"ListItem\",\"position\":1,\"name\":\"Accueil\",\"item\":\"https:\/\/videomappingcenter.com\/\"},{\"@type\":\"ListItem\",\"position\":2,\"name\":\"(R)HUSH \u2013 La Voix du Nord, Lille, France \u2013 Video Mapping Festival 2024\"}]},{\"@type\":\"WebSite\",\"@id\":\"https:\/\/videomappingcenter.com\/?lang=en\/#website\",\"url\":\"https:\/\/videomappingcenter.com\/?lang=en\/\",\"name\":\"Video Mapping European Center\",\"description\":\"Video Mapping European Center\",\"publisher\":{\"@id\":\"https:\/\/videomappingcenter.com\/?lang=en\/#organization\"},\"potentialAction\":[{\"@type\":\"SearchAction\",\"target\":{\"@type\":\"EntryPoint\",\"urlTemplate\":\"https:\/\/videomappingcenter.com\/?lang=en\/?s={search_term_string}\"},\"query-input\":{\"@type\":\"PropertyValueSpecification\",\"valueRequired\":true,\"valueName\":\"search_term_string\"}}],\"inLanguage\":\"en-US\"},{\"@type\":\"Organization\",\"@id\":\"https:\/\/videomappingcenter.com\/?lang=en\/#organization\",\"name\":\"Video Mapping European Center\",\"url\":\"https:\/\/videomappingcenter.com\/?lang=en\/\",\"logo\":{\"@type\":\"ImageObject\",\"inLanguage\":\"en-US\",\"@id\":\"https:\/\/videomappingcenter.com\/?lang=en\/#\/schema\/logo\/image\/\",\"url\":\"https:\/\/videomappingcenter.com\/wp-content\/uploads\/2017\/07\/logo-v3.png\",\"contentUrl\":\"https:\/\/videomappingcenter.com\/wp-content\/uploads\/2017\/07\/logo-v3.png\",\"width\":300,\"height\":135,\"caption\":\"Video Mapping European Center\"},\"image\":{\"@id\":\"https:\/\/videomappingcenter.com\/?lang=en\/#\/schema\/logo\/image\/\"}},{\"@type\":\"Person\",\"@id\":\"https:\/\/videomappingcenter.com\/?lang=en\/#\/schema\/person\/506136ad599d9c386ea59407d183cef8\",\"name\":\"Edimestre\",\"image\":{\"@type\":\"ImageObject\",\"inLanguage\":\"en-US\",\"@id\":\"https:\/\/videomappingcenter.com\/?lang=en\/#\/schema\/person\/image\/\",\"url\":\"https:\/\/videomappingcenter.com\/wp-content\/uploads\/2017\/07\/avatar.jpg\",\"contentUrl\":\"https:\/\/videomappingcenter.com\/wp-content\/uploads\/2017\/07\/avatar.jpg\",\"caption\":\"Edimestre\"}}]}<\/script>\n<!-- \/ Yoast SEO plugin. -->","yoast_head_json":{"title":"(R)HUSH \u2013 La Voix du Nord, Lille, France \u2013 Video Mapping Festival 2024 | Video Mapping European Center","robots":{"index":"index","follow":"follow","max-snippet":"max-snippet:-1","max-image-preview":"max-image-preview:large","max-video-preview":"max-video-preview:-1"},"canonical":"https:\/\/videomappingcenter.com\/rhush-la-voix-du-nord-lille-france-video-mapping-festival-2024\/","og_locale":"en_US","og_type":"article","og_title":"(R)HUSH \u2013 La Voix du Nord, Lille, France \u2013 Video Mapping Festival 2024 | Video Mapping European Center","og_description":"\ufeff\ufeffVideo mapping created by Parisa Karimi as part of the Video Mapping Festival #7. \u25b6\ufe0e (R)hushThis video mapping is a contemplative visual poem dedicated to beginnings and endings, to the chaos, the impermanence of all moments, to the complexity of love and life \u2013 past, present and possible. Traditional and digital animation techniques meet archive [&hellip;]","og_url":"https:\/\/videomappingcenter.com\/rhush-la-voix-du-nord-lille-france-video-mapping-festival-2024\/","og_site_name":"Video Mapping European Center","article_published_time":"2024-04-06T18:44:04+00:00","article_modified_time":"2024-11-06T10:14:53+00:00","og_image":[{"width":900,"height":500,"url":"https:\/\/videomappingcenter.com\/wp-content\/uploads\/2024\/11\/VMEC24_RUSH_BANNIERE.png","type":"image\/png"}],"author":"Edimestre","twitter_card":"summary_large_image","twitter_misc":{"Written by":"Edimestre","Est. reading time":"1 minute"},"schema":{"@context":"https:\/\/schema.org","@graph":[{"@type":"Article","@id":"https:\/\/videomappingcenter.com\/rhush-la-voix-du-nord-lille-france-video-mapping-festival-2024\/#article","isPartOf":{"@id":"https:\/\/videomappingcenter.com\/rhush-la-voix-du-nord-lille-france-video-mapping-festival-2024\/"},"author":{"name":"Edimestre","@id":"https:\/\/videomappingcenter.com\/?lang=en\/#\/schema\/person\/506136ad599d9c386ea59407d183cef8"},"headline":"(R)HUSH \u2013 La Voix du Nord, Lille, France \u2013 Video Mapping Festival 2024","datePublished":"2024-04-06T18:44:04+00:00","dateModified":"2024-11-06T10:14:53+00:00","mainEntityOfPage":{"@id":"https:\/\/videomappingcenter.com\/rhush-la-voix-du-nord-lille-france-video-mapping-festival-2024\/"},"wordCount":115,"publisher":{"@id":"https:\/\/videomappingcenter.com\/?lang=en\/#organization"},"image":{"@id":"https:\/\/videomappingcenter.com\/rhush-la-voix-du-nord-lille-france-video-mapping-festival-2024\/#primaryimage"},"thumbnailUrl":"https:\/\/videomappingcenter.com\/wp-content\/uploads\/2024\/11\/VMEC24_RUSH_BANNIERE.png","keywords":["2024","Ephemeral","Frontal","Hauts-de-France","La Voix du Nord","Lille","linear","Mapping monumental","Monument video mapping","Outdoor","Parisa Karimi","Production","Video Mapping Festival"],"articleSection":["Production","Video Mapping Festival"],"inLanguage":"en-US"},{"@type":"WebPage","@id":"https:\/\/videomappingcenter.com\/rhush-la-voix-du-nord-lille-france-video-mapping-festival-2024\/","url":"https:\/\/videomappingcenter.com\/rhush-la-voix-du-nord-lille-france-video-mapping-festival-2024\/","name":"(R)HUSH \u2013 La Voix du Nord, Lille, France \u2013 Video Mapping Festival 2024 | Video Mapping European Center","isPartOf":{"@id":"https:\/\/videomappingcenter.com\/?lang=en\/#website"},"primaryImageOfPage":{"@id":"https:\/\/videomappingcenter.com\/rhush-la-voix-du-nord-lille-france-video-mapping-festival-2024\/#primaryimage"},"image":{"@id":"https:\/\/videomappingcenter.com\/rhush-la-voix-du-nord-lille-france-video-mapping-festival-2024\/#primaryimage"},"thumbnailUrl":"https:\/\/videomappingcenter.com\/wp-content\/uploads\/2024\/11\/VMEC24_RUSH_BANNIERE.png","datePublished":"2024-04-06T18:44:04+00:00","dateModified":"2024-11-06T10:14:53+00:00","breadcrumb":{"@id":"https:\/\/videomappingcenter.com\/rhush-la-voix-du-nord-lille-france-video-mapping-festival-2024\/#breadcrumb"},"inLanguage":"en-US","potentialAction":[{"@type":"ReadAction","target":["https:\/\/videomappingcenter.com\/rhush-la-voix-du-nord-lille-france-video-mapping-festival-2024\/"]}]},{"@type":"ImageObject","inLanguage":"en-US","@id":"https:\/\/videomappingcenter.com\/rhush-la-voix-du-nord-lille-france-video-mapping-festival-2024\/#primaryimage","url":"https:\/\/videomappingcenter.com\/wp-content\/uploads\/2024\/11\/VMEC24_RUSH_BANNIERE.png","contentUrl":"https:\/\/videomappingcenter.com\/wp-content\/uploads\/2024\/11\/VMEC24_RUSH_BANNIERE.png","width":900,"height":500},{"@type":"BreadcrumbList","@id":"https:\/\/videomappingcenter.com\/rhush-la-voix-du-nord-lille-france-video-mapping-festival-2024\/#breadcrumb","itemListElement":[{"@type":"ListItem","position":1,"name":"Accueil","item":"https:\/\/videomappingcenter.com\/"},{"@type":"ListItem","position":2,"name":"(R)HUSH \u2013 La Voix du Nord, Lille, France \u2013 Video Mapping Festival 2024"}]},{"@type":"WebSite","@id":"https:\/\/videomappingcenter.com\/?lang=en\/#website","url":"https:\/\/videomappingcenter.com\/?lang=en\/","name":"Video Mapping European Center","description":"Video Mapping European Center","publisher":{"@id":"https:\/\/videomappingcenter.com\/?lang=en\/#organization"},"potentialAction":[{"@type":"SearchAction","target":{"@type":"EntryPoint","urlTemplate":"https:\/\/videomappingcenter.com\/?lang=en\/?s={search_term_string}"},"query-input":{"@type":"PropertyValueSpecification","valueRequired":true,"valueName":"search_term_string"}}],"inLanguage":"en-US"},{"@type":"Organization","@id":"https:\/\/videomappingcenter.com\/?lang=en\/#organization","name":"Video Mapping European Center","url":"https:\/\/videomappingcenter.com\/?lang=en\/","logo":{"@type":"ImageObject","inLanguage":"en-US","@id":"https:\/\/videomappingcenter.com\/?lang=en\/#\/schema\/logo\/image\/","url":"https:\/\/videomappingcenter.com\/wp-content\/uploads\/2017\/07\/logo-v3.png","contentUrl":"https:\/\/videomappingcenter.com\/wp-content\/uploads\/2017\/07\/logo-v3.png","width":300,"height":135,"caption":"Video Mapping European Center"},"image":{"@id":"https:\/\/videomappingcenter.com\/?lang=en\/#\/schema\/logo\/image\/"}},{"@type":"Person","@id":"https:\/\/videomappingcenter.com\/?lang=en\/#\/schema\/person\/506136ad599d9c386ea59407d183cef8","name":"Edimestre","image":{"@type":"ImageObject","inLanguage":"en-US","@id":"https:\/\/videomappingcenter.com\/?lang=en\/#\/schema\/person\/image\/","url":"https:\/\/videomappingcenter.com\/wp-content\/uploads\/2017\/07\/avatar.jpg","contentUrl":"https:\/\/videomappingcenter.com\/wp-content\/uploads\/2017\/07\/avatar.jpg","caption":"Edimestre"}}]}},"_links":{"self":[{"href":"https:\/\/videomappingcenter.com\/en\/wp-json\/wp\/v2\/posts\/15682","targetHints":{"allow":["GET"]}}],"collection":[{"href":"https:\/\/videomappingcenter.com\/en\/wp-json\/wp\/v2\/posts"}],"about":[{"href":"https:\/\/videomappingcenter.com\/en\/wp-json\/wp\/v2\/types\/post"}],"author":[{"embeddable":true,"href":"https:\/\/videomappingcenter.com\/en\/wp-json\/wp\/v2\/users\/3"}],"replies":[{"embeddable":true,"href":"https:\/\/videomappingcenter.com\/en\/wp-json\/wp\/v2\/comments?post=15682"}],"version-history":[{"count":0,"href":"https:\/\/videomappingcenter.com\/en\/wp-json\/wp\/v2\/posts\/15682\/revisions"}],"wp:featuredmedia":[{"embeddable":true,"href":"https:\/\/videomappingcenter.com\/en\/wp-json\/wp\/v2\/media\/15677"}],"wp:attachment":[{"href":"https:\/\/videomappingcenter.com\/en\/wp-json\/wp\/v2\/media?parent=15682"}],"wp:term":[{"taxonomy":"category","embeddable":true,"href":"https:\/\/videomappingcenter.com\/en\/wp-json\/wp\/v2\/categories?post=15682"},{"taxonomy":"post_tag","embeddable":true,"href":"https:\/\/videomappingcenter.com\/en\/wp-json\/wp\/v2\/tags?post=15682"},{"taxonomy":"item-prod","embeddable":true,"href":"https:\/\/videomappingcenter.com\/en\/wp-json\/wp\/v2\/item-prod?post=15682"},{"taxonomy":"item-mapping","embeddable":true,"href":"https:\/\/videomappingcenter.com\/en\/wp-json\/wp\/v2\/item-mapping?post=15682"},{"taxonomy":"item-lieu","embeddable":true,"href":"https:\/\/videomappingcenter.com\/en\/wp-json\/wp\/v2\/item-lieu?post=15682"},{"taxonomy":"item-dates","embeddable":true,"href":"https:\/\/videomappingcenter.com\/en\/wp-json\/wp\/v2\/item-dates?post=15682"}],"curies":[{"name":"wp","href":"https:\/\/api.w.org\/{rel}","templated":true}]}}