{"id":17006,"date":"2024-04-06T23:00:32","date_gmt":"2024-04-06T21:00:32","guid":{"rendered":"https:\/\/videomappingcenter.com\/?p=17006"},"modified":"2025-03-18T16:56:14","modified_gmt":"2025-03-18T15:56:14","slug":"curtains-notre-dame-de-la-treille-cathedral-lille-france-video-mapping-festival-2024","status":"publish","type":"post","link":"https:\/\/videomappingcenter.com\/en\/curtains-notre-dame-de-la-treille-cathedral-lille-france-video-mapping-festival-2024\/","title":{"rendered":"CURTAINS \u2013 Notre-Dame de la Treille Cathedral, Lille, France \u2013 Video Mapping Festival 2024"},"content":{"rendered":"\r\n<p style=\"text-align: justify;\"><iframe loading=\"lazy\" src=\"https:\/\/player.vimeo.com\/video\/1066851236\" width=\"640\" height=\"360\" frameborder=\"0\" allowfullscreen=\"allowfullscreen\"><span data-mce-type=\"bookmark\" style=\"display: inline-block; width: 0px; overflow: hidden; line-height: 0;\" class=\"mce_SELRES_start\">\ufeff<\/span><span data-mce-type=\"bookmark\" style=\"display: inline-block; width: 0px; overflow: hidden; line-height: 0;\" class=\"mce_SELRES_start\"> <\/span><span data-mce-type=\"bookmark\" style=\"display: inline-block; width: 0px; overflow: hidden; line-height: 0;\" class=\"mce_SELRES_start\"> <\/span><span data-mce-type=\"bookmark\" style=\"display: inline-block; width: 0px; overflow: hidden; line-height: 0;\" class=\"mce_SELRES_start\">\ufeff<\/span><\/iframe><br \/>Video mapping created by Julian H\u00f6lscher as part of the Video Mapping Festival #7. <br \/><br \/><strong>\u25b6\ufe0e CURTAINS<\/strong> <br \/>The architecture of the cathedral becomes a membrane behind which an unreachable world is concealed. It is not materially tangible for the religious community, but remains in a virtual sphere of the imagination. In this way, an analogy unfolds between the spiritual spaces of faith and the equally virtual spaces of the digital worlds in which we live. Both places of longing are full of symbols in which people search for insight, certainty and hope. <br \/><br \/><strong>Art direction and animation:<\/strong>\u00a0Julian H\u00f6lscher <br \/><strong>Sound design :<\/strong>\u00a0Thomas Werner <br \/><br \/><br \/><em>With the support of the Hauts-de-France Region, DRAC Hauts-de-France, M\u00e9tropole Europ\u00e9enne de Lille, the City of Lille and Cr\u00e9dit Mutuel Nord Europe.<\/em> <br \/><br \/><strong>Technical video installation sponsored by Christie. <br \/>Technical sound installation sponsored by Prodjekt.<\/strong><\/p><div class=\"simple-taxonomy\">\n\t<div class=\"taxonomy-item-prod\"><a href=\"https:\/\/videomappingcenter.com\/en\/item-prod\/production\/\" rel=\"tag\">Production<\/a><\/div>\n\t<div class=\"taxonomy-item-mapping\"><a href=\"https:\/\/videomappingcenter.com\/en\/item-mapping\/mapping-monumental-en\/\" rel=\"tag\">Monument video mapping<\/a>, <a href=\"https:\/\/videomappingcenter.com\/item-mapping\/parcours\/\" rel=\"tag\">Parcours<\/a><\/div>\n\t<div class=\"taxonomy-item-lieu\"><a href=\"https:\/\/videomappingcenter.com\/en\/item-lieu\/hauts-de-france-en\/\" rel=\"tag\">Hauts-de-France<\/a><\/div>\n\t<div class=\"taxonomy-item-dates\"><a href=\"https:\/\/videomappingcenter.com\/en\/item-dates\/2024-2\/\" rel=\"tag\">2024<\/a><\/div>\n\n<\/div>\n","protected":false},"excerpt":{"rendered":"<p>\ufeff \ufeffVideo mapping created by Julian H\u00f6lscher as part of the Video Mapping Festival #7. \u25b6\ufe0e CURTAINS The architecture of the cathedral becomes a membrane behind which an unreachable world is concealed. It is not materially tangible for the religious community, but remains in a virtual sphere of the imagination. In this way, an analogy [&hellip;]<\/p>\n<div class=\"simple-taxonomy\">\n\t<div class=\"taxonomy-item-prod\"><a href=\"https:\/\/videomappingcenter.com\/en\/item-prod\/production\/\" rel=\"tag\">Production<\/a><\/div>\n\t<div class=\"taxonomy-item-mapping\"><a href=\"https:\/\/videomappingcenter.com\/en\/item-mapping\/mapping-monumental-en\/\" rel=\"tag\">Monument video mapping<\/a>, <a href=\"https:\/\/videomappingcenter.com\/item-mapping\/parcours\/\" rel=\"tag\">Parcours<\/a><\/div>\n\t<div class=\"taxonomy-item-lieu\"><a href=\"https:\/\/videomappingcenter.com\/en\/item-lieu\/hauts-de-france-en\/\" rel=\"tag\">Hauts-de-France<\/a><\/div>\n\t<div class=\"taxonomy-item-dates\"><a href=\"https:\/\/videomappingcenter.com\/en\/item-dates\/2024-2\/\" rel=\"tag\">2024<\/a><\/div>\n\n<\/div>\n","protected":false},"author":3,"featured_media":17001,"comment_status":"closed","ping_status":"closed","sticky":false,"template":"","format":"standard","meta":{"footnotes":""},"categories":[146,149],"tags":[2829,2370,124,117,1001,136,120,2717,110,116,105,3037,108],"item-prod":[155],"item-mapping":[277,162],"item-lieu":[281],"item-dates":[2821],"class_list":["post-17006","post","type-post","status-publish","format-standard","has-post-thumbnail","hentry","category-production-en","category-video-mapping-festival-en","tag-2024-3","tag-cathedrale-notre-dame-de-la-treille-en","tag-transcient","tag-front","tag-julian-holscher-en","tag-lille-en","tag-linear","tag-mapping-monumental-2-2","tag-monument-video-mapping","tag-outdoor","tag-production-en","tag-thomas-werner-2","tag-video-mapping-festival-en","item-prod-production","item-mapping-mapping-monumental-en","item-mapping-parcours","item-lieu-hauts-de-france-en","item-dates-2024-2"],"yoast_head":"<!-- This site is optimized with the Yoast SEO plugin v25.8 - https:\/\/yoast.com\/wordpress\/plugins\/seo\/ -->\n<title>CURTAINS \u2013 Notre-Dame de la Treille Cathedral, Lille, France \u2013 Video Mapping Festival 2024 | Video Mapping European Center<\/title>\n<meta name=\"robots\" content=\"index, follow, max-snippet:-1, max-image-preview:large, max-video-preview:-1\" \/>\n<link rel=\"canonical\" href=\"https:\/\/videomappingcenter.com\/curtains-cathedrale-notre-dame-de-la-treille-lille-france-video-mapping-festival-2024\/\" \/>\n<meta property=\"og:locale\" content=\"en_US\" \/>\n<meta property=\"og:type\" content=\"article\" \/>\n<meta property=\"og:title\" content=\"CURTAINS \u2013 Notre-Dame de la Treille Cathedral, Lille, France \u2013 Video Mapping Festival 2024 | Video Mapping European Center\" \/>\n<meta property=\"og:description\" content=\"\ufeff \ufeffVideo mapping created by Julian H\u00f6lscher as part of the Video Mapping Festival #7. \u25b6\ufe0e CURTAINS The architecture of the cathedral becomes a membrane behind which an unreachable world is concealed. It is not materially tangible for the religious community, but remains in a virtual sphere of the imagination. In this way, an analogy [&hellip;]\" \/>\n<meta property=\"og:url\" content=\"https:\/\/videomappingcenter.com\/curtains-cathedrale-notre-dame-de-la-treille-lille-france-video-mapping-festival-2024\/\" \/>\n<meta property=\"og:site_name\" content=\"Video Mapping European Center\" \/>\n<meta property=\"article:published_time\" content=\"2024-04-06T21:00:32+00:00\" \/>\n<meta property=\"article:modified_time\" content=\"2025-03-18T15:56:14+00:00\" \/>\n<meta property=\"og:image\" content=\"https:\/\/videomappingcenter.com\/wp-content\/uploads\/2025\/03\/VMF7_Treille.png\" \/>\n\t<meta property=\"og:image:width\" content=\"900\" \/>\n\t<meta property=\"og:image:height\" content=\"500\" \/>\n\t<meta property=\"og:image:type\" content=\"image\/png\" \/>\n<meta name=\"author\" content=\"Edimestre\" \/>\n<meta name=\"twitter:card\" content=\"summary_large_image\" \/>\n<meta name=\"twitter:label1\" content=\"Written by\" \/>\n\t<meta name=\"twitter:data1\" content=\"Edimestre\" \/>\n\t<meta name=\"twitter:label2\" content=\"Est. reading time\" \/>\n\t<meta name=\"twitter:data2\" content=\"1 minute\" \/>\n<script type=\"application\/ld+json\" class=\"yoast-schema-graph\">{\"@context\":\"https:\/\/schema.org\",\"@graph\":[{\"@type\":\"Article\",\"@id\":\"https:\/\/videomappingcenter.com\/curtains-cathedrale-notre-dame-de-la-treille-lille-france-video-mapping-festival-2024\/#article\",\"isPartOf\":{\"@id\":\"https:\/\/videomappingcenter.com\/curtains-cathedrale-notre-dame-de-la-treille-lille-france-video-mapping-festival-2024\/\"},\"author\":{\"name\":\"Edimestre\",\"@id\":\"https:\/\/videomappingcenter.com\/?lang=en\/#\/schema\/person\/506136ad599d9c386ea59407d183cef8\"},\"headline\":\"CURTAINS \u2013 Notre-Dame de la Treille Cathedral, Lille, France \u2013 Video Mapping Festival 2024\",\"datePublished\":\"2024-04-06T21:00:32+00:00\",\"dateModified\":\"2025-03-18T15:56:14+00:00\",\"mainEntityOfPage\":{\"@id\":\"https:\/\/videomappingcenter.com\/curtains-cathedrale-notre-dame-de-la-treille-lille-france-video-mapping-festival-2024\/\"},\"wordCount\":149,\"publisher\":{\"@id\":\"https:\/\/videomappingcenter.com\/?lang=en\/#organization\"},\"image\":{\"@id\":\"https:\/\/videomappingcenter.com\/curtains-cathedrale-notre-dame-de-la-treille-lille-france-video-mapping-festival-2024\/#primaryimage\"},\"thumbnailUrl\":\"https:\/\/videomappingcenter.com\/wp-content\/uploads\/2025\/03\/VMF7_Treille.png\",\"keywords\":[\"2024\",\"Cath\u00e9drale Notre-Dame-de-la-Treille\",\"Ephemeral\",\"Frontal\",\"Julian H\u00f6lscher\",\"Lille\",\"linear\",\"Mapping monumental\",\"Monument video mapping\",\"Outdoor\",\"Production\",\"Thomas Werner\",\"Video Mapping Festival\"],\"articleSection\":[\"Production\",\"Video Mapping Festival\"],\"inLanguage\":\"en-US\"},{\"@type\":\"WebPage\",\"@id\":\"https:\/\/videomappingcenter.com\/curtains-cathedrale-notre-dame-de-la-treille-lille-france-video-mapping-festival-2024\/\",\"url\":\"https:\/\/videomappingcenter.com\/curtains-cathedrale-notre-dame-de-la-treille-lille-france-video-mapping-festival-2024\/\",\"name\":\"CURTAINS \u2013 Notre-Dame de la Treille Cathedral, Lille, France \u2013 Video Mapping Festival 2024 | Video Mapping European Center\",\"isPartOf\":{\"@id\":\"https:\/\/videomappingcenter.com\/?lang=en\/#website\"},\"primaryImageOfPage\":{\"@id\":\"https:\/\/videomappingcenter.com\/curtains-cathedrale-notre-dame-de-la-treille-lille-france-video-mapping-festival-2024\/#primaryimage\"},\"image\":{\"@id\":\"https:\/\/videomappingcenter.com\/curtains-cathedrale-notre-dame-de-la-treille-lille-france-video-mapping-festival-2024\/#primaryimage\"},\"thumbnailUrl\":\"https:\/\/videomappingcenter.com\/wp-content\/uploads\/2025\/03\/VMF7_Treille.png\",\"datePublished\":\"2024-04-06T21:00:32+00:00\",\"dateModified\":\"2025-03-18T15:56:14+00:00\",\"breadcrumb\":{\"@id\":\"https:\/\/videomappingcenter.com\/curtains-cathedrale-notre-dame-de-la-treille-lille-france-video-mapping-festival-2024\/#breadcrumb\"},\"inLanguage\":\"en-US\",\"potentialAction\":[{\"@type\":\"ReadAction\",\"target\":[\"https:\/\/videomappingcenter.com\/curtains-cathedrale-notre-dame-de-la-treille-lille-france-video-mapping-festival-2024\/\"]}]},{\"@type\":\"ImageObject\",\"inLanguage\":\"en-US\",\"@id\":\"https:\/\/videomappingcenter.com\/curtains-cathedrale-notre-dame-de-la-treille-lille-france-video-mapping-festival-2024\/#primaryimage\",\"url\":\"https:\/\/videomappingcenter.com\/wp-content\/uploads\/2025\/03\/VMF7_Treille.png\",\"contentUrl\":\"https:\/\/videomappingcenter.com\/wp-content\/uploads\/2025\/03\/VMF7_Treille.png\",\"width\":900,\"height\":500},{\"@type\":\"BreadcrumbList\",\"@id\":\"https:\/\/videomappingcenter.com\/curtains-cathedrale-notre-dame-de-la-treille-lille-france-video-mapping-festival-2024\/#breadcrumb\",\"itemListElement\":[{\"@type\":\"ListItem\",\"position\":1,\"name\":\"Accueil\",\"item\":\"https:\/\/videomappingcenter.com\/\"},{\"@type\":\"ListItem\",\"position\":2,\"name\":\"CURTAINS \u2013 Notre-Dame de la Treille Cathedral, Lille, France \u2013 Video Mapping Festival 2024\"}]},{\"@type\":\"WebSite\",\"@id\":\"https:\/\/videomappingcenter.com\/?lang=en\/#website\",\"url\":\"https:\/\/videomappingcenter.com\/?lang=en\/\",\"name\":\"Video Mapping European Center\",\"description\":\"Video Mapping European Center\",\"publisher\":{\"@id\":\"https:\/\/videomappingcenter.com\/?lang=en\/#organization\"},\"potentialAction\":[{\"@type\":\"SearchAction\",\"target\":{\"@type\":\"EntryPoint\",\"urlTemplate\":\"https:\/\/videomappingcenter.com\/?lang=en\/?s={search_term_string}\"},\"query-input\":{\"@type\":\"PropertyValueSpecification\",\"valueRequired\":true,\"valueName\":\"search_term_string\"}}],\"inLanguage\":\"en-US\"},{\"@type\":\"Organization\",\"@id\":\"https:\/\/videomappingcenter.com\/?lang=en\/#organization\",\"name\":\"Video Mapping European Center\",\"url\":\"https:\/\/videomappingcenter.com\/?lang=en\/\",\"logo\":{\"@type\":\"ImageObject\",\"inLanguage\":\"en-US\",\"@id\":\"https:\/\/videomappingcenter.com\/?lang=en\/#\/schema\/logo\/image\/\",\"url\":\"https:\/\/videomappingcenter.com\/wp-content\/uploads\/2017\/07\/logo-v3.png\",\"contentUrl\":\"https:\/\/videomappingcenter.com\/wp-content\/uploads\/2017\/07\/logo-v3.png\",\"width\":300,\"height\":135,\"caption\":\"Video Mapping European Center\"},\"image\":{\"@id\":\"https:\/\/videomappingcenter.com\/?lang=en\/#\/schema\/logo\/image\/\"}},{\"@type\":\"Person\",\"@id\":\"https:\/\/videomappingcenter.com\/?lang=en\/#\/schema\/person\/506136ad599d9c386ea59407d183cef8\",\"name\":\"Edimestre\",\"image\":{\"@type\":\"ImageObject\",\"inLanguage\":\"en-US\",\"@id\":\"https:\/\/videomappingcenter.com\/?lang=en\/#\/schema\/person\/image\/\",\"url\":\"https:\/\/videomappingcenter.com\/wp-content\/uploads\/2017\/07\/avatar.jpg\",\"contentUrl\":\"https:\/\/videomappingcenter.com\/wp-content\/uploads\/2017\/07\/avatar.jpg\",\"caption\":\"Edimestre\"}}]}<\/script>\n<!-- \/ Yoast SEO plugin. -->","yoast_head_json":{"title":"CURTAINS \u2013 Notre-Dame de la Treille Cathedral, Lille, France \u2013 Video Mapping Festival 2024 | Video Mapping European Center","robots":{"index":"index","follow":"follow","max-snippet":"max-snippet:-1","max-image-preview":"max-image-preview:large","max-video-preview":"max-video-preview:-1"},"canonical":"https:\/\/videomappingcenter.com\/curtains-cathedrale-notre-dame-de-la-treille-lille-france-video-mapping-festival-2024\/","og_locale":"en_US","og_type":"article","og_title":"CURTAINS \u2013 Notre-Dame de la Treille Cathedral, Lille, France \u2013 Video Mapping Festival 2024 | Video Mapping European Center","og_description":"\ufeff \ufeffVideo mapping created by Julian H\u00f6lscher as part of the Video Mapping Festival #7. \u25b6\ufe0e CURTAINS The architecture of the cathedral becomes a membrane behind which an unreachable world is concealed. It is not materially tangible for the religious community, but remains in a virtual sphere of the imagination. In this way, an analogy [&hellip;]","og_url":"https:\/\/videomappingcenter.com\/curtains-cathedrale-notre-dame-de-la-treille-lille-france-video-mapping-festival-2024\/","og_site_name":"Video Mapping European Center","article_published_time":"2024-04-06T21:00:32+00:00","article_modified_time":"2025-03-18T15:56:14+00:00","og_image":[{"width":900,"height":500,"url":"https:\/\/videomappingcenter.com\/wp-content\/uploads\/2025\/03\/VMF7_Treille.png","type":"image\/png"}],"author":"Edimestre","twitter_card":"summary_large_image","twitter_misc":{"Written by":"Edimestre","Est. reading time":"1 minute"},"schema":{"@context":"https:\/\/schema.org","@graph":[{"@type":"Article","@id":"https:\/\/videomappingcenter.com\/curtains-cathedrale-notre-dame-de-la-treille-lille-france-video-mapping-festival-2024\/#article","isPartOf":{"@id":"https:\/\/videomappingcenter.com\/curtains-cathedrale-notre-dame-de-la-treille-lille-france-video-mapping-festival-2024\/"},"author":{"name":"Edimestre","@id":"https:\/\/videomappingcenter.com\/?lang=en\/#\/schema\/person\/506136ad599d9c386ea59407d183cef8"},"headline":"CURTAINS \u2013 Notre-Dame de la Treille Cathedral, Lille, France \u2013 Video Mapping Festival 2024","datePublished":"2024-04-06T21:00:32+00:00","dateModified":"2025-03-18T15:56:14+00:00","mainEntityOfPage":{"@id":"https:\/\/videomappingcenter.com\/curtains-cathedrale-notre-dame-de-la-treille-lille-france-video-mapping-festival-2024\/"},"wordCount":149,"publisher":{"@id":"https:\/\/videomappingcenter.com\/?lang=en\/#organization"},"image":{"@id":"https:\/\/videomappingcenter.com\/curtains-cathedrale-notre-dame-de-la-treille-lille-france-video-mapping-festival-2024\/#primaryimage"},"thumbnailUrl":"https:\/\/videomappingcenter.com\/wp-content\/uploads\/2025\/03\/VMF7_Treille.png","keywords":["2024","Cath\u00e9drale Notre-Dame-de-la-Treille","Ephemeral","Frontal","Julian H\u00f6lscher","Lille","linear","Mapping monumental","Monument video mapping","Outdoor","Production","Thomas Werner","Video Mapping Festival"],"articleSection":["Production","Video Mapping Festival"],"inLanguage":"en-US"},{"@type":"WebPage","@id":"https:\/\/videomappingcenter.com\/curtains-cathedrale-notre-dame-de-la-treille-lille-france-video-mapping-festival-2024\/","url":"https:\/\/videomappingcenter.com\/curtains-cathedrale-notre-dame-de-la-treille-lille-france-video-mapping-festival-2024\/","name":"CURTAINS \u2013 Notre-Dame de la Treille Cathedral, Lille, France \u2013 Video Mapping Festival 2024 | Video Mapping European Center","isPartOf":{"@id":"https:\/\/videomappingcenter.com\/?lang=en\/#website"},"primaryImageOfPage":{"@id":"https:\/\/videomappingcenter.com\/curtains-cathedrale-notre-dame-de-la-treille-lille-france-video-mapping-festival-2024\/#primaryimage"},"image":{"@id":"https:\/\/videomappingcenter.com\/curtains-cathedrale-notre-dame-de-la-treille-lille-france-video-mapping-festival-2024\/#primaryimage"},"thumbnailUrl":"https:\/\/videomappingcenter.com\/wp-content\/uploads\/2025\/03\/VMF7_Treille.png","datePublished":"2024-04-06T21:00:32+00:00","dateModified":"2025-03-18T15:56:14+00:00","breadcrumb":{"@id":"https:\/\/videomappingcenter.com\/curtains-cathedrale-notre-dame-de-la-treille-lille-france-video-mapping-festival-2024\/#breadcrumb"},"inLanguage":"en-US","potentialAction":[{"@type":"ReadAction","target":["https:\/\/videomappingcenter.com\/curtains-cathedrale-notre-dame-de-la-treille-lille-france-video-mapping-festival-2024\/"]}]},{"@type":"ImageObject","inLanguage":"en-US","@id":"https:\/\/videomappingcenter.com\/curtains-cathedrale-notre-dame-de-la-treille-lille-france-video-mapping-festival-2024\/#primaryimage","url":"https:\/\/videomappingcenter.com\/wp-content\/uploads\/2025\/03\/VMF7_Treille.png","contentUrl":"https:\/\/videomappingcenter.com\/wp-content\/uploads\/2025\/03\/VMF7_Treille.png","width":900,"height":500},{"@type":"BreadcrumbList","@id":"https:\/\/videomappingcenter.com\/curtains-cathedrale-notre-dame-de-la-treille-lille-france-video-mapping-festival-2024\/#breadcrumb","itemListElement":[{"@type":"ListItem","position":1,"name":"Accueil","item":"https:\/\/videomappingcenter.com\/"},{"@type":"ListItem","position":2,"name":"CURTAINS \u2013 Notre-Dame de la Treille Cathedral, Lille, France \u2013 Video Mapping Festival 2024"}]},{"@type":"WebSite","@id":"https:\/\/videomappingcenter.com\/?lang=en\/#website","url":"https:\/\/videomappingcenter.com\/?lang=en\/","name":"Video Mapping European Center","description":"Video Mapping European Center","publisher":{"@id":"https:\/\/videomappingcenter.com\/?lang=en\/#organization"},"potentialAction":[{"@type":"SearchAction","target":{"@type":"EntryPoint","urlTemplate":"https:\/\/videomappingcenter.com\/?lang=en\/?s={search_term_string}"},"query-input":{"@type":"PropertyValueSpecification","valueRequired":true,"valueName":"search_term_string"}}],"inLanguage":"en-US"},{"@type":"Organization","@id":"https:\/\/videomappingcenter.com\/?lang=en\/#organization","name":"Video Mapping European Center","url":"https:\/\/videomappingcenter.com\/?lang=en\/","logo":{"@type":"ImageObject","inLanguage":"en-US","@id":"https:\/\/videomappingcenter.com\/?lang=en\/#\/schema\/logo\/image\/","url":"https:\/\/videomappingcenter.com\/wp-content\/uploads\/2017\/07\/logo-v3.png","contentUrl":"https:\/\/videomappingcenter.com\/wp-content\/uploads\/2017\/07\/logo-v3.png","width":300,"height":135,"caption":"Video Mapping European Center"},"image":{"@id":"https:\/\/videomappingcenter.com\/?lang=en\/#\/schema\/logo\/image\/"}},{"@type":"Person","@id":"https:\/\/videomappingcenter.com\/?lang=en\/#\/schema\/person\/506136ad599d9c386ea59407d183cef8","name":"Edimestre","image":{"@type":"ImageObject","inLanguage":"en-US","@id":"https:\/\/videomappingcenter.com\/?lang=en\/#\/schema\/person\/image\/","url":"https:\/\/videomappingcenter.com\/wp-content\/uploads\/2017\/07\/avatar.jpg","contentUrl":"https:\/\/videomappingcenter.com\/wp-content\/uploads\/2017\/07\/avatar.jpg","caption":"Edimestre"}}]}},"_links":{"self":[{"href":"https:\/\/videomappingcenter.com\/en\/wp-json\/wp\/v2\/posts\/17006","targetHints":{"allow":["GET"]}}],"collection":[{"href":"https:\/\/videomappingcenter.com\/en\/wp-json\/wp\/v2\/posts"}],"about":[{"href":"https:\/\/videomappingcenter.com\/en\/wp-json\/wp\/v2\/types\/post"}],"author":[{"embeddable":true,"href":"https:\/\/videomappingcenter.com\/en\/wp-json\/wp\/v2\/users\/3"}],"replies":[{"embeddable":true,"href":"https:\/\/videomappingcenter.com\/en\/wp-json\/wp\/v2\/comments?post=17006"}],"version-history":[{"count":0,"href":"https:\/\/videomappingcenter.com\/en\/wp-json\/wp\/v2\/posts\/17006\/revisions"}],"wp:featuredmedia":[{"embeddable":true,"href":"https:\/\/videomappingcenter.com\/en\/wp-json\/wp\/v2\/media\/17001"}],"wp:attachment":[{"href":"https:\/\/videomappingcenter.com\/en\/wp-json\/wp\/v2\/media?parent=17006"}],"wp:term":[{"taxonomy":"category","embeddable":true,"href":"https:\/\/videomappingcenter.com\/en\/wp-json\/wp\/v2\/categories?post=17006"},{"taxonomy":"post_tag","embeddable":true,"href":"https:\/\/videomappingcenter.com\/en\/wp-json\/wp\/v2\/tags?post=17006"},{"taxonomy":"item-prod","embeddable":true,"href":"https:\/\/videomappingcenter.com\/en\/wp-json\/wp\/v2\/item-prod?post=17006"},{"taxonomy":"item-mapping","embeddable":true,"href":"https:\/\/videomappingcenter.com\/en\/wp-json\/wp\/v2\/item-mapping?post=17006"},{"taxonomy":"item-lieu","embeddable":true,"href":"https:\/\/videomappingcenter.com\/en\/wp-json\/wp\/v2\/item-lieu?post=17006"},{"taxonomy":"item-dates","embeddable":true,"href":"https:\/\/videomappingcenter.com\/en\/wp-json\/wp\/v2\/item-dates?post=17006"}],"curies":[{"name":"wp","href":"https:\/\/api.w.org\/{rel}","templated":true}]}}