{"id":1722,"date":"2017-04-14T02:51:13","date_gmt":"2017-04-14T00:51:13","guid":{"rendered":"https:\/\/videomappingcenter.com\/2017\/04\/14\/mapping-lopera-de-lille-euranim-fete-de-lanim-2017\/"},"modified":"2019-11-22T16:21:27","modified_gmt":"2019-11-22T15:21:27","slug":"mapping-opera-de-lille-euranim-fete-de-lanim-2017","status":"publish","type":"post","link":"https:\/\/videomappingcenter.com\/en\/mapping-opera-de-lille-euranim-fete-de-lanim-2017\/","title":{"rendered":"VIDEO MAPPING ON LILLE OPERA HOUSE \u2013 Euranim, F\u00eate de l\u2019anim\u2019 2017"},"content":{"rendered":"<p><iframe loading=\"lazy\" src=\"https:\/\/player.vimeo.com\/video\/212877885?app_id=122963\" width=\"1104\" height=\"621\" frameborder=\"0\" title=\"Mapping : OP&Eacute;RA DE LILLE, F&ecirc;te de l&#039;anim&#039; 2017 (workshop) - 31 mars 2017\" allow=\"autoplay; fullscreen\" allowfullscreen><\/iframe><\/p>\n<p>Mapping piece created especially for the F\u00eate de l&#8217;anim\u2019 by students from the leading European animation schools and professionals, during a 4-day workshop organised by Tam\u00e1s Z\u00e1dor, creator of the Hungarian collective Ki\u00e9g\u0151 Izz\u00f3k (Glowing Bulbs), and Lille artists Ludovic Burczykowski and Samy Barras (sound design: Aleksi Aubry-Carlson).<\/p>\n<p>Workshop from Monday 27 to Friday 31 March 2017 at Ankama (Roubaix).<\/p>\n<p>Supervision: Samy Barras, Ludovic Burczykowski, Tam\u00e1s Z\u00e1dor<br \/>\nAdditional animation: Susie-Lou Chetcuti, Hamza Mrabet<br \/>\nSound creation: Aleksi Aubry-Carlson<\/p>\n<p>JUNGLE IS MAASSIF<br \/>\nLeo Becker &#8211; ShlagProd (Belgium)<br \/>\nB\u00e1lint Halasi &#8211; Mome (Hungary)<br \/>\nZo\u00e9 Harley &#8211; \u00c9saat (France)<br \/>\nDamj\u00e1n Lazin &#8211; Mome (Hungary)<\/p>\n<p>SANDO<br \/>\nHugo Braillon &#8211; e-artsup (France)<br \/>\nFelicia Goh Pei Shan &#8211; The Hague University of Applied Sciences (The Netherlands)<br \/>\nIlyes Nezzari &#8211; e-artsup (France)<br \/>\nCaroline Perrot &#8211; \u00c9saat (France)<\/p>\n<p>THE UNKNOWN<br \/>\nCorentin Chazal &#8211; P\u00f4le 3D (France)<br \/>\nMeryem Erikci &#8211; \u00c9saat (France)<br \/>\nPeiting Fang &#8211; China Academy of Art Shanghai (China)<br \/>\nR\u00e9mi Fumery &#8211; P\u00f4le 3D (France)<\/p>\n<p>BANANA<br \/>\nKim Beveridge &#8211; Plymouth College of Art (United Kingdom)<br \/>\nAnthony Dubois &#8211; 3axes Institut (France)<br \/>\nSade Lahti &#8211; TUAS, Turku University of Applied Sciences (Finland)<br \/>\nCl\u00e9ment Sagnier &#8211; P\u00f4le 3D (France)<\/p>\n<p>BYOP<br \/>\nTim Howe &#8211; Plymouth College of Art (United Kingdom)<br \/>\nVivienne Ibach &#8211; 3D Druckzentrum Ruhr (Germany)<br \/>\nAdrian Jackowski (Poland)<br \/>\nSimon Wanke &#8211; 3D Druckzentrum Ruhr (Germany)<\/p>\n<p>WITHOUT BOUNDRIES<br \/>\nSylvain Cuvillier &#8211; Supinfocom Rubika (France)<br \/>\nL\u00e9o Didry &#8211; \u00c9saat (France)<br \/>\nHarry Kwok &#8211; The Hague University of Applied Sciences (The Netherlands)<br \/>\nShuchen Liuhuang &#8211; China Academy of Art Shanghai (China)<\/p>\n<p>WHITE SHADOWS<br \/>\nSara Crippa &#8211; CSC Animazione (Italy)<br \/>\nDaniel Gugitsch &#8211; 3D Druckzentrum Ruhr (Germany)<br \/>\nEmilia Guma\u0144ska (Poland)<br \/>\nYochanan Rauert &#8211; 3D Druckzentrum Ruhr (Germany)<\/p>\n<p>EYE OF THE TIGER<br \/>\nGiulia Auditore &#8211; CSC Animazione (Italy)<br \/>\nElodie Laborde &#8211; Supinfocom Rubika (France)<br \/>\nMaxime Lambert &#8211; ShlagProd (Belgium)<br \/>\nTh\u00e9o Vanbastelaere &#8211; P\u00f4le 3D (France)<br \/>\nLionel Verbeke &#8211; 3axes Institut (France)<\/p>\n<p>THE ROOMIES<br \/>\nLeonardo Altieri &#8211; CSC Animazione (Italy)<br \/>\nElli Maanp\u00e4\u00e4 &#8211; TUAS, Turku University of Applied Sciences (Finland)<br \/>\nElena Sorrentino &#8211; CSC Animazione (Italy)<br \/>\nThomas Van Fucht &#8211; Howest, Digital Arts and Entertainment (Belgium)<\/p>\n<p>WIRIDIJU<br \/>\nDitte Wad Andersen &#8211; The Animation Workshop (Denmark)<br \/>\nJulia Petroff &#8211; La Cambre, ENSAV (Belgium)<br \/>\nWilliam Kristensen Smed &#8211; The Animation Workshop (Denmark)<br \/>\nRichard Vandekerckhove &#8211; Howest, Digital Arts and Entertainment (Belgium)<\/p>\n<p>FREAKS AND GEEKS<br \/>\nAnita Harres &#8211; ECV Lille (France)<br \/>\nHeidi H\u00f6rsturz &#8211; 3D Druckzentrum Ruhr (Germany)<br \/>\nGreta Narbutaityte &#8211; Leeds College of Art (United Kingdom)<br \/>\nYang Songbai &#8211; China Academy of Art Hangzhou (China)<\/p>\n<p>NAGA<br \/>\nMohamed Annouh &#8211; ECV Lille (France)<br \/>\nEloi Lamarque &#8211; 3axes Institut (France)<br \/>\nFlorian Petre &#8211; La Cambre, ENSAV (Belgium)<br \/>\nGavin Rae &#8211; Leeds College of Art (United Kingdom)<br \/>\nPiao Yuying &#8211; China Academy of Art Hangzhou (China)<\/p>\n<p><em>With the support of the European Union, the Creative Europe programme, the Euranim project, the City of Lille, the Hauts-de-France Region, M\u00e9tropole Europ\u00e9enne de Lille, the Lille Opera House and Manganelli.<\/em><\/p>\n<div class=\"simple-taxonomy\">\n\t<div class=\"taxonomy-item-prod\"><a href=\"https:\/\/videomappingcenter.com\/en\/item-prod\/evenement\/\" rel=\"tag\">Event<\/a>, <a href=\"https:\/\/videomappingcenter.com\/en\/item-prod\/training\/\" rel=\"tag\">Training<\/a><\/div>\n\t<div class=\"taxonomy-item-mapping\"><a href=\"https:\/\/videomappingcenter.com\/en\/item-mapping\/mapping-monumental-en\/\" rel=\"tag\">Monument video mapping<\/a><\/div>\n\t<div class=\"taxonomy-item-lieu\"><a href=\"https:\/\/videomappingcenter.com\/en\/item-lieu\/hauts-de-france-en\/\" rel=\"tag\">Hauts-de-France<\/a><\/div>\n\t<div class=\"taxonomy-item-dates\"><a href=\"https:\/\/videomappingcenter.com\/en\/item-dates\/2017-en\/\" rel=\"tag\">2017<\/a><\/div>\n\n<\/div>\n","protected":false},"excerpt":{"rendered":"<p>Mapping piece created especially for the F\u00eate de l&#8217;anim\u2019 by students from the leading European animation schools and professionals, during a 4-day workshop organised by Tam\u00e1s Z\u00e1dor, creator of the Hungarian collective Ki\u00e9g\u0151 Izz\u00f3k (Glowing Bulbs), and Lille artists Ludovic Burczykowski and Samy Barras (sound design: Aleksi Aubry-Carlson). Workshop from Monday 27 to Friday 31 [&hellip;]<\/p>\n<div class=\"simple-taxonomy\">\n\t<div class=\"taxonomy-item-prod\"><a href=\"https:\/\/videomappingcenter.com\/en\/item-prod\/evenement\/\" rel=\"tag\">Event<\/a>, <a href=\"https:\/\/videomappingcenter.com\/en\/item-prod\/training\/\" rel=\"tag\">Training<\/a><\/div>\n\t<div class=\"taxonomy-item-mapping\"><a href=\"https:\/\/videomappingcenter.com\/en\/item-mapping\/mapping-monumental-en\/\" rel=\"tag\">Monument video mapping<\/a><\/div>\n\t<div class=\"taxonomy-item-lieu\"><a href=\"https:\/\/videomappingcenter.com\/en\/item-lieu\/hauts-de-france-en\/\" rel=\"tag\">Hauts-de-France<\/a><\/div>\n\t<div class=\"taxonomy-item-dates\"><a href=\"https:\/\/videomappingcenter.com\/en\/item-dates\/2017-en\/\" rel=\"tag\">2017<\/a><\/div>\n\n<\/div>\n","protected":false},"author":2,"featured_media":1721,"comment_status":"closed","ping_status":"closed","sticky":false,"template":"","format":"standard","meta":{"footnotes":""},"categories":[150,145],"tags":[500,341,342,124,343,344,176,243,64,117,504,503,82,131,87,136,135,120,190,251,110,116,261,206,502,505,339,340,103,50],"item-prod":[157,153],"item-mapping":[277],"item-lieu":[281],"item-dates":[634],"class_list":["post-1722","post","type-post","status-publish","format-standard","has-post-thumbnail","hentry","category-others-events","category-workshop-en","tag-500","tag-aleksi-aubry-carlson","tag-aleksi-aubry-carlson-en","tag-transcient","tag-euranim","tag-euranim-en","tag-fete-de-lanim","tag-fete-de-lanim-en","tag-frontal","tag-front","tag-hamza-mrabet-en","tag-hamza-mrabet","tag-hauts-de-france","tag-hauts-de-france-en","tag-lille","tag-lille-en","tag-lille-opera-house","tag-linear","tag-ludovic-burczykowski","tag-ludovic-burczykowski-en","tag-monument-video-mapping","tag-outdoor","tag-samy-barras-en","tag-samy-barras","tag-susie-lou-chetcuti","tag-susie-lou-chetcuti-en","tag-tamas-zador","tag-tamas-zador-en","tag-workshop-en","tag-workshop","item-prod-evenement","item-prod-training","item-mapping-mapping-monumental-en","item-lieu-hauts-de-france-en","item-dates-2017-en"],"yoast_head":"<!-- This site is optimized with the Yoast SEO plugin v25.8 - https:\/\/yoast.com\/wordpress\/plugins\/seo\/ -->\n<title>VIDEO MAPPING ON LILLE OPERA HOUSE \u2013 Euranim, F\u00eate de l\u2019anim\u2019 2017 | Video Mapping European Center<\/title>\n<meta name=\"robots\" content=\"index, follow, max-snippet:-1, max-image-preview:large, max-video-preview:-1\" \/>\n<link rel=\"canonical\" href=\"https:\/\/videomappingcenter.com\/mapping-opera-de-lille-euranim-fete-de-lanim-2017\/\" \/>\n<meta property=\"og:locale\" content=\"en_US\" \/>\n<meta property=\"og:type\" content=\"article\" \/>\n<meta property=\"og:title\" content=\"VIDEO MAPPING ON LILLE OPERA HOUSE \u2013 Euranim, F\u00eate de l\u2019anim\u2019 2017 | Video Mapping European Center\" \/>\n<meta property=\"og:description\" content=\"Mapping piece created especially for the F\u00eate de l&#8217;anim\u2019 by students from the leading European animation schools and professionals, during a 4-day workshop organised by Tam\u00e1s Z\u00e1dor, creator of the Hungarian collective Ki\u00e9g\u0151 Izz\u00f3k (Glowing Bulbs), and Lille artists Ludovic Burczykowski and Samy Barras (sound design: Aleksi Aubry-Carlson). Workshop from Monday 27 to Friday 31 [&hellip;]\" \/>\n<meta property=\"og:url\" content=\"https:\/\/videomappingcenter.com\/mapping-opera-de-lille-euranim-fete-de-lanim-2017\/\" \/>\n<meta property=\"og:site_name\" content=\"Video Mapping European Center\" \/>\n<meta property=\"article:published_time\" content=\"2017-04-14T00:51:13+00:00\" \/>\n<meta property=\"article:modified_time\" content=\"2019-11-22T15:21:27+00:00\" \/>\n<meta property=\"og:image\" content=\"https:\/\/videomappingcenter.com\/wp-content\/uploads\/2017\/09\/mapping-sur-lopera-de-lille-eura-1.jpg\" \/>\n\t<meta property=\"og:image:width\" content=\"640\" \/>\n\t<meta property=\"og:image:height\" content=\"360\" \/>\n\t<meta property=\"og:image:type\" content=\"image\/jpeg\" \/>\n<meta name=\"author\" content=\"Webmaster\" \/>\n<meta name=\"twitter:card\" content=\"summary_large_image\" \/>\n<meta name=\"twitter:label1\" content=\"Written by\" \/>\n\t<meta name=\"twitter:data1\" content=\"Webmaster\" \/>\n\t<meta name=\"twitter:label2\" content=\"Est. reading time\" \/>\n\t<meta name=\"twitter:data2\" content=\"2 minutes\" \/>\n<script type=\"application\/ld+json\" class=\"yoast-schema-graph\">{\"@context\":\"https:\/\/schema.org\",\"@graph\":[{\"@type\":\"Article\",\"@id\":\"https:\/\/videomappingcenter.com\/mapping-opera-de-lille-euranim-fete-de-lanim-2017\/#article\",\"isPartOf\":{\"@id\":\"https:\/\/videomappingcenter.com\/mapping-opera-de-lille-euranim-fete-de-lanim-2017\/\"},\"author\":{\"name\":\"Webmaster\",\"@id\":\"https:\/\/videomappingcenter.com\/?lang=en\/#\/schema\/person\/b4e7ccbceddeda732fa7de831d7b0c1c\"},\"headline\":\"VIDEO MAPPING ON LILLE OPERA HOUSE \u2013 Euranim, F\u00eate de l\u2019anim\u2019 2017\",\"datePublished\":\"2017-04-14T00:51:13+00:00\",\"dateModified\":\"2019-11-22T15:21:27+00:00\",\"mainEntityOfPage\":{\"@id\":\"https:\/\/videomappingcenter.com\/mapping-opera-de-lille-euranim-fete-de-lanim-2017\/\"},\"wordCount\":511,\"publisher\":{\"@id\":\"https:\/\/videomappingcenter.com\/?lang=en\/#organization\"},\"image\":{\"@id\":\"https:\/\/videomappingcenter.com\/mapping-opera-de-lille-euranim-fete-de-lanim-2017\/#primaryimage\"},\"thumbnailUrl\":\"https:\/\/videomappingcenter.com\/wp-content\/uploads\/2017\/09\/mapping-sur-lopera-de-lille-eura-1.jpg\",\"keywords\":[\"2017\",\"Aleksi Aubry-Carlson\",\"Aleksi Aubry-Carlson\",\"Ephemeral\",\"Euranim\",\"Euranim\",\"F\u00eate de l\u2019anim\u2019\",\"F\u00eate de l\u2019anim\u2019\",\"Frontal\",\"Frontal\",\"Hamza Mrabet\",\"Hamza Mrabet\",\"Hauts-de-France\",\"Hauts-de-France\",\"Lille\",\"Lille\",\"Lille Opera House\",\"linear\",\"Ludovic Burczykowski\",\"Ludovic Burczykowski\",\"Monument video mapping\",\"Outdoor\",\"Samy Barras\",\"Samy Barras\",\"Susie-Lou Chetcuti\",\"Susie-Lou Chetcuti\",\"Tam\u00e1s Z\u00e1dor\",\"Tam\u00e1s Z\u00e1dor\",\"Workshop\",\"Workshop\"],\"articleSection\":[\"Other Events\",\"Workshop\"],\"inLanguage\":\"en-US\"},{\"@type\":\"WebPage\",\"@id\":\"https:\/\/videomappingcenter.com\/mapping-opera-de-lille-euranim-fete-de-lanim-2017\/\",\"url\":\"https:\/\/videomappingcenter.com\/mapping-opera-de-lille-euranim-fete-de-lanim-2017\/\",\"name\":\"VIDEO MAPPING ON LILLE OPERA HOUSE \u2013 Euranim, F\u00eate de l\u2019anim\u2019 2017 | Video Mapping European Center\",\"isPartOf\":{\"@id\":\"https:\/\/videomappingcenter.com\/?lang=en\/#website\"},\"primaryImageOfPage\":{\"@id\":\"https:\/\/videomappingcenter.com\/mapping-opera-de-lille-euranim-fete-de-lanim-2017\/#primaryimage\"},\"image\":{\"@id\":\"https:\/\/videomappingcenter.com\/mapping-opera-de-lille-euranim-fete-de-lanim-2017\/#primaryimage\"},\"thumbnailUrl\":\"https:\/\/videomappingcenter.com\/wp-content\/uploads\/2017\/09\/mapping-sur-lopera-de-lille-eura-1.jpg\",\"datePublished\":\"2017-04-14T00:51:13+00:00\",\"dateModified\":\"2019-11-22T15:21:27+00:00\",\"breadcrumb\":{\"@id\":\"https:\/\/videomappingcenter.com\/mapping-opera-de-lille-euranim-fete-de-lanim-2017\/#breadcrumb\"},\"inLanguage\":\"en-US\",\"potentialAction\":[{\"@type\":\"ReadAction\",\"target\":[\"https:\/\/videomappingcenter.com\/mapping-opera-de-lille-euranim-fete-de-lanim-2017\/\"]}]},{\"@type\":\"ImageObject\",\"inLanguage\":\"en-US\",\"@id\":\"https:\/\/videomappingcenter.com\/mapping-opera-de-lille-euranim-fete-de-lanim-2017\/#primaryimage\",\"url\":\"https:\/\/videomappingcenter.com\/wp-content\/uploads\/2017\/09\/mapping-sur-lopera-de-lille-eura-1.jpg\",\"contentUrl\":\"https:\/\/videomappingcenter.com\/wp-content\/uploads\/2017\/09\/mapping-sur-lopera-de-lille-eura-1.jpg\",\"width\":640,\"height\":360},{\"@type\":\"BreadcrumbList\",\"@id\":\"https:\/\/videomappingcenter.com\/mapping-opera-de-lille-euranim-fete-de-lanim-2017\/#breadcrumb\",\"itemListElement\":[{\"@type\":\"ListItem\",\"position\":1,\"name\":\"Accueil\",\"item\":\"https:\/\/videomappingcenter.com\/\"},{\"@type\":\"ListItem\",\"position\":2,\"name\":\"VIDEO MAPPING ON LILLE OPERA HOUSE \u2013 Euranim, F\u00eate de l\u2019anim\u2019 2017\"}]},{\"@type\":\"WebSite\",\"@id\":\"https:\/\/videomappingcenter.com\/?lang=en\/#website\",\"url\":\"https:\/\/videomappingcenter.com\/?lang=en\/\",\"name\":\"Video Mapping European Center\",\"description\":\"Video Mapping European Center\",\"publisher\":{\"@id\":\"https:\/\/videomappingcenter.com\/?lang=en\/#organization\"},\"potentialAction\":[{\"@type\":\"SearchAction\",\"target\":{\"@type\":\"EntryPoint\",\"urlTemplate\":\"https:\/\/videomappingcenter.com\/?lang=en\/?s={search_term_string}\"},\"query-input\":{\"@type\":\"PropertyValueSpecification\",\"valueRequired\":true,\"valueName\":\"search_term_string\"}}],\"inLanguage\":\"en-US\"},{\"@type\":\"Organization\",\"@id\":\"https:\/\/videomappingcenter.com\/?lang=en\/#organization\",\"name\":\"Video Mapping European Center\",\"url\":\"https:\/\/videomappingcenter.com\/?lang=en\/\",\"logo\":{\"@type\":\"ImageObject\",\"inLanguage\":\"en-US\",\"@id\":\"https:\/\/videomappingcenter.com\/?lang=en\/#\/schema\/logo\/image\/\",\"url\":\"https:\/\/videomappingcenter.com\/wp-content\/uploads\/2017\/07\/logo-v3.png\",\"contentUrl\":\"https:\/\/videomappingcenter.com\/wp-content\/uploads\/2017\/07\/logo-v3.png\",\"width\":300,\"height\":135,\"caption\":\"Video Mapping European Center\"},\"image\":{\"@id\":\"https:\/\/videomappingcenter.com\/?lang=en\/#\/schema\/logo\/image\/\"}},{\"@type\":\"Person\",\"@id\":\"https:\/\/videomappingcenter.com\/?lang=en\/#\/schema\/person\/b4e7ccbceddeda732fa7de831d7b0c1c\",\"name\":\"Webmaster\",\"image\":{\"@type\":\"ImageObject\",\"inLanguage\":\"en-US\",\"@id\":\"https:\/\/videomappingcenter.com\/?lang=en\/#\/schema\/person\/image\/\",\"url\":\"https:\/\/videomappingcenter.com\/wp-content\/uploads\/2017\/07\/avatar.jpg\",\"contentUrl\":\"https:\/\/videomappingcenter.com\/wp-content\/uploads\/2017\/07\/avatar.jpg\",\"caption\":\"Webmaster\"}}]}<\/script>\n<!-- \/ Yoast SEO plugin. -->","yoast_head_json":{"title":"VIDEO MAPPING ON LILLE OPERA HOUSE \u2013 Euranim, F\u00eate de l\u2019anim\u2019 2017 | Video Mapping European Center","robots":{"index":"index","follow":"follow","max-snippet":"max-snippet:-1","max-image-preview":"max-image-preview:large","max-video-preview":"max-video-preview:-1"},"canonical":"https:\/\/videomappingcenter.com\/mapping-opera-de-lille-euranim-fete-de-lanim-2017\/","og_locale":"en_US","og_type":"article","og_title":"VIDEO MAPPING ON LILLE OPERA HOUSE \u2013 Euranim, F\u00eate de l\u2019anim\u2019 2017 | Video Mapping European Center","og_description":"Mapping piece created especially for the F\u00eate de l&#8217;anim\u2019 by students from the leading European animation schools and professionals, during a 4-day workshop organised by Tam\u00e1s Z\u00e1dor, creator of the Hungarian collective Ki\u00e9g\u0151 Izz\u00f3k (Glowing Bulbs), and Lille artists Ludovic Burczykowski and Samy Barras (sound design: Aleksi Aubry-Carlson). Workshop from Monday 27 to Friday 31 [&hellip;]","og_url":"https:\/\/videomappingcenter.com\/mapping-opera-de-lille-euranim-fete-de-lanim-2017\/","og_site_name":"Video Mapping European Center","article_published_time":"2017-04-14T00:51:13+00:00","article_modified_time":"2019-11-22T15:21:27+00:00","og_image":[{"width":640,"height":360,"url":"https:\/\/videomappingcenter.com\/wp-content\/uploads\/2017\/09\/mapping-sur-lopera-de-lille-eura-1.jpg","type":"image\/jpeg"}],"author":"Webmaster","twitter_card":"summary_large_image","twitter_misc":{"Written by":"Webmaster","Est. reading time":"2 minutes"},"schema":{"@context":"https:\/\/schema.org","@graph":[{"@type":"Article","@id":"https:\/\/videomappingcenter.com\/mapping-opera-de-lille-euranim-fete-de-lanim-2017\/#article","isPartOf":{"@id":"https:\/\/videomappingcenter.com\/mapping-opera-de-lille-euranim-fete-de-lanim-2017\/"},"author":{"name":"Webmaster","@id":"https:\/\/videomappingcenter.com\/?lang=en\/#\/schema\/person\/b4e7ccbceddeda732fa7de831d7b0c1c"},"headline":"VIDEO MAPPING ON LILLE OPERA HOUSE \u2013 Euranim, F\u00eate de l\u2019anim\u2019 2017","datePublished":"2017-04-14T00:51:13+00:00","dateModified":"2019-11-22T15:21:27+00:00","mainEntityOfPage":{"@id":"https:\/\/videomappingcenter.com\/mapping-opera-de-lille-euranim-fete-de-lanim-2017\/"},"wordCount":511,"publisher":{"@id":"https:\/\/videomappingcenter.com\/?lang=en\/#organization"},"image":{"@id":"https:\/\/videomappingcenter.com\/mapping-opera-de-lille-euranim-fete-de-lanim-2017\/#primaryimage"},"thumbnailUrl":"https:\/\/videomappingcenter.com\/wp-content\/uploads\/2017\/09\/mapping-sur-lopera-de-lille-eura-1.jpg","keywords":["2017","Aleksi Aubry-Carlson","Aleksi Aubry-Carlson","Ephemeral","Euranim","Euranim","F\u00eate de l\u2019anim\u2019","F\u00eate de l\u2019anim\u2019","Frontal","Frontal","Hamza Mrabet","Hamza Mrabet","Hauts-de-France","Hauts-de-France","Lille","Lille","Lille Opera House","linear","Ludovic Burczykowski","Ludovic Burczykowski","Monument video mapping","Outdoor","Samy Barras","Samy Barras","Susie-Lou Chetcuti","Susie-Lou Chetcuti","Tam\u00e1s Z\u00e1dor","Tam\u00e1s Z\u00e1dor","Workshop","Workshop"],"articleSection":["Other Events","Workshop"],"inLanguage":"en-US"},{"@type":"WebPage","@id":"https:\/\/videomappingcenter.com\/mapping-opera-de-lille-euranim-fete-de-lanim-2017\/","url":"https:\/\/videomappingcenter.com\/mapping-opera-de-lille-euranim-fete-de-lanim-2017\/","name":"VIDEO MAPPING ON LILLE OPERA HOUSE \u2013 Euranim, F\u00eate de l\u2019anim\u2019 2017 | Video Mapping European Center","isPartOf":{"@id":"https:\/\/videomappingcenter.com\/?lang=en\/#website"},"primaryImageOfPage":{"@id":"https:\/\/videomappingcenter.com\/mapping-opera-de-lille-euranim-fete-de-lanim-2017\/#primaryimage"},"image":{"@id":"https:\/\/videomappingcenter.com\/mapping-opera-de-lille-euranim-fete-de-lanim-2017\/#primaryimage"},"thumbnailUrl":"https:\/\/videomappingcenter.com\/wp-content\/uploads\/2017\/09\/mapping-sur-lopera-de-lille-eura-1.jpg","datePublished":"2017-04-14T00:51:13+00:00","dateModified":"2019-11-22T15:21:27+00:00","breadcrumb":{"@id":"https:\/\/videomappingcenter.com\/mapping-opera-de-lille-euranim-fete-de-lanim-2017\/#breadcrumb"},"inLanguage":"en-US","potentialAction":[{"@type":"ReadAction","target":["https:\/\/videomappingcenter.com\/mapping-opera-de-lille-euranim-fete-de-lanim-2017\/"]}]},{"@type":"ImageObject","inLanguage":"en-US","@id":"https:\/\/videomappingcenter.com\/mapping-opera-de-lille-euranim-fete-de-lanim-2017\/#primaryimage","url":"https:\/\/videomappingcenter.com\/wp-content\/uploads\/2017\/09\/mapping-sur-lopera-de-lille-eura-1.jpg","contentUrl":"https:\/\/videomappingcenter.com\/wp-content\/uploads\/2017\/09\/mapping-sur-lopera-de-lille-eura-1.jpg","width":640,"height":360},{"@type":"BreadcrumbList","@id":"https:\/\/videomappingcenter.com\/mapping-opera-de-lille-euranim-fete-de-lanim-2017\/#breadcrumb","itemListElement":[{"@type":"ListItem","position":1,"name":"Accueil","item":"https:\/\/videomappingcenter.com\/"},{"@type":"ListItem","position":2,"name":"VIDEO MAPPING ON LILLE OPERA HOUSE \u2013 Euranim, F\u00eate de l\u2019anim\u2019 2017"}]},{"@type":"WebSite","@id":"https:\/\/videomappingcenter.com\/?lang=en\/#website","url":"https:\/\/videomappingcenter.com\/?lang=en\/","name":"Video Mapping European Center","description":"Video Mapping European Center","publisher":{"@id":"https:\/\/videomappingcenter.com\/?lang=en\/#organization"},"potentialAction":[{"@type":"SearchAction","target":{"@type":"EntryPoint","urlTemplate":"https:\/\/videomappingcenter.com\/?lang=en\/?s={search_term_string}"},"query-input":{"@type":"PropertyValueSpecification","valueRequired":true,"valueName":"search_term_string"}}],"inLanguage":"en-US"},{"@type":"Organization","@id":"https:\/\/videomappingcenter.com\/?lang=en\/#organization","name":"Video Mapping European Center","url":"https:\/\/videomappingcenter.com\/?lang=en\/","logo":{"@type":"ImageObject","inLanguage":"en-US","@id":"https:\/\/videomappingcenter.com\/?lang=en\/#\/schema\/logo\/image\/","url":"https:\/\/videomappingcenter.com\/wp-content\/uploads\/2017\/07\/logo-v3.png","contentUrl":"https:\/\/videomappingcenter.com\/wp-content\/uploads\/2017\/07\/logo-v3.png","width":300,"height":135,"caption":"Video Mapping European Center"},"image":{"@id":"https:\/\/videomappingcenter.com\/?lang=en\/#\/schema\/logo\/image\/"}},{"@type":"Person","@id":"https:\/\/videomappingcenter.com\/?lang=en\/#\/schema\/person\/b4e7ccbceddeda732fa7de831d7b0c1c","name":"Webmaster","image":{"@type":"ImageObject","inLanguage":"en-US","@id":"https:\/\/videomappingcenter.com\/?lang=en\/#\/schema\/person\/image\/","url":"https:\/\/videomappingcenter.com\/wp-content\/uploads\/2017\/07\/avatar.jpg","contentUrl":"https:\/\/videomappingcenter.com\/wp-content\/uploads\/2017\/07\/avatar.jpg","caption":"Webmaster"}}]}},"_links":{"self":[{"href":"https:\/\/videomappingcenter.com\/en\/wp-json\/wp\/v2\/posts\/1722","targetHints":{"allow":["GET"]}}],"collection":[{"href":"https:\/\/videomappingcenter.com\/en\/wp-json\/wp\/v2\/posts"}],"about":[{"href":"https:\/\/videomappingcenter.com\/en\/wp-json\/wp\/v2\/types\/post"}],"author":[{"embeddable":true,"href":"https:\/\/videomappingcenter.com\/en\/wp-json\/wp\/v2\/users\/2"}],"replies":[{"embeddable":true,"href":"https:\/\/videomappingcenter.com\/en\/wp-json\/wp\/v2\/comments?post=1722"}],"version-history":[{"count":0,"href":"https:\/\/videomappingcenter.com\/en\/wp-json\/wp\/v2\/posts\/1722\/revisions"}],"wp:featuredmedia":[{"embeddable":true,"href":"https:\/\/videomappingcenter.com\/en\/wp-json\/wp\/v2\/media\/1721"}],"wp:attachment":[{"href":"https:\/\/videomappingcenter.com\/en\/wp-json\/wp\/v2\/media?parent=1722"}],"wp:term":[{"taxonomy":"category","embeddable":true,"href":"https:\/\/videomappingcenter.com\/en\/wp-json\/wp\/v2\/categories?post=1722"},{"taxonomy":"post_tag","embeddable":true,"href":"https:\/\/videomappingcenter.com\/en\/wp-json\/wp\/v2\/tags?post=1722"},{"taxonomy":"item-prod","embeddable":true,"href":"https:\/\/videomappingcenter.com\/en\/wp-json\/wp\/v2\/item-prod?post=1722"},{"taxonomy":"item-mapping","embeddable":true,"href":"https:\/\/videomappingcenter.com\/en\/wp-json\/wp\/v2\/item-mapping?post=1722"},{"taxonomy":"item-lieu","embeddable":true,"href":"https:\/\/videomappingcenter.com\/en\/wp-json\/wp\/v2\/item-lieu?post=1722"},{"taxonomy":"item-dates","embeddable":true,"href":"https:\/\/videomappingcenter.com\/en\/wp-json\/wp\/v2\/item-dates?post=1722"}],"curies":[{"name":"wp","href":"https:\/\/api.w.org\/{rel}","templated":true}]}}