{"id":17223,"date":"2024-06-15T22:20:54","date_gmt":"2024-06-15T20:20:54","guid":{"rendered":"https:\/\/videomappingcenter.com\/?p=17223"},"modified":"2025-05-05T17:23:13","modified_gmt":"2025-05-05T15:23:13","slug":"memory-palace-arenberg-mine-site-la-porte-du-hainaut-france-video-mapping-festival-2024","status":"publish","type":"post","link":"https:\/\/videomappingcenter.com\/en\/memory-palace-arenberg-mine-site-la-porte-du-hainaut-france-video-mapping-festival-2024\/","title":{"rendered":"MEMORY PALACE \u2013 Arenberg Mine Site \u2013 La Porte du Hainaut, France \u2013 Video Mapping Festival 2024"},"content":{"rendered":"<p style=\"text-align: justify;\"><iframe loading=\"lazy\" src=\"https:\/\/player.vimeo.com\/video\/1080757612\" width=\"640\" height=\"360\" frameborder=\"0\" allowfullscreen=\"allowfullscreen\"><span data-mce-type=\"bookmark\" style=\"display: inline-block; width: 0px; overflow: hidden; line-height: 0;\" class=\"mce_SELRES_start\"> <\/span><span data-mce-type=\"bookmark\" style=\"display: inline-block; width: 0px; overflow: hidden; line-height: 0;\" class=\"mce_SELRES_start\"> <\/span>Video mapping cr\u00e9\u00e9 par Studio OTA\u00cfKA dans le cadre du Video Mapping Festival #7<span data-mce-type=\"bookmark\" style=\"display: inline-block; width: 0px; overflow: hidden; line-height: 0;\" class=\"mce_SELRES_start\">\ufeff<\/span>\u00a0<span data-mce-type=\"bookmark\" style=\"display: inline-block; width: 0px; overflow: hidden; line-height: 0;\" class=\"mce_SELRES_start\">\ufeff<\/span><\/iframe><\/p>\n<p class=\"p1\"><span class=\"s1\">Video mapping created by <\/span>Studio OTA\u00cfKA <span class=\"s1\">as part of the Video Mapping Festival #7.<\/span><\/p>\n<p><strong>\u25ba Memory Palace<\/strong><br \/>\nBy focusing on memory and the imprints of time, the artists create abstract, architectural and geometric manifestations that engage the material world. Through their work, they organise imaginary spaces and arrangements, harmoniously blending the tangible with the conceptual.<\/p>\n<p><strong>Direction:<\/strong>\u00a0Studio OTA\u00cfKA<br \/>\n<strong>Visuals:<\/strong>\u00a0Anna BACHEVA<br \/>\n<strong>Music:<\/strong>\u00a0Stefan HRISTOV \u2013 MR.SMiFF<br \/>\n&nbsp;<\/p>\n<p><em>With the support of\u00a0the\u00a0<\/em><em>Hauts-de-France Region, DRAC Hauts-de-France, the Communaut\u00e9 d\u2019Agglom\u00e9ration de La Porte du Hainaut and the Arenberg Mine Site.<\/em><\/p>\n<div class=\"simple-taxonomy\">\n\t<div class=\"taxonomy-item-prod\"><a href=\"https:\/\/videomappingcenter.com\/en\/item-prod\/production\/\" rel=\"tag\">Production<\/a><\/div>\n\t<div class=\"taxonomy-item-mapping\"><a href=\"https:\/\/videomappingcenter.com\/en\/item-mapping\/mapping-monumental-en\/\" rel=\"tag\">Monument video mapping<\/a>, <a href=\"https:\/\/videomappingcenter.com\/item-mapping\/parcours\/\" rel=\"tag\">Parcours<\/a><\/div>\n\t<div class=\"taxonomy-item-lieu\"><a href=\"https:\/\/videomappingcenter.com\/en\/item-lieu\/hauts-de-france-en\/\" rel=\"tag\">Hauts-de-France<\/a><\/div>\n\t<div class=\"taxonomy-item-dates\"><a href=\"https:\/\/videomappingcenter.com\/en\/item-dates\/2024-2\/\" rel=\"tag\">2024<\/a><\/div>\n\n<\/div>\n","protected":false},"excerpt":{"rendered":"<p>Video mapping cr\u00e9\u00e9 par Studio OTA\u00cfKA dans le cadre du Video Mapping Festival #7\ufeff\u00a0\ufeff Video mapping created by Studio OTA\u00cfKA as part of the Video Mapping Festival #7. \u25ba Memory Palace By focusing on memory and the imprints of time, the artists create abstract, architectural and geometric manifestations that engage the material world. Through their [&hellip;]<\/p>\n<div class=\"simple-taxonomy\">\n\t<div class=\"taxonomy-item-prod\"><a href=\"https:\/\/videomappingcenter.com\/en\/item-prod\/production\/\" rel=\"tag\">Production<\/a><\/div>\n\t<div class=\"taxonomy-item-mapping\"><a href=\"https:\/\/videomappingcenter.com\/en\/item-mapping\/mapping-monumental-en\/\" rel=\"tag\">Monument video mapping<\/a>, <a href=\"https:\/\/videomappingcenter.com\/item-mapping\/parcours\/\" rel=\"tag\">Parcours<\/a><\/div>\n\t<div class=\"taxonomy-item-lieu\"><a href=\"https:\/\/videomappingcenter.com\/en\/item-lieu\/hauts-de-france-en\/\" rel=\"tag\">Hauts-de-France<\/a><\/div>\n\t<div class=\"taxonomy-item-dates\"><a href=\"https:\/\/videomappingcenter.com\/en\/item-dates\/2024-2\/\" rel=\"tag\">2024<\/a><\/div>\n\n<\/div>\n","protected":false},"author":3,"featured_media":17218,"comment_status":"closed","ping_status":"closed","sticky":false,"template":"","format":"standard","meta":{"footnotes":""},"categories":[146,149],"tags":[2829,2245,3060,124,117,120,2717,110,116,105,3077,3076,108,939],"item-prod":[155],"item-mapping":[277,162],"item-lieu":[281],"item-dates":[2821],"class_list":["post-17223","post","type-post","status-publish","format-standard","has-post-thumbnail","hentry","category-production-en","category-video-mapping-festival-en","tag-2024-3","tag-anna-bacheva-en","tag-arenberg-mine-site-la-porte-du-hainaut","tag-transcient","tag-front","tag-linear","tag-mapping-monumental-2-2","tag-monument-video-mapping","tag-outdoor","tag-production-en","tag-stefan-hristov-mr-smiff-2","tag-studio-otaika-2","tag-video-mapping-festival-en","tag-wallers-arenberg-en","item-prod-production","item-mapping-mapping-monumental-en","item-mapping-parcours","item-lieu-hauts-de-france-en","item-dates-2024-2"],"yoast_head":"<!-- This site is optimized with the Yoast SEO plugin v25.8 - https:\/\/yoast.com\/wordpress\/plugins\/seo\/ -->\n<title>MEMORY PALACE \u2013 Arenberg Mine Site \u2013 La Porte du Hainaut, France \u2013 Video Mapping Festival 2024 | Video Mapping European Center<\/title>\n<meta name=\"robots\" content=\"index, follow, max-snippet:-1, max-image-preview:large, max-video-preview:-1\" \/>\n<link rel=\"canonical\" href=\"https:\/\/videomappingcenter.com\/memory-palace-arenberg-mine-site-la-porte-du-hainaut-france-video-mapping-festival-2024\/?lang=en\" \/>\n<meta property=\"og:locale\" content=\"en_US\" \/>\n<meta property=\"og:type\" content=\"article\" \/>\n<meta property=\"og:title\" content=\"MEMORY PALACE \u2013 Arenberg Mine Site \u2013 La Porte du Hainaut, France \u2013 Video Mapping Festival 2024 | Video Mapping European Center\" \/>\n<meta property=\"og:description\" content=\"Video mapping cr\u00e9\u00e9 par Studio OTA\u00cfKA dans le cadre du Video Mapping Festival #7\ufeff\u00a0\ufeff Video mapping created by Studio OTA\u00cfKA as part of the Video Mapping Festival #7. \u25ba Memory Palace By focusing on memory and the imprints of time, the artists create abstract, architectural and geometric manifestations that engage the material world. Through their [&hellip;]\" \/>\n<meta property=\"og:url\" content=\"https:\/\/videomappingcenter.com\/memory-palace-arenberg-mine-site-la-porte-du-hainaut-france-video-mapping-festival-2024\/?lang=en\" \/>\n<meta property=\"og:site_name\" content=\"Video Mapping European Center\" \/>\n<meta property=\"article:published_time\" content=\"2024-06-15T20:20:54+00:00\" \/>\n<meta property=\"article:modified_time\" content=\"2025-05-05T15:23:13+00:00\" \/>\n<meta property=\"og:image\" content=\"https:\/\/videomappingcenter.com\/wp-content\/uploads\/2025\/05\/VMF7_Wallers_5.png\" \/>\n\t<meta property=\"og:image:width\" content=\"900\" \/>\n\t<meta property=\"og:image:height\" content=\"500\" \/>\n\t<meta property=\"og:image:type\" content=\"image\/png\" \/>\n<meta name=\"author\" content=\"Edimestre\" \/>\n<meta name=\"twitter:card\" content=\"summary_large_image\" \/>\n<meta name=\"twitter:label1\" content=\"Written by\" \/>\n\t<meta name=\"twitter:data1\" content=\"Edimestre\" \/>\n\t<meta name=\"twitter:label2\" content=\"Est. reading time\" \/>\n\t<meta name=\"twitter:data2\" content=\"1 minute\" \/>\n<script type=\"application\/ld+json\" class=\"yoast-schema-graph\">{\"@context\":\"https:\/\/schema.org\",\"@graph\":[{\"@type\":\"Article\",\"@id\":\"https:\/\/videomappingcenter.com\/memory-palace-arenberg-mine-site-la-porte-du-hainaut-france-video-mapping-festival-2024\/?lang=en#article\",\"isPartOf\":{\"@id\":\"https:\/\/videomappingcenter.com\/memory-palace-arenberg-mine-site-la-porte-du-hainaut-france-video-mapping-festival-2024\/?lang=en\"},\"author\":{\"name\":\"Edimestre\",\"@id\":\"https:\/\/videomappingcenter.com\/?lang=en\/#\/schema\/person\/506136ad599d9c386ea59407d183cef8\"},\"headline\":\"MEMORY PALACE \u2013 Arenberg Mine Site \u2013 La Porte du Hainaut, France \u2013 Video Mapping Festival 2024\",\"datePublished\":\"2024-06-15T20:20:54+00:00\",\"dateModified\":\"2025-05-05T15:23:13+00:00\",\"mainEntityOfPage\":{\"@id\":\"https:\/\/videomappingcenter.com\/memory-palace-arenberg-mine-site-la-porte-du-hainaut-france-video-mapping-festival-2024\/?lang=en\"},\"wordCount\":118,\"publisher\":{\"@id\":\"https:\/\/videomappingcenter.com\/?lang=en\/#organization\"},\"image\":{\"@id\":\"https:\/\/videomappingcenter.com\/memory-palace-arenberg-mine-site-la-porte-du-hainaut-france-video-mapping-festival-2024\/?lang=en#primaryimage\"},\"thumbnailUrl\":\"https:\/\/videomappingcenter.com\/wp-content\/uploads\/2025\/05\/VMF7_Wallers_5.png\",\"keywords\":[\"2024\",\"Anna BACHEVA\",\"Arenberg Mine Site - La Porte du Hainaut\",\"Ephemeral\",\"Frontal\",\"linear\",\"Mapping monumental\",\"Monument video mapping\",\"Outdoor\",\"Production\",\"Stefan HRISTOV \u2013 MR.SMiFF\",\"Studio OTA\u00cfKA\",\"Video Mapping Festival\",\"Wallers-Arenberg\"],\"articleSection\":[\"Production\",\"Video Mapping Festival\"],\"inLanguage\":\"en-US\"},{\"@type\":\"WebPage\",\"@id\":\"https:\/\/videomappingcenter.com\/memory-palace-arenberg-mine-site-la-porte-du-hainaut-france-video-mapping-festival-2024\/?lang=en\",\"url\":\"https:\/\/videomappingcenter.com\/memory-palace-arenberg-mine-site-la-porte-du-hainaut-france-video-mapping-festival-2024\/?lang=en\",\"name\":\"MEMORY PALACE \u2013 Arenberg Mine Site \u2013 La Porte du Hainaut, France \u2013 Video Mapping Festival 2024 | Video Mapping European Center\",\"isPartOf\":{\"@id\":\"https:\/\/videomappingcenter.com\/?lang=en\/#website\"},\"primaryImageOfPage\":{\"@id\":\"https:\/\/videomappingcenter.com\/memory-palace-arenberg-mine-site-la-porte-du-hainaut-france-video-mapping-festival-2024\/?lang=en#primaryimage\"},\"image\":{\"@id\":\"https:\/\/videomappingcenter.com\/memory-palace-arenberg-mine-site-la-porte-du-hainaut-france-video-mapping-festival-2024\/?lang=en#primaryimage\"},\"thumbnailUrl\":\"https:\/\/videomappingcenter.com\/wp-content\/uploads\/2025\/05\/VMF7_Wallers_5.png\",\"datePublished\":\"2024-06-15T20:20:54+00:00\",\"dateModified\":\"2025-05-05T15:23:13+00:00\",\"breadcrumb\":{\"@id\":\"https:\/\/videomappingcenter.com\/memory-palace-arenberg-mine-site-la-porte-du-hainaut-france-video-mapping-festival-2024\/?lang=en#breadcrumb\"},\"inLanguage\":\"en-US\",\"potentialAction\":[{\"@type\":\"ReadAction\",\"target\":[\"https:\/\/videomappingcenter.com\/memory-palace-arenberg-mine-site-la-porte-du-hainaut-france-video-mapping-festival-2024\/?lang=en\"]}]},{\"@type\":\"ImageObject\",\"inLanguage\":\"en-US\",\"@id\":\"https:\/\/videomappingcenter.com\/memory-palace-arenberg-mine-site-la-porte-du-hainaut-france-video-mapping-festival-2024\/?lang=en#primaryimage\",\"url\":\"https:\/\/videomappingcenter.com\/wp-content\/uploads\/2025\/05\/VMF7_Wallers_5.png\",\"contentUrl\":\"https:\/\/videomappingcenter.com\/wp-content\/uploads\/2025\/05\/VMF7_Wallers_5.png\",\"width\":900,\"height\":500},{\"@type\":\"BreadcrumbList\",\"@id\":\"https:\/\/videomappingcenter.com\/memory-palace-arenberg-mine-site-la-porte-du-hainaut-france-video-mapping-festival-2024\/?lang=en#breadcrumb\",\"itemListElement\":[{\"@type\":\"ListItem\",\"position\":1,\"name\":\"Accueil\",\"item\":\"https:\/\/videomappingcenter.com\/\"},{\"@type\":\"ListItem\",\"position\":2,\"name\":\"MEMORY PALACE \u2013 Arenberg Mine Site \u2013 La Porte du Hainaut, France \u2013 Video Mapping Festival 2024\"}]},{\"@type\":\"WebSite\",\"@id\":\"https:\/\/videomappingcenter.com\/?lang=en\/#website\",\"url\":\"https:\/\/videomappingcenter.com\/?lang=en\/\",\"name\":\"Video Mapping European Center\",\"description\":\"Video Mapping European Center\",\"publisher\":{\"@id\":\"https:\/\/videomappingcenter.com\/?lang=en\/#organization\"},\"potentialAction\":[{\"@type\":\"SearchAction\",\"target\":{\"@type\":\"EntryPoint\",\"urlTemplate\":\"https:\/\/videomappingcenter.com\/?lang=en\/?s={search_term_string}\"},\"query-input\":{\"@type\":\"PropertyValueSpecification\",\"valueRequired\":true,\"valueName\":\"search_term_string\"}}],\"inLanguage\":\"en-US\"},{\"@type\":\"Organization\",\"@id\":\"https:\/\/videomappingcenter.com\/?lang=en\/#organization\",\"name\":\"Video Mapping European Center\",\"url\":\"https:\/\/videomappingcenter.com\/?lang=en\/\",\"logo\":{\"@type\":\"ImageObject\",\"inLanguage\":\"en-US\",\"@id\":\"https:\/\/videomappingcenter.com\/?lang=en\/#\/schema\/logo\/image\/\",\"url\":\"https:\/\/videomappingcenter.com\/wp-content\/uploads\/2017\/07\/logo-v3.png\",\"contentUrl\":\"https:\/\/videomappingcenter.com\/wp-content\/uploads\/2017\/07\/logo-v3.png\",\"width\":300,\"height\":135,\"caption\":\"Video Mapping European Center\"},\"image\":{\"@id\":\"https:\/\/videomappingcenter.com\/?lang=en\/#\/schema\/logo\/image\/\"}},{\"@type\":\"Person\",\"@id\":\"https:\/\/videomappingcenter.com\/?lang=en\/#\/schema\/person\/506136ad599d9c386ea59407d183cef8\",\"name\":\"Edimestre\",\"image\":{\"@type\":\"ImageObject\",\"inLanguage\":\"en-US\",\"@id\":\"https:\/\/videomappingcenter.com\/?lang=en\/#\/schema\/person\/image\/\",\"url\":\"https:\/\/videomappingcenter.com\/wp-content\/uploads\/2017\/07\/avatar.jpg\",\"contentUrl\":\"https:\/\/videomappingcenter.com\/wp-content\/uploads\/2017\/07\/avatar.jpg\",\"caption\":\"Edimestre\"}}]}<\/script>\n<!-- \/ Yoast SEO plugin. -->","yoast_head_json":{"title":"MEMORY PALACE \u2013 Arenberg Mine Site \u2013 La Porte du Hainaut, France \u2013 Video Mapping Festival 2024 | Video Mapping European Center","robots":{"index":"index","follow":"follow","max-snippet":"max-snippet:-1","max-image-preview":"max-image-preview:large","max-video-preview":"max-video-preview:-1"},"canonical":"https:\/\/videomappingcenter.com\/memory-palace-arenberg-mine-site-la-porte-du-hainaut-france-video-mapping-festival-2024\/?lang=en","og_locale":"en_US","og_type":"article","og_title":"MEMORY PALACE \u2013 Arenberg Mine Site \u2013 La Porte du Hainaut, France \u2013 Video Mapping Festival 2024 | Video Mapping European Center","og_description":"Video mapping cr\u00e9\u00e9 par Studio OTA\u00cfKA dans le cadre du Video Mapping Festival #7\ufeff\u00a0\ufeff Video mapping created by Studio OTA\u00cfKA as part of the Video Mapping Festival #7. \u25ba Memory Palace By focusing on memory and the imprints of time, the artists create abstract, architectural and geometric manifestations that engage the material world. Through their [&hellip;]","og_url":"https:\/\/videomappingcenter.com\/memory-palace-arenberg-mine-site-la-porte-du-hainaut-france-video-mapping-festival-2024\/?lang=en","og_site_name":"Video Mapping European Center","article_published_time":"2024-06-15T20:20:54+00:00","article_modified_time":"2025-05-05T15:23:13+00:00","og_image":[{"width":900,"height":500,"url":"https:\/\/videomappingcenter.com\/wp-content\/uploads\/2025\/05\/VMF7_Wallers_5.png","type":"image\/png"}],"author":"Edimestre","twitter_card":"summary_large_image","twitter_misc":{"Written by":"Edimestre","Est. reading time":"1 minute"},"schema":{"@context":"https:\/\/schema.org","@graph":[{"@type":"Article","@id":"https:\/\/videomappingcenter.com\/memory-palace-arenberg-mine-site-la-porte-du-hainaut-france-video-mapping-festival-2024\/?lang=en#article","isPartOf":{"@id":"https:\/\/videomappingcenter.com\/memory-palace-arenberg-mine-site-la-porte-du-hainaut-france-video-mapping-festival-2024\/?lang=en"},"author":{"name":"Edimestre","@id":"https:\/\/videomappingcenter.com\/?lang=en\/#\/schema\/person\/506136ad599d9c386ea59407d183cef8"},"headline":"MEMORY PALACE \u2013 Arenberg Mine Site \u2013 La Porte du Hainaut, France \u2013 Video Mapping Festival 2024","datePublished":"2024-06-15T20:20:54+00:00","dateModified":"2025-05-05T15:23:13+00:00","mainEntityOfPage":{"@id":"https:\/\/videomappingcenter.com\/memory-palace-arenberg-mine-site-la-porte-du-hainaut-france-video-mapping-festival-2024\/?lang=en"},"wordCount":118,"publisher":{"@id":"https:\/\/videomappingcenter.com\/?lang=en\/#organization"},"image":{"@id":"https:\/\/videomappingcenter.com\/memory-palace-arenberg-mine-site-la-porte-du-hainaut-france-video-mapping-festival-2024\/?lang=en#primaryimage"},"thumbnailUrl":"https:\/\/videomappingcenter.com\/wp-content\/uploads\/2025\/05\/VMF7_Wallers_5.png","keywords":["2024","Anna BACHEVA","Arenberg Mine Site - La Porte du Hainaut","Ephemeral","Frontal","linear","Mapping monumental","Monument video mapping","Outdoor","Production","Stefan HRISTOV \u2013 MR.SMiFF","Studio OTA\u00cfKA","Video Mapping Festival","Wallers-Arenberg"],"articleSection":["Production","Video Mapping Festival"],"inLanguage":"en-US"},{"@type":"WebPage","@id":"https:\/\/videomappingcenter.com\/memory-palace-arenberg-mine-site-la-porte-du-hainaut-france-video-mapping-festival-2024\/?lang=en","url":"https:\/\/videomappingcenter.com\/memory-palace-arenberg-mine-site-la-porte-du-hainaut-france-video-mapping-festival-2024\/?lang=en","name":"MEMORY PALACE \u2013 Arenberg Mine Site \u2013 La Porte du Hainaut, France \u2013 Video Mapping Festival 2024 | Video Mapping European Center","isPartOf":{"@id":"https:\/\/videomappingcenter.com\/?lang=en\/#website"},"primaryImageOfPage":{"@id":"https:\/\/videomappingcenter.com\/memory-palace-arenberg-mine-site-la-porte-du-hainaut-france-video-mapping-festival-2024\/?lang=en#primaryimage"},"image":{"@id":"https:\/\/videomappingcenter.com\/memory-palace-arenberg-mine-site-la-porte-du-hainaut-france-video-mapping-festival-2024\/?lang=en#primaryimage"},"thumbnailUrl":"https:\/\/videomappingcenter.com\/wp-content\/uploads\/2025\/05\/VMF7_Wallers_5.png","datePublished":"2024-06-15T20:20:54+00:00","dateModified":"2025-05-05T15:23:13+00:00","breadcrumb":{"@id":"https:\/\/videomappingcenter.com\/memory-palace-arenberg-mine-site-la-porte-du-hainaut-france-video-mapping-festival-2024\/?lang=en#breadcrumb"},"inLanguage":"en-US","potentialAction":[{"@type":"ReadAction","target":["https:\/\/videomappingcenter.com\/memory-palace-arenberg-mine-site-la-porte-du-hainaut-france-video-mapping-festival-2024\/?lang=en"]}]},{"@type":"ImageObject","inLanguage":"en-US","@id":"https:\/\/videomappingcenter.com\/memory-palace-arenberg-mine-site-la-porte-du-hainaut-france-video-mapping-festival-2024\/?lang=en#primaryimage","url":"https:\/\/videomappingcenter.com\/wp-content\/uploads\/2025\/05\/VMF7_Wallers_5.png","contentUrl":"https:\/\/videomappingcenter.com\/wp-content\/uploads\/2025\/05\/VMF7_Wallers_5.png","width":900,"height":500},{"@type":"BreadcrumbList","@id":"https:\/\/videomappingcenter.com\/memory-palace-arenberg-mine-site-la-porte-du-hainaut-france-video-mapping-festival-2024\/?lang=en#breadcrumb","itemListElement":[{"@type":"ListItem","position":1,"name":"Accueil","item":"https:\/\/videomappingcenter.com\/"},{"@type":"ListItem","position":2,"name":"MEMORY PALACE \u2013 Arenberg Mine Site \u2013 La Porte du Hainaut, France \u2013 Video Mapping Festival 2024"}]},{"@type":"WebSite","@id":"https:\/\/videomappingcenter.com\/?lang=en\/#website","url":"https:\/\/videomappingcenter.com\/?lang=en\/","name":"Video Mapping European Center","description":"Video Mapping European Center","publisher":{"@id":"https:\/\/videomappingcenter.com\/?lang=en\/#organization"},"potentialAction":[{"@type":"SearchAction","target":{"@type":"EntryPoint","urlTemplate":"https:\/\/videomappingcenter.com\/?lang=en\/?s={search_term_string}"},"query-input":{"@type":"PropertyValueSpecification","valueRequired":true,"valueName":"search_term_string"}}],"inLanguage":"en-US"},{"@type":"Organization","@id":"https:\/\/videomappingcenter.com\/?lang=en\/#organization","name":"Video Mapping European Center","url":"https:\/\/videomappingcenter.com\/?lang=en\/","logo":{"@type":"ImageObject","inLanguage":"en-US","@id":"https:\/\/videomappingcenter.com\/?lang=en\/#\/schema\/logo\/image\/","url":"https:\/\/videomappingcenter.com\/wp-content\/uploads\/2017\/07\/logo-v3.png","contentUrl":"https:\/\/videomappingcenter.com\/wp-content\/uploads\/2017\/07\/logo-v3.png","width":300,"height":135,"caption":"Video Mapping European Center"},"image":{"@id":"https:\/\/videomappingcenter.com\/?lang=en\/#\/schema\/logo\/image\/"}},{"@type":"Person","@id":"https:\/\/videomappingcenter.com\/?lang=en\/#\/schema\/person\/506136ad599d9c386ea59407d183cef8","name":"Edimestre","image":{"@type":"ImageObject","inLanguage":"en-US","@id":"https:\/\/videomappingcenter.com\/?lang=en\/#\/schema\/person\/image\/","url":"https:\/\/videomappingcenter.com\/wp-content\/uploads\/2017\/07\/avatar.jpg","contentUrl":"https:\/\/videomappingcenter.com\/wp-content\/uploads\/2017\/07\/avatar.jpg","caption":"Edimestre"}}]}},"_links":{"self":[{"href":"https:\/\/videomappingcenter.com\/en\/wp-json\/wp\/v2\/posts\/17223","targetHints":{"allow":["GET"]}}],"collection":[{"href":"https:\/\/videomappingcenter.com\/en\/wp-json\/wp\/v2\/posts"}],"about":[{"href":"https:\/\/videomappingcenter.com\/en\/wp-json\/wp\/v2\/types\/post"}],"author":[{"embeddable":true,"href":"https:\/\/videomappingcenter.com\/en\/wp-json\/wp\/v2\/users\/3"}],"replies":[{"embeddable":true,"href":"https:\/\/videomappingcenter.com\/en\/wp-json\/wp\/v2\/comments?post=17223"}],"version-history":[{"count":0,"href":"https:\/\/videomappingcenter.com\/en\/wp-json\/wp\/v2\/posts\/17223\/revisions"}],"wp:featuredmedia":[{"embeddable":true,"href":"https:\/\/videomappingcenter.com\/en\/wp-json\/wp\/v2\/media\/17218"}],"wp:attachment":[{"href":"https:\/\/videomappingcenter.com\/en\/wp-json\/wp\/v2\/media?parent=17223"}],"wp:term":[{"taxonomy":"category","embeddable":true,"href":"https:\/\/videomappingcenter.com\/en\/wp-json\/wp\/v2\/categories?post=17223"},{"taxonomy":"post_tag","embeddable":true,"href":"https:\/\/videomappingcenter.com\/en\/wp-json\/wp\/v2\/tags?post=17223"},{"taxonomy":"item-prod","embeddable":true,"href":"https:\/\/videomappingcenter.com\/en\/wp-json\/wp\/v2\/item-prod?post=17223"},{"taxonomy":"item-mapping","embeddable":true,"href":"https:\/\/videomappingcenter.com\/en\/wp-json\/wp\/v2\/item-mapping?post=17223"},{"taxonomy":"item-lieu","embeddable":true,"href":"https:\/\/videomappingcenter.com\/en\/wp-json\/wp\/v2\/item-lieu?post=17223"},{"taxonomy":"item-dates","embeddable":true,"href":"https:\/\/videomappingcenter.com\/en\/wp-json\/wp\/v2\/item-dates?post=17223"}],"curies":[{"name":"wp","href":"https:\/\/api.w.org\/{rel}","templated":true}]}}