{"id":17846,"date":"2025-04-05T22:10:07","date_gmt":"2025-04-05T20:10:07","guid":{"rendered":"https:\/\/videomappingcenter.com\/?p=17846"},"modified":"2025-10-30T15:57:28","modified_gmt":"2025-10-30T14:57:28","slug":"impressions-la-voix-du-nord-lille-france-video-mapping-festival-2025","status":"publish","type":"post","link":"https:\/\/videomappingcenter.com\/en\/impressions-la-voix-du-nord-lille-france-video-mapping-festival-2025\/","title":{"rendered":"IMPRESSIONS\u2028\u2013 La Voix du Nord,\u2028Lille, France\u2028\u2013 Video Mapping Festival 2025"},"content":{"rendered":"<p style=\"text-align: justify;\"><iframe loading=\"lazy\" src=\"https:\/\/player.vimeo.com\/video\/1098204625\" width=\"640\" height=\"360\" frameborder=\"0\" allowfullscreen=\"allowfullscreen\"><span data-mce-type=\"bookmark\" style=\"display: inline-block; width: 0px; overflow: hidden; line-height: 0;\" class=\"mce_SELRES_start\">\ufeff<\/span><span data-mce-type=\"bookmark\" style=\"display: inline-block; width: 0px; overflow: hidden; line-height: 0;\" class=\"mce_SELRES_start\"> <\/span><span data-mce-type=\"bookmark\" style=\"display: inline-block; width: 0px; overflow: hidden; line-height: 0;\" class=\"mce_SELRES_start\"> <\/span><span data-mce-type=\"bookmark\" style=\"display: inline-block; width: 0px; overflow: hidden; line-height: 0;\" class=\"mce_SELRES_start\"> <\/span><\/iframe><br \/>\nVideo mapping made during a creation residency organised by Rencontres Audiovisuelles \/ Video Mapping European Center as part of the Video Mapping Festival #8.<\/p>\n<p><b>\u25ba Impressions<br \/>\n<\/b>At the heart of Lille\u2019s Grand\u2019Place stands the imposing facade of La Voix du Nord building. Its unique architecture makes it a symbol of strength and resistance. This historic site is home to a newspaper that, since its origins, has been committed to providing free information and defending press freedom. This facade becomes the setting for a visual exploration tracing the evolution of the media. Through projection, the printed letters come to life and tell the story: from the beginnings of the press to the digital age. Typography, the central character, guides the viewer through this journey, where information crosses, intertwines and sometimes collides. This constant flow of information raises a number of questions: to what extent does the overabundance of information serve or jeopardise the freedom to inform?<br \/>\nVisually, the video mapping immerses the viewer in a whirlwind of words, images and colours. This symbolic chaos reflects the complexity of contemporary media, between truth and misinformation.<\/p>\n<p><b>Direction and animation:\u00a0<\/b>St\u00e9phania de La Chauvini\u00e8re, Laetitia Le Gall, Cl\u00e9mentine Thiriot \u2013 UNDA<br \/>\n<b>Original music:\u00a0<\/b>Marek Hunhap<br \/>\n&nbsp;<\/p>\n<p><b>Video mapping tour organised by Rencontres Audiovisuelles.<br \/>\n<\/b><i>With the support of the Hauts-de-France Region, DRAC Hauts-de-France, M\u00e9tropole Europ\u00e9enne de Lille, the City of Lille and Cr\u00e9dit Mutuel Nord Europe.<\/i><\/p>\n<p><b>The work by UNDA is made during a creation residency organised by Rencontres Audiovisuelles as part of the Video Mapping European Center.<br \/>\n<\/b><i>With the support of the European Union (Europe is committed to the Hauts-de-France Region through the European Regional Development Fund), the Hauts-de-France Region, the Communaut\u00e9 d\u2019Agglom\u00e9ration de La Porte du Hainaut and Arenberg Creative Mine.<\/i><br \/>\n<img loading=\"lazy\" decoding=\"async\" src=\"https:\/\/videomappingcenter.com\/wp-content\/uploads\/2025\/10\/bande_logos_residences_EN.jpg\" alt=\"\" width=\"400\" height=\"90\" class=\"alignleft size-full wp-image-18568\" srcset=\"https:\/\/videomappingcenter.com\/wp-content\/uploads\/2025\/10\/bande_logos_residences_EN.jpg 400w, https:\/\/videomappingcenter.com\/wp-content\/uploads\/2025\/10\/bande_logos_residences_EN-300x68.jpg 300w\" sizes=\"auto, (max-width: 400px) 100vw, 400px\" \/><br \/>\n<\/br><\/br><br \/>\n<b>With the support of La Voix du Nord.<br \/>\n<\/b><b>Creations supported by the Cr\u00e9dit Mutuel Nord Europe.<\/b><\/p>\n<div class=\"simple-taxonomy\">\n\t<div class=\"taxonomy-item-prod\"><a href=\"https:\/\/videomappingcenter.com\/en\/item-prod\/residence-en\/\" rel=\"tag\">Residency<\/a><\/div>\n\t<div class=\"taxonomy-item-mapping\"><a href=\"https:\/\/videomappingcenter.com\/en\/item-mapping\/itinerary\/\" rel=\"tag\">Itinerary<\/a>, <a href=\"https:\/\/videomappingcenter.com\/en\/item-mapping\/mapping-monumental-en\/\" rel=\"tag\">Monument video mapping<\/a>, <a href=\"https:\/\/videomappingcenter.com\/item-mapping\/parcours\/\" rel=\"tag\">Parcours<\/a><\/div>\n\t<div class=\"taxonomy-item-lieu\"><a href=\"https:\/\/videomappingcenter.com\/en\/item-lieu\/hauts-de-france-en\/\" rel=\"tag\">Hauts-de-France<\/a><\/div>\n\t<div class=\"taxonomy-item-dates\"><a href=\"https:\/\/videomappingcenter.com\/en\/item-dates\/2025-3\/\" rel=\"tag\">2025<\/a><\/div>\n\n<\/div>\n","protected":false},"excerpt":{"rendered":"<p>\ufeff Video mapping made during a creation residency organised by Rencontres Audiovisuelles \/ Video Mapping European Center as part of the Video Mapping Festival #8. \u25ba Impressions At the heart of Lille\u2019s Grand\u2019Place stands the imposing facade of La Voix du Nord building. Its unique architecture makes it a symbol of strength and resistance. This [&hellip;]<\/p>\n<div class=\"simple-taxonomy\">\n\t<div class=\"taxonomy-item-prod\"><a href=\"https:\/\/videomappingcenter.com\/en\/item-prod\/residence-en\/\" rel=\"tag\">Residency<\/a><\/div>\n\t<div class=\"taxonomy-item-mapping\"><a href=\"https:\/\/videomappingcenter.com\/en\/item-mapping\/itinerary\/\" rel=\"tag\">Itinerary<\/a>, <a href=\"https:\/\/videomappingcenter.com\/en\/item-mapping\/mapping-monumental-en\/\" rel=\"tag\">Monument video mapping<\/a>, <a href=\"https:\/\/videomappingcenter.com\/item-mapping\/parcours\/\" rel=\"tag\">Parcours<\/a><\/div>\n\t<div class=\"taxonomy-item-lieu\"><a href=\"https:\/\/videomappingcenter.com\/en\/item-lieu\/hauts-de-france-en\/\" rel=\"tag\">Hauts-de-France<\/a><\/div>\n\t<div class=\"taxonomy-item-dates\"><a href=\"https:\/\/videomappingcenter.com\/en\/item-dates\/2025-3\/\" rel=\"tag\">2025<\/a><\/div>\n\n<\/div>\n","protected":false},"author":3,"featured_media":17841,"comment_status":"closed","ping_status":"closed","sticky":false,"template":"","format":"standard","meta":{"footnotes":""},"categories":[147,149],"tags":[3148,3179,124,117,2650,3178,136,120,3152,110,116,104,3177,3180,108],"item-prod":[273],"item-mapping":[563,277,162],"item-lieu":[281],"item-dates":[3149],"class_list":["post-17846","post","type-post","status-publish","format-standard","has-post-thumbnail","hentry","category-residence-en","category-video-mapping-festival-en","tag-2025-2","tag-clementine-thiriot-2","tag-transcient","tag-front","tag-la-voix-du-nord-en","tag-laetitia-le-gall-2","tag-lille-en","tag-linear","tag-marek-hunhap-2","tag-monument-video-mapping","tag-outdoor","tag-residence-en","tag-stephania-de-la-chauviniere-2","tag-unda-2","tag-video-mapping-festival-en","item-prod-residence-en","item-mapping-itinerary","item-mapping-mapping-monumental-en","item-mapping-parcours","item-lieu-hauts-de-france-en","item-dates-2025-3"],"yoast_head":"<!-- This site is optimized with the Yoast SEO plugin v25.8 - https:\/\/yoast.com\/wordpress\/plugins\/seo\/ -->\n<title>IMPRESSIONS\u2028\u2013 La Voix du Nord,\u2028Lille, France\u2028\u2013 Video Mapping Festival 2025 | Video Mapping European Center<\/title>\n<meta name=\"robots\" content=\"index, follow, max-snippet:-1, max-image-preview:large, max-video-preview:-1\" \/>\n<link rel=\"canonical\" href=\"https:\/\/videomappingcenter.com\/en\/impressions-la-voix-du-nord-lille-france-video-mapping-festival-2025\/\" \/>\n<meta property=\"og:locale\" content=\"en_US\" \/>\n<meta property=\"og:type\" content=\"article\" \/>\n<meta property=\"og:title\" content=\"IMPRESSIONS\u2028\u2013 La Voix du Nord,\u2028Lille, France\u2028\u2013 Video Mapping Festival 2025 | Video Mapping European Center\" \/>\n<meta property=\"og:description\" content=\"\ufeff Video mapping made during a creation residency organised by Rencontres Audiovisuelles \/ Video Mapping European Center as part of the Video Mapping Festival #8. \u25ba Impressions At the heart of Lille\u2019s Grand\u2019Place stands the imposing facade of La Voix du Nord building. Its unique architecture makes it a symbol of strength and resistance. This [&hellip;]\" \/>\n<meta property=\"og:url\" content=\"https:\/\/videomappingcenter.com\/en\/impressions-la-voix-du-nord-lille-france-video-mapping-festival-2025\/\" \/>\n<meta property=\"og:site_name\" content=\"Video Mapping European Center\" \/>\n<meta property=\"article:published_time\" content=\"2025-04-05T20:10:07+00:00\" \/>\n<meta property=\"article:modified_time\" content=\"2025-10-30T14:57:28+00:00\" \/>\n<meta property=\"og:image\" content=\"https:\/\/videomappingcenter.com\/wp-content\/uploads\/2025\/07\/VMF8_Lille_VDN_1.png\" \/>\n\t<meta property=\"og:image:width\" content=\"900\" \/>\n\t<meta property=\"og:image:height\" content=\"500\" \/>\n\t<meta property=\"og:image:type\" content=\"image\/png\" \/>\n<meta name=\"author\" content=\"Edimestre\" \/>\n<meta name=\"twitter:card\" content=\"summary_large_image\" \/>\n<meta name=\"twitter:label1\" content=\"Written by\" \/>\n\t<meta name=\"twitter:data1\" content=\"Edimestre\" \/>\n\t<meta name=\"twitter:label2\" content=\"Est. reading time\" \/>\n\t<meta name=\"twitter:data2\" content=\"2 minutes\" \/>\n<script type=\"application\/ld+json\" class=\"yoast-schema-graph\">{\"@context\":\"https:\/\/schema.org\",\"@graph\":[{\"@type\":\"Article\",\"@id\":\"https:\/\/videomappingcenter.com\/en\/impressions-la-voix-du-nord-lille-france-video-mapping-festival-2025\/#article\",\"isPartOf\":{\"@id\":\"https:\/\/videomappingcenter.com\/en\/impressions-la-voix-du-nord-lille-france-video-mapping-festival-2025\/\"},\"author\":{\"name\":\"Edimestre\",\"@id\":\"https:\/\/videomappingcenter.com\/?lang=en\/#\/schema\/person\/506136ad599d9c386ea59407d183cef8\"},\"headline\":\"IMPRESSIONS\\u2028\u2013 La Voix du Nord,\\u2028Lille, France\\u2028\u2013 Video Mapping Festival 2025\",\"datePublished\":\"2025-04-05T20:10:07+00:00\",\"dateModified\":\"2025-10-30T14:57:28+00:00\",\"mainEntityOfPage\":{\"@id\":\"https:\/\/videomappingcenter.com\/en\/impressions-la-voix-du-nord-lille-france-video-mapping-festival-2025\/\"},\"wordCount\":321,\"publisher\":{\"@id\":\"https:\/\/videomappingcenter.com\/?lang=en\/#organization\"},\"image\":{\"@id\":\"https:\/\/videomappingcenter.com\/en\/impressions-la-voix-du-nord-lille-france-video-mapping-festival-2025\/#primaryimage\"},\"thumbnailUrl\":\"https:\/\/videomappingcenter.com\/wp-content\/uploads\/2025\/07\/VMF8_Lille_VDN_1.png\",\"keywords\":[\"2025\",\"Cl\u00e9mentine Thiriot\",\"Ephemeral\",\"Frontal\",\"La Voix du Nord\",\"Laetitia Le Gall\",\"Lille\",\"linear\",\"Marek Hunhap\",\"Monument video mapping\",\"Outdoor\",\"Residency\",\"St\u00e9phania de La Chauvini\u00e8re\",\"UNDA\",\"Video Mapping Festival\"],\"articleSection\":[\"Residency\",\"Video Mapping Festival\"],\"inLanguage\":\"en-US\"},{\"@type\":\"WebPage\",\"@id\":\"https:\/\/videomappingcenter.com\/en\/impressions-la-voix-du-nord-lille-france-video-mapping-festival-2025\/\",\"url\":\"https:\/\/videomappingcenter.com\/en\/impressions-la-voix-du-nord-lille-france-video-mapping-festival-2025\/\",\"name\":\"IMPRESSIONS\\u2028\u2013 La Voix du Nord,\\u2028Lille, France\\u2028\u2013 Video Mapping Festival 2025 | Video Mapping European Center\",\"isPartOf\":{\"@id\":\"https:\/\/videomappingcenter.com\/?lang=en\/#website\"},\"primaryImageOfPage\":{\"@id\":\"https:\/\/videomappingcenter.com\/en\/impressions-la-voix-du-nord-lille-france-video-mapping-festival-2025\/#primaryimage\"},\"image\":{\"@id\":\"https:\/\/videomappingcenter.com\/en\/impressions-la-voix-du-nord-lille-france-video-mapping-festival-2025\/#primaryimage\"},\"thumbnailUrl\":\"https:\/\/videomappingcenter.com\/wp-content\/uploads\/2025\/07\/VMF8_Lille_VDN_1.png\",\"datePublished\":\"2025-04-05T20:10:07+00:00\",\"dateModified\":\"2025-10-30T14:57:28+00:00\",\"breadcrumb\":{\"@id\":\"https:\/\/videomappingcenter.com\/en\/impressions-la-voix-du-nord-lille-france-video-mapping-festival-2025\/#breadcrumb\"},\"inLanguage\":\"en-US\",\"potentialAction\":[{\"@type\":\"ReadAction\",\"target\":[\"https:\/\/videomappingcenter.com\/en\/impressions-la-voix-du-nord-lille-france-video-mapping-festival-2025\/\"]}]},{\"@type\":\"ImageObject\",\"inLanguage\":\"en-US\",\"@id\":\"https:\/\/videomappingcenter.com\/en\/impressions-la-voix-du-nord-lille-france-video-mapping-festival-2025\/#primaryimage\",\"url\":\"https:\/\/videomappingcenter.com\/wp-content\/uploads\/2025\/07\/VMF8_Lille_VDN_1.png\",\"contentUrl\":\"https:\/\/videomappingcenter.com\/wp-content\/uploads\/2025\/07\/VMF8_Lille_VDN_1.png\",\"width\":900,\"height\":500},{\"@type\":\"BreadcrumbList\",\"@id\":\"https:\/\/videomappingcenter.com\/en\/impressions-la-voix-du-nord-lille-france-video-mapping-festival-2025\/#breadcrumb\",\"itemListElement\":[{\"@type\":\"ListItem\",\"position\":1,\"name\":\"Accueil\",\"item\":\"https:\/\/videomappingcenter.com\/\"},{\"@type\":\"ListItem\",\"position\":2,\"name\":\"IMPRESSIONS\\u2028\u2013 La Voix du Nord,\\u2028Lille, France\\u2028\u2013 Video Mapping Festival 2025\"}]},{\"@type\":\"WebSite\",\"@id\":\"https:\/\/videomappingcenter.com\/?lang=en\/#website\",\"url\":\"https:\/\/videomappingcenter.com\/?lang=en\/\",\"name\":\"Video Mapping European Center\",\"description\":\"Video Mapping European Center\",\"publisher\":{\"@id\":\"https:\/\/videomappingcenter.com\/?lang=en\/#organization\"},\"potentialAction\":[{\"@type\":\"SearchAction\",\"target\":{\"@type\":\"EntryPoint\",\"urlTemplate\":\"https:\/\/videomappingcenter.com\/?lang=en\/?s={search_term_string}\"},\"query-input\":{\"@type\":\"PropertyValueSpecification\",\"valueRequired\":true,\"valueName\":\"search_term_string\"}}],\"inLanguage\":\"en-US\"},{\"@type\":\"Organization\",\"@id\":\"https:\/\/videomappingcenter.com\/?lang=en\/#organization\",\"name\":\"Video Mapping European Center\",\"url\":\"https:\/\/videomappingcenter.com\/?lang=en\/\",\"logo\":{\"@type\":\"ImageObject\",\"inLanguage\":\"en-US\",\"@id\":\"https:\/\/videomappingcenter.com\/?lang=en\/#\/schema\/logo\/image\/\",\"url\":\"https:\/\/videomappingcenter.com\/wp-content\/uploads\/2017\/07\/logo-v3.png\",\"contentUrl\":\"https:\/\/videomappingcenter.com\/wp-content\/uploads\/2017\/07\/logo-v3.png\",\"width\":300,\"height\":135,\"caption\":\"Video Mapping European Center\"},\"image\":{\"@id\":\"https:\/\/videomappingcenter.com\/?lang=en\/#\/schema\/logo\/image\/\"}},{\"@type\":\"Person\",\"@id\":\"https:\/\/videomappingcenter.com\/?lang=en\/#\/schema\/person\/506136ad599d9c386ea59407d183cef8\",\"name\":\"Edimestre\",\"image\":{\"@type\":\"ImageObject\",\"inLanguage\":\"en-US\",\"@id\":\"https:\/\/videomappingcenter.com\/?lang=en\/#\/schema\/person\/image\/\",\"url\":\"https:\/\/videomappingcenter.com\/wp-content\/uploads\/2017\/07\/avatar.jpg\",\"contentUrl\":\"https:\/\/videomappingcenter.com\/wp-content\/uploads\/2017\/07\/avatar.jpg\",\"caption\":\"Edimestre\"}}]}<\/script>\n<!-- \/ Yoast SEO plugin. -->","yoast_head_json":{"title":"IMPRESSIONS\u2028\u2013 La Voix du Nord,\u2028Lille, France\u2028\u2013 Video Mapping Festival 2025 | Video Mapping European Center","robots":{"index":"index","follow":"follow","max-snippet":"max-snippet:-1","max-image-preview":"max-image-preview:large","max-video-preview":"max-video-preview:-1"},"canonical":"https:\/\/videomappingcenter.com\/en\/impressions-la-voix-du-nord-lille-france-video-mapping-festival-2025\/","og_locale":"en_US","og_type":"article","og_title":"IMPRESSIONS\u2028\u2013 La Voix du Nord,\u2028Lille, France\u2028\u2013 Video Mapping Festival 2025 | Video Mapping European Center","og_description":"\ufeff Video mapping made during a creation residency organised by Rencontres Audiovisuelles \/ Video Mapping European Center as part of the Video Mapping Festival #8. \u25ba Impressions At the heart of Lille\u2019s Grand\u2019Place stands the imposing facade of La Voix du Nord building. Its unique architecture makes it a symbol of strength and resistance. This [&hellip;]","og_url":"https:\/\/videomappingcenter.com\/en\/impressions-la-voix-du-nord-lille-france-video-mapping-festival-2025\/","og_site_name":"Video Mapping European Center","article_published_time":"2025-04-05T20:10:07+00:00","article_modified_time":"2025-10-30T14:57:28+00:00","og_image":[{"width":900,"height":500,"url":"https:\/\/videomappingcenter.com\/wp-content\/uploads\/2025\/07\/VMF8_Lille_VDN_1.png","type":"image\/png"}],"author":"Edimestre","twitter_card":"summary_large_image","twitter_misc":{"Written by":"Edimestre","Est. reading time":"2 minutes"},"schema":{"@context":"https:\/\/schema.org","@graph":[{"@type":"Article","@id":"https:\/\/videomappingcenter.com\/en\/impressions-la-voix-du-nord-lille-france-video-mapping-festival-2025\/#article","isPartOf":{"@id":"https:\/\/videomappingcenter.com\/en\/impressions-la-voix-du-nord-lille-france-video-mapping-festival-2025\/"},"author":{"name":"Edimestre","@id":"https:\/\/videomappingcenter.com\/?lang=en\/#\/schema\/person\/506136ad599d9c386ea59407d183cef8"},"headline":"IMPRESSIONS\u2028\u2013 La Voix du Nord,\u2028Lille, France\u2028\u2013 Video Mapping Festival 2025","datePublished":"2025-04-05T20:10:07+00:00","dateModified":"2025-10-30T14:57:28+00:00","mainEntityOfPage":{"@id":"https:\/\/videomappingcenter.com\/en\/impressions-la-voix-du-nord-lille-france-video-mapping-festival-2025\/"},"wordCount":321,"publisher":{"@id":"https:\/\/videomappingcenter.com\/?lang=en\/#organization"},"image":{"@id":"https:\/\/videomappingcenter.com\/en\/impressions-la-voix-du-nord-lille-france-video-mapping-festival-2025\/#primaryimage"},"thumbnailUrl":"https:\/\/videomappingcenter.com\/wp-content\/uploads\/2025\/07\/VMF8_Lille_VDN_1.png","keywords":["2025","Cl\u00e9mentine Thiriot","Ephemeral","Frontal","La Voix du Nord","Laetitia Le Gall","Lille","linear","Marek Hunhap","Monument video mapping","Outdoor","Residency","St\u00e9phania de La Chauvini\u00e8re","UNDA","Video Mapping Festival"],"articleSection":["Residency","Video Mapping Festival"],"inLanguage":"en-US"},{"@type":"WebPage","@id":"https:\/\/videomappingcenter.com\/en\/impressions-la-voix-du-nord-lille-france-video-mapping-festival-2025\/","url":"https:\/\/videomappingcenter.com\/en\/impressions-la-voix-du-nord-lille-france-video-mapping-festival-2025\/","name":"IMPRESSIONS\u2028\u2013 La Voix du Nord,\u2028Lille, France\u2028\u2013 Video Mapping Festival 2025 | Video Mapping European Center","isPartOf":{"@id":"https:\/\/videomappingcenter.com\/?lang=en\/#website"},"primaryImageOfPage":{"@id":"https:\/\/videomappingcenter.com\/en\/impressions-la-voix-du-nord-lille-france-video-mapping-festival-2025\/#primaryimage"},"image":{"@id":"https:\/\/videomappingcenter.com\/en\/impressions-la-voix-du-nord-lille-france-video-mapping-festival-2025\/#primaryimage"},"thumbnailUrl":"https:\/\/videomappingcenter.com\/wp-content\/uploads\/2025\/07\/VMF8_Lille_VDN_1.png","datePublished":"2025-04-05T20:10:07+00:00","dateModified":"2025-10-30T14:57:28+00:00","breadcrumb":{"@id":"https:\/\/videomappingcenter.com\/en\/impressions-la-voix-du-nord-lille-france-video-mapping-festival-2025\/#breadcrumb"},"inLanguage":"en-US","potentialAction":[{"@type":"ReadAction","target":["https:\/\/videomappingcenter.com\/en\/impressions-la-voix-du-nord-lille-france-video-mapping-festival-2025\/"]}]},{"@type":"ImageObject","inLanguage":"en-US","@id":"https:\/\/videomappingcenter.com\/en\/impressions-la-voix-du-nord-lille-france-video-mapping-festival-2025\/#primaryimage","url":"https:\/\/videomappingcenter.com\/wp-content\/uploads\/2025\/07\/VMF8_Lille_VDN_1.png","contentUrl":"https:\/\/videomappingcenter.com\/wp-content\/uploads\/2025\/07\/VMF8_Lille_VDN_1.png","width":900,"height":500},{"@type":"BreadcrumbList","@id":"https:\/\/videomappingcenter.com\/en\/impressions-la-voix-du-nord-lille-france-video-mapping-festival-2025\/#breadcrumb","itemListElement":[{"@type":"ListItem","position":1,"name":"Accueil","item":"https:\/\/videomappingcenter.com\/"},{"@type":"ListItem","position":2,"name":"IMPRESSIONS\u2028\u2013 La Voix du Nord,\u2028Lille, France\u2028\u2013 Video Mapping Festival 2025"}]},{"@type":"WebSite","@id":"https:\/\/videomappingcenter.com\/?lang=en\/#website","url":"https:\/\/videomappingcenter.com\/?lang=en\/","name":"Video Mapping European Center","description":"Video Mapping European Center","publisher":{"@id":"https:\/\/videomappingcenter.com\/?lang=en\/#organization"},"potentialAction":[{"@type":"SearchAction","target":{"@type":"EntryPoint","urlTemplate":"https:\/\/videomappingcenter.com\/?lang=en\/?s={search_term_string}"},"query-input":{"@type":"PropertyValueSpecification","valueRequired":true,"valueName":"search_term_string"}}],"inLanguage":"en-US"},{"@type":"Organization","@id":"https:\/\/videomappingcenter.com\/?lang=en\/#organization","name":"Video Mapping European Center","url":"https:\/\/videomappingcenter.com\/?lang=en\/","logo":{"@type":"ImageObject","inLanguage":"en-US","@id":"https:\/\/videomappingcenter.com\/?lang=en\/#\/schema\/logo\/image\/","url":"https:\/\/videomappingcenter.com\/wp-content\/uploads\/2017\/07\/logo-v3.png","contentUrl":"https:\/\/videomappingcenter.com\/wp-content\/uploads\/2017\/07\/logo-v3.png","width":300,"height":135,"caption":"Video Mapping European Center"},"image":{"@id":"https:\/\/videomappingcenter.com\/?lang=en\/#\/schema\/logo\/image\/"}},{"@type":"Person","@id":"https:\/\/videomappingcenter.com\/?lang=en\/#\/schema\/person\/506136ad599d9c386ea59407d183cef8","name":"Edimestre","image":{"@type":"ImageObject","inLanguage":"en-US","@id":"https:\/\/videomappingcenter.com\/?lang=en\/#\/schema\/person\/image\/","url":"https:\/\/videomappingcenter.com\/wp-content\/uploads\/2017\/07\/avatar.jpg","contentUrl":"https:\/\/videomappingcenter.com\/wp-content\/uploads\/2017\/07\/avatar.jpg","caption":"Edimestre"}}]}},"_links":{"self":[{"href":"https:\/\/videomappingcenter.com\/en\/wp-json\/wp\/v2\/posts\/17846","targetHints":{"allow":["GET"]}}],"collection":[{"href":"https:\/\/videomappingcenter.com\/en\/wp-json\/wp\/v2\/posts"}],"about":[{"href":"https:\/\/videomappingcenter.com\/en\/wp-json\/wp\/v2\/types\/post"}],"author":[{"embeddable":true,"href":"https:\/\/videomappingcenter.com\/en\/wp-json\/wp\/v2\/users\/3"}],"replies":[{"embeddable":true,"href":"https:\/\/videomappingcenter.com\/en\/wp-json\/wp\/v2\/comments?post=17846"}],"version-history":[{"count":1,"href":"https:\/\/videomappingcenter.com\/en\/wp-json\/wp\/v2\/posts\/17846\/revisions"}],"predecessor-version":[{"id":18586,"href":"https:\/\/videomappingcenter.com\/en\/wp-json\/wp\/v2\/posts\/17846\/revisions\/18586"}],"wp:featuredmedia":[{"embeddable":true,"href":"https:\/\/videomappingcenter.com\/en\/wp-json\/wp\/v2\/media\/17841"}],"wp:attachment":[{"href":"https:\/\/videomappingcenter.com\/en\/wp-json\/wp\/v2\/media?parent=17846"}],"wp:term":[{"taxonomy":"category","embeddable":true,"href":"https:\/\/videomappingcenter.com\/en\/wp-json\/wp\/v2\/categories?post=17846"},{"taxonomy":"post_tag","embeddable":true,"href":"https:\/\/videomappingcenter.com\/en\/wp-json\/wp\/v2\/tags?post=17846"},{"taxonomy":"item-prod","embeddable":true,"href":"https:\/\/videomappingcenter.com\/en\/wp-json\/wp\/v2\/item-prod?post=17846"},{"taxonomy":"item-mapping","embeddable":true,"href":"https:\/\/videomappingcenter.com\/en\/wp-json\/wp\/v2\/item-mapping?post=17846"},{"taxonomy":"item-lieu","embeddable":true,"href":"https:\/\/videomappingcenter.com\/en\/wp-json\/wp\/v2\/item-lieu?post=17846"},{"taxonomy":"item-dates","embeddable":true,"href":"https:\/\/videomappingcenter.com\/en\/wp-json\/wp\/v2\/item-dates?post=17846"}],"curies":[{"name":"wp","href":"https:\/\/api.w.org\/{rel}","templated":true}]}}