{"id":17859,"date":"2025-04-05T22:15:20","date_gmt":"2025-04-05T20:15:20","guid":{"rendered":"https:\/\/videomappingcenter.com\/?p=17859"},"modified":"2025-10-30T16:04:21","modified_gmt":"2025-10-30T15:04:21","slug":"les-yeux-du-nord-la-voix-du-nord-lille-france-video-mapping-festival-2025","status":"publish","type":"post","link":"https:\/\/videomappingcenter.com\/en\/les-yeux-du-nord-la-voix-du-nord-lille-france-video-mapping-festival-2025\/","title":{"rendered":"LES YEUX DU NORD\u2028\u2013 La Voix du Nord,\u2028Lille, France\u2028\u2013 Video Mapping Festival 2025"},"content":{"rendered":"<p style=\"text-align: justify;\"><iframe loading=\"lazy\" src=\"https:\/\/player.vimeo.com\/video\/1098204716\" width=\"640\" height=\"360\" frameborder=\"0\" allowfullscreen=\"allowfullscreen\"><span data-mce-type=\"bookmark\" style=\"display: inline-block; width: 0px; overflow: hidden; line-height: 0;\" class=\"mce_SELRES_start\"> <\/span><span data-mce-type=\"bookmark\" style=\"display: inline-block; width: 0px; overflow: hidden; line-height: 0;\" class=\"mce_SELRES_start\"> <\/span><span data-mce-type=\"bookmark\" style=\"display: inline-block; width: 0px; overflow: hidden; line-height: 0;\" class=\"mce_SELRES_start\"> <\/span><\/iframe><br \/>\nVideo mapping made during a creation residency organised by Rencontres Audiovisuelles \/ Video Mapping European Center as part of the Video Mapping Festival #8.<\/span><\/p>\n<p><b>\u25ba Les Yeux du Nord<br \/>\n<\/b>The non-homeless city dwellers see the homeless persons superficially, with peripheral vision, through the corner of their eye, as nameless speechless shadowy silent figures in the city landscape. Majority of city residents fear direct contact with the homeless minority because they are afraid to acknowledge a frightening possibility of ending up themselves in the homeless situation.<br \/>\nThe homeless persons however cannot afford such distance, detachment, and passive perception. Out of the existential and survival necessity they must watch, observe \u2013 with sharp focus and critical clarity \u2013 not only their own condition, but also the ignorant, apathetic, repressive, and ambivalent condition of \u201chome-full\u201d city dwellers and of the larger, more fortunate world around them.<br \/>\nIn this situation and under such conditions the homeless persons \u2013 aware or unaware \u2013 seem to function as a conscious and knowledgeable \u201ceye\u201d of the city.<br \/>\nWith such experience, knowledge and perceptive eye, and when received an access to media, many homeless persons wish to share and speak publicly of what they see in an articulate voice.<br \/>\nIn this video mapping, they appropriate the heights and architectural splendor of the Voix du Nord building and seemingly \u201cwear\u201d its facade as a monumental mask; because it is easier to publicly speak the truth of one\u2019s harsh lived experience when wearing a mask in which one appears part private person and part public building.<br \/>\nLet\u2019s hear that what the homeless persons see, how they see the city and how, in their own eyes, they are seen and unseen.<\/p>\n<p><b>Direction:\u00a0<\/b>Krzysztof Wodiczko, assisted with Gilles Pat\u00e9<br \/>\n<b>With testimonies from:\u00a0<\/b>Mado, S\u00e9bastien, Stella, Steven<br \/>\n<b>Shooting:\u00a0<\/b>Gilles Pat\u00e9<br \/>\n<b>Sound recording:\u00a0<\/b>Gauthier Cauvin<br \/>\n<b>Editing:<\/b>\u00a0Gilles Pat\u00e9<br \/>\n<b>Media stabilisation:\u00a0<\/b>Patrick Grandi<br \/>\n&nbsp;<\/p>\n<p><b>Video mapping tour organised by Rencontres Audiovisuelles.<br \/>\n<\/b><i>With the support of the Hauts-de-France Region, DRAC Hauts-de-France, M\u00e9tropole Europ\u00e9enne de Lille, the City of Lille and Cr\u00e9dit Mutuel Nord Europe.<\/i><\/p>\n<p><b>The work by Krzysztof Wodiczko is made during a creation residency organised by Rencontres Audiovisuelles as part of the Video Mapping European Center.<br \/>\n<\/b><i>With the support of the European Union (Europe is committed to the Hauts-de-France Region through the European Regional Development Fund), the Polish Institute and the Adam Mickiewicz Institute, as part of the cultural programme of the Polish Presidency of the Council of the EU in 2025, and White Rabbit Pictures.<\/i><br \/>\n<img loading=\"lazy\" decoding=\"async\" src=\"https:\/\/videomappingcenter.com\/wp-content\/uploads\/2025\/10\/bande_logos_residences_EN.jpg\" alt=\"\" width=\"400\" height=\"90\" class=\"alignleft size-full wp-image-18568\" srcset=\"https:\/\/videomappingcenter.com\/wp-content\/uploads\/2025\/10\/bande_logos_residences_EN.jpg 400w, https:\/\/videomappingcenter.com\/wp-content\/uploads\/2025\/10\/bande_logos_residences_EN-300x68.jpg 300w\" sizes=\"auto, (max-width: 400px) 100vw, 400px\" \/><br \/>\n<\/br><\/br><br \/>\n<b>With the support of La Voix du Nord.<br \/>\n<\/b><b>Creations supported by the Cr\u00e9dit Mutuel Nord Europe.<\/b><\/p>\n<p style=\"text-align: justify;\"><span class=\"s1\">\u00a0<\/span><\/p>\n<div class=\"simple-taxonomy\">\n\t<div class=\"taxonomy-item-prod\"><a href=\"https:\/\/videomappingcenter.com\/en\/item-prod\/residence-en\/\" rel=\"tag\">Residency<\/a><\/div>\n\t<div class=\"taxonomy-item-mapping\"><a href=\"https:\/\/videomappingcenter.com\/en\/item-mapping\/itinerary\/\" rel=\"tag\">Itinerary<\/a>, <a href=\"https:\/\/videomappingcenter.com\/en\/item-mapping\/mapping-monumental-en\/\" rel=\"tag\">Monument video mapping<\/a>, <a href=\"https:\/\/videomappingcenter.com\/item-mapping\/parcours\/\" rel=\"tag\">Parcours<\/a><\/div>\n\t<div class=\"taxonomy-item-lieu\"><a href=\"https:\/\/videomappingcenter.com\/en\/item-lieu\/hauts-de-france-en\/\" rel=\"tag\">Hauts-de-France<\/a><\/div>\n\t<div class=\"taxonomy-item-dates\"><a href=\"https:\/\/videomappingcenter.com\/en\/item-dates\/2025-3\/\" rel=\"tag\">2025<\/a><\/div>\n\n<\/div>\n","protected":false},"excerpt":{"rendered":"<p>Video mapping made during a creation residency organised by Rencontres Audiovisuelles \/ Video Mapping European Center as part of the Video Mapping Festival #8. \u25ba Les Yeux du Nord The non-homeless city dwellers see the homeless persons superficially, with peripheral vision, through the corner of their eye, as nameless speechless shadowy silent figures in the [&hellip;]<\/p>\n<div class=\"simple-taxonomy\">\n\t<div class=\"taxonomy-item-prod\"><a href=\"https:\/\/videomappingcenter.com\/en\/item-prod\/residence-en\/\" rel=\"tag\">Residency<\/a><\/div>\n\t<div class=\"taxonomy-item-mapping\"><a href=\"https:\/\/videomappingcenter.com\/en\/item-mapping\/itinerary\/\" rel=\"tag\">Itinerary<\/a>, <a href=\"https:\/\/videomappingcenter.com\/en\/item-mapping\/mapping-monumental-en\/\" rel=\"tag\">Monument video mapping<\/a>, <a href=\"https:\/\/videomappingcenter.com\/item-mapping\/parcours\/\" rel=\"tag\">Parcours<\/a><\/div>\n\t<div class=\"taxonomy-item-lieu\"><a href=\"https:\/\/videomappingcenter.com\/en\/item-lieu\/hauts-de-france-en\/\" rel=\"tag\">Hauts-de-France<\/a><\/div>\n\t<div class=\"taxonomy-item-dates\"><a href=\"https:\/\/videomappingcenter.com\/en\/item-dates\/2025-3\/\" rel=\"tag\">2025<\/a><\/div>\n\n<\/div>\n","protected":false},"author":3,"featured_media":17853,"comment_status":"closed","ping_status":"closed","sticky":false,"template":"","format":"standard","meta":{"footnotes":""},"categories":[147,149],"tags":[3148,124,117,3186,3185,3184,2650,136,120,110,116,656,104,108],"item-prod":[273],"item-mapping":[563,277,162],"item-lieu":[281],"item-dates":[3149],"class_list":["post-17859","post","type-post","status-publish","format-standard","has-post-thumbnail","hentry","category-residence-en","category-video-mapping-festival-en","tag-2025-2","tag-transcient","tag-front","tag-gauthier-cauvin-2","tag-gilles-pate-2","tag-krzysztof-wodiczko-2","tag-la-voix-du-nord-en","tag-lille-en","tag-linear","tag-monument-video-mapping","tag-outdoor","tag-patrick-grandi-en","tag-residence-en","tag-video-mapping-festival-en","item-prod-residence-en","item-mapping-itinerary","item-mapping-mapping-monumental-en","item-mapping-parcours","item-lieu-hauts-de-france-en","item-dates-2025-3"],"yoast_head":"<!-- This site is optimized with the Yoast SEO plugin v25.8 - https:\/\/yoast.com\/wordpress\/plugins\/seo\/ -->\n<title>LES YEUX DU NORD\u2028\u2013 La Voix du Nord,\u2028Lille, France\u2028\u2013 Video Mapping Festival 2025 | Video Mapping European Center<\/title>\n<meta name=\"robots\" content=\"index, follow, max-snippet:-1, max-image-preview:large, max-video-preview:-1\" \/>\n<link rel=\"canonical\" href=\"https:\/\/videomappingcenter.com\/en\/les-yeux-du-nord-la-voix-du-nord-lille-france-video-mapping-festival-2025\/\" \/>\n<meta property=\"og:locale\" content=\"en_US\" \/>\n<meta property=\"og:type\" content=\"article\" \/>\n<meta property=\"og:title\" content=\"LES YEUX DU NORD\u2028\u2013 La Voix du Nord,\u2028Lille, France\u2028\u2013 Video Mapping Festival 2025 | Video Mapping European Center\" \/>\n<meta property=\"og:description\" content=\"Video mapping made during a creation residency organised by Rencontres Audiovisuelles \/ Video Mapping European Center as part of the Video Mapping Festival #8. \u25ba Les Yeux du Nord The non-homeless city dwellers see the homeless persons superficially, with peripheral vision, through the corner of their eye, as nameless speechless shadowy silent figures in the [&hellip;]\" \/>\n<meta property=\"og:url\" content=\"https:\/\/videomappingcenter.com\/en\/les-yeux-du-nord-la-voix-du-nord-lille-france-video-mapping-festival-2025\/\" \/>\n<meta property=\"og:site_name\" content=\"Video Mapping European Center\" \/>\n<meta property=\"article:published_time\" content=\"2025-04-05T20:15:20+00:00\" \/>\n<meta property=\"article:modified_time\" content=\"2025-10-30T15:04:21+00:00\" \/>\n<meta property=\"og:image\" content=\"https:\/\/videomappingcenter.com\/wp-content\/uploads\/2025\/07\/VMF8_Lille_VDN_2.png\" \/>\n\t<meta property=\"og:image:width\" content=\"900\" \/>\n\t<meta property=\"og:image:height\" content=\"500\" \/>\n\t<meta property=\"og:image:type\" content=\"image\/png\" \/>\n<meta name=\"author\" content=\"Edimestre\" \/>\n<meta name=\"twitter:card\" content=\"summary_large_image\" \/>\n<meta name=\"twitter:label1\" content=\"Written by\" \/>\n\t<meta name=\"twitter:data1\" content=\"Edimestre\" \/>\n\t<meta name=\"twitter:label2\" content=\"Est. reading time\" \/>\n\t<meta name=\"twitter:data2\" content=\"3 minutes\" \/>\n<script type=\"application\/ld+json\" class=\"yoast-schema-graph\">{\"@context\":\"https:\/\/schema.org\",\"@graph\":[{\"@type\":\"Article\",\"@id\":\"https:\/\/videomappingcenter.com\/en\/les-yeux-du-nord-la-voix-du-nord-lille-france-video-mapping-festival-2025\/#article\",\"isPartOf\":{\"@id\":\"https:\/\/videomappingcenter.com\/en\/les-yeux-du-nord-la-voix-du-nord-lille-france-video-mapping-festival-2025\/\"},\"author\":{\"name\":\"Edimestre\",\"@id\":\"https:\/\/videomappingcenter.com\/?lang=en\/#\/schema\/person\/506136ad599d9c386ea59407d183cef8\"},\"headline\":\"LES YEUX DU NORD\\u2028\u2013 La Voix du Nord,\\u2028Lille, France\\u2028\u2013 Video Mapping Festival 2025\",\"datePublished\":\"2025-04-05T20:15:20+00:00\",\"dateModified\":\"2025-10-30T15:04:21+00:00\",\"mainEntityOfPage\":{\"@id\":\"https:\/\/videomappingcenter.com\/en\/les-yeux-du-nord-la-voix-du-nord-lille-france-video-mapping-festival-2025\/\"},\"wordCount\":439,\"publisher\":{\"@id\":\"https:\/\/videomappingcenter.com\/?lang=en\/#organization\"},\"image\":{\"@id\":\"https:\/\/videomappingcenter.com\/en\/les-yeux-du-nord-la-voix-du-nord-lille-france-video-mapping-festival-2025\/#primaryimage\"},\"thumbnailUrl\":\"https:\/\/videomappingcenter.com\/wp-content\/uploads\/2025\/07\/VMF8_Lille_VDN_2.png\",\"keywords\":[\"2025\",\"Ephemeral\",\"Frontal\",\"Gauthier Cauvin\",\"Gilles Pat\u00e9\",\"Krzysztof Wodiczko\",\"La Voix du Nord\",\"Lille\",\"linear\",\"Monument video mapping\",\"Outdoor\",\"Patrick Grandi\",\"Residency\",\"Video Mapping Festival\"],\"articleSection\":[\"Residency\",\"Video Mapping Festival\"],\"inLanguage\":\"en-US\"},{\"@type\":\"WebPage\",\"@id\":\"https:\/\/videomappingcenter.com\/en\/les-yeux-du-nord-la-voix-du-nord-lille-france-video-mapping-festival-2025\/\",\"url\":\"https:\/\/videomappingcenter.com\/en\/les-yeux-du-nord-la-voix-du-nord-lille-france-video-mapping-festival-2025\/\",\"name\":\"LES YEUX DU NORD\\u2028\u2013 La Voix du Nord,\\u2028Lille, France\\u2028\u2013 Video Mapping Festival 2025 | Video Mapping European Center\",\"isPartOf\":{\"@id\":\"https:\/\/videomappingcenter.com\/?lang=en\/#website\"},\"primaryImageOfPage\":{\"@id\":\"https:\/\/videomappingcenter.com\/en\/les-yeux-du-nord-la-voix-du-nord-lille-france-video-mapping-festival-2025\/#primaryimage\"},\"image\":{\"@id\":\"https:\/\/videomappingcenter.com\/en\/les-yeux-du-nord-la-voix-du-nord-lille-france-video-mapping-festival-2025\/#primaryimage\"},\"thumbnailUrl\":\"https:\/\/videomappingcenter.com\/wp-content\/uploads\/2025\/07\/VMF8_Lille_VDN_2.png\",\"datePublished\":\"2025-04-05T20:15:20+00:00\",\"dateModified\":\"2025-10-30T15:04:21+00:00\",\"breadcrumb\":{\"@id\":\"https:\/\/videomappingcenter.com\/en\/les-yeux-du-nord-la-voix-du-nord-lille-france-video-mapping-festival-2025\/#breadcrumb\"},\"inLanguage\":\"en-US\",\"potentialAction\":[{\"@type\":\"ReadAction\",\"target\":[\"https:\/\/videomappingcenter.com\/en\/les-yeux-du-nord-la-voix-du-nord-lille-france-video-mapping-festival-2025\/\"]}]},{\"@type\":\"ImageObject\",\"inLanguage\":\"en-US\",\"@id\":\"https:\/\/videomappingcenter.com\/en\/les-yeux-du-nord-la-voix-du-nord-lille-france-video-mapping-festival-2025\/#primaryimage\",\"url\":\"https:\/\/videomappingcenter.com\/wp-content\/uploads\/2025\/07\/VMF8_Lille_VDN_2.png\",\"contentUrl\":\"https:\/\/videomappingcenter.com\/wp-content\/uploads\/2025\/07\/VMF8_Lille_VDN_2.png\",\"width\":900,\"height\":500},{\"@type\":\"BreadcrumbList\",\"@id\":\"https:\/\/videomappingcenter.com\/en\/les-yeux-du-nord-la-voix-du-nord-lille-france-video-mapping-festival-2025\/#breadcrumb\",\"itemListElement\":[{\"@type\":\"ListItem\",\"position\":1,\"name\":\"Accueil\",\"item\":\"https:\/\/videomappingcenter.com\/\"},{\"@type\":\"ListItem\",\"position\":2,\"name\":\"LES YEUX DU NORD\\u2028\u2013 La Voix du Nord,\\u2028Lille, France\\u2028\u2013 Video Mapping Festival 2025\"}]},{\"@type\":\"WebSite\",\"@id\":\"https:\/\/videomappingcenter.com\/?lang=en\/#website\",\"url\":\"https:\/\/videomappingcenter.com\/?lang=en\/\",\"name\":\"Video Mapping European Center\",\"description\":\"Video Mapping European Center\",\"publisher\":{\"@id\":\"https:\/\/videomappingcenter.com\/?lang=en\/#organization\"},\"potentialAction\":[{\"@type\":\"SearchAction\",\"target\":{\"@type\":\"EntryPoint\",\"urlTemplate\":\"https:\/\/videomappingcenter.com\/?lang=en\/?s={search_term_string}\"},\"query-input\":{\"@type\":\"PropertyValueSpecification\",\"valueRequired\":true,\"valueName\":\"search_term_string\"}}],\"inLanguage\":\"en-US\"},{\"@type\":\"Organization\",\"@id\":\"https:\/\/videomappingcenter.com\/?lang=en\/#organization\",\"name\":\"Video Mapping European Center\",\"url\":\"https:\/\/videomappingcenter.com\/?lang=en\/\",\"logo\":{\"@type\":\"ImageObject\",\"inLanguage\":\"en-US\",\"@id\":\"https:\/\/videomappingcenter.com\/?lang=en\/#\/schema\/logo\/image\/\",\"url\":\"https:\/\/videomappingcenter.com\/wp-content\/uploads\/2017\/07\/logo-v3.png\",\"contentUrl\":\"https:\/\/videomappingcenter.com\/wp-content\/uploads\/2017\/07\/logo-v3.png\",\"width\":300,\"height\":135,\"caption\":\"Video Mapping European Center\"},\"image\":{\"@id\":\"https:\/\/videomappingcenter.com\/?lang=en\/#\/schema\/logo\/image\/\"}},{\"@type\":\"Person\",\"@id\":\"https:\/\/videomappingcenter.com\/?lang=en\/#\/schema\/person\/506136ad599d9c386ea59407d183cef8\",\"name\":\"Edimestre\",\"image\":{\"@type\":\"ImageObject\",\"inLanguage\":\"en-US\",\"@id\":\"https:\/\/videomappingcenter.com\/?lang=en\/#\/schema\/person\/image\/\",\"url\":\"https:\/\/videomappingcenter.com\/wp-content\/uploads\/2017\/07\/avatar.jpg\",\"contentUrl\":\"https:\/\/videomappingcenter.com\/wp-content\/uploads\/2017\/07\/avatar.jpg\",\"caption\":\"Edimestre\"}}]}<\/script>\n<!-- \/ Yoast SEO plugin. -->","yoast_head_json":{"title":"LES YEUX DU NORD\u2028\u2013 La Voix du Nord,\u2028Lille, France\u2028\u2013 Video Mapping Festival 2025 | Video Mapping European Center","robots":{"index":"index","follow":"follow","max-snippet":"max-snippet:-1","max-image-preview":"max-image-preview:large","max-video-preview":"max-video-preview:-1"},"canonical":"https:\/\/videomappingcenter.com\/en\/les-yeux-du-nord-la-voix-du-nord-lille-france-video-mapping-festival-2025\/","og_locale":"en_US","og_type":"article","og_title":"LES YEUX DU NORD\u2028\u2013 La Voix du Nord,\u2028Lille, France\u2028\u2013 Video Mapping Festival 2025 | Video Mapping European Center","og_description":"Video mapping made during a creation residency organised by Rencontres Audiovisuelles \/ Video Mapping European Center as part of the Video Mapping Festival #8. \u25ba Les Yeux du Nord The non-homeless city dwellers see the homeless persons superficially, with peripheral vision, through the corner of their eye, as nameless speechless shadowy silent figures in the [&hellip;]","og_url":"https:\/\/videomappingcenter.com\/en\/les-yeux-du-nord-la-voix-du-nord-lille-france-video-mapping-festival-2025\/","og_site_name":"Video Mapping European Center","article_published_time":"2025-04-05T20:15:20+00:00","article_modified_time":"2025-10-30T15:04:21+00:00","og_image":[{"width":900,"height":500,"url":"https:\/\/videomappingcenter.com\/wp-content\/uploads\/2025\/07\/VMF8_Lille_VDN_2.png","type":"image\/png"}],"author":"Edimestre","twitter_card":"summary_large_image","twitter_misc":{"Written by":"Edimestre","Est. reading time":"3 minutes"},"schema":{"@context":"https:\/\/schema.org","@graph":[{"@type":"Article","@id":"https:\/\/videomappingcenter.com\/en\/les-yeux-du-nord-la-voix-du-nord-lille-france-video-mapping-festival-2025\/#article","isPartOf":{"@id":"https:\/\/videomappingcenter.com\/en\/les-yeux-du-nord-la-voix-du-nord-lille-france-video-mapping-festival-2025\/"},"author":{"name":"Edimestre","@id":"https:\/\/videomappingcenter.com\/?lang=en\/#\/schema\/person\/506136ad599d9c386ea59407d183cef8"},"headline":"LES YEUX DU NORD\u2028\u2013 La Voix du Nord,\u2028Lille, France\u2028\u2013 Video Mapping Festival 2025","datePublished":"2025-04-05T20:15:20+00:00","dateModified":"2025-10-30T15:04:21+00:00","mainEntityOfPage":{"@id":"https:\/\/videomappingcenter.com\/en\/les-yeux-du-nord-la-voix-du-nord-lille-france-video-mapping-festival-2025\/"},"wordCount":439,"publisher":{"@id":"https:\/\/videomappingcenter.com\/?lang=en\/#organization"},"image":{"@id":"https:\/\/videomappingcenter.com\/en\/les-yeux-du-nord-la-voix-du-nord-lille-france-video-mapping-festival-2025\/#primaryimage"},"thumbnailUrl":"https:\/\/videomappingcenter.com\/wp-content\/uploads\/2025\/07\/VMF8_Lille_VDN_2.png","keywords":["2025","Ephemeral","Frontal","Gauthier Cauvin","Gilles Pat\u00e9","Krzysztof Wodiczko","La Voix du Nord","Lille","linear","Monument video mapping","Outdoor","Patrick Grandi","Residency","Video Mapping Festival"],"articleSection":["Residency","Video Mapping Festival"],"inLanguage":"en-US"},{"@type":"WebPage","@id":"https:\/\/videomappingcenter.com\/en\/les-yeux-du-nord-la-voix-du-nord-lille-france-video-mapping-festival-2025\/","url":"https:\/\/videomappingcenter.com\/en\/les-yeux-du-nord-la-voix-du-nord-lille-france-video-mapping-festival-2025\/","name":"LES YEUX DU NORD\u2028\u2013 La Voix du Nord,\u2028Lille, France\u2028\u2013 Video Mapping Festival 2025 | Video Mapping European Center","isPartOf":{"@id":"https:\/\/videomappingcenter.com\/?lang=en\/#website"},"primaryImageOfPage":{"@id":"https:\/\/videomappingcenter.com\/en\/les-yeux-du-nord-la-voix-du-nord-lille-france-video-mapping-festival-2025\/#primaryimage"},"image":{"@id":"https:\/\/videomappingcenter.com\/en\/les-yeux-du-nord-la-voix-du-nord-lille-france-video-mapping-festival-2025\/#primaryimage"},"thumbnailUrl":"https:\/\/videomappingcenter.com\/wp-content\/uploads\/2025\/07\/VMF8_Lille_VDN_2.png","datePublished":"2025-04-05T20:15:20+00:00","dateModified":"2025-10-30T15:04:21+00:00","breadcrumb":{"@id":"https:\/\/videomappingcenter.com\/en\/les-yeux-du-nord-la-voix-du-nord-lille-france-video-mapping-festival-2025\/#breadcrumb"},"inLanguage":"en-US","potentialAction":[{"@type":"ReadAction","target":["https:\/\/videomappingcenter.com\/en\/les-yeux-du-nord-la-voix-du-nord-lille-france-video-mapping-festival-2025\/"]}]},{"@type":"ImageObject","inLanguage":"en-US","@id":"https:\/\/videomappingcenter.com\/en\/les-yeux-du-nord-la-voix-du-nord-lille-france-video-mapping-festival-2025\/#primaryimage","url":"https:\/\/videomappingcenter.com\/wp-content\/uploads\/2025\/07\/VMF8_Lille_VDN_2.png","contentUrl":"https:\/\/videomappingcenter.com\/wp-content\/uploads\/2025\/07\/VMF8_Lille_VDN_2.png","width":900,"height":500},{"@type":"BreadcrumbList","@id":"https:\/\/videomappingcenter.com\/en\/les-yeux-du-nord-la-voix-du-nord-lille-france-video-mapping-festival-2025\/#breadcrumb","itemListElement":[{"@type":"ListItem","position":1,"name":"Accueil","item":"https:\/\/videomappingcenter.com\/"},{"@type":"ListItem","position":2,"name":"LES YEUX DU NORD\u2028\u2013 La Voix du Nord,\u2028Lille, France\u2028\u2013 Video Mapping Festival 2025"}]},{"@type":"WebSite","@id":"https:\/\/videomappingcenter.com\/?lang=en\/#website","url":"https:\/\/videomappingcenter.com\/?lang=en\/","name":"Video Mapping European Center","description":"Video Mapping European Center","publisher":{"@id":"https:\/\/videomappingcenter.com\/?lang=en\/#organization"},"potentialAction":[{"@type":"SearchAction","target":{"@type":"EntryPoint","urlTemplate":"https:\/\/videomappingcenter.com\/?lang=en\/?s={search_term_string}"},"query-input":{"@type":"PropertyValueSpecification","valueRequired":true,"valueName":"search_term_string"}}],"inLanguage":"en-US"},{"@type":"Organization","@id":"https:\/\/videomappingcenter.com\/?lang=en\/#organization","name":"Video Mapping European Center","url":"https:\/\/videomappingcenter.com\/?lang=en\/","logo":{"@type":"ImageObject","inLanguage":"en-US","@id":"https:\/\/videomappingcenter.com\/?lang=en\/#\/schema\/logo\/image\/","url":"https:\/\/videomappingcenter.com\/wp-content\/uploads\/2017\/07\/logo-v3.png","contentUrl":"https:\/\/videomappingcenter.com\/wp-content\/uploads\/2017\/07\/logo-v3.png","width":300,"height":135,"caption":"Video Mapping European Center"},"image":{"@id":"https:\/\/videomappingcenter.com\/?lang=en\/#\/schema\/logo\/image\/"}},{"@type":"Person","@id":"https:\/\/videomappingcenter.com\/?lang=en\/#\/schema\/person\/506136ad599d9c386ea59407d183cef8","name":"Edimestre","image":{"@type":"ImageObject","inLanguage":"en-US","@id":"https:\/\/videomappingcenter.com\/?lang=en\/#\/schema\/person\/image\/","url":"https:\/\/videomappingcenter.com\/wp-content\/uploads\/2017\/07\/avatar.jpg","contentUrl":"https:\/\/videomappingcenter.com\/wp-content\/uploads\/2017\/07\/avatar.jpg","caption":"Edimestre"}}]}},"_links":{"self":[{"href":"https:\/\/videomappingcenter.com\/en\/wp-json\/wp\/v2\/posts\/17859","targetHints":{"allow":["GET"]}}],"collection":[{"href":"https:\/\/videomappingcenter.com\/en\/wp-json\/wp\/v2\/posts"}],"about":[{"href":"https:\/\/videomappingcenter.com\/en\/wp-json\/wp\/v2\/types\/post"}],"author":[{"embeddable":true,"href":"https:\/\/videomappingcenter.com\/en\/wp-json\/wp\/v2\/users\/3"}],"replies":[{"embeddable":true,"href":"https:\/\/videomappingcenter.com\/en\/wp-json\/wp\/v2\/comments?post=17859"}],"version-history":[{"count":1,"href":"https:\/\/videomappingcenter.com\/en\/wp-json\/wp\/v2\/posts\/17859\/revisions"}],"predecessor-version":[{"id":18590,"href":"https:\/\/videomappingcenter.com\/en\/wp-json\/wp\/v2\/posts\/17859\/revisions\/18590"}],"wp:featuredmedia":[{"embeddable":true,"href":"https:\/\/videomappingcenter.com\/en\/wp-json\/wp\/v2\/media\/17853"}],"wp:attachment":[{"href":"https:\/\/videomappingcenter.com\/en\/wp-json\/wp\/v2\/media?parent=17859"}],"wp:term":[{"taxonomy":"category","embeddable":true,"href":"https:\/\/videomappingcenter.com\/en\/wp-json\/wp\/v2\/categories?post=17859"},{"taxonomy":"post_tag","embeddable":true,"href":"https:\/\/videomappingcenter.com\/en\/wp-json\/wp\/v2\/tags?post=17859"},{"taxonomy":"item-prod","embeddable":true,"href":"https:\/\/videomappingcenter.com\/en\/wp-json\/wp\/v2\/item-prod?post=17859"},{"taxonomy":"item-mapping","embeddable":true,"href":"https:\/\/videomappingcenter.com\/en\/wp-json\/wp\/v2\/item-mapping?post=17859"},{"taxonomy":"item-lieu","embeddable":true,"href":"https:\/\/videomappingcenter.com\/en\/wp-json\/wp\/v2\/item-lieu?post=17859"},{"taxonomy":"item-dates","embeddable":true,"href":"https:\/\/videomappingcenter.com\/en\/wp-json\/wp\/v2\/item-dates?post=17859"}],"curies":[{"name":"wp","href":"https:\/\/api.w.org\/{rel}","templated":true}]}}