{"id":17884,"date":"2025-04-05T22:25:39","date_gmt":"2025-04-05T20:25:39","guid":{"rendered":"https:\/\/videomappingcenter.com\/?p=17884"},"modified":"2025-07-02T18:28:52","modified_gmt":"2025-07-02T16:28:52","slug":"lisle-des-foux-la-voix-du-nord-lille-france-video-mapping-festival-2025","status":"publish","type":"post","link":"https:\/\/videomappingcenter.com\/en\/lisle-des-foux-la-voix-du-nord-lille-france-video-mapping-festival-2025\/","title":{"rendered":"L\u2019ISLE DES FOUX \u2013 La Voix du Nord,\u2028Lille, France\u2028\u2013 Video Mapping Festival 2025"},"content":{"rendered":"<p style=\"text-align: justify;\"><iframe loading=\"lazy\" src=\"https:\/\/player.vimeo.com\/video\/1098208351\" width=\"640\" height=\"360\" frameborder=\"0\" allowfullscreen=\"allowfullscreen\"><span data-mce-type=\"bookmark\" style=\"display: inline-block; width: 0px; overflow: hidden; line-height: 0;\" class=\"mce_SELRES_start\">\ufeff<\/span><span data-mce-type=\"bookmark\" style=\"display: inline-block; width: 0px; overflow: hidden; line-height: 0;\" class=\"mce_SELRES_start\"> <\/span><span data-mce-type=\"bookmark\" style=\"display: inline-block; width: 0px; overflow: hidden; line-height: 0;\" class=\"mce_SELRES_start\"> <\/span><span data-mce-type=\"bookmark\" style=\"display: inline-block; width: 0px; overflow: hidden; line-height: 0;\" class=\"mce_SELRES_start\"> <\/span><\/iframe><\/p>\n<p class=\"p1\">Video mapping made by Rencontres Audiovisuelles and the Visual Sciences and Cultures Research Federation as part of the Video Mapping Festival #8 and the Get-in-Past project, Baroque dance and music in the digital age.<i><br \/>\n<\/i><\/p>\n<p><b>\u25ba L\u2019Isle des Foux<br \/>\n<\/b><i>L\u2019Isle des Foux<\/i>\u00a0is an 18<sup>th <\/sup>century contredanse, danced by 8 people, whose steps have resounded as much in the glitter of salons as on the cobblestones of popular balls, thanks to the distribution of its choreographic score. This audiovisual creation reinvents this score, its memory and outlines its future, like a dance suspended between eras.<br \/>\nAs the images unfold, the swirls of dresses whirl in a breath of light, silhouettes fade and are reborn, carried by a capricious gravity. Bodies float, gestures stretch, creating a choreography in which time becomes blurred. Between a reinvented past and dreamlike visions,\u00a0<i>L\u2019Isle des Foux<\/i>\u00a0invites you on a sensitive journey, where dance becomes a weightless dream.<br \/>\nAs for the Ma\u00eetre \u00e0 Danser, he keeps a watchful eye on the dance, in the form of an interactive installation in which 8 dancers in turn can try their hand at re-enacting the gestures of the past, feeling under their feet the cadences of another century. The movements are repeated, transformed and pass through time \u2013 and beneath their feet, the echoes of ancient dances are reborn.<\/p>\n<p><b>Direction:\u00a0<\/b>Pablo Gracias<br \/>\n<b>With the collaboration of:<\/b>\u00a0Guillaume Jablonka \u2013 Compagnie Divertimenty \/ Ludivine Panzani \u2013 IRHiS Laboratory \/ Thomas Yvrard \u2013 Lille Conservatoire \/ Pierre-Henry Bas and Ali Boulgsoa \u2013 FR SCV<br \/>\n<b>Animation and interactivity:\u00a0<\/b>Nicolas Camarty, Pablo Gracias<br \/>\n<b>Music and sound design:\u00a0<\/b>G\u00e9raldine Kwik ; Music inspired by\u00a0<i>L\u2019Isle des Foux<\/i>, contredanse aria by M. Landrin (1727-1793)<br \/>\n&nbsp;<\/p>\n<p><b>Video mapping tour organised by Rencontres Audiovisuelles.<br \/>\n<\/b><i>With the support of the Hauts-de-France Region, DRAC Hauts-de-France, M\u00e9tropole Europ\u00e9enne de Lille, the City of Lille and Cr\u00e9dit Mutuel Nord Europe.<\/i><\/p>\n<p><b>The work by Pablo Gracias is a production made with the Visual Sciences and Cultures Research Federation as part of the Get-in-Past project, Baroque dance and music in the digital age.<br \/>\n<\/b><i>With the support of the European Union (Europe is committed to the Hauts-de-France Region through the European Regional Development Fund), in collaboration with the Divertimenty company, the CNRS and the University of Lille.<\/i><\/p>\n<p><b>With the support of La Voix du Nord.<br \/>\n<\/b><b>Creations supported by the Cr\u00e9dit Mutuel Nord Europe.<\/b><\/p>\n<div class=\"simple-taxonomy\">\n\t<div class=\"taxonomy-item-prod\"><a href=\"https:\/\/videomappingcenter.com\/en\/item-prod\/production\/\" rel=\"tag\">Production<\/a><\/div>\n\t<div class=\"taxonomy-item-mapping\"><a href=\"https:\/\/videomappingcenter.com\/en\/item-mapping\/mapping-monumental-en\/\" rel=\"tag\">Monument video mapping<\/a>, <a href=\"https:\/\/videomappingcenter.com\/item-mapping\/parcours\/\" rel=\"tag\">Parcours<\/a><\/div>\n\t<div class=\"taxonomy-item-lieu\"><a href=\"https:\/\/videomappingcenter.com\/en\/item-lieu\/hauts-de-france-en\/\" rel=\"tag\">Hauts-de-France<\/a><\/div>\n\t<div class=\"taxonomy-item-dates\"><a href=\"https:\/\/videomappingcenter.com\/en\/item-dates\/2025-3\/\" rel=\"tag\">2025<\/a>, <a href=\"https:\/\/videomappingcenter.com\/item-dates\/2025\/\" rel=\"tag\">2025<\/a><\/div>\n\n<\/div>\n","protected":false},"excerpt":{"rendered":"<p>\ufeff Video mapping made by Rencontres Audiovisuelles and the Visual Sciences and Cultures Research Federation as part of the Video Mapping Festival #8 and the Get-in-Past project, Baroque dance and music in the digital age. \u25ba L\u2019Isle des Foux L\u2019Isle des Foux\u00a0is an 18th century contredanse, danced by 8 people, whose steps have resounded as [&hellip;]<\/p>\n<div class=\"simple-taxonomy\">\n\t<div class=\"taxonomy-item-prod\"><a href=\"https:\/\/videomappingcenter.com\/en\/item-prod\/production\/\" rel=\"tag\">Production<\/a><\/div>\n\t<div class=\"taxonomy-item-mapping\"><a href=\"https:\/\/videomappingcenter.com\/en\/item-mapping\/mapping-monumental-en\/\" rel=\"tag\">Monument video mapping<\/a>, <a href=\"https:\/\/videomappingcenter.com\/item-mapping\/parcours\/\" rel=\"tag\">Parcours<\/a><\/div>\n\t<div class=\"taxonomy-item-lieu\"><a href=\"https:\/\/videomappingcenter.com\/en\/item-lieu\/hauts-de-france-en\/\" rel=\"tag\">Hauts-de-France<\/a><\/div>\n\t<div class=\"taxonomy-item-dates\"><a href=\"https:\/\/videomappingcenter.com\/en\/item-dates\/2025-3\/\" rel=\"tag\">2025<\/a>, <a href=\"https:\/\/videomappingcenter.com\/item-dates\/2025\/\" rel=\"tag\">2025<\/a><\/div>\n\n<\/div>\n","protected":false},"author":3,"featured_media":17879,"comment_status":"closed","ping_status":"closed","sticky":false,"template":"","format":"standard","meta":{"footnotes":""},"categories":[146,149],"tags":[3135,3148,3206,3200,124,3208,3207,117,720,3199,121,3202,2650,136,3204,3201,110,1713,116,2202,3205,105,3203,108],"item-prod":[155],"item-mapping":[277,162],"item-lieu":[281],"item-dates":[3149,3136],"class_list":["post-17884","post","type-post","status-publish","format-standard","has-post-thumbnail","hentry","category-production-en","category-video-mapping-festival-en","tag-3135","tag-2025-2","tag-ali-boulgsoa-2","tag-compagnie-divertimenty-2","tag-transcient","tag-federation-de-recherche-sciences-et-cultures-du-visuel-2","tag-fr-scv-2","tag-front","tag-geraldine-kwik-en","tag-guillaume-jablonka-2","tag-interactive","tag-irhis-laboratory","tag-la-voix-du-nord-en","tag-lille-en","tag-lille-conservatoire","tag-ludivine-panzani-2","tag-monument-video-mapping","tag-nicolas-camarty-en","tag-outdoor","tag-pablo-gracias-en","tag-pierre-henry-bas-2","tag-production-en","tag-thomas-yvrard-2","tag-video-mapping-festival-en","item-prod-production","item-mapping-mapping-monumental-en","item-mapping-parcours","item-lieu-hauts-de-france-en","item-dates-2025-3","item-dates-3136"],"yoast_head":"<!-- This site is optimized with the Yoast SEO plugin v25.8 - https:\/\/yoast.com\/wordpress\/plugins\/seo\/ -->\n<title>L\u2019ISLE DES FOUX \u2013 La Voix du Nord,\u2028Lille, France\u2028\u2013 Video Mapping Festival 2025 | Video Mapping European Center<\/title>\n<meta name=\"robots\" content=\"index, follow, max-snippet:-1, max-image-preview:large, max-video-preview:-1\" \/>\n<link rel=\"canonical\" href=\"https:\/\/videomappingcenter.com\/lisle-des-foux-la-voix-du-nord-lille-france-video-mapping-festival-2025\/\" \/>\n<meta property=\"og:locale\" content=\"en_US\" \/>\n<meta property=\"og:type\" content=\"article\" \/>\n<meta property=\"og:title\" content=\"L\u2019ISLE DES FOUX \u2013 La Voix du Nord,\u2028Lille, France\u2028\u2013 Video Mapping Festival 2025 | Video Mapping European Center\" \/>\n<meta property=\"og:description\" content=\"\ufeff Video mapping made by Rencontres Audiovisuelles and the Visual Sciences and Cultures Research Federation as part of the Video Mapping Festival #8 and the Get-in-Past project, Baroque dance and music in the digital age. \u25ba L\u2019Isle des Foux L\u2019Isle des Foux\u00a0is an 18th century contredanse, danced by 8 people, whose steps have resounded as [&hellip;]\" \/>\n<meta property=\"og:url\" content=\"https:\/\/videomappingcenter.com\/lisle-des-foux-la-voix-du-nord-lille-france-video-mapping-festival-2025\/\" \/>\n<meta property=\"og:site_name\" content=\"Video Mapping European Center\" \/>\n<meta property=\"article:published_time\" content=\"2025-04-05T20:25:39+00:00\" \/>\n<meta property=\"article:modified_time\" content=\"2025-07-02T16:28:52+00:00\" \/>\n<meta property=\"og:image\" content=\"https:\/\/videomappingcenter.com\/wp-content\/uploads\/2025\/07\/VMF8_Lille_VDN_4.png\" \/>\n\t<meta property=\"og:image:width\" content=\"900\" \/>\n\t<meta property=\"og:image:height\" content=\"500\" \/>\n\t<meta property=\"og:image:type\" content=\"image\/png\" \/>\n<meta name=\"author\" content=\"Edimestre\" \/>\n<meta name=\"twitter:card\" content=\"summary_large_image\" \/>\n<meta name=\"twitter:label1\" content=\"Written by\" \/>\n\t<meta name=\"twitter:data1\" content=\"Edimestre\" \/>\n\t<meta name=\"twitter:label2\" content=\"Est. reading time\" \/>\n\t<meta name=\"twitter:data2\" content=\"2 minutes\" \/>\n<script type=\"application\/ld+json\" class=\"yoast-schema-graph\">{\"@context\":\"https:\/\/schema.org\",\"@graph\":[{\"@type\":\"Article\",\"@id\":\"https:\/\/videomappingcenter.com\/lisle-des-foux-la-voix-du-nord-lille-france-video-mapping-festival-2025\/#article\",\"isPartOf\":{\"@id\":\"https:\/\/videomappingcenter.com\/lisle-des-foux-la-voix-du-nord-lille-france-video-mapping-festival-2025\/\"},\"author\":{\"name\":\"Edimestre\",\"@id\":\"https:\/\/videomappingcenter.com\/?lang=en\/#\/schema\/person\/506136ad599d9c386ea59407d183cef8\"},\"headline\":\"L\u2019ISLE DES FOUX \u2013 La Voix du Nord,\\u2028Lille, France\\u2028\u2013 Video Mapping Festival 2025\",\"datePublished\":\"2025-04-05T20:25:39+00:00\",\"dateModified\":\"2025-07-02T16:28:52+00:00\",\"mainEntityOfPage\":{\"@id\":\"https:\/\/videomappingcenter.com\/lisle-des-foux-la-voix-du-nord-lille-france-video-mapping-festival-2025\/\"},\"wordCount\":398,\"publisher\":{\"@id\":\"https:\/\/videomappingcenter.com\/?lang=en\/#organization\"},\"image\":{\"@id\":\"https:\/\/videomappingcenter.com\/lisle-des-foux-la-voix-du-nord-lille-france-video-mapping-festival-2025\/#primaryimage\"},\"thumbnailUrl\":\"https:\/\/videomappingcenter.com\/wp-content\/uploads\/2025\/07\/VMF8_Lille_VDN_4.png\",\"keywords\":[\"2025\",\"2025\",\"Ali Boulgsoa\",\"Compagnie Divertimenty\",\"Ephemeral\",\"F\u00e9d\u00e9ration de Recherche Sciences et Cultures du Visuel\",\"FR SCV\",\"Frontal\",\"G\u00e9raldine Kwik\",\"Guillaume Jablonka\",\"interactive\",\"IRHiS Laboratory\",\"La Voix du Nord\",\"Lille\",\"Lille Conservatoire\",\"Ludivine Panzani\",\"Monument video mapping\",\"Nicolas CAMARTY\",\"Outdoor\",\"Pablo GRACIAS\",\"Pierre-Henry Bas\",\"Production\",\"Thomas Yvrard\",\"Video Mapping Festival\"],\"articleSection\":[\"Production\",\"Video Mapping Festival\"],\"inLanguage\":\"en-US\"},{\"@type\":\"WebPage\",\"@id\":\"https:\/\/videomappingcenter.com\/lisle-des-foux-la-voix-du-nord-lille-france-video-mapping-festival-2025\/\",\"url\":\"https:\/\/videomappingcenter.com\/lisle-des-foux-la-voix-du-nord-lille-france-video-mapping-festival-2025\/\",\"name\":\"L\u2019ISLE DES FOUX \u2013 La Voix du Nord,\\u2028Lille, France\\u2028\u2013 Video Mapping Festival 2025 | Video Mapping European Center\",\"isPartOf\":{\"@id\":\"https:\/\/videomappingcenter.com\/?lang=en\/#website\"},\"primaryImageOfPage\":{\"@id\":\"https:\/\/videomappingcenter.com\/lisle-des-foux-la-voix-du-nord-lille-france-video-mapping-festival-2025\/#primaryimage\"},\"image\":{\"@id\":\"https:\/\/videomappingcenter.com\/lisle-des-foux-la-voix-du-nord-lille-france-video-mapping-festival-2025\/#primaryimage\"},\"thumbnailUrl\":\"https:\/\/videomappingcenter.com\/wp-content\/uploads\/2025\/07\/VMF8_Lille_VDN_4.png\",\"datePublished\":\"2025-04-05T20:25:39+00:00\",\"dateModified\":\"2025-07-02T16:28:52+00:00\",\"breadcrumb\":{\"@id\":\"https:\/\/videomappingcenter.com\/lisle-des-foux-la-voix-du-nord-lille-france-video-mapping-festival-2025\/#breadcrumb\"},\"inLanguage\":\"en-US\",\"potentialAction\":[{\"@type\":\"ReadAction\",\"target\":[\"https:\/\/videomappingcenter.com\/lisle-des-foux-la-voix-du-nord-lille-france-video-mapping-festival-2025\/\"]}]},{\"@type\":\"ImageObject\",\"inLanguage\":\"en-US\",\"@id\":\"https:\/\/videomappingcenter.com\/lisle-des-foux-la-voix-du-nord-lille-france-video-mapping-festival-2025\/#primaryimage\",\"url\":\"https:\/\/videomappingcenter.com\/wp-content\/uploads\/2025\/07\/VMF8_Lille_VDN_4.png\",\"contentUrl\":\"https:\/\/videomappingcenter.com\/wp-content\/uploads\/2025\/07\/VMF8_Lille_VDN_4.png\",\"width\":900,\"height\":500},{\"@type\":\"BreadcrumbList\",\"@id\":\"https:\/\/videomappingcenter.com\/lisle-des-foux-la-voix-du-nord-lille-france-video-mapping-festival-2025\/#breadcrumb\",\"itemListElement\":[{\"@type\":\"ListItem\",\"position\":1,\"name\":\"Accueil\",\"item\":\"https:\/\/videomappingcenter.com\/\"},{\"@type\":\"ListItem\",\"position\":2,\"name\":\"L\u2019ISLE DES FOUX \u2013 La Voix du Nord,\\u2028Lille, France\\u2028\u2013 Video Mapping Festival 2025\"}]},{\"@type\":\"WebSite\",\"@id\":\"https:\/\/videomappingcenter.com\/?lang=en\/#website\",\"url\":\"https:\/\/videomappingcenter.com\/?lang=en\/\",\"name\":\"Video Mapping European Center\",\"description\":\"Video Mapping European Center\",\"publisher\":{\"@id\":\"https:\/\/videomappingcenter.com\/?lang=en\/#organization\"},\"potentialAction\":[{\"@type\":\"SearchAction\",\"target\":{\"@type\":\"EntryPoint\",\"urlTemplate\":\"https:\/\/videomappingcenter.com\/?lang=en\/?s={search_term_string}\"},\"query-input\":{\"@type\":\"PropertyValueSpecification\",\"valueRequired\":true,\"valueName\":\"search_term_string\"}}],\"inLanguage\":\"en-US\"},{\"@type\":\"Organization\",\"@id\":\"https:\/\/videomappingcenter.com\/?lang=en\/#organization\",\"name\":\"Video Mapping European Center\",\"url\":\"https:\/\/videomappingcenter.com\/?lang=en\/\",\"logo\":{\"@type\":\"ImageObject\",\"inLanguage\":\"en-US\",\"@id\":\"https:\/\/videomappingcenter.com\/?lang=en\/#\/schema\/logo\/image\/\",\"url\":\"https:\/\/videomappingcenter.com\/wp-content\/uploads\/2017\/07\/logo-v3.png\",\"contentUrl\":\"https:\/\/videomappingcenter.com\/wp-content\/uploads\/2017\/07\/logo-v3.png\",\"width\":300,\"height\":135,\"caption\":\"Video Mapping European Center\"},\"image\":{\"@id\":\"https:\/\/videomappingcenter.com\/?lang=en\/#\/schema\/logo\/image\/\"}},{\"@type\":\"Person\",\"@id\":\"https:\/\/videomappingcenter.com\/?lang=en\/#\/schema\/person\/506136ad599d9c386ea59407d183cef8\",\"name\":\"Edimestre\",\"image\":{\"@type\":\"ImageObject\",\"inLanguage\":\"en-US\",\"@id\":\"https:\/\/videomappingcenter.com\/?lang=en\/#\/schema\/person\/image\/\",\"url\":\"https:\/\/videomappingcenter.com\/wp-content\/uploads\/2017\/07\/avatar.jpg\",\"contentUrl\":\"https:\/\/videomappingcenter.com\/wp-content\/uploads\/2017\/07\/avatar.jpg\",\"caption\":\"Edimestre\"}}]}<\/script>\n<!-- \/ Yoast SEO plugin. -->","yoast_head_json":{"title":"L\u2019ISLE DES FOUX \u2013 La Voix du Nord,\u2028Lille, France\u2028\u2013 Video Mapping Festival 2025 | Video Mapping European Center","robots":{"index":"index","follow":"follow","max-snippet":"max-snippet:-1","max-image-preview":"max-image-preview:large","max-video-preview":"max-video-preview:-1"},"canonical":"https:\/\/videomappingcenter.com\/lisle-des-foux-la-voix-du-nord-lille-france-video-mapping-festival-2025\/","og_locale":"en_US","og_type":"article","og_title":"L\u2019ISLE DES FOUX \u2013 La Voix du Nord,\u2028Lille, France\u2028\u2013 Video Mapping Festival 2025 | Video Mapping European Center","og_description":"\ufeff Video mapping made by Rencontres Audiovisuelles and the Visual Sciences and Cultures Research Federation as part of the Video Mapping Festival #8 and the Get-in-Past project, Baroque dance and music in the digital age. \u25ba L\u2019Isle des Foux L\u2019Isle des Foux\u00a0is an 18th century contredanse, danced by 8 people, whose steps have resounded as [&hellip;]","og_url":"https:\/\/videomappingcenter.com\/lisle-des-foux-la-voix-du-nord-lille-france-video-mapping-festival-2025\/","og_site_name":"Video Mapping European Center","article_published_time":"2025-04-05T20:25:39+00:00","article_modified_time":"2025-07-02T16:28:52+00:00","og_image":[{"width":900,"height":500,"url":"https:\/\/videomappingcenter.com\/wp-content\/uploads\/2025\/07\/VMF8_Lille_VDN_4.png","type":"image\/png"}],"author":"Edimestre","twitter_card":"summary_large_image","twitter_misc":{"Written by":"Edimestre","Est. reading time":"2 minutes"},"schema":{"@context":"https:\/\/schema.org","@graph":[{"@type":"Article","@id":"https:\/\/videomappingcenter.com\/lisle-des-foux-la-voix-du-nord-lille-france-video-mapping-festival-2025\/#article","isPartOf":{"@id":"https:\/\/videomappingcenter.com\/lisle-des-foux-la-voix-du-nord-lille-france-video-mapping-festival-2025\/"},"author":{"name":"Edimestre","@id":"https:\/\/videomappingcenter.com\/?lang=en\/#\/schema\/person\/506136ad599d9c386ea59407d183cef8"},"headline":"L\u2019ISLE DES FOUX \u2013 La Voix du Nord,\u2028Lille, France\u2028\u2013 Video Mapping Festival 2025","datePublished":"2025-04-05T20:25:39+00:00","dateModified":"2025-07-02T16:28:52+00:00","mainEntityOfPage":{"@id":"https:\/\/videomappingcenter.com\/lisle-des-foux-la-voix-du-nord-lille-france-video-mapping-festival-2025\/"},"wordCount":398,"publisher":{"@id":"https:\/\/videomappingcenter.com\/?lang=en\/#organization"},"image":{"@id":"https:\/\/videomappingcenter.com\/lisle-des-foux-la-voix-du-nord-lille-france-video-mapping-festival-2025\/#primaryimage"},"thumbnailUrl":"https:\/\/videomappingcenter.com\/wp-content\/uploads\/2025\/07\/VMF8_Lille_VDN_4.png","keywords":["2025","2025","Ali Boulgsoa","Compagnie Divertimenty","Ephemeral","F\u00e9d\u00e9ration de Recherche Sciences et Cultures du Visuel","FR SCV","Frontal","G\u00e9raldine Kwik","Guillaume Jablonka","interactive","IRHiS Laboratory","La Voix du Nord","Lille","Lille Conservatoire","Ludivine Panzani","Monument video mapping","Nicolas CAMARTY","Outdoor","Pablo GRACIAS","Pierre-Henry Bas","Production","Thomas Yvrard","Video Mapping Festival"],"articleSection":["Production","Video Mapping Festival"],"inLanguage":"en-US"},{"@type":"WebPage","@id":"https:\/\/videomappingcenter.com\/lisle-des-foux-la-voix-du-nord-lille-france-video-mapping-festival-2025\/","url":"https:\/\/videomappingcenter.com\/lisle-des-foux-la-voix-du-nord-lille-france-video-mapping-festival-2025\/","name":"L\u2019ISLE DES FOUX \u2013 La Voix du Nord,\u2028Lille, France\u2028\u2013 Video Mapping Festival 2025 | Video Mapping European Center","isPartOf":{"@id":"https:\/\/videomappingcenter.com\/?lang=en\/#website"},"primaryImageOfPage":{"@id":"https:\/\/videomappingcenter.com\/lisle-des-foux-la-voix-du-nord-lille-france-video-mapping-festival-2025\/#primaryimage"},"image":{"@id":"https:\/\/videomappingcenter.com\/lisle-des-foux-la-voix-du-nord-lille-france-video-mapping-festival-2025\/#primaryimage"},"thumbnailUrl":"https:\/\/videomappingcenter.com\/wp-content\/uploads\/2025\/07\/VMF8_Lille_VDN_4.png","datePublished":"2025-04-05T20:25:39+00:00","dateModified":"2025-07-02T16:28:52+00:00","breadcrumb":{"@id":"https:\/\/videomappingcenter.com\/lisle-des-foux-la-voix-du-nord-lille-france-video-mapping-festival-2025\/#breadcrumb"},"inLanguage":"en-US","potentialAction":[{"@type":"ReadAction","target":["https:\/\/videomappingcenter.com\/lisle-des-foux-la-voix-du-nord-lille-france-video-mapping-festival-2025\/"]}]},{"@type":"ImageObject","inLanguage":"en-US","@id":"https:\/\/videomappingcenter.com\/lisle-des-foux-la-voix-du-nord-lille-france-video-mapping-festival-2025\/#primaryimage","url":"https:\/\/videomappingcenter.com\/wp-content\/uploads\/2025\/07\/VMF8_Lille_VDN_4.png","contentUrl":"https:\/\/videomappingcenter.com\/wp-content\/uploads\/2025\/07\/VMF8_Lille_VDN_4.png","width":900,"height":500},{"@type":"BreadcrumbList","@id":"https:\/\/videomappingcenter.com\/lisle-des-foux-la-voix-du-nord-lille-france-video-mapping-festival-2025\/#breadcrumb","itemListElement":[{"@type":"ListItem","position":1,"name":"Accueil","item":"https:\/\/videomappingcenter.com\/"},{"@type":"ListItem","position":2,"name":"L\u2019ISLE DES FOUX \u2013 La Voix du Nord,\u2028Lille, France\u2028\u2013 Video Mapping Festival 2025"}]},{"@type":"WebSite","@id":"https:\/\/videomappingcenter.com\/?lang=en\/#website","url":"https:\/\/videomappingcenter.com\/?lang=en\/","name":"Video Mapping European Center","description":"Video Mapping European Center","publisher":{"@id":"https:\/\/videomappingcenter.com\/?lang=en\/#organization"},"potentialAction":[{"@type":"SearchAction","target":{"@type":"EntryPoint","urlTemplate":"https:\/\/videomappingcenter.com\/?lang=en\/?s={search_term_string}"},"query-input":{"@type":"PropertyValueSpecification","valueRequired":true,"valueName":"search_term_string"}}],"inLanguage":"en-US"},{"@type":"Organization","@id":"https:\/\/videomappingcenter.com\/?lang=en\/#organization","name":"Video Mapping European Center","url":"https:\/\/videomappingcenter.com\/?lang=en\/","logo":{"@type":"ImageObject","inLanguage":"en-US","@id":"https:\/\/videomappingcenter.com\/?lang=en\/#\/schema\/logo\/image\/","url":"https:\/\/videomappingcenter.com\/wp-content\/uploads\/2017\/07\/logo-v3.png","contentUrl":"https:\/\/videomappingcenter.com\/wp-content\/uploads\/2017\/07\/logo-v3.png","width":300,"height":135,"caption":"Video Mapping European Center"},"image":{"@id":"https:\/\/videomappingcenter.com\/?lang=en\/#\/schema\/logo\/image\/"}},{"@type":"Person","@id":"https:\/\/videomappingcenter.com\/?lang=en\/#\/schema\/person\/506136ad599d9c386ea59407d183cef8","name":"Edimestre","image":{"@type":"ImageObject","inLanguage":"en-US","@id":"https:\/\/videomappingcenter.com\/?lang=en\/#\/schema\/person\/image\/","url":"https:\/\/videomappingcenter.com\/wp-content\/uploads\/2017\/07\/avatar.jpg","contentUrl":"https:\/\/videomappingcenter.com\/wp-content\/uploads\/2017\/07\/avatar.jpg","caption":"Edimestre"}}]}},"_links":{"self":[{"href":"https:\/\/videomappingcenter.com\/en\/wp-json\/wp\/v2\/posts\/17884","targetHints":{"allow":["GET"]}}],"collection":[{"href":"https:\/\/videomappingcenter.com\/en\/wp-json\/wp\/v2\/posts"}],"about":[{"href":"https:\/\/videomappingcenter.com\/en\/wp-json\/wp\/v2\/types\/post"}],"author":[{"embeddable":true,"href":"https:\/\/videomappingcenter.com\/en\/wp-json\/wp\/v2\/users\/3"}],"replies":[{"embeddable":true,"href":"https:\/\/videomappingcenter.com\/en\/wp-json\/wp\/v2\/comments?post=17884"}],"version-history":[{"count":0,"href":"https:\/\/videomappingcenter.com\/en\/wp-json\/wp\/v2\/posts\/17884\/revisions"}],"wp:featuredmedia":[{"embeddable":true,"href":"https:\/\/videomappingcenter.com\/en\/wp-json\/wp\/v2\/media\/17879"}],"wp:attachment":[{"href":"https:\/\/videomappingcenter.com\/en\/wp-json\/wp\/v2\/media?parent=17884"}],"wp:term":[{"taxonomy":"category","embeddable":true,"href":"https:\/\/videomappingcenter.com\/en\/wp-json\/wp\/v2\/categories?post=17884"},{"taxonomy":"post_tag","embeddable":true,"href":"https:\/\/videomappingcenter.com\/en\/wp-json\/wp\/v2\/tags?post=17884"},{"taxonomy":"item-prod","embeddable":true,"href":"https:\/\/videomappingcenter.com\/en\/wp-json\/wp\/v2\/item-prod?post=17884"},{"taxonomy":"item-mapping","embeddable":true,"href":"https:\/\/videomappingcenter.com\/en\/wp-json\/wp\/v2\/item-mapping?post=17884"},{"taxonomy":"item-lieu","embeddable":true,"href":"https:\/\/videomappingcenter.com\/en\/wp-json\/wp\/v2\/item-lieu?post=17884"},{"taxonomy":"item-dates","embeddable":true,"href":"https:\/\/videomappingcenter.com\/en\/wp-json\/wp\/v2\/item-dates?post=17884"}],"curies":[{"name":"wp","href":"https:\/\/api.w.org\/{rel}","templated":true}]}}