{"id":17921,"date":"2025-04-05T22:50:32","date_gmt":"2025-04-05T20:50:32","guid":{"rendered":"https:\/\/videomappingcenter.com\/?p=17921"},"modified":"2025-07-03T11:06:05","modified_gmt":"2025-07-03T09:06:05","slug":"jazz-palais-des-beaux-arts-lille-france-video-mapping-festival-2025","status":"publish","type":"post","link":"https:\/\/videomappingcenter.com\/en\/jazz-palais-des-beaux-arts-lille-france-video-mapping-festival-2025\/","title":{"rendered":"JAZZ \u2013 Palais des Beaux-Arts, Lille, France \u2013 Video Mapping Festival 2025"},"content":{"rendered":"<p style=\"text-align: justify;\"><iframe loading=\"lazy\" src=\"https:\/\/player.vimeo.com\/video\/1098418250\" width=\"640\" height=\"360\" frameborder=\"0\" allowfullscreen=\"allowfullscreen\"><span data-mce-type=\"bookmark\" style=\"display: inline-block; width: 0px; overflow: hidden; line-height: 0;\" class=\"mce_SELRES_start\">\ufeff<\/span><span data-mce-type=\"bookmark\" style=\"display: inline-block; width: 0px; overflow: hidden; line-height: 0;\" class=\"mce_SELRES_start\"> <\/span><span data-mce-type=\"bookmark\" style=\"display: inline-block; width: 0px; overflow: hidden; line-height: 0;\" class=\"mce_SELRES_start\"> <\/span><span data-mce-type=\"bookmark\" style=\"display: inline-block; width: 0px; overflow: hidden; line-height: 0;\" class=\"mce_SELRES_start\"> <\/span><\/iframe><\/p>\n<p class=\"p1\"><span class=\"s1\">Video mapping made <\/span>for the Video Mapping Contest 2025 organised by Rencontres Audiovisuelles as part of the Video Mapping Festival #8.<\/p>\n<p><b>AUDIENCE PRIZE<br \/>\n\u25b6\ufe0e JAZZ<br \/>\n<\/b>\u201cThe concept for\u00a0<i>JAZZ<\/i>\u00a0comes from my obsession with the junction of improvisation and structure in creative output. Matisse\u2019s\u00a0<i>Jazz<\/i>\u00a0series has always captivated me especially for its simplicity and boldness, where vibrant colors and abstract forms combine in a way that feels both planned and easy. Jazz music\u2019s improvisational quality reflects this harmony, and I find it to be a metaphor for the creative process itself: a dance between form and free expression.\u201d<\/p>\n<p><b>Direction:<\/b>\u00a0Vali Chinci\u0219an, assisted with Cristian Negoescu<br \/>\n<b>Animation:<\/b>\u00a0Vali Chinci\u0219an<br \/>\n<b>Original music:<\/b>\u00a0Alin Z\u0103br\u0103u\u021beanu<\/p>\n<p><b>Pre-selection Jury:<br \/>\n<\/b>\u2022 Marko Bolkovic\u0301 \u2013 director, Visualia Festival of Light (Croatia)<br \/>\n\u2022 Antoine Manier \u2013 director, Rencontres Audiovisuelles (France)<br \/>\n\u2022 Filip Roca \u2013 artist (Montenegro, Spain)<br \/>\n\u2022 Daniel Rossa \u2013 new media artist, Studio Rossa (Germany)<br \/>\n\u2022 Martina Stella \u2013 artist and researcher (Italy, France)<\/p>\n<p><b>Jury:<br \/>\n<\/b>\u2022 Ross Ashton \u2013 creative director, The Projection Studio (United Kingdom)<br \/>\n\u2022 Kristin McGuire \u2013 artist, Studio McGuire (United Kingdom)<br \/>\n\u2022 Tam\u00e1s Vasp\u00f6ri \u2013 CEO, Maxin10sity (Hungary)<br \/>\n&nbsp;<\/p>\n<p><b>Video mapping tour organised by Rencontres Audiovisuelles.<br \/>\n<\/b><i>With the support of the Hauts-de-France Region, DRAC Hauts-de-France, M\u00e9tropole Europ\u00e9enne de Lille, the City of Lille and Cr\u00e9dit Mutuel Nord Europe.<\/i><\/p>\n<p class=\"p1\"><i>\u00a0<\/i><\/p>\n<div class=\"simple-taxonomy\">\n\t<div class=\"taxonomy-item-prod\"><a href=\"https:\/\/videomappingcenter.com\/en\/item-prod\/production\/\" rel=\"tag\">Production<\/a><\/div>\n\t<div class=\"taxonomy-item-mapping\"><a href=\"https:\/\/videomappingcenter.com\/en\/item-mapping\/mapping-monumental-en\/\" rel=\"tag\">Monument video mapping<\/a>, <a href=\"https:\/\/videomappingcenter.com\/item-mapping\/parcours\/\" rel=\"tag\">Parcours<\/a><\/div>\n\t<div class=\"taxonomy-item-lieu\"><a href=\"https:\/\/videomappingcenter.com\/en\/item-lieu\/hauts-de-france-en\/\" rel=\"tag\">Hauts-de-France<\/a><\/div>\n\t<div class=\"taxonomy-item-dates\"><a href=\"https:\/\/videomappingcenter.com\/en\/item-dates\/2025-3\/\" rel=\"tag\">2025<\/a>, <a href=\"https:\/\/videomappingcenter.com\/item-dates\/2025\/\" rel=\"tag\">2025<\/a><\/div>\n\n<\/div>\n","protected":false},"excerpt":{"rendered":"<p>\ufeff Video mapping made for the Video Mapping Contest 2025 organised by Rencontres Audiovisuelles as part of the Video Mapping Festival #8. AUDIENCE PRIZE \u25b6\ufe0e JAZZ \u201cThe concept for\u00a0JAZZ\u00a0comes from my obsession with the junction of improvisation and structure in creative output. Matisse\u2019s\u00a0Jazz\u00a0series has always captivated me especially for its simplicity and boldness, where vibrant [&hellip;]<\/p>\n<div class=\"simple-taxonomy\">\n\t<div class=\"taxonomy-item-prod\"><a href=\"https:\/\/videomappingcenter.com\/en\/item-prod\/production\/\" rel=\"tag\">Production<\/a><\/div>\n\t<div class=\"taxonomy-item-mapping\"><a href=\"https:\/\/videomappingcenter.com\/en\/item-mapping\/mapping-monumental-en\/\" rel=\"tag\">Monument video mapping<\/a>, <a href=\"https:\/\/videomappingcenter.com\/item-mapping\/parcours\/\" rel=\"tag\">Parcours<\/a><\/div>\n\t<div class=\"taxonomy-item-lieu\"><a href=\"https:\/\/videomappingcenter.com\/en\/item-lieu\/hauts-de-france-en\/\" rel=\"tag\">Hauts-de-France<\/a><\/div>\n\t<div class=\"taxonomy-item-dates\"><a href=\"https:\/\/videomappingcenter.com\/en\/item-dates\/2025-3\/\" rel=\"tag\">2025<\/a>, <a href=\"https:\/\/videomappingcenter.com\/item-dates\/2025\/\" rel=\"tag\">2025<\/a><\/div>\n\n<\/div>\n","protected":false},"author":3,"featured_media":17915,"comment_status":"closed","ping_status":"closed","sticky":false,"template":"","format":"standard","meta":{"footnotes":""},"categories":[146,148,149],"tags":[3135,3226,3227,124,117,136,120,110,116,2820,105,3228,107,108],"item-prod":[155],"item-mapping":[277,162],"item-lieu":[281],"item-dates":[3149,3136],"class_list":["post-17921","post","type-post","status-publish","format-standard","has-post-thumbnail","hentry","category-production-en","category-video-mapping-contest-en","category-video-mapping-festival-en","tag-3135","tag-alin-zabrauteanu-2","tag-cristian-negoescu-2","tag-transcient","tag-front","tag-lille-en","tag-linear","tag-monument-video-mapping","tag-outdoor","tag-palace-of-fine-arts","tag-production-en","tag-vali-chincisan-2","tag-video-mapping-contest-en","tag-video-mapping-festival-en","item-prod-production","item-mapping-mapping-monumental-en","item-mapping-parcours","item-lieu-hauts-de-france-en","item-dates-2025-3","item-dates-3136"],"yoast_head":"<!-- This site is optimized with the Yoast SEO plugin v25.8 - https:\/\/yoast.com\/wordpress\/plugins\/seo\/ -->\n<title>JAZZ \u2013 Palais des Beaux-Arts, Lille, France \u2013 Video Mapping Festival 2025 | Video Mapping European Center<\/title>\n<meta name=\"robots\" content=\"index, follow, max-snippet:-1, max-image-preview:large, max-video-preview:-1\" \/>\n<link rel=\"canonical\" href=\"https:\/\/videomappingcenter.com\/jazz-palais-des-beaux-arts-lille-france-video-mapping-festival-2025\/\" \/>\n<meta property=\"og:locale\" content=\"en_US\" \/>\n<meta property=\"og:type\" content=\"article\" \/>\n<meta property=\"og:title\" content=\"JAZZ \u2013 Palais des Beaux-Arts, Lille, France \u2013 Video Mapping Festival 2025 | Video Mapping European Center\" \/>\n<meta property=\"og:description\" content=\"\ufeff Video mapping made for the Video Mapping Contest 2025 organised by Rencontres Audiovisuelles as part of the Video Mapping Festival #8. AUDIENCE PRIZE \u25b6\ufe0e JAZZ \u201cThe concept for\u00a0JAZZ\u00a0comes from my obsession with the junction of improvisation and structure in creative output. Matisse\u2019s\u00a0Jazz\u00a0series has always captivated me especially for its simplicity and boldness, where vibrant [&hellip;]\" \/>\n<meta property=\"og:url\" content=\"https:\/\/videomappingcenter.com\/jazz-palais-des-beaux-arts-lille-france-video-mapping-festival-2025\/\" \/>\n<meta property=\"og:site_name\" content=\"Video Mapping European Center\" \/>\n<meta property=\"article:published_time\" content=\"2025-04-05T20:50:32+00:00\" \/>\n<meta property=\"article:modified_time\" content=\"2025-07-03T09:06:05+00:00\" \/>\n<meta property=\"og:image\" content=\"https:\/\/videomappingcenter.com\/wp-content\/uploads\/2025\/07\/VMF8_Lille_PBA_3.png\" \/>\n\t<meta property=\"og:image:width\" content=\"900\" \/>\n\t<meta property=\"og:image:height\" content=\"500\" \/>\n\t<meta property=\"og:image:type\" content=\"image\/png\" \/>\n<meta name=\"author\" content=\"Edimestre\" \/>\n<meta name=\"twitter:card\" content=\"summary_large_image\" \/>\n<meta name=\"twitter:label1\" content=\"Written by\" \/>\n\t<meta name=\"twitter:data1\" content=\"Edimestre\" \/>\n\t<meta name=\"twitter:label2\" content=\"Est. reading time\" \/>\n\t<meta name=\"twitter:data2\" content=\"1 minute\" \/>\n<script type=\"application\/ld+json\" class=\"yoast-schema-graph\">{\"@context\":\"https:\/\/schema.org\",\"@graph\":[{\"@type\":\"Article\",\"@id\":\"https:\/\/videomappingcenter.com\/jazz-palais-des-beaux-arts-lille-france-video-mapping-festival-2025\/#article\",\"isPartOf\":{\"@id\":\"https:\/\/videomappingcenter.com\/jazz-palais-des-beaux-arts-lille-france-video-mapping-festival-2025\/\"},\"author\":{\"name\":\"Edimestre\",\"@id\":\"https:\/\/videomappingcenter.com\/?lang=en\/#\/schema\/person\/506136ad599d9c386ea59407d183cef8\"},\"headline\":\"JAZZ \u2013 Palais des Beaux-Arts, Lille, France \u2013 Video Mapping Festival 2025\",\"datePublished\":\"2025-04-05T20:50:32+00:00\",\"dateModified\":\"2025-07-03T09:06:05+00:00\",\"mainEntityOfPage\":{\"@id\":\"https:\/\/videomappingcenter.com\/jazz-palais-des-beaux-arts-lille-france-video-mapping-festival-2025\/\"},\"wordCount\":220,\"publisher\":{\"@id\":\"https:\/\/videomappingcenter.com\/?lang=en\/#organization\"},\"image\":{\"@id\":\"https:\/\/videomappingcenter.com\/jazz-palais-des-beaux-arts-lille-france-video-mapping-festival-2025\/#primaryimage\"},\"thumbnailUrl\":\"https:\/\/videomappingcenter.com\/wp-content\/uploads\/2025\/07\/VMF8_Lille_PBA_3.png\",\"keywords\":[\"2025\",\"Alin Z\u0103br\u0103u\u021beanu\",\"Cristian Negoescu\",\"Ephemeral\",\"Frontal\",\"Lille\",\"linear\",\"Monument video mapping\",\"Outdoor\",\"Palace of Fine Arts\",\"Production\",\"Vali Chinci\u0219an\",\"Video Mapping Contest\",\"Video Mapping Festival\"],\"articleSection\":[\"Production\",\"Video Mapping Contest\",\"Video Mapping Festival\"],\"inLanguage\":\"en-US\"},{\"@type\":\"WebPage\",\"@id\":\"https:\/\/videomappingcenter.com\/jazz-palais-des-beaux-arts-lille-france-video-mapping-festival-2025\/\",\"url\":\"https:\/\/videomappingcenter.com\/jazz-palais-des-beaux-arts-lille-france-video-mapping-festival-2025\/\",\"name\":\"JAZZ \u2013 Palais des Beaux-Arts, Lille, France \u2013 Video Mapping Festival 2025 | Video Mapping European Center\",\"isPartOf\":{\"@id\":\"https:\/\/videomappingcenter.com\/?lang=en\/#website\"},\"primaryImageOfPage\":{\"@id\":\"https:\/\/videomappingcenter.com\/jazz-palais-des-beaux-arts-lille-france-video-mapping-festival-2025\/#primaryimage\"},\"image\":{\"@id\":\"https:\/\/videomappingcenter.com\/jazz-palais-des-beaux-arts-lille-france-video-mapping-festival-2025\/#primaryimage\"},\"thumbnailUrl\":\"https:\/\/videomappingcenter.com\/wp-content\/uploads\/2025\/07\/VMF8_Lille_PBA_3.png\",\"datePublished\":\"2025-04-05T20:50:32+00:00\",\"dateModified\":\"2025-07-03T09:06:05+00:00\",\"breadcrumb\":{\"@id\":\"https:\/\/videomappingcenter.com\/jazz-palais-des-beaux-arts-lille-france-video-mapping-festival-2025\/#breadcrumb\"},\"inLanguage\":\"en-US\",\"potentialAction\":[{\"@type\":\"ReadAction\",\"target\":[\"https:\/\/videomappingcenter.com\/jazz-palais-des-beaux-arts-lille-france-video-mapping-festival-2025\/\"]}]},{\"@type\":\"ImageObject\",\"inLanguage\":\"en-US\",\"@id\":\"https:\/\/videomappingcenter.com\/jazz-palais-des-beaux-arts-lille-france-video-mapping-festival-2025\/#primaryimage\",\"url\":\"https:\/\/videomappingcenter.com\/wp-content\/uploads\/2025\/07\/VMF8_Lille_PBA_3.png\",\"contentUrl\":\"https:\/\/videomappingcenter.com\/wp-content\/uploads\/2025\/07\/VMF8_Lille_PBA_3.png\",\"width\":900,\"height\":500},{\"@type\":\"BreadcrumbList\",\"@id\":\"https:\/\/videomappingcenter.com\/jazz-palais-des-beaux-arts-lille-france-video-mapping-festival-2025\/#breadcrumb\",\"itemListElement\":[{\"@type\":\"ListItem\",\"position\":1,\"name\":\"Accueil\",\"item\":\"https:\/\/videomappingcenter.com\/\"},{\"@type\":\"ListItem\",\"position\":2,\"name\":\"JAZZ \u2013 Palais des Beaux-Arts, Lille, France \u2013 Video Mapping Festival 2025\"}]},{\"@type\":\"WebSite\",\"@id\":\"https:\/\/videomappingcenter.com\/?lang=en\/#website\",\"url\":\"https:\/\/videomappingcenter.com\/?lang=en\/\",\"name\":\"Video Mapping European Center\",\"description\":\"Video Mapping European Center\",\"publisher\":{\"@id\":\"https:\/\/videomappingcenter.com\/?lang=en\/#organization\"},\"potentialAction\":[{\"@type\":\"SearchAction\",\"target\":{\"@type\":\"EntryPoint\",\"urlTemplate\":\"https:\/\/videomappingcenter.com\/?lang=en\/?s={search_term_string}\"},\"query-input\":{\"@type\":\"PropertyValueSpecification\",\"valueRequired\":true,\"valueName\":\"search_term_string\"}}],\"inLanguage\":\"en-US\"},{\"@type\":\"Organization\",\"@id\":\"https:\/\/videomappingcenter.com\/?lang=en\/#organization\",\"name\":\"Video Mapping European Center\",\"url\":\"https:\/\/videomappingcenter.com\/?lang=en\/\",\"logo\":{\"@type\":\"ImageObject\",\"inLanguage\":\"en-US\",\"@id\":\"https:\/\/videomappingcenter.com\/?lang=en\/#\/schema\/logo\/image\/\",\"url\":\"https:\/\/videomappingcenter.com\/wp-content\/uploads\/2017\/07\/logo-v3.png\",\"contentUrl\":\"https:\/\/videomappingcenter.com\/wp-content\/uploads\/2017\/07\/logo-v3.png\",\"width\":300,\"height\":135,\"caption\":\"Video Mapping European Center\"},\"image\":{\"@id\":\"https:\/\/videomappingcenter.com\/?lang=en\/#\/schema\/logo\/image\/\"}},{\"@type\":\"Person\",\"@id\":\"https:\/\/videomappingcenter.com\/?lang=en\/#\/schema\/person\/506136ad599d9c386ea59407d183cef8\",\"name\":\"Edimestre\",\"image\":{\"@type\":\"ImageObject\",\"inLanguage\":\"en-US\",\"@id\":\"https:\/\/videomappingcenter.com\/?lang=en\/#\/schema\/person\/image\/\",\"url\":\"https:\/\/videomappingcenter.com\/wp-content\/uploads\/2017\/07\/avatar.jpg\",\"contentUrl\":\"https:\/\/videomappingcenter.com\/wp-content\/uploads\/2017\/07\/avatar.jpg\",\"caption\":\"Edimestre\"}}]}<\/script>\n<!-- \/ Yoast SEO plugin. -->","yoast_head_json":{"title":"JAZZ \u2013 Palais des Beaux-Arts, Lille, France \u2013 Video Mapping Festival 2025 | Video Mapping European Center","robots":{"index":"index","follow":"follow","max-snippet":"max-snippet:-1","max-image-preview":"max-image-preview:large","max-video-preview":"max-video-preview:-1"},"canonical":"https:\/\/videomappingcenter.com\/jazz-palais-des-beaux-arts-lille-france-video-mapping-festival-2025\/","og_locale":"en_US","og_type":"article","og_title":"JAZZ \u2013 Palais des Beaux-Arts, Lille, France \u2013 Video Mapping Festival 2025 | Video Mapping European Center","og_description":"\ufeff Video mapping made for the Video Mapping Contest 2025 organised by Rencontres Audiovisuelles as part of the Video Mapping Festival #8. AUDIENCE PRIZE \u25b6\ufe0e JAZZ \u201cThe concept for\u00a0JAZZ\u00a0comes from my obsession with the junction of improvisation and structure in creative output. Matisse\u2019s\u00a0Jazz\u00a0series has always captivated me especially for its simplicity and boldness, where vibrant [&hellip;]","og_url":"https:\/\/videomappingcenter.com\/jazz-palais-des-beaux-arts-lille-france-video-mapping-festival-2025\/","og_site_name":"Video Mapping European Center","article_published_time":"2025-04-05T20:50:32+00:00","article_modified_time":"2025-07-03T09:06:05+00:00","og_image":[{"width":900,"height":500,"url":"https:\/\/videomappingcenter.com\/wp-content\/uploads\/2025\/07\/VMF8_Lille_PBA_3.png","type":"image\/png"}],"author":"Edimestre","twitter_card":"summary_large_image","twitter_misc":{"Written by":"Edimestre","Est. reading time":"1 minute"},"schema":{"@context":"https:\/\/schema.org","@graph":[{"@type":"Article","@id":"https:\/\/videomappingcenter.com\/jazz-palais-des-beaux-arts-lille-france-video-mapping-festival-2025\/#article","isPartOf":{"@id":"https:\/\/videomappingcenter.com\/jazz-palais-des-beaux-arts-lille-france-video-mapping-festival-2025\/"},"author":{"name":"Edimestre","@id":"https:\/\/videomappingcenter.com\/?lang=en\/#\/schema\/person\/506136ad599d9c386ea59407d183cef8"},"headline":"JAZZ \u2013 Palais des Beaux-Arts, Lille, France \u2013 Video Mapping Festival 2025","datePublished":"2025-04-05T20:50:32+00:00","dateModified":"2025-07-03T09:06:05+00:00","mainEntityOfPage":{"@id":"https:\/\/videomappingcenter.com\/jazz-palais-des-beaux-arts-lille-france-video-mapping-festival-2025\/"},"wordCount":220,"publisher":{"@id":"https:\/\/videomappingcenter.com\/?lang=en\/#organization"},"image":{"@id":"https:\/\/videomappingcenter.com\/jazz-palais-des-beaux-arts-lille-france-video-mapping-festival-2025\/#primaryimage"},"thumbnailUrl":"https:\/\/videomappingcenter.com\/wp-content\/uploads\/2025\/07\/VMF8_Lille_PBA_3.png","keywords":["2025","Alin Z\u0103br\u0103u\u021beanu","Cristian Negoescu","Ephemeral","Frontal","Lille","linear","Monument video mapping","Outdoor","Palace of Fine Arts","Production","Vali Chinci\u0219an","Video Mapping Contest","Video Mapping Festival"],"articleSection":["Production","Video Mapping Contest","Video Mapping Festival"],"inLanguage":"en-US"},{"@type":"WebPage","@id":"https:\/\/videomappingcenter.com\/jazz-palais-des-beaux-arts-lille-france-video-mapping-festival-2025\/","url":"https:\/\/videomappingcenter.com\/jazz-palais-des-beaux-arts-lille-france-video-mapping-festival-2025\/","name":"JAZZ \u2013 Palais des Beaux-Arts, Lille, France \u2013 Video Mapping Festival 2025 | Video Mapping European Center","isPartOf":{"@id":"https:\/\/videomappingcenter.com\/?lang=en\/#website"},"primaryImageOfPage":{"@id":"https:\/\/videomappingcenter.com\/jazz-palais-des-beaux-arts-lille-france-video-mapping-festival-2025\/#primaryimage"},"image":{"@id":"https:\/\/videomappingcenter.com\/jazz-palais-des-beaux-arts-lille-france-video-mapping-festival-2025\/#primaryimage"},"thumbnailUrl":"https:\/\/videomappingcenter.com\/wp-content\/uploads\/2025\/07\/VMF8_Lille_PBA_3.png","datePublished":"2025-04-05T20:50:32+00:00","dateModified":"2025-07-03T09:06:05+00:00","breadcrumb":{"@id":"https:\/\/videomappingcenter.com\/jazz-palais-des-beaux-arts-lille-france-video-mapping-festival-2025\/#breadcrumb"},"inLanguage":"en-US","potentialAction":[{"@type":"ReadAction","target":["https:\/\/videomappingcenter.com\/jazz-palais-des-beaux-arts-lille-france-video-mapping-festival-2025\/"]}]},{"@type":"ImageObject","inLanguage":"en-US","@id":"https:\/\/videomappingcenter.com\/jazz-palais-des-beaux-arts-lille-france-video-mapping-festival-2025\/#primaryimage","url":"https:\/\/videomappingcenter.com\/wp-content\/uploads\/2025\/07\/VMF8_Lille_PBA_3.png","contentUrl":"https:\/\/videomappingcenter.com\/wp-content\/uploads\/2025\/07\/VMF8_Lille_PBA_3.png","width":900,"height":500},{"@type":"BreadcrumbList","@id":"https:\/\/videomappingcenter.com\/jazz-palais-des-beaux-arts-lille-france-video-mapping-festival-2025\/#breadcrumb","itemListElement":[{"@type":"ListItem","position":1,"name":"Accueil","item":"https:\/\/videomappingcenter.com\/"},{"@type":"ListItem","position":2,"name":"JAZZ \u2013 Palais des Beaux-Arts, Lille, France \u2013 Video Mapping Festival 2025"}]},{"@type":"WebSite","@id":"https:\/\/videomappingcenter.com\/?lang=en\/#website","url":"https:\/\/videomappingcenter.com\/?lang=en\/","name":"Video Mapping European Center","description":"Video Mapping European Center","publisher":{"@id":"https:\/\/videomappingcenter.com\/?lang=en\/#organization"},"potentialAction":[{"@type":"SearchAction","target":{"@type":"EntryPoint","urlTemplate":"https:\/\/videomappingcenter.com\/?lang=en\/?s={search_term_string}"},"query-input":{"@type":"PropertyValueSpecification","valueRequired":true,"valueName":"search_term_string"}}],"inLanguage":"en-US"},{"@type":"Organization","@id":"https:\/\/videomappingcenter.com\/?lang=en\/#organization","name":"Video Mapping European Center","url":"https:\/\/videomappingcenter.com\/?lang=en\/","logo":{"@type":"ImageObject","inLanguage":"en-US","@id":"https:\/\/videomappingcenter.com\/?lang=en\/#\/schema\/logo\/image\/","url":"https:\/\/videomappingcenter.com\/wp-content\/uploads\/2017\/07\/logo-v3.png","contentUrl":"https:\/\/videomappingcenter.com\/wp-content\/uploads\/2017\/07\/logo-v3.png","width":300,"height":135,"caption":"Video Mapping European Center"},"image":{"@id":"https:\/\/videomappingcenter.com\/?lang=en\/#\/schema\/logo\/image\/"}},{"@type":"Person","@id":"https:\/\/videomappingcenter.com\/?lang=en\/#\/schema\/person\/506136ad599d9c386ea59407d183cef8","name":"Edimestre","image":{"@type":"ImageObject","inLanguage":"en-US","@id":"https:\/\/videomappingcenter.com\/?lang=en\/#\/schema\/person\/image\/","url":"https:\/\/videomappingcenter.com\/wp-content\/uploads\/2017\/07\/avatar.jpg","contentUrl":"https:\/\/videomappingcenter.com\/wp-content\/uploads\/2017\/07\/avatar.jpg","caption":"Edimestre"}}]}},"_links":{"self":[{"href":"https:\/\/videomappingcenter.com\/en\/wp-json\/wp\/v2\/posts\/17921","targetHints":{"allow":["GET"]}}],"collection":[{"href":"https:\/\/videomappingcenter.com\/en\/wp-json\/wp\/v2\/posts"}],"about":[{"href":"https:\/\/videomappingcenter.com\/en\/wp-json\/wp\/v2\/types\/post"}],"author":[{"embeddable":true,"href":"https:\/\/videomappingcenter.com\/en\/wp-json\/wp\/v2\/users\/3"}],"replies":[{"embeddable":true,"href":"https:\/\/videomappingcenter.com\/en\/wp-json\/wp\/v2\/comments?post=17921"}],"version-history":[{"count":0,"href":"https:\/\/videomappingcenter.com\/en\/wp-json\/wp\/v2\/posts\/17921\/revisions"}],"wp:featuredmedia":[{"embeddable":true,"href":"https:\/\/videomappingcenter.com\/en\/wp-json\/wp\/v2\/media\/17915"}],"wp:attachment":[{"href":"https:\/\/videomappingcenter.com\/en\/wp-json\/wp\/v2\/media?parent=17921"}],"wp:term":[{"taxonomy":"category","embeddable":true,"href":"https:\/\/videomappingcenter.com\/en\/wp-json\/wp\/v2\/categories?post=17921"},{"taxonomy":"post_tag","embeddable":true,"href":"https:\/\/videomappingcenter.com\/en\/wp-json\/wp\/v2\/tags?post=17921"},{"taxonomy":"item-prod","embeddable":true,"href":"https:\/\/videomappingcenter.com\/en\/wp-json\/wp\/v2\/item-prod?post=17921"},{"taxonomy":"item-mapping","embeddable":true,"href":"https:\/\/videomappingcenter.com\/en\/wp-json\/wp\/v2\/item-mapping?post=17921"},{"taxonomy":"item-lieu","embeddable":true,"href":"https:\/\/videomappingcenter.com\/en\/wp-json\/wp\/v2\/item-lieu?post=17921"},{"taxonomy":"item-dates","embeddable":true,"href":"https:\/\/videomappingcenter.com\/en\/wp-json\/wp\/v2\/item-dates?post=17921"}],"curies":[{"name":"wp","href":"https:\/\/api.w.org\/{rel}","templated":true}]}}