{"id":17953,"date":"2025-04-05T22:52:17","date_gmt":"2025-04-05T20:52:17","guid":{"rendered":"https:\/\/videomappingcenter.com\/?p=17953"},"modified":"2025-07-03T11:44:18","modified_gmt":"2025-07-03T09:44:18","slug":"fabric-of-being-palace-of-fine-arts-lille-france-video-mapping-festival-2025","status":"publish","type":"post","link":"https:\/\/videomappingcenter.com\/en\/fabric-of-being-palace-of-fine-arts-lille-france-video-mapping-festival-2025\/","title":{"rendered":"FABRIC OF BEING \u2013 Palace of Fine Arts, Lille, France \u2013 Video Mapping Festival 2025"},"content":{"rendered":"<p style=\"text-align: justify;\"><iframe loading=\"lazy\" src=\"https:\/\/player.vimeo.com\/video\/1098420374\" width=\"640\" height=\"360\" frameborder=\"0\" allowfullscreen=\"allowfullscreen\"><span data-mce-type=\"bookmark\" style=\"display: inline-block; width: 0px; overflow: hidden; line-height: 0;\" class=\"mce_SELRES_start\">\ufeff<\/span><span data-mce-type=\"bookmark\" style=\"display: inline-block; width: 0px; overflow: hidden; line-height: 0;\" class=\"mce_SELRES_start\"> <\/span><span data-mce-type=\"bookmark\" style=\"display: inline-block; width: 0px; overflow: hidden; line-height: 0;\" class=\"mce_SELRES_start\"> <\/span><span data-mce-type=\"bookmark\" style=\"display: inline-block; width: 0px; overflow: hidden; line-height: 0;\" class=\"mce_SELRES_start\"> <\/span><\/iframe><\/p>\n<p class=\"p1\"><span class=\"s1\">Video mapping made <\/span>for the Video Mapping Contest 2025 organised by Rencontres Audiovisuelles as part of the Video Mapping Festival #8.<\/p>\n<p><b>\u25b6\ufe0e Fabric of being<br \/>\n<\/b><i>Fabric of being<\/i>\u00a0proposes a reflection on the textile tradition as a cultural heritage of the territories and the decisive role played by women in its preservation.<br \/>\nThe textiles, like any piece of art, are testimonies of the distinct cultural identities of each territory, of collective memories but also of individual narratives of their artisans: what endures, what distinguishes us, what unites us, the territory we occupy.<br \/>\nIn patriarchal societies where almost all cultural heritage is defined by men and developed in their image, the textile tradition is often the only opportunity for women to gain voice and visibility, and to build a place of autonomy and freedom that allows them to express themselves, their reality and their lives: multiple layers of meanings expressed in shapes, colors, techniques, hues that function as a social support structure. Weaving, embroidery, crochet, fabrics are testimonies of narratives that keep societies together, functioning as an aggregating skin: as embodied collective knowledge and also as the body\u2019s open-ended script that highlights human life and women\u2019s struggle.<\/p>\n<p><b>Direction and animation:\u00a0<\/b>Rita Reis<br \/>\n<b>Original music:<\/b>\u00a0Gabriel Neves<\/p>\n<p><b>Pre-selection Jury:<br \/>\n<\/b>\u2022 Marko Bolkovic\u0301 \u2013 director, Visualia Festival of Light (Croatia)<br \/>\n\u2022 Antoine Manier \u2013 director, Rencontres Audiovisuelles (France)<br \/>\n\u2022 Filip Roca \u2013 artist (Montenegro, Spain)<br \/>\n\u2022 Daniel Rossa \u2013 new media artist, Studio Rossa (Germany)<br \/>\n\u2022 Martina Stella \u2013 artist and researcher (Italy, France)<\/p>\n<p><b>Jury:<br \/>\n<\/b>\u2022 Ross Ashton \u2013 creative director, The Projection Studio (United Kingdom)<br \/>\n\u2022 Kristin McGuire \u2013 artist, Studio McGuire (United Kingdom)<br \/>\n\u2022 Tam\u00e1s Vasp\u00f6ri \u2013 CEO, Maxin10sity (Hungary)<br \/>\n&nbsp;<\/p>\n<p><b>Video mapping tour organised by Rencontres Audiovisuelles.<br \/>\n<\/b><i>With the support of the Hauts-de-France Region, DRAC Hauts-de-France, M\u00e9tropole Europ\u00e9enne de Lille, the City of Lille and Cr\u00e9dit Mutuel Nord Europe.<\/i><\/p>\n<div class=\"simple-taxonomy\">\n\t<div class=\"taxonomy-item-prod\"><a href=\"https:\/\/videomappingcenter.com\/en\/item-prod\/production\/\" rel=\"tag\">Production<\/a><\/div>\n\t<div class=\"taxonomy-item-mapping\"><a href=\"https:\/\/videomappingcenter.com\/en\/item-mapping\/mapping-monumental-en\/\" rel=\"tag\">Monument video mapping<\/a>, <a href=\"https:\/\/videomappingcenter.com\/item-mapping\/parcours\/\" rel=\"tag\">Parcours<\/a><\/div>\n\t<div class=\"taxonomy-item-lieu\"><a href=\"https:\/\/videomappingcenter.com\/en\/item-lieu\/hauts-de-france-en\/\" rel=\"tag\">Hauts-de-France<\/a><\/div>\n\t<div class=\"taxonomy-item-dates\"><a href=\"https:\/\/videomappingcenter.com\/item-dates\/2025\/\" rel=\"tag\">2025<\/a>, <a href=\"https:\/\/videomappingcenter.com\/en\/item-dates\/2025-3\/\" rel=\"tag\">2025<\/a><\/div>\n\n<\/div>\n","protected":false},"excerpt":{"rendered":"<p>\ufeff Video mapping made for the Video Mapping Contest 2025 organised by Rencontres Audiovisuelles as part of the Video Mapping Festival #8. \u25b6\ufe0e Fabric of being Fabric of being\u00a0proposes a reflection on the textile tradition as a cultural heritage of the territories and the decisive role played by women in its preservation. The textiles, like [&hellip;]<\/p>\n<div class=\"simple-taxonomy\">\n\t<div class=\"taxonomy-item-prod\"><a href=\"https:\/\/videomappingcenter.com\/en\/item-prod\/production\/\" rel=\"tag\">Production<\/a><\/div>\n\t<div class=\"taxonomy-item-mapping\"><a href=\"https:\/\/videomappingcenter.com\/en\/item-mapping\/mapping-monumental-en\/\" rel=\"tag\">Monument video mapping<\/a>, <a href=\"https:\/\/videomappingcenter.com\/item-mapping\/parcours\/\" rel=\"tag\">Parcours<\/a><\/div>\n\t<div class=\"taxonomy-item-lieu\"><a href=\"https:\/\/videomappingcenter.com\/en\/item-lieu\/hauts-de-france-en\/\" rel=\"tag\">Hauts-de-France<\/a><\/div>\n\t<div class=\"taxonomy-item-dates\"><a href=\"https:\/\/videomappingcenter.com\/item-dates\/2025\/\" rel=\"tag\">2025<\/a>, <a href=\"https:\/\/videomappingcenter.com\/en\/item-dates\/2025-3\/\" rel=\"tag\">2025<\/a><\/div>\n\n<\/div>\n","protected":false},"author":3,"featured_media":17945,"comment_status":"closed","ping_status":"closed","sticky":false,"template":"","format":"standard","meta":{"footnotes":""},"categories":[146,148,149],"tags":[3135,3148,124,117,3235,136,120,110,116,2820,105,2856,107,108],"item-prod":[155],"item-mapping":[277,162],"item-lieu":[281],"item-dates":[3136,3149],"class_list":["post-17953","post","type-post","status-publish","format-standard","has-post-thumbnail","hentry","category-production-en","category-video-mapping-contest-en","category-video-mapping-festival-en","tag-3135","tag-2025-2","tag-transcient","tag-front","tag-gabriel-neves-2","tag-lille-en","tag-linear","tag-monument-video-mapping","tag-outdoor","tag-palace-of-fine-arts","tag-production-en","tag-rita-reis-2","tag-video-mapping-contest-en","tag-video-mapping-festival-en","item-prod-production","item-mapping-mapping-monumental-en","item-mapping-parcours","item-lieu-hauts-de-france-en","item-dates-3136","item-dates-2025-3"],"yoast_head":"<!-- This site is optimized with the Yoast SEO plugin v25.8 - https:\/\/yoast.com\/wordpress\/plugins\/seo\/ -->\n<title>FABRIC OF BEING \u2013 Palace of Fine Arts, Lille, France \u2013 Video Mapping Festival 2025 | Video Mapping European Center<\/title>\n<meta name=\"robots\" content=\"index, follow, max-snippet:-1, max-image-preview:large, max-video-preview:-1\" \/>\n<link rel=\"canonical\" href=\"https:\/\/videomappingcenter.com\/fabric-of-being-palais-des-beaux-arts-lille-france-video-mapping-festival-2025\/\" \/>\n<meta property=\"og:locale\" content=\"en_US\" \/>\n<meta property=\"og:type\" content=\"article\" \/>\n<meta property=\"og:title\" content=\"FABRIC OF BEING \u2013 Palace of Fine Arts, Lille, France \u2013 Video Mapping Festival 2025 | Video Mapping European Center\" \/>\n<meta property=\"og:description\" content=\"\ufeff Video mapping made for the Video Mapping Contest 2025 organised by Rencontres Audiovisuelles as part of the Video Mapping Festival #8. \u25b6\ufe0e Fabric of being Fabric of being\u00a0proposes a reflection on the textile tradition as a cultural heritage of the territories and the decisive role played by women in its preservation. The textiles, like [&hellip;]\" \/>\n<meta property=\"og:url\" content=\"https:\/\/videomappingcenter.com\/fabric-of-being-palais-des-beaux-arts-lille-france-video-mapping-festival-2025\/\" \/>\n<meta property=\"og:site_name\" content=\"Video Mapping European Center\" \/>\n<meta property=\"article:published_time\" content=\"2025-04-05T20:52:17+00:00\" \/>\n<meta property=\"article:modified_time\" content=\"2025-07-03T09:44:18+00:00\" \/>\n<meta property=\"og:image\" content=\"https:\/\/videomappingcenter.com\/wp-content\/uploads\/2025\/07\/VMF8_Lille_PBA_5.png\" \/>\n\t<meta property=\"og:image:width\" content=\"900\" \/>\n\t<meta property=\"og:image:height\" content=\"500\" \/>\n\t<meta property=\"og:image:type\" content=\"image\/png\" \/>\n<meta name=\"author\" content=\"Edimestre\" \/>\n<meta name=\"twitter:card\" content=\"summary_large_image\" \/>\n<meta name=\"twitter:label1\" content=\"Written by\" \/>\n\t<meta name=\"twitter:data1\" content=\"Edimestre\" \/>\n\t<meta name=\"twitter:label2\" content=\"Est. reading time\" \/>\n\t<meta name=\"twitter:data2\" content=\"1 minute\" \/>\n<script type=\"application\/ld+json\" class=\"yoast-schema-graph\">{\"@context\":\"https:\/\/schema.org\",\"@graph\":[{\"@type\":\"Article\",\"@id\":\"https:\/\/videomappingcenter.com\/fabric-of-being-palais-des-beaux-arts-lille-france-video-mapping-festival-2025\/#article\",\"isPartOf\":{\"@id\":\"https:\/\/videomappingcenter.com\/fabric-of-being-palais-des-beaux-arts-lille-france-video-mapping-festival-2025\/\"},\"author\":{\"name\":\"Edimestre\",\"@id\":\"https:\/\/videomappingcenter.com\/?lang=en\/#\/schema\/person\/506136ad599d9c386ea59407d183cef8\"},\"headline\":\"FABRIC OF BEING \u2013 Palace of Fine Arts, Lille, France \u2013 Video Mapping Festival 2025\",\"datePublished\":\"2025-04-05T20:52:17+00:00\",\"dateModified\":\"2025-07-03T09:44:18+00:00\",\"mainEntityOfPage\":{\"@id\":\"https:\/\/videomappingcenter.com\/fabric-of-being-palais-des-beaux-arts-lille-france-video-mapping-festival-2025\/\"},\"wordCount\":310,\"publisher\":{\"@id\":\"https:\/\/videomappingcenter.com\/?lang=en\/#organization\"},\"image\":{\"@id\":\"https:\/\/videomappingcenter.com\/fabric-of-being-palais-des-beaux-arts-lille-france-video-mapping-festival-2025\/#primaryimage\"},\"thumbnailUrl\":\"https:\/\/videomappingcenter.com\/wp-content\/uploads\/2025\/07\/VMF8_Lille_PBA_5.png\",\"keywords\":[\"2025\",\"2025\",\"Ephemeral\",\"Frontal\",\"Gabriel Neves\",\"Lille\",\"linear\",\"Monument video mapping\",\"Outdoor\",\"Palace of Fine Arts\",\"Production\",\"Rita REIS\",\"Video Mapping Contest\",\"Video Mapping Festival\"],\"articleSection\":[\"Production\",\"Video Mapping Contest\",\"Video Mapping Festival\"],\"inLanguage\":\"en-US\"},{\"@type\":\"WebPage\",\"@id\":\"https:\/\/videomappingcenter.com\/fabric-of-being-palais-des-beaux-arts-lille-france-video-mapping-festival-2025\/\",\"url\":\"https:\/\/videomappingcenter.com\/fabric-of-being-palais-des-beaux-arts-lille-france-video-mapping-festival-2025\/\",\"name\":\"FABRIC OF BEING \u2013 Palace of Fine Arts, Lille, France \u2013 Video Mapping Festival 2025 | Video Mapping European Center\",\"isPartOf\":{\"@id\":\"https:\/\/videomappingcenter.com\/?lang=en\/#website\"},\"primaryImageOfPage\":{\"@id\":\"https:\/\/videomappingcenter.com\/fabric-of-being-palais-des-beaux-arts-lille-france-video-mapping-festival-2025\/#primaryimage\"},\"image\":{\"@id\":\"https:\/\/videomappingcenter.com\/fabric-of-being-palais-des-beaux-arts-lille-france-video-mapping-festival-2025\/#primaryimage\"},\"thumbnailUrl\":\"https:\/\/videomappingcenter.com\/wp-content\/uploads\/2025\/07\/VMF8_Lille_PBA_5.png\",\"datePublished\":\"2025-04-05T20:52:17+00:00\",\"dateModified\":\"2025-07-03T09:44:18+00:00\",\"breadcrumb\":{\"@id\":\"https:\/\/videomappingcenter.com\/fabric-of-being-palais-des-beaux-arts-lille-france-video-mapping-festival-2025\/#breadcrumb\"},\"inLanguage\":\"en-US\",\"potentialAction\":[{\"@type\":\"ReadAction\",\"target\":[\"https:\/\/videomappingcenter.com\/fabric-of-being-palais-des-beaux-arts-lille-france-video-mapping-festival-2025\/\"]}]},{\"@type\":\"ImageObject\",\"inLanguage\":\"en-US\",\"@id\":\"https:\/\/videomappingcenter.com\/fabric-of-being-palais-des-beaux-arts-lille-france-video-mapping-festival-2025\/#primaryimage\",\"url\":\"https:\/\/videomappingcenter.com\/wp-content\/uploads\/2025\/07\/VMF8_Lille_PBA_5.png\",\"contentUrl\":\"https:\/\/videomappingcenter.com\/wp-content\/uploads\/2025\/07\/VMF8_Lille_PBA_5.png\",\"width\":900,\"height\":500},{\"@type\":\"BreadcrumbList\",\"@id\":\"https:\/\/videomappingcenter.com\/fabric-of-being-palais-des-beaux-arts-lille-france-video-mapping-festival-2025\/#breadcrumb\",\"itemListElement\":[{\"@type\":\"ListItem\",\"position\":1,\"name\":\"Accueil\",\"item\":\"https:\/\/videomappingcenter.com\/\"},{\"@type\":\"ListItem\",\"position\":2,\"name\":\"FABRIC OF BEING \u2013 Palace of Fine Arts, Lille, France \u2013 Video Mapping Festival 2025\"}]},{\"@type\":\"WebSite\",\"@id\":\"https:\/\/videomappingcenter.com\/?lang=en\/#website\",\"url\":\"https:\/\/videomappingcenter.com\/?lang=en\/\",\"name\":\"Video Mapping European Center\",\"description\":\"Video Mapping European Center\",\"publisher\":{\"@id\":\"https:\/\/videomappingcenter.com\/?lang=en\/#organization\"},\"potentialAction\":[{\"@type\":\"SearchAction\",\"target\":{\"@type\":\"EntryPoint\",\"urlTemplate\":\"https:\/\/videomappingcenter.com\/?lang=en\/?s={search_term_string}\"},\"query-input\":{\"@type\":\"PropertyValueSpecification\",\"valueRequired\":true,\"valueName\":\"search_term_string\"}}],\"inLanguage\":\"en-US\"},{\"@type\":\"Organization\",\"@id\":\"https:\/\/videomappingcenter.com\/?lang=en\/#organization\",\"name\":\"Video Mapping European Center\",\"url\":\"https:\/\/videomappingcenter.com\/?lang=en\/\",\"logo\":{\"@type\":\"ImageObject\",\"inLanguage\":\"en-US\",\"@id\":\"https:\/\/videomappingcenter.com\/?lang=en\/#\/schema\/logo\/image\/\",\"url\":\"https:\/\/videomappingcenter.com\/wp-content\/uploads\/2017\/07\/logo-v3.png\",\"contentUrl\":\"https:\/\/videomappingcenter.com\/wp-content\/uploads\/2017\/07\/logo-v3.png\",\"width\":300,\"height\":135,\"caption\":\"Video Mapping European Center\"},\"image\":{\"@id\":\"https:\/\/videomappingcenter.com\/?lang=en\/#\/schema\/logo\/image\/\"}},{\"@type\":\"Person\",\"@id\":\"https:\/\/videomappingcenter.com\/?lang=en\/#\/schema\/person\/506136ad599d9c386ea59407d183cef8\",\"name\":\"Edimestre\",\"image\":{\"@type\":\"ImageObject\",\"inLanguage\":\"en-US\",\"@id\":\"https:\/\/videomappingcenter.com\/?lang=en\/#\/schema\/person\/image\/\",\"url\":\"https:\/\/videomappingcenter.com\/wp-content\/uploads\/2017\/07\/avatar.jpg\",\"contentUrl\":\"https:\/\/videomappingcenter.com\/wp-content\/uploads\/2017\/07\/avatar.jpg\",\"caption\":\"Edimestre\"}}]}<\/script>\n<!-- \/ Yoast SEO plugin. -->","yoast_head_json":{"title":"FABRIC OF BEING \u2013 Palace of Fine Arts, Lille, France \u2013 Video Mapping Festival 2025 | Video Mapping European Center","robots":{"index":"index","follow":"follow","max-snippet":"max-snippet:-1","max-image-preview":"max-image-preview:large","max-video-preview":"max-video-preview:-1"},"canonical":"https:\/\/videomappingcenter.com\/fabric-of-being-palais-des-beaux-arts-lille-france-video-mapping-festival-2025\/","og_locale":"en_US","og_type":"article","og_title":"FABRIC OF BEING \u2013 Palace of Fine Arts, Lille, France \u2013 Video Mapping Festival 2025 | Video Mapping European Center","og_description":"\ufeff Video mapping made for the Video Mapping Contest 2025 organised by Rencontres Audiovisuelles as part of the Video Mapping Festival #8. \u25b6\ufe0e Fabric of being Fabric of being\u00a0proposes a reflection on the textile tradition as a cultural heritage of the territories and the decisive role played by women in its preservation. The textiles, like [&hellip;]","og_url":"https:\/\/videomappingcenter.com\/fabric-of-being-palais-des-beaux-arts-lille-france-video-mapping-festival-2025\/","og_site_name":"Video Mapping European Center","article_published_time":"2025-04-05T20:52:17+00:00","article_modified_time":"2025-07-03T09:44:18+00:00","og_image":[{"width":900,"height":500,"url":"https:\/\/videomappingcenter.com\/wp-content\/uploads\/2025\/07\/VMF8_Lille_PBA_5.png","type":"image\/png"}],"author":"Edimestre","twitter_card":"summary_large_image","twitter_misc":{"Written by":"Edimestre","Est. reading time":"1 minute"},"schema":{"@context":"https:\/\/schema.org","@graph":[{"@type":"Article","@id":"https:\/\/videomappingcenter.com\/fabric-of-being-palais-des-beaux-arts-lille-france-video-mapping-festival-2025\/#article","isPartOf":{"@id":"https:\/\/videomappingcenter.com\/fabric-of-being-palais-des-beaux-arts-lille-france-video-mapping-festival-2025\/"},"author":{"name":"Edimestre","@id":"https:\/\/videomappingcenter.com\/?lang=en\/#\/schema\/person\/506136ad599d9c386ea59407d183cef8"},"headline":"FABRIC OF BEING \u2013 Palace of Fine Arts, Lille, France \u2013 Video Mapping Festival 2025","datePublished":"2025-04-05T20:52:17+00:00","dateModified":"2025-07-03T09:44:18+00:00","mainEntityOfPage":{"@id":"https:\/\/videomappingcenter.com\/fabric-of-being-palais-des-beaux-arts-lille-france-video-mapping-festival-2025\/"},"wordCount":310,"publisher":{"@id":"https:\/\/videomappingcenter.com\/?lang=en\/#organization"},"image":{"@id":"https:\/\/videomappingcenter.com\/fabric-of-being-palais-des-beaux-arts-lille-france-video-mapping-festival-2025\/#primaryimage"},"thumbnailUrl":"https:\/\/videomappingcenter.com\/wp-content\/uploads\/2025\/07\/VMF8_Lille_PBA_5.png","keywords":["2025","2025","Ephemeral","Frontal","Gabriel Neves","Lille","linear","Monument video mapping","Outdoor","Palace of Fine Arts","Production","Rita REIS","Video Mapping Contest","Video Mapping Festival"],"articleSection":["Production","Video Mapping Contest","Video Mapping Festival"],"inLanguage":"en-US"},{"@type":"WebPage","@id":"https:\/\/videomappingcenter.com\/fabric-of-being-palais-des-beaux-arts-lille-france-video-mapping-festival-2025\/","url":"https:\/\/videomappingcenter.com\/fabric-of-being-palais-des-beaux-arts-lille-france-video-mapping-festival-2025\/","name":"FABRIC OF BEING \u2013 Palace of Fine Arts, Lille, France \u2013 Video Mapping Festival 2025 | Video Mapping European Center","isPartOf":{"@id":"https:\/\/videomappingcenter.com\/?lang=en\/#website"},"primaryImageOfPage":{"@id":"https:\/\/videomappingcenter.com\/fabric-of-being-palais-des-beaux-arts-lille-france-video-mapping-festival-2025\/#primaryimage"},"image":{"@id":"https:\/\/videomappingcenter.com\/fabric-of-being-palais-des-beaux-arts-lille-france-video-mapping-festival-2025\/#primaryimage"},"thumbnailUrl":"https:\/\/videomappingcenter.com\/wp-content\/uploads\/2025\/07\/VMF8_Lille_PBA_5.png","datePublished":"2025-04-05T20:52:17+00:00","dateModified":"2025-07-03T09:44:18+00:00","breadcrumb":{"@id":"https:\/\/videomappingcenter.com\/fabric-of-being-palais-des-beaux-arts-lille-france-video-mapping-festival-2025\/#breadcrumb"},"inLanguage":"en-US","potentialAction":[{"@type":"ReadAction","target":["https:\/\/videomappingcenter.com\/fabric-of-being-palais-des-beaux-arts-lille-france-video-mapping-festival-2025\/"]}]},{"@type":"ImageObject","inLanguage":"en-US","@id":"https:\/\/videomappingcenter.com\/fabric-of-being-palais-des-beaux-arts-lille-france-video-mapping-festival-2025\/#primaryimage","url":"https:\/\/videomappingcenter.com\/wp-content\/uploads\/2025\/07\/VMF8_Lille_PBA_5.png","contentUrl":"https:\/\/videomappingcenter.com\/wp-content\/uploads\/2025\/07\/VMF8_Lille_PBA_5.png","width":900,"height":500},{"@type":"BreadcrumbList","@id":"https:\/\/videomappingcenter.com\/fabric-of-being-palais-des-beaux-arts-lille-france-video-mapping-festival-2025\/#breadcrumb","itemListElement":[{"@type":"ListItem","position":1,"name":"Accueil","item":"https:\/\/videomappingcenter.com\/"},{"@type":"ListItem","position":2,"name":"FABRIC OF BEING \u2013 Palace of Fine Arts, Lille, France \u2013 Video Mapping Festival 2025"}]},{"@type":"WebSite","@id":"https:\/\/videomappingcenter.com\/?lang=en\/#website","url":"https:\/\/videomappingcenter.com\/?lang=en\/","name":"Video Mapping European Center","description":"Video Mapping European Center","publisher":{"@id":"https:\/\/videomappingcenter.com\/?lang=en\/#organization"},"potentialAction":[{"@type":"SearchAction","target":{"@type":"EntryPoint","urlTemplate":"https:\/\/videomappingcenter.com\/?lang=en\/?s={search_term_string}"},"query-input":{"@type":"PropertyValueSpecification","valueRequired":true,"valueName":"search_term_string"}}],"inLanguage":"en-US"},{"@type":"Organization","@id":"https:\/\/videomappingcenter.com\/?lang=en\/#organization","name":"Video Mapping European Center","url":"https:\/\/videomappingcenter.com\/?lang=en\/","logo":{"@type":"ImageObject","inLanguage":"en-US","@id":"https:\/\/videomappingcenter.com\/?lang=en\/#\/schema\/logo\/image\/","url":"https:\/\/videomappingcenter.com\/wp-content\/uploads\/2017\/07\/logo-v3.png","contentUrl":"https:\/\/videomappingcenter.com\/wp-content\/uploads\/2017\/07\/logo-v3.png","width":300,"height":135,"caption":"Video Mapping European Center"},"image":{"@id":"https:\/\/videomappingcenter.com\/?lang=en\/#\/schema\/logo\/image\/"}},{"@type":"Person","@id":"https:\/\/videomappingcenter.com\/?lang=en\/#\/schema\/person\/506136ad599d9c386ea59407d183cef8","name":"Edimestre","image":{"@type":"ImageObject","inLanguage":"en-US","@id":"https:\/\/videomappingcenter.com\/?lang=en\/#\/schema\/person\/image\/","url":"https:\/\/videomappingcenter.com\/wp-content\/uploads\/2017\/07\/avatar.jpg","contentUrl":"https:\/\/videomappingcenter.com\/wp-content\/uploads\/2017\/07\/avatar.jpg","caption":"Edimestre"}}]}},"_links":{"self":[{"href":"https:\/\/videomappingcenter.com\/en\/wp-json\/wp\/v2\/posts\/17953","targetHints":{"allow":["GET"]}}],"collection":[{"href":"https:\/\/videomappingcenter.com\/en\/wp-json\/wp\/v2\/posts"}],"about":[{"href":"https:\/\/videomappingcenter.com\/en\/wp-json\/wp\/v2\/types\/post"}],"author":[{"embeddable":true,"href":"https:\/\/videomappingcenter.com\/en\/wp-json\/wp\/v2\/users\/3"}],"replies":[{"embeddable":true,"href":"https:\/\/videomappingcenter.com\/en\/wp-json\/wp\/v2\/comments?post=17953"}],"version-history":[{"count":0,"href":"https:\/\/videomappingcenter.com\/en\/wp-json\/wp\/v2\/posts\/17953\/revisions"}],"wp:featuredmedia":[{"embeddable":true,"href":"https:\/\/videomappingcenter.com\/en\/wp-json\/wp\/v2\/media\/17945"}],"wp:attachment":[{"href":"https:\/\/videomappingcenter.com\/en\/wp-json\/wp\/v2\/media?parent=17953"}],"wp:term":[{"taxonomy":"category","embeddable":true,"href":"https:\/\/videomappingcenter.com\/en\/wp-json\/wp\/v2\/categories?post=17953"},{"taxonomy":"post_tag","embeddable":true,"href":"https:\/\/videomappingcenter.com\/en\/wp-json\/wp\/v2\/tags?post=17953"},{"taxonomy":"item-prod","embeddable":true,"href":"https:\/\/videomappingcenter.com\/en\/wp-json\/wp\/v2\/item-prod?post=17953"},{"taxonomy":"item-mapping","embeddable":true,"href":"https:\/\/videomappingcenter.com\/en\/wp-json\/wp\/v2\/item-mapping?post=17953"},{"taxonomy":"item-lieu","embeddable":true,"href":"https:\/\/videomappingcenter.com\/en\/wp-json\/wp\/v2\/item-lieu?post=17953"},{"taxonomy":"item-dates","embeddable":true,"href":"https:\/\/videomappingcenter.com\/en\/wp-json\/wp\/v2\/item-dates?post=17953"}],"curies":[{"name":"wp","href":"https:\/\/api.w.org\/{rel}","templated":true}]}}