{"id":18139,"date":"2025-05-10T22:00:57","date_gmt":"2025-05-10T20:00:57","guid":{"rendered":"https:\/\/videomappingcenter.com\/?p=18139"},"modified":"2025-10-27T12:43:54","modified_gmt":"2025-10-27T11:43:54","slug":"back-to-green-life-city-hall-valenciennes-france-video-mapping-festival-2025","status":"publish","type":"post","link":"https:\/\/videomappingcenter.com\/en\/back-to-green-life-city-hall-valenciennes-france-video-mapping-festival-2025\/","title":{"rendered":"BACK TO GREEN LIFE\u2028\u2013 City Hall, Valenciennes, France\u2028\u2013 Video Mapping Festival 2025"},"content":{"rendered":"<p style=\"text-align: justify;\"><iframe loading=\"lazy\" src=\"https:\/\/player.vimeo.com\/video\/1100117735\" width=\"640\" height=\"360\" frameborder=\"0\" allowfullscreen=\"allowfullscreen\"><span data-mce-type=\"bookmark\" style=\"display: inline-block; width: 0px; overflow: hidden; line-height: 0;\" class=\"mce_SELRES_start\">\ufeff<\/span><span data-mce-type=\"bookmark\" style=\"display: inline-block; width: 0px; overflow: hidden; line-height: 0;\" class=\"mce_SELRES_start\"> <\/span><span data-mce-type=\"bookmark\" style=\"display: inline-block; width: 0px; overflow: hidden; line-height: 0;\" class=\"mce_SELRES_start\"> <\/span><span data-mce-type=\"bookmark\" style=\"display: inline-block; width: 0px; overflow: hidden; line-height: 0;\" class=\"mce_SELRES_start\"> <\/span><\/iframe><\/p>\n<p class=\"p1\">Video mapping created during a participative workshop as part of the Video Mapping Festival.<\/p>\n<p><strong>\u25b6\ufe0e Back to Green Life\u00a0<\/strong><br \/>\nWe\u2019re suffocating in the middle of all this pollution. Let\u2019s make room for Nature again.<\/p>\n<p><strong>Creative team:<\/strong><\/p>\n<p><strong>Centre culturel L\u2019Odyss\u00e9e, Valenciennes<br \/>\n<\/strong>Alice AVERLAND<br \/>\nSimon CASTEL<br \/>\nLila D\u00c9CAMPS<br \/>\nL\u00e9a DHAUSSY<br \/>\nAlexy GUIGNARD<br \/>\nAur\u00e9lien MAILLARD<br \/>\nMa\u00ebva WILLOUGHBY<\/p>\n<p class=\"p1\">Supervised by: Marion STANCHIERI<\/p>\n<p><strong>Supervising staff:<\/strong>\u00a0Etienne Bonnet<br \/>\n<strong>Editing and sound creation:<\/strong>\u00a0Etienne Bonnet<br \/>\n&nbsp;<\/p>\n<p><b>An event offered as part of the Video Mapping Festival organised by Rencontres Audiovisuelles.<br \/>\n<\/b><i>With the support of the Hauts-de-France Region, DRAC Hauts-de-France and Valenciennes M\u00e9tropole.<br \/>\n<\/i><i>In collaboration with the City of Valenciennes, the City of Maing, the City of Sebourg and L\u2019Odyss\u00e9e cultural center of Valenciennes.<\/i><\/p>\n<div class=\"simple-taxonomy\">\n\t<div class=\"taxonomy-item-prod\"><a href=\"https:\/\/videomappingcenter.com\/en\/item-prod\/atelier-pedagogique\/\" rel=\"tag\">Educational workshop<\/a><\/div>\n\t<div class=\"taxonomy-item-mapping\"><a href=\"https:\/\/videomappingcenter.com\/en\/item-mapping\/mapping-monumental-en\/\" rel=\"tag\">Monument video mapping<\/a><\/div>\n\t<div class=\"taxonomy-item-lieu\"><a href=\"https:\/\/videomappingcenter.com\/en\/item-lieu\/hauts-de-france-en\/\" rel=\"tag\">Hauts-de-France<\/a><\/div>\n\t<div class=\"taxonomy-item-dates\"><a href=\"https:\/\/videomappingcenter.com\/en\/item-dates\/2024-2\/\" rel=\"tag\">2024<\/a><\/div>\n\n<\/div>\n","protected":false},"excerpt":{"rendered":"<p>\ufeff Video mapping created during a participative workshop as part of the Video Mapping Festival. \u25b6\ufe0e Back to Green Life\u00a0 We\u2019re suffocating in the middle of all this pollution. Let\u2019s make room for Nature again. Creative team: Centre culturel L\u2019Odyss\u00e9e, Valenciennes Alice AVERLAND Simon CASTEL Lila D\u00c9CAMPS L\u00e9a DHAUSSY Alexy GUIGNARD Aur\u00e9lien MAILLARD Ma\u00ebva WILLOUGHBY [&hellip;]<\/p>\n<div class=\"simple-taxonomy\">\n\t<div class=\"taxonomy-item-prod\"><a href=\"https:\/\/videomappingcenter.com\/en\/item-prod\/atelier-pedagogique\/\" rel=\"tag\">Educational workshop<\/a><\/div>\n\t<div class=\"taxonomy-item-mapping\"><a href=\"https:\/\/videomappingcenter.com\/en\/item-mapping\/mapping-monumental-en\/\" rel=\"tag\">Monument video mapping<\/a><\/div>\n\t<div class=\"taxonomy-item-lieu\"><a href=\"https:\/\/videomappingcenter.com\/en\/item-lieu\/hauts-de-france-en\/\" rel=\"tag\">Hauts-de-France<\/a><\/div>\n\t<div class=\"taxonomy-item-dates\"><a href=\"https:\/\/videomappingcenter.com\/en\/item-dates\/2024-2\/\" rel=\"tag\">2024<\/a><\/div>\n\n<\/div>\n","protected":false},"author":3,"featured_media":18132,"comment_status":"closed","ping_status":"closed","sticky":false,"template":"","format":"standard","meta":{"footnotes":""},"categories":[151,149],"tags":[109,124,2304,117,1453,120,110,116,2357,108],"item-prod":[156],"item-mapping":[277],"item-lieu":[281],"item-dates":[2821],"class_list":["post-18139","post","type-post","status-publish","format-standard","has-post-thumbnail","hentry","category-educative-workshop","category-video-mapping-festival-en","tag-educational-workshop","tag-transcient","tag-etienne-bonnet-en","tag-front","tag-hotel-de-ville-en","tag-linear","tag-monument-video-mapping","tag-outdoor","tag-valenciennes-en","tag-video-mapping-festival-en","item-prod-atelier-pedagogique","item-mapping-mapping-monumental-en","item-lieu-hauts-de-france-en","item-dates-2024-2"],"yoast_head":"<!-- This site is optimized with the Yoast SEO plugin v25.8 - https:\/\/yoast.com\/wordpress\/plugins\/seo\/ -->\n<title>BACK TO GREEN LIFE\u2028\u2013 City Hall, Valenciennes, France\u2028\u2013 Video Mapping Festival 2025 | Video Mapping European Center<\/title>\n<meta name=\"robots\" content=\"index, follow, max-snippet:-1, max-image-preview:large, max-video-preview:-1\" \/>\n<link rel=\"canonical\" href=\"https:\/\/videomappingcenter.com\/en\/back-to-green-life-city-hall-valenciennes-france-video-mapping-festival-2025\/\" \/>\n<meta property=\"og:locale\" content=\"en_US\" \/>\n<meta property=\"og:type\" content=\"article\" \/>\n<meta property=\"og:title\" content=\"BACK TO GREEN LIFE\u2028\u2013 City Hall, Valenciennes, France\u2028\u2013 Video Mapping Festival 2025 | Video Mapping European Center\" \/>\n<meta property=\"og:description\" content=\"\ufeff Video mapping created during a participative workshop as part of the Video Mapping Festival. \u25b6\ufe0e Back to Green Life\u00a0 We\u2019re suffocating in the middle of all this pollution. Let\u2019s make room for Nature again. Creative team: Centre culturel L\u2019Odyss\u00e9e, Valenciennes Alice AVERLAND Simon CASTEL Lila D\u00c9CAMPS L\u00e9a DHAUSSY Alexy GUIGNARD Aur\u00e9lien MAILLARD Ma\u00ebva WILLOUGHBY [&hellip;]\" \/>\n<meta property=\"og:url\" content=\"https:\/\/videomappingcenter.com\/en\/back-to-green-life-city-hall-valenciennes-france-video-mapping-festival-2025\/\" \/>\n<meta property=\"og:site_name\" content=\"Video Mapping European Center\" \/>\n<meta property=\"article:published_time\" content=\"2025-05-10T20:00:57+00:00\" \/>\n<meta property=\"article:modified_time\" content=\"2025-10-27T11:43:54+00:00\" \/>\n<meta property=\"og:image\" content=\"https:\/\/videomappingcenter.com\/wp-content\/uploads\/2025\/07\/VMF8_Valenciennes_HDV_2.png\" \/>\n\t<meta property=\"og:image:width\" content=\"900\" \/>\n\t<meta property=\"og:image:height\" content=\"500\" \/>\n\t<meta property=\"og:image:type\" content=\"image\/png\" \/>\n<meta name=\"author\" content=\"Edimestre\" \/>\n<meta name=\"twitter:card\" content=\"summary_large_image\" \/>\n<meta name=\"twitter:label1\" content=\"Written by\" \/>\n\t<meta name=\"twitter:data1\" content=\"Edimestre\" \/>\n\t<meta name=\"twitter:label2\" content=\"Est. reading time\" \/>\n\t<meta name=\"twitter:data2\" content=\"1 minute\" \/>\n<script type=\"application\/ld+json\" class=\"yoast-schema-graph\">{\"@context\":\"https:\/\/schema.org\",\"@graph\":[{\"@type\":\"Article\",\"@id\":\"https:\/\/videomappingcenter.com\/en\/back-to-green-life-city-hall-valenciennes-france-video-mapping-festival-2025\/#article\",\"isPartOf\":{\"@id\":\"https:\/\/videomappingcenter.com\/en\/back-to-green-life-city-hall-valenciennes-france-video-mapping-festival-2025\/\"},\"author\":{\"name\":\"Edimestre\",\"@id\":\"https:\/\/videomappingcenter.com\/?lang=en\/#\/schema\/person\/506136ad599d9c386ea59407d183cef8\"},\"headline\":\"BACK TO GREEN LIFE\\u2028\u2013 City Hall, Valenciennes, France\\u2028\u2013 Video Mapping Festival 2025\",\"datePublished\":\"2025-05-10T20:00:57+00:00\",\"dateModified\":\"2025-10-27T11:43:54+00:00\",\"mainEntityOfPage\":{\"@id\":\"https:\/\/videomappingcenter.com\/en\/back-to-green-life-city-hall-valenciennes-france-video-mapping-festival-2025\/\"},\"wordCount\":137,\"publisher\":{\"@id\":\"https:\/\/videomappingcenter.com\/?lang=en\/#organization\"},\"image\":{\"@id\":\"https:\/\/videomappingcenter.com\/en\/back-to-green-life-city-hall-valenciennes-france-video-mapping-festival-2025\/#primaryimage\"},\"thumbnailUrl\":\"https:\/\/videomappingcenter.com\/wp-content\/uploads\/2025\/07\/VMF8_Valenciennes_HDV_2.png\",\"keywords\":[\"Educational workshop\",\"Ephemeral\",\"Etienne BONNET\",\"Frontal\",\"H\u00f4tel de ville\",\"linear\",\"Monument video mapping\",\"Outdoor\",\"Valenciennes\",\"Video Mapping Festival\"],\"articleSection\":[\"Educational workshop\",\"Video Mapping Festival\"],\"inLanguage\":\"en-US\"},{\"@type\":\"WebPage\",\"@id\":\"https:\/\/videomappingcenter.com\/en\/back-to-green-life-city-hall-valenciennes-france-video-mapping-festival-2025\/\",\"url\":\"https:\/\/videomappingcenter.com\/en\/back-to-green-life-city-hall-valenciennes-france-video-mapping-festival-2025\/\",\"name\":\"BACK TO GREEN LIFE\\u2028\u2013 City Hall, Valenciennes, France\\u2028\u2013 Video Mapping Festival 2025 | Video Mapping European Center\",\"isPartOf\":{\"@id\":\"https:\/\/videomappingcenter.com\/?lang=en\/#website\"},\"primaryImageOfPage\":{\"@id\":\"https:\/\/videomappingcenter.com\/en\/back-to-green-life-city-hall-valenciennes-france-video-mapping-festival-2025\/#primaryimage\"},\"image\":{\"@id\":\"https:\/\/videomappingcenter.com\/en\/back-to-green-life-city-hall-valenciennes-france-video-mapping-festival-2025\/#primaryimage\"},\"thumbnailUrl\":\"https:\/\/videomappingcenter.com\/wp-content\/uploads\/2025\/07\/VMF8_Valenciennes_HDV_2.png\",\"datePublished\":\"2025-05-10T20:00:57+00:00\",\"dateModified\":\"2025-10-27T11:43:54+00:00\",\"breadcrumb\":{\"@id\":\"https:\/\/videomappingcenter.com\/en\/back-to-green-life-city-hall-valenciennes-france-video-mapping-festival-2025\/#breadcrumb\"},\"inLanguage\":\"en-US\",\"potentialAction\":[{\"@type\":\"ReadAction\",\"target\":[\"https:\/\/videomappingcenter.com\/en\/back-to-green-life-city-hall-valenciennes-france-video-mapping-festival-2025\/\"]}]},{\"@type\":\"ImageObject\",\"inLanguage\":\"en-US\",\"@id\":\"https:\/\/videomappingcenter.com\/en\/back-to-green-life-city-hall-valenciennes-france-video-mapping-festival-2025\/#primaryimage\",\"url\":\"https:\/\/videomappingcenter.com\/wp-content\/uploads\/2025\/07\/VMF8_Valenciennes_HDV_2.png\",\"contentUrl\":\"https:\/\/videomappingcenter.com\/wp-content\/uploads\/2025\/07\/VMF8_Valenciennes_HDV_2.png\",\"width\":900,\"height\":500},{\"@type\":\"BreadcrumbList\",\"@id\":\"https:\/\/videomappingcenter.com\/en\/back-to-green-life-city-hall-valenciennes-france-video-mapping-festival-2025\/#breadcrumb\",\"itemListElement\":[{\"@type\":\"ListItem\",\"position\":1,\"name\":\"Accueil\",\"item\":\"https:\/\/videomappingcenter.com\/\"},{\"@type\":\"ListItem\",\"position\":2,\"name\":\"BACK TO GREEN LIFE\\u2028\u2013 City Hall, Valenciennes, France\\u2028\u2013 Video Mapping Festival 2025\"}]},{\"@type\":\"WebSite\",\"@id\":\"https:\/\/videomappingcenter.com\/?lang=en\/#website\",\"url\":\"https:\/\/videomappingcenter.com\/?lang=en\/\",\"name\":\"Video Mapping European Center\",\"description\":\"Video Mapping European Center\",\"publisher\":{\"@id\":\"https:\/\/videomappingcenter.com\/?lang=en\/#organization\"},\"potentialAction\":[{\"@type\":\"SearchAction\",\"target\":{\"@type\":\"EntryPoint\",\"urlTemplate\":\"https:\/\/videomappingcenter.com\/?lang=en\/?s={search_term_string}\"},\"query-input\":{\"@type\":\"PropertyValueSpecification\",\"valueRequired\":true,\"valueName\":\"search_term_string\"}}],\"inLanguage\":\"en-US\"},{\"@type\":\"Organization\",\"@id\":\"https:\/\/videomappingcenter.com\/?lang=en\/#organization\",\"name\":\"Video Mapping European Center\",\"url\":\"https:\/\/videomappingcenter.com\/?lang=en\/\",\"logo\":{\"@type\":\"ImageObject\",\"inLanguage\":\"en-US\",\"@id\":\"https:\/\/videomappingcenter.com\/?lang=en\/#\/schema\/logo\/image\/\",\"url\":\"https:\/\/videomappingcenter.com\/wp-content\/uploads\/2017\/07\/logo-v3.png\",\"contentUrl\":\"https:\/\/videomappingcenter.com\/wp-content\/uploads\/2017\/07\/logo-v3.png\",\"width\":300,\"height\":135,\"caption\":\"Video Mapping European Center\"},\"image\":{\"@id\":\"https:\/\/videomappingcenter.com\/?lang=en\/#\/schema\/logo\/image\/\"}},{\"@type\":\"Person\",\"@id\":\"https:\/\/videomappingcenter.com\/?lang=en\/#\/schema\/person\/506136ad599d9c386ea59407d183cef8\",\"name\":\"Edimestre\",\"image\":{\"@type\":\"ImageObject\",\"inLanguage\":\"en-US\",\"@id\":\"https:\/\/videomappingcenter.com\/?lang=en\/#\/schema\/person\/image\/\",\"url\":\"https:\/\/videomappingcenter.com\/wp-content\/uploads\/2017\/07\/avatar.jpg\",\"contentUrl\":\"https:\/\/videomappingcenter.com\/wp-content\/uploads\/2017\/07\/avatar.jpg\",\"caption\":\"Edimestre\"}}]}<\/script>\n<!-- \/ Yoast SEO plugin. -->","yoast_head_json":{"title":"BACK TO GREEN LIFE\u2028\u2013 City Hall, Valenciennes, France\u2028\u2013 Video Mapping Festival 2025 | Video Mapping European Center","robots":{"index":"index","follow":"follow","max-snippet":"max-snippet:-1","max-image-preview":"max-image-preview:large","max-video-preview":"max-video-preview:-1"},"canonical":"https:\/\/videomappingcenter.com\/en\/back-to-green-life-city-hall-valenciennes-france-video-mapping-festival-2025\/","og_locale":"en_US","og_type":"article","og_title":"BACK TO GREEN LIFE\u2028\u2013 City Hall, Valenciennes, France\u2028\u2013 Video Mapping Festival 2025 | Video Mapping European Center","og_description":"\ufeff Video mapping created during a participative workshop as part of the Video Mapping Festival. \u25b6\ufe0e Back to Green Life\u00a0 We\u2019re suffocating in the middle of all this pollution. Let\u2019s make room for Nature again. Creative team: Centre culturel L\u2019Odyss\u00e9e, Valenciennes Alice AVERLAND Simon CASTEL Lila D\u00c9CAMPS L\u00e9a DHAUSSY Alexy GUIGNARD Aur\u00e9lien MAILLARD Ma\u00ebva WILLOUGHBY [&hellip;]","og_url":"https:\/\/videomappingcenter.com\/en\/back-to-green-life-city-hall-valenciennes-france-video-mapping-festival-2025\/","og_site_name":"Video Mapping European Center","article_published_time":"2025-05-10T20:00:57+00:00","article_modified_time":"2025-10-27T11:43:54+00:00","og_image":[{"width":900,"height":500,"url":"https:\/\/videomappingcenter.com\/wp-content\/uploads\/2025\/07\/VMF8_Valenciennes_HDV_2.png","type":"image\/png"}],"author":"Edimestre","twitter_card":"summary_large_image","twitter_misc":{"Written by":"Edimestre","Est. reading time":"1 minute"},"schema":{"@context":"https:\/\/schema.org","@graph":[{"@type":"Article","@id":"https:\/\/videomappingcenter.com\/en\/back-to-green-life-city-hall-valenciennes-france-video-mapping-festival-2025\/#article","isPartOf":{"@id":"https:\/\/videomappingcenter.com\/en\/back-to-green-life-city-hall-valenciennes-france-video-mapping-festival-2025\/"},"author":{"name":"Edimestre","@id":"https:\/\/videomappingcenter.com\/?lang=en\/#\/schema\/person\/506136ad599d9c386ea59407d183cef8"},"headline":"BACK TO GREEN LIFE\u2028\u2013 City Hall, Valenciennes, France\u2028\u2013 Video Mapping Festival 2025","datePublished":"2025-05-10T20:00:57+00:00","dateModified":"2025-10-27T11:43:54+00:00","mainEntityOfPage":{"@id":"https:\/\/videomappingcenter.com\/en\/back-to-green-life-city-hall-valenciennes-france-video-mapping-festival-2025\/"},"wordCount":137,"publisher":{"@id":"https:\/\/videomappingcenter.com\/?lang=en\/#organization"},"image":{"@id":"https:\/\/videomappingcenter.com\/en\/back-to-green-life-city-hall-valenciennes-france-video-mapping-festival-2025\/#primaryimage"},"thumbnailUrl":"https:\/\/videomappingcenter.com\/wp-content\/uploads\/2025\/07\/VMF8_Valenciennes_HDV_2.png","keywords":["Educational workshop","Ephemeral","Etienne BONNET","Frontal","H\u00f4tel de ville","linear","Monument video mapping","Outdoor","Valenciennes","Video Mapping Festival"],"articleSection":["Educational workshop","Video Mapping Festival"],"inLanguage":"en-US"},{"@type":"WebPage","@id":"https:\/\/videomappingcenter.com\/en\/back-to-green-life-city-hall-valenciennes-france-video-mapping-festival-2025\/","url":"https:\/\/videomappingcenter.com\/en\/back-to-green-life-city-hall-valenciennes-france-video-mapping-festival-2025\/","name":"BACK TO GREEN LIFE\u2028\u2013 City Hall, Valenciennes, France\u2028\u2013 Video Mapping Festival 2025 | Video Mapping European Center","isPartOf":{"@id":"https:\/\/videomappingcenter.com\/?lang=en\/#website"},"primaryImageOfPage":{"@id":"https:\/\/videomappingcenter.com\/en\/back-to-green-life-city-hall-valenciennes-france-video-mapping-festival-2025\/#primaryimage"},"image":{"@id":"https:\/\/videomappingcenter.com\/en\/back-to-green-life-city-hall-valenciennes-france-video-mapping-festival-2025\/#primaryimage"},"thumbnailUrl":"https:\/\/videomappingcenter.com\/wp-content\/uploads\/2025\/07\/VMF8_Valenciennes_HDV_2.png","datePublished":"2025-05-10T20:00:57+00:00","dateModified":"2025-10-27T11:43:54+00:00","breadcrumb":{"@id":"https:\/\/videomappingcenter.com\/en\/back-to-green-life-city-hall-valenciennes-france-video-mapping-festival-2025\/#breadcrumb"},"inLanguage":"en-US","potentialAction":[{"@type":"ReadAction","target":["https:\/\/videomappingcenter.com\/en\/back-to-green-life-city-hall-valenciennes-france-video-mapping-festival-2025\/"]}]},{"@type":"ImageObject","inLanguage":"en-US","@id":"https:\/\/videomappingcenter.com\/en\/back-to-green-life-city-hall-valenciennes-france-video-mapping-festival-2025\/#primaryimage","url":"https:\/\/videomappingcenter.com\/wp-content\/uploads\/2025\/07\/VMF8_Valenciennes_HDV_2.png","contentUrl":"https:\/\/videomappingcenter.com\/wp-content\/uploads\/2025\/07\/VMF8_Valenciennes_HDV_2.png","width":900,"height":500},{"@type":"BreadcrumbList","@id":"https:\/\/videomappingcenter.com\/en\/back-to-green-life-city-hall-valenciennes-france-video-mapping-festival-2025\/#breadcrumb","itemListElement":[{"@type":"ListItem","position":1,"name":"Accueil","item":"https:\/\/videomappingcenter.com\/"},{"@type":"ListItem","position":2,"name":"BACK TO GREEN LIFE\u2028\u2013 City Hall, Valenciennes, France\u2028\u2013 Video Mapping Festival 2025"}]},{"@type":"WebSite","@id":"https:\/\/videomappingcenter.com\/?lang=en\/#website","url":"https:\/\/videomappingcenter.com\/?lang=en\/","name":"Video Mapping European Center","description":"Video Mapping European Center","publisher":{"@id":"https:\/\/videomappingcenter.com\/?lang=en\/#organization"},"potentialAction":[{"@type":"SearchAction","target":{"@type":"EntryPoint","urlTemplate":"https:\/\/videomappingcenter.com\/?lang=en\/?s={search_term_string}"},"query-input":{"@type":"PropertyValueSpecification","valueRequired":true,"valueName":"search_term_string"}}],"inLanguage":"en-US"},{"@type":"Organization","@id":"https:\/\/videomappingcenter.com\/?lang=en\/#organization","name":"Video Mapping European Center","url":"https:\/\/videomappingcenter.com\/?lang=en\/","logo":{"@type":"ImageObject","inLanguage":"en-US","@id":"https:\/\/videomappingcenter.com\/?lang=en\/#\/schema\/logo\/image\/","url":"https:\/\/videomappingcenter.com\/wp-content\/uploads\/2017\/07\/logo-v3.png","contentUrl":"https:\/\/videomappingcenter.com\/wp-content\/uploads\/2017\/07\/logo-v3.png","width":300,"height":135,"caption":"Video Mapping European Center"},"image":{"@id":"https:\/\/videomappingcenter.com\/?lang=en\/#\/schema\/logo\/image\/"}},{"@type":"Person","@id":"https:\/\/videomappingcenter.com\/?lang=en\/#\/schema\/person\/506136ad599d9c386ea59407d183cef8","name":"Edimestre","image":{"@type":"ImageObject","inLanguage":"en-US","@id":"https:\/\/videomappingcenter.com\/?lang=en\/#\/schema\/person\/image\/","url":"https:\/\/videomappingcenter.com\/wp-content\/uploads\/2017\/07\/avatar.jpg","contentUrl":"https:\/\/videomappingcenter.com\/wp-content\/uploads\/2017\/07\/avatar.jpg","caption":"Edimestre"}}]}},"_links":{"self":[{"href":"https:\/\/videomappingcenter.com\/en\/wp-json\/wp\/v2\/posts\/18139","targetHints":{"allow":["GET"]}}],"collection":[{"href":"https:\/\/videomappingcenter.com\/en\/wp-json\/wp\/v2\/posts"}],"about":[{"href":"https:\/\/videomappingcenter.com\/en\/wp-json\/wp\/v2\/types\/post"}],"author":[{"embeddable":true,"href":"https:\/\/videomappingcenter.com\/en\/wp-json\/wp\/v2\/users\/3"}],"replies":[{"embeddable":true,"href":"https:\/\/videomappingcenter.com\/en\/wp-json\/wp\/v2\/comments?post=18139"}],"version-history":[{"count":1,"href":"https:\/\/videomappingcenter.com\/en\/wp-json\/wp\/v2\/posts\/18139\/revisions"}],"predecessor-version":[{"id":18543,"href":"https:\/\/videomappingcenter.com\/en\/wp-json\/wp\/v2\/posts\/18139\/revisions\/18543"}],"wp:featuredmedia":[{"embeddable":true,"href":"https:\/\/videomappingcenter.com\/en\/wp-json\/wp\/v2\/media\/18132"}],"wp:attachment":[{"href":"https:\/\/videomappingcenter.com\/en\/wp-json\/wp\/v2\/media?parent=18139"}],"wp:term":[{"taxonomy":"category","embeddable":true,"href":"https:\/\/videomappingcenter.com\/en\/wp-json\/wp\/v2\/categories?post=18139"},{"taxonomy":"post_tag","embeddable":true,"href":"https:\/\/videomappingcenter.com\/en\/wp-json\/wp\/v2\/tags?post=18139"},{"taxonomy":"item-prod","embeddable":true,"href":"https:\/\/videomappingcenter.com\/en\/wp-json\/wp\/v2\/item-prod?post=18139"},{"taxonomy":"item-mapping","embeddable":true,"href":"https:\/\/videomappingcenter.com\/en\/wp-json\/wp\/v2\/item-mapping?post=18139"},{"taxonomy":"item-lieu","embeddable":true,"href":"https:\/\/videomappingcenter.com\/en\/wp-json\/wp\/v2\/item-lieu?post=18139"},{"taxonomy":"item-dates","embeddable":true,"href":"https:\/\/videomappingcenter.com\/en\/wp-json\/wp\/v2\/item-dates?post=18139"}],"curies":[{"name":"wp","href":"https:\/\/api.w.org\/{rel}","templated":true}]}}