{"id":1823,"date":"2013-11-12T18:16:51","date_gmt":"2013-11-12T17:16:51","guid":{"rendered":"https:\/\/videomappingcenter.com\/2013\/11\/12\/video-madlab-lhybride-lille-france-digital-stories-festival-international-court-metrage-2013\/"},"modified":"2019-01-15T16:20:43","modified_gmt":"2019-01-15T15:20:43","slug":"video-madlab-lhybride-lille-france-digital-stories-festival-international-court-metrage-2013","status":"publish","type":"post","link":"https:\/\/videomappingcenter.com\/en\/video-madlab-lhybride-lille-france-digital-stories-festival-international-court-metrage-2013\/","title":{"rendered":"MADLAB \u2013 L\u2019hybride, Lille, France \u2013 Digital Stories, Festival International du Court M\u00e9trage 2013"},"content":{"rendered":"<p><iframe loading=\"lazy\" src=\"https:\/\/player.vimeo.com\/video\/222832745?app_id=122963\" width=\"1104\" height=\"621\" frameborder=\"0\" title=\"Mapping : MadLab, L&#039;hybride - Digital Stories, Festival International du Court M&eacute;trage 2013\" allow=\"autoplay; fullscreen\" allowfullscreen><\/iframe><\/p>\n<p>At the end of a twenty-day residency and drawing on several years of work on the mutation of the body and its relation to the environment, the collective 1minute69 invites spectators to rediscover the space of L\u2019hybride in an interactive installation that\u2019s part research lab and part cabinet of curiosities.<br \/>\nTransformed into an experiential environment in which the spectator themselves becomes the subject of hybridisation, the installation space allows the audience to enter a random and undiscovered space and time with laser pointer in hand, to be perceived both individually and collectively.<br \/>\nThe 1minute69 <em>MadLab<\/em> is an original scenography that mixes materials, light and sounds in a combination of random recycled-object sculptures, audiovisual creation, generative images and tracking and video mapping techniques. More than just a technological tool, the laser pointer &#8211; the common thread of the Digital Stories project &#8211; is used here as an extension of the spectator\u2019s body.<br \/>\n<em>Design and production: Aur\u00e9lie Dumaret, Myriam Adjalle, \u00c9milie Villemagne<\/em><br \/>\n<em>Technical development: Etienne Landon<\/em><\/p>\n<p>1minute69 is a variable-geometry collective, born of a desire for collaboration and exchange between lovers of the digital arts. Linked by a playful desire to plunge the viewer into immersive and\/or interactive worlds that stimulate the imagination, the collective\u2019s artists play on illusion and work with the concept of representation through performances, audiovisual installations, architectural projections and video scenography.<br \/>\nPaving the way for new artistic practices, the application of digital technologies to sensory devices forms an integral part of their research dynamic, in which space, body, sound and image are inextricably linked.<br \/>\n<a href=\"http:\/\/www.1minute69.com\" target=\"_blank\" rel=\"noopener\">www.1minute69.com<\/a><\/p>\n<div class=\"simple-taxonomy\">\n\t<div class=\"taxonomy-item-prod\"><a href=\"https:\/\/videomappingcenter.com\/en\/item-prod\/residence-en\/\" rel=\"tag\">Residency<\/a><\/div>\n\t<div class=\"taxonomy-item-mapping\"><a href=\"https:\/\/videomappingcenter.com\/en\/item-mapping\/installation-en\/\" rel=\"tag\">Installation<\/a><\/div>\n\t<div class=\"taxonomy-item-lieu\"><a href=\"https:\/\/videomappingcenter.com\/en\/item-lieu\/hauts-de-france-en\/\" rel=\"tag\">Hauts-de-France<\/a><\/div>\n\t<div class=\"taxonomy-item-dates\"><a href=\"https:\/\/videomappingcenter.com\/en\/item-dates\/2013-en\/\" rel=\"tag\">2013<\/a><\/div>\n\n<\/div>\n","protected":false},"excerpt":{"rendered":"<p>At the end of a twenty-day residency and drawing on several years of work on the mutation of the body and its relation to the environment, the collective 1minute69 invites spectators to rediscover the space of L\u2019hybride in an interactive installation that\u2019s part research lab and part cabinet of curiosities. Transformed into an experiential environment [&hellip;]<\/p>\n<div class=\"simple-taxonomy\">\n\t<div class=\"taxonomy-item-prod\"><a href=\"https:\/\/videomappingcenter.com\/en\/item-prod\/residence-en\/\" rel=\"tag\">Residency<\/a><\/div>\n\t<div class=\"taxonomy-item-mapping\"><a href=\"https:\/\/videomappingcenter.com\/en\/item-mapping\/installation-en\/\" rel=\"tag\">Installation<\/a><\/div>\n\t<div class=\"taxonomy-item-lieu\"><a href=\"https:\/\/videomappingcenter.com\/en\/item-lieu\/hauts-de-france-en\/\" rel=\"tag\">Hauts-de-France<\/a><\/div>\n\t<div class=\"taxonomy-item-dates\"><a href=\"https:\/\/videomappingcenter.com\/en\/item-dates\/2013-en\/\" rel=\"tag\">2013<\/a><\/div>\n\n<\/div>\n","protected":false},"author":2,"featured_media":1240,"comment_status":"closed","ping_status":"closed","sticky":false,"template":"","format":"standard","meta":{"footnotes":""},"categories":[147],"tags":[229,232,572,573,574,124,575,345,131,119,115,113,121,140,136,576,104],"item-prod":[273],"item-mapping":[280],"item-lieu":[281],"item-dates":[286],"class_list":["post-1823","post","type-post","status-publish","format-standard","has-post-thumbnail","hentry","category-residence-en","tag-1minute69-en","tag-2013-en","tag-aurelie-dumaret-en","tag-digital-stories-en","tag-emilie-villemagne-en","tag-transcient","tag-etienne-landon-en","tag-festival-international-du-court-metrage-en","tag-hauts-de-france-en","tag-immersive","tag-inside","tag-installation-en","tag-interactive","tag-lhybride-en","tag-lille-en","tag-myriam-adjalle-en","tag-residence-en","item-prod-residence-en","item-mapping-installation-en","item-lieu-hauts-de-france-en","item-dates-2013-en"],"yoast_head":"<!-- This site is optimized with the Yoast SEO plugin v25.8 - https:\/\/yoast.com\/wordpress\/plugins\/seo\/ -->\n<title>MADLAB \u2013 L\u2019hybride, Lille, France \u2013 Digital Stories, Festival International du Court M\u00e9trage 2013 | Video Mapping European Center<\/title>\n<meta name=\"robots\" content=\"index, follow, max-snippet:-1, max-image-preview:large, max-video-preview:-1\" \/>\n<link rel=\"canonical\" href=\"https:\/\/videomappingcenter.com\/video-madlab-lhybride-lille-france-digital-stories-festival-international-court-metrage-2013\/\" \/>\n<meta property=\"og:locale\" content=\"en_US\" \/>\n<meta property=\"og:type\" content=\"article\" \/>\n<meta property=\"og:title\" content=\"MADLAB \u2013 L\u2019hybride, Lille, France \u2013 Digital Stories, Festival International du Court M\u00e9trage 2013 | Video Mapping European Center\" \/>\n<meta property=\"og:description\" content=\"At the end of a twenty-day residency and drawing on several years of work on the mutation of the body and its relation to the environment, the collective 1minute69 invites spectators to rediscover the space of L\u2019hybride in an interactive installation that\u2019s part research lab and part cabinet of curiosities. Transformed into an experiential environment [&hellip;]\" \/>\n<meta property=\"og:url\" content=\"https:\/\/videomappingcenter.com\/video-madlab-lhybride-lille-france-digital-stories-festival-international-court-metrage-2013\/\" \/>\n<meta property=\"og:site_name\" content=\"Video Mapping European Center\" \/>\n<meta property=\"article:published_time\" content=\"2013-11-12T17:16:51+00:00\" \/>\n<meta property=\"article:modified_time\" content=\"2019-01-15T15:20:43+00:00\" \/>\n<meta property=\"og:image\" content=\"https:\/\/videomappingcenter.com\/wp-content\/uploads\/2017\/09\/video-madlab-lhybride-lille-fran.jpg\" \/>\n\t<meta property=\"og:image:width\" content=\"640\" \/>\n\t<meta property=\"og:image:height\" content=\"360\" \/>\n\t<meta property=\"og:image:type\" content=\"image\/jpeg\" \/>\n<meta name=\"author\" content=\"Webmaster\" \/>\n<meta name=\"twitter:card\" content=\"summary_large_image\" \/>\n<meta name=\"twitter:label1\" content=\"Written by\" \/>\n\t<meta name=\"twitter:data1\" content=\"Webmaster\" \/>\n\t<meta name=\"twitter:label2\" content=\"Est. reading time\" \/>\n\t<meta name=\"twitter:data2\" content=\"1 minute\" \/>\n<script type=\"application\/ld+json\" class=\"yoast-schema-graph\">{\"@context\":\"https:\/\/schema.org\",\"@graph\":[{\"@type\":\"Article\",\"@id\":\"https:\/\/videomappingcenter.com\/video-madlab-lhybride-lille-france-digital-stories-festival-international-court-metrage-2013\/#article\",\"isPartOf\":{\"@id\":\"https:\/\/videomappingcenter.com\/video-madlab-lhybride-lille-france-digital-stories-festival-international-court-metrage-2013\/\"},\"author\":{\"name\":\"Webmaster\",\"@id\":\"https:\/\/videomappingcenter.com\/?lang=en\/#\/schema\/person\/b4e7ccbceddeda732fa7de831d7b0c1c\"},\"headline\":\"MADLAB \u2013 L\u2019hybride, Lille, France \u2013 Digital Stories, Festival International du Court M\u00e9trage 2013\",\"datePublished\":\"2013-11-12T17:16:51+00:00\",\"dateModified\":\"2019-01-15T15:20:43+00:00\",\"mainEntityOfPage\":{\"@id\":\"https:\/\/videomappingcenter.com\/video-madlab-lhybride-lille-france-digital-stories-festival-international-court-metrage-2013\/\"},\"wordCount\":281,\"publisher\":{\"@id\":\"https:\/\/videomappingcenter.com\/?lang=en\/#organization\"},\"image\":{\"@id\":\"https:\/\/videomappingcenter.com\/video-madlab-lhybride-lille-france-digital-stories-festival-international-court-metrage-2013\/#primaryimage\"},\"thumbnailUrl\":\"https:\/\/videomappingcenter.com\/wp-content\/uploads\/2017\/09\/video-madlab-lhybride-lille-fran.jpg\",\"keywords\":[\"1minute69\",\"2013\",\"Aur\u00e9lie Dumaret\",\"Digital Stories\",\"\u00c9milie Villemagne\",\"Ephemeral\",\"\u00c9tienne Landon\",\"Festival International du Court M\u00e9trage\",\"Hauts-de-France\",\"Immersive\",\"Indoor\",\"Installation\",\"interactive\",\"L'hybride\",\"Lille\",\"Myriam Adjalle\",\"Residency\"],\"articleSection\":[\"Residency\"],\"inLanguage\":\"en-US\"},{\"@type\":\"WebPage\",\"@id\":\"https:\/\/videomappingcenter.com\/video-madlab-lhybride-lille-france-digital-stories-festival-international-court-metrage-2013\/\",\"url\":\"https:\/\/videomappingcenter.com\/video-madlab-lhybride-lille-france-digital-stories-festival-international-court-metrage-2013\/\",\"name\":\"MADLAB \u2013 L\u2019hybride, Lille, France \u2013 Digital Stories, Festival International du Court M\u00e9trage 2013 | Video Mapping European Center\",\"isPartOf\":{\"@id\":\"https:\/\/videomappingcenter.com\/?lang=en\/#website\"},\"primaryImageOfPage\":{\"@id\":\"https:\/\/videomappingcenter.com\/video-madlab-lhybride-lille-france-digital-stories-festival-international-court-metrage-2013\/#primaryimage\"},\"image\":{\"@id\":\"https:\/\/videomappingcenter.com\/video-madlab-lhybride-lille-france-digital-stories-festival-international-court-metrage-2013\/#primaryimage\"},\"thumbnailUrl\":\"https:\/\/videomappingcenter.com\/wp-content\/uploads\/2017\/09\/video-madlab-lhybride-lille-fran.jpg\",\"datePublished\":\"2013-11-12T17:16:51+00:00\",\"dateModified\":\"2019-01-15T15:20:43+00:00\",\"breadcrumb\":{\"@id\":\"https:\/\/videomappingcenter.com\/video-madlab-lhybride-lille-france-digital-stories-festival-international-court-metrage-2013\/#breadcrumb\"},\"inLanguage\":\"en-US\",\"potentialAction\":[{\"@type\":\"ReadAction\",\"target\":[\"https:\/\/videomappingcenter.com\/video-madlab-lhybride-lille-france-digital-stories-festival-international-court-metrage-2013\/\"]}]},{\"@type\":\"ImageObject\",\"inLanguage\":\"en-US\",\"@id\":\"https:\/\/videomappingcenter.com\/video-madlab-lhybride-lille-france-digital-stories-festival-international-court-metrage-2013\/#primaryimage\",\"url\":\"https:\/\/videomappingcenter.com\/wp-content\/uploads\/2017\/09\/video-madlab-lhybride-lille-fran.jpg\",\"contentUrl\":\"https:\/\/videomappingcenter.com\/wp-content\/uploads\/2017\/09\/video-madlab-lhybride-lille-fran.jpg\",\"width\":640,\"height\":360},{\"@type\":\"BreadcrumbList\",\"@id\":\"https:\/\/videomappingcenter.com\/video-madlab-lhybride-lille-france-digital-stories-festival-international-court-metrage-2013\/#breadcrumb\",\"itemListElement\":[{\"@type\":\"ListItem\",\"position\":1,\"name\":\"Accueil\",\"item\":\"https:\/\/videomappingcenter.com\/\"},{\"@type\":\"ListItem\",\"position\":2,\"name\":\"MADLAB \u2013 L\u2019hybride, Lille, France \u2013 Digital Stories, Festival International du Court M\u00e9trage 2013\"}]},{\"@type\":\"WebSite\",\"@id\":\"https:\/\/videomappingcenter.com\/?lang=en\/#website\",\"url\":\"https:\/\/videomappingcenter.com\/?lang=en\/\",\"name\":\"Video Mapping European Center\",\"description\":\"Video Mapping European Center\",\"publisher\":{\"@id\":\"https:\/\/videomappingcenter.com\/?lang=en\/#organization\"},\"potentialAction\":[{\"@type\":\"SearchAction\",\"target\":{\"@type\":\"EntryPoint\",\"urlTemplate\":\"https:\/\/videomappingcenter.com\/?lang=en\/?s={search_term_string}\"},\"query-input\":{\"@type\":\"PropertyValueSpecification\",\"valueRequired\":true,\"valueName\":\"search_term_string\"}}],\"inLanguage\":\"en-US\"},{\"@type\":\"Organization\",\"@id\":\"https:\/\/videomappingcenter.com\/?lang=en\/#organization\",\"name\":\"Video Mapping European Center\",\"url\":\"https:\/\/videomappingcenter.com\/?lang=en\/\",\"logo\":{\"@type\":\"ImageObject\",\"inLanguage\":\"en-US\",\"@id\":\"https:\/\/videomappingcenter.com\/?lang=en\/#\/schema\/logo\/image\/\",\"url\":\"https:\/\/videomappingcenter.com\/wp-content\/uploads\/2017\/07\/logo-v3.png\",\"contentUrl\":\"https:\/\/videomappingcenter.com\/wp-content\/uploads\/2017\/07\/logo-v3.png\",\"width\":300,\"height\":135,\"caption\":\"Video Mapping European Center\"},\"image\":{\"@id\":\"https:\/\/videomappingcenter.com\/?lang=en\/#\/schema\/logo\/image\/\"}},{\"@type\":\"Person\",\"@id\":\"https:\/\/videomappingcenter.com\/?lang=en\/#\/schema\/person\/b4e7ccbceddeda732fa7de831d7b0c1c\",\"name\":\"Webmaster\",\"image\":{\"@type\":\"ImageObject\",\"inLanguage\":\"en-US\",\"@id\":\"https:\/\/videomappingcenter.com\/?lang=en\/#\/schema\/person\/image\/\",\"url\":\"https:\/\/videomappingcenter.com\/wp-content\/uploads\/2017\/07\/avatar.jpg\",\"contentUrl\":\"https:\/\/videomappingcenter.com\/wp-content\/uploads\/2017\/07\/avatar.jpg\",\"caption\":\"Webmaster\"}}]}<\/script>\n<!-- \/ Yoast SEO plugin. -->","yoast_head_json":{"title":"MADLAB \u2013 L\u2019hybride, Lille, France \u2013 Digital Stories, Festival International du Court M\u00e9trage 2013 | Video Mapping European Center","robots":{"index":"index","follow":"follow","max-snippet":"max-snippet:-1","max-image-preview":"max-image-preview:large","max-video-preview":"max-video-preview:-1"},"canonical":"https:\/\/videomappingcenter.com\/video-madlab-lhybride-lille-france-digital-stories-festival-international-court-metrage-2013\/","og_locale":"en_US","og_type":"article","og_title":"MADLAB \u2013 L\u2019hybride, Lille, France \u2013 Digital Stories, Festival International du Court M\u00e9trage 2013 | Video Mapping European Center","og_description":"At the end of a twenty-day residency and drawing on several years of work on the mutation of the body and its relation to the environment, the collective 1minute69 invites spectators to rediscover the space of L\u2019hybride in an interactive installation that\u2019s part research lab and part cabinet of curiosities. Transformed into an experiential environment [&hellip;]","og_url":"https:\/\/videomappingcenter.com\/video-madlab-lhybride-lille-france-digital-stories-festival-international-court-metrage-2013\/","og_site_name":"Video Mapping European Center","article_published_time":"2013-11-12T17:16:51+00:00","article_modified_time":"2019-01-15T15:20:43+00:00","og_image":[{"width":640,"height":360,"url":"https:\/\/videomappingcenter.com\/wp-content\/uploads\/2017\/09\/video-madlab-lhybride-lille-fran.jpg","type":"image\/jpeg"}],"author":"Webmaster","twitter_card":"summary_large_image","twitter_misc":{"Written by":"Webmaster","Est. reading time":"1 minute"},"schema":{"@context":"https:\/\/schema.org","@graph":[{"@type":"Article","@id":"https:\/\/videomappingcenter.com\/video-madlab-lhybride-lille-france-digital-stories-festival-international-court-metrage-2013\/#article","isPartOf":{"@id":"https:\/\/videomappingcenter.com\/video-madlab-lhybride-lille-france-digital-stories-festival-international-court-metrage-2013\/"},"author":{"name":"Webmaster","@id":"https:\/\/videomappingcenter.com\/?lang=en\/#\/schema\/person\/b4e7ccbceddeda732fa7de831d7b0c1c"},"headline":"MADLAB \u2013 L\u2019hybride, Lille, France \u2013 Digital Stories, Festival International du Court M\u00e9trage 2013","datePublished":"2013-11-12T17:16:51+00:00","dateModified":"2019-01-15T15:20:43+00:00","mainEntityOfPage":{"@id":"https:\/\/videomappingcenter.com\/video-madlab-lhybride-lille-france-digital-stories-festival-international-court-metrage-2013\/"},"wordCount":281,"publisher":{"@id":"https:\/\/videomappingcenter.com\/?lang=en\/#organization"},"image":{"@id":"https:\/\/videomappingcenter.com\/video-madlab-lhybride-lille-france-digital-stories-festival-international-court-metrage-2013\/#primaryimage"},"thumbnailUrl":"https:\/\/videomappingcenter.com\/wp-content\/uploads\/2017\/09\/video-madlab-lhybride-lille-fran.jpg","keywords":["1minute69","2013","Aur\u00e9lie Dumaret","Digital Stories","\u00c9milie Villemagne","Ephemeral","\u00c9tienne Landon","Festival International du Court M\u00e9trage","Hauts-de-France","Immersive","Indoor","Installation","interactive","L'hybride","Lille","Myriam Adjalle","Residency"],"articleSection":["Residency"],"inLanguage":"en-US"},{"@type":"WebPage","@id":"https:\/\/videomappingcenter.com\/video-madlab-lhybride-lille-france-digital-stories-festival-international-court-metrage-2013\/","url":"https:\/\/videomappingcenter.com\/video-madlab-lhybride-lille-france-digital-stories-festival-international-court-metrage-2013\/","name":"MADLAB \u2013 L\u2019hybride, Lille, France \u2013 Digital Stories, Festival International du Court M\u00e9trage 2013 | Video Mapping European Center","isPartOf":{"@id":"https:\/\/videomappingcenter.com\/?lang=en\/#website"},"primaryImageOfPage":{"@id":"https:\/\/videomappingcenter.com\/video-madlab-lhybride-lille-france-digital-stories-festival-international-court-metrage-2013\/#primaryimage"},"image":{"@id":"https:\/\/videomappingcenter.com\/video-madlab-lhybride-lille-france-digital-stories-festival-international-court-metrage-2013\/#primaryimage"},"thumbnailUrl":"https:\/\/videomappingcenter.com\/wp-content\/uploads\/2017\/09\/video-madlab-lhybride-lille-fran.jpg","datePublished":"2013-11-12T17:16:51+00:00","dateModified":"2019-01-15T15:20:43+00:00","breadcrumb":{"@id":"https:\/\/videomappingcenter.com\/video-madlab-lhybride-lille-france-digital-stories-festival-international-court-metrage-2013\/#breadcrumb"},"inLanguage":"en-US","potentialAction":[{"@type":"ReadAction","target":["https:\/\/videomappingcenter.com\/video-madlab-lhybride-lille-france-digital-stories-festival-international-court-metrage-2013\/"]}]},{"@type":"ImageObject","inLanguage":"en-US","@id":"https:\/\/videomappingcenter.com\/video-madlab-lhybride-lille-france-digital-stories-festival-international-court-metrage-2013\/#primaryimage","url":"https:\/\/videomappingcenter.com\/wp-content\/uploads\/2017\/09\/video-madlab-lhybride-lille-fran.jpg","contentUrl":"https:\/\/videomappingcenter.com\/wp-content\/uploads\/2017\/09\/video-madlab-lhybride-lille-fran.jpg","width":640,"height":360},{"@type":"BreadcrumbList","@id":"https:\/\/videomappingcenter.com\/video-madlab-lhybride-lille-france-digital-stories-festival-international-court-metrage-2013\/#breadcrumb","itemListElement":[{"@type":"ListItem","position":1,"name":"Accueil","item":"https:\/\/videomappingcenter.com\/"},{"@type":"ListItem","position":2,"name":"MADLAB \u2013 L\u2019hybride, Lille, France \u2013 Digital Stories, Festival International du Court M\u00e9trage 2013"}]},{"@type":"WebSite","@id":"https:\/\/videomappingcenter.com\/?lang=en\/#website","url":"https:\/\/videomappingcenter.com\/?lang=en\/","name":"Video Mapping European Center","description":"Video Mapping European Center","publisher":{"@id":"https:\/\/videomappingcenter.com\/?lang=en\/#organization"},"potentialAction":[{"@type":"SearchAction","target":{"@type":"EntryPoint","urlTemplate":"https:\/\/videomappingcenter.com\/?lang=en\/?s={search_term_string}"},"query-input":{"@type":"PropertyValueSpecification","valueRequired":true,"valueName":"search_term_string"}}],"inLanguage":"en-US"},{"@type":"Organization","@id":"https:\/\/videomappingcenter.com\/?lang=en\/#organization","name":"Video Mapping European Center","url":"https:\/\/videomappingcenter.com\/?lang=en\/","logo":{"@type":"ImageObject","inLanguage":"en-US","@id":"https:\/\/videomappingcenter.com\/?lang=en\/#\/schema\/logo\/image\/","url":"https:\/\/videomappingcenter.com\/wp-content\/uploads\/2017\/07\/logo-v3.png","contentUrl":"https:\/\/videomappingcenter.com\/wp-content\/uploads\/2017\/07\/logo-v3.png","width":300,"height":135,"caption":"Video Mapping European Center"},"image":{"@id":"https:\/\/videomappingcenter.com\/?lang=en\/#\/schema\/logo\/image\/"}},{"@type":"Person","@id":"https:\/\/videomappingcenter.com\/?lang=en\/#\/schema\/person\/b4e7ccbceddeda732fa7de831d7b0c1c","name":"Webmaster","image":{"@type":"ImageObject","inLanguage":"en-US","@id":"https:\/\/videomappingcenter.com\/?lang=en\/#\/schema\/person\/image\/","url":"https:\/\/videomappingcenter.com\/wp-content\/uploads\/2017\/07\/avatar.jpg","contentUrl":"https:\/\/videomappingcenter.com\/wp-content\/uploads\/2017\/07\/avatar.jpg","caption":"Webmaster"}}]}},"_links":{"self":[{"href":"https:\/\/videomappingcenter.com\/en\/wp-json\/wp\/v2\/posts\/1823","targetHints":{"allow":["GET"]}}],"collection":[{"href":"https:\/\/videomappingcenter.com\/en\/wp-json\/wp\/v2\/posts"}],"about":[{"href":"https:\/\/videomappingcenter.com\/en\/wp-json\/wp\/v2\/types\/post"}],"author":[{"embeddable":true,"href":"https:\/\/videomappingcenter.com\/en\/wp-json\/wp\/v2\/users\/2"}],"replies":[{"embeddable":true,"href":"https:\/\/videomappingcenter.com\/en\/wp-json\/wp\/v2\/comments?post=1823"}],"version-history":[{"count":0,"href":"https:\/\/videomappingcenter.com\/en\/wp-json\/wp\/v2\/posts\/1823\/revisions"}],"wp:featuredmedia":[{"embeddable":true,"href":"https:\/\/videomappingcenter.com\/en\/wp-json\/wp\/v2\/media\/1240"}],"wp:attachment":[{"href":"https:\/\/videomappingcenter.com\/en\/wp-json\/wp\/v2\/media?parent=1823"}],"wp:term":[{"taxonomy":"category","embeddable":true,"href":"https:\/\/videomappingcenter.com\/en\/wp-json\/wp\/v2\/categories?post=1823"},{"taxonomy":"post_tag","embeddable":true,"href":"https:\/\/videomappingcenter.com\/en\/wp-json\/wp\/v2\/tags?post=1823"},{"taxonomy":"item-prod","embeddable":true,"href":"https:\/\/videomappingcenter.com\/en\/wp-json\/wp\/v2\/item-prod?post=1823"},{"taxonomy":"item-mapping","embeddable":true,"href":"https:\/\/videomappingcenter.com\/en\/wp-json\/wp\/v2\/item-mapping?post=1823"},{"taxonomy":"item-lieu","embeddable":true,"href":"https:\/\/videomappingcenter.com\/en\/wp-json\/wp\/v2\/item-lieu?post=1823"},{"taxonomy":"item-dates","embeddable":true,"href":"https:\/\/videomappingcenter.com\/en\/wp-json\/wp\/v2\/item-dates?post=1823"}],"curies":[{"name":"wp","href":"https:\/\/api.w.org\/{rel}","templated":true}]}}