{"id":1833,"date":"2016-04-12T04:29:35","date_gmt":"2016-04-12T02:29:35","guid":{"rendered":"https:\/\/videomappingcenter.com\/2016\/04\/12\/mapping-lopera-de-lille-euranim-fete-de-lanim-2016\/"},"modified":"2019-01-14T17:25:35","modified_gmt":"2019-01-14T16:25:35","slug":"mapping-lopera-de-lille-euranim-fete-de-lanim-2016","status":"publish","type":"post","link":"https:\/\/videomappingcenter.com\/en\/mapping-lopera-de-lille-euranim-fete-de-lanim-2016\/","title":{"rendered":"VIDEO MAPPING ON LILLE OPERA HOUSE \u2013 Euranim, F\u00eate de l\u2019anim\u2019 2016"},"content":{"rendered":"<p><iframe loading=\"lazy\" src=\"https:\/\/player.vimeo.com\/video\/162508650?app_id=122963\" width=\"1104\" height=\"621\" frameborder=\"0\" title=\"Mapping : OP&Eacute;RA DE LILLE, F&ecirc;te de l&#039;anim&#039; 2016 (workshop) - 25 mars 2016\" allow=\"autoplay; fullscreen\" allowfullscreen><\/iframe><\/p>\n<p>Video mapping piece created especially for the F\u00eate de l\u2019Anim by students from the leading European animation schools and professionals, on the theme of &#8220;Monsters, Witches and Wizards&#8221;, during a workshop supervised by Tam\u00e1s Z\u00e1dor, creator of the Hungarian collective Ki\u00e9g\u0151 Izz\u00f3k (Glowing Bulbs), and Lille artists Ludovic Burczykowski, Samy Barras and Maud Sertour (sound design:  Aleksi Aubry-Carlson).<\/p>\n<p><em>Workshop from 21 to 25 March 2016 at the Imaginarium (Tourcoing).<\/em><\/p>\n<p>Story freely based on a South of France tale<br \/>\nBased on an original idea by: Maud&#038;Samy<br \/>\nSupervision: Ludovic Burczykowski et Tam\u00e1s Z\u00e1dor<br \/>\nSound creation: Aleksi Aubry-Carlson<\/p>\n<p><strong>Beast Apparition<\/strong><br \/>\nJulien Chelles<br \/>\nClaudia Cortes<br \/>\nMa\u00ebva Jacques<br \/>\nFlorian Petre<br \/>\nLa Cambre, ENSAV (Brussels, Belgium)<\/p>\n<p><strong>Danger in the Forest<\/strong><br \/>\nAlexandre Beddelem<br \/>\nHugo Braillon<br \/>\nSophia El Boukili<br \/>\nHugo Kornyeli<br \/>\ne-artsup (Lille, France)<\/p>\n<p><strong>Fight<\/strong><br \/>\nFlorent Boutteville<br \/>\nCorentin Chazal<br \/>\nHamza Mrabet<br \/>\nAlexandre Pershman<br \/>\n3axes Institut (Tourcoing, France)<\/p>\n<p><strong>Runaway<\/strong><br \/>\nLevi Letor<br \/>\nBrendan McGeary<br \/>\nHowest &#8211; Digital Arts and Entertainment (Kortrijk, Belgium)<br \/>\nJasmine Hoey<br \/>\nMary Porter<br \/>\nPlymouth College of Art (Plymouth, United Kingdom)<\/p>\n<p><strong>A woman arrives<\/strong><br \/>\nCha-ryung Kim<br \/>\nHae-in Yoon<br \/>\nShin-hye Yoon<br \/>\nChung-Ang University (Seoul, South Korea)<br \/>\nDaniel Scott<br \/>\nKASK, School of Arts (Gent, Belgium)<\/p>\n<p><strong>Danger in the water<\/strong><br \/>\nFrida Lindholm<br \/>\nFanni Maliniemi<br \/>\nTUAS Arts Academy (Turku, Finland)<br \/>\nLaura H\u00f8jberg Kunov<br \/>\nEbbe Lindballe L\u00f8nborg<br \/>\nThe Animation Workshop \/ VIA University College (Viborg, Denmark)<\/p>\n<p><strong>Friendship<\/strong><br \/>\nBence Hlavaty<br \/>\nM\u00e1rton T\u0151k\u00e9s<br \/>\nMOME (Budapest, Hungary)<br \/>\nCl\u00e9ment Lev\u00eaque<br \/>\n\u00c9saat (Roubaix, France)<br \/>\nTazio Coolidge<br \/>\nThe Animation Workshop \/ VIA University College (Viborg, Denmark)<\/p>\n<p><strong>Killing the beast<\/strong><br \/>\nPaul Eug\u00e8ne Dannaud<br \/>\nRomane Faure<br \/>\nAlice Lefort<br \/>\nRobin Merle<br \/>\nSupinfocom Rubika (Valenciennes, France)<\/p>\n<p><strong>Celebration<\/strong><br \/>\nMarius Dalle<br \/>\nEmma Keirle<br \/>\nRenaud Roquette<br \/>\nThomas Vallentin<br \/>\nP\u00f4le IIID (Roubaix, France)<\/p>\n<p><strong>Additional animation<\/strong><br \/>\nMaud&amp;Samy &#8211; Eva Navaux<\/p>\n<p><em>With support from: Union europ\u00e9enne, programme Europe cr\u00e9ative, projet Euranim, Ville de Lille, R\u00e9gion Hauts-de-France Nord Pas de Calais &#8211; Picardie, Op\u00e9ra de Lille, Manganelli<\/em><\/p>\n<div class=\"simple-taxonomy\">\n\t<div class=\"taxonomy-item-prod\"><a href=\"https:\/\/videomappingcenter.com\/en\/item-prod\/evenement\/\" rel=\"tag\">Event<\/a>, <a href=\"https:\/\/videomappingcenter.com\/en\/item-prod\/training\/\" rel=\"tag\">Training<\/a><\/div>\n\t<div class=\"taxonomy-item-mapping\"><a href=\"https:\/\/videomappingcenter.com\/en\/item-mapping\/mapping-monumental-en\/\" rel=\"tag\">Monument video mapping<\/a><\/div>\n\t<div class=\"taxonomy-item-lieu\"><a href=\"https:\/\/videomappingcenter.com\/en\/item-lieu\/hauts-de-france-en\/\" rel=\"tag\">Hauts-de-France<\/a><\/div>\n\t<div class=\"taxonomy-item-dates\"><a href=\"https:\/\/videomappingcenter.com\/en\/item-dates\/2016-en\/\" rel=\"tag\">2016<\/a><\/div>\n\n<\/div>\n","protected":false},"excerpt":{"rendered":"<p>Video mapping piece created especially for the F\u00eate de l\u2019Anim by students from the leading European animation schools and professionals, on the theme of &#8220;Monsters, Witches and Wizards&#8221;, during a workshop supervised by Tam\u00e1s Z\u00e1dor, creator of the Hungarian collective Ki\u00e9g\u0151 Izz\u00f3k (Glowing Bulbs), and Lille artists Ludovic Burczykowski, Samy Barras and Maud Sertour (sound [&hellip;]<\/p>\n<div class=\"simple-taxonomy\">\n\t<div class=\"taxonomy-item-prod\"><a href=\"https:\/\/videomappingcenter.com\/en\/item-prod\/evenement\/\" rel=\"tag\">Event<\/a>, <a href=\"https:\/\/videomappingcenter.com\/en\/item-prod\/training\/\" rel=\"tag\">Training<\/a><\/div>\n\t<div class=\"taxonomy-item-mapping\"><a href=\"https:\/\/videomappingcenter.com\/en\/item-mapping\/mapping-monumental-en\/\" rel=\"tag\">Monument video mapping<\/a><\/div>\n\t<div class=\"taxonomy-item-lieu\"><a href=\"https:\/\/videomappingcenter.com\/en\/item-lieu\/hauts-de-france-en\/\" rel=\"tag\">Hauts-de-France<\/a><\/div>\n\t<div class=\"taxonomy-item-dates\"><a href=\"https:\/\/videomappingcenter.com\/en\/item-dates\/2016-en\/\" rel=\"tag\">2016<\/a><\/div>\n\n<\/div>\n","protected":false},"author":2,"featured_media":1586,"comment_status":"closed","ping_status":"closed","sticky":false,"template":"","format":"standard","meta":{"footnotes":""},"categories":[150,145],"tags":[235,342,124,344,577,243,117,131,141,136,135,120,251,253,110,116,261,340,103],"item-prod":[157,153],"item-mapping":[277],"item-lieu":[281],"item-dates":[284],"class_list":["post-1833","post","type-post","status-publish","format-standard","has-post-thumbnail","hentry","category-others-events","category-workshop-en","tag-2016-en","tag-aleksi-aubry-carlson-en","tag-transcient","tag-euranim-en","tag-eva-navaux-en","tag-fete-de-lanim-en","tag-front","tag-hauts-de-france-en","tag-lille-en-2","tag-lille-en","tag-lille-opera-house","tag-linear","tag-ludovic-burczykowski-en","tag-maud-sertour-en","tag-monument-video-mapping","tag-outdoor","tag-samy-barras-en","tag-tamas-zador-en","tag-workshop-en","item-prod-evenement","item-prod-training","item-mapping-mapping-monumental-en","item-lieu-hauts-de-france-en","item-dates-2016-en"],"yoast_head":"<!-- This site is optimized with the Yoast SEO plugin v25.8 - https:\/\/yoast.com\/wordpress\/plugins\/seo\/ -->\n<title>VIDEO MAPPING ON LILLE OPERA HOUSE \u2013 Euranim, F\u00eate de l\u2019anim\u2019 2016 | Video Mapping European Center<\/title>\n<meta name=\"robots\" content=\"index, follow, max-snippet:-1, max-image-preview:large, max-video-preview:-1\" \/>\n<link rel=\"canonical\" href=\"https:\/\/videomappingcenter.com\/mapping-lopera-de-lille-euranim-fete-de-lanim-2016\/\" \/>\n<meta property=\"og:locale\" content=\"en_US\" \/>\n<meta property=\"og:type\" content=\"article\" \/>\n<meta property=\"og:title\" content=\"VIDEO MAPPING ON LILLE OPERA HOUSE \u2013 Euranim, F\u00eate de l\u2019anim\u2019 2016 | Video Mapping European Center\" \/>\n<meta property=\"og:description\" content=\"Video mapping piece created especially for the F\u00eate de l\u2019Anim by students from the leading European animation schools and professionals, on the theme of &#8220;Monsters, Witches and Wizards&#8221;, during a workshop supervised by Tam\u00e1s Z\u00e1dor, creator of the Hungarian collective Ki\u00e9g\u0151 Izz\u00f3k (Glowing Bulbs), and Lille artists Ludovic Burczykowski, Samy Barras and Maud Sertour (sound [&hellip;]\" \/>\n<meta property=\"og:url\" content=\"https:\/\/videomappingcenter.com\/mapping-lopera-de-lille-euranim-fete-de-lanim-2016\/\" \/>\n<meta property=\"og:site_name\" content=\"Video Mapping European Center\" \/>\n<meta property=\"article:published_time\" content=\"2016-04-12T02:29:35+00:00\" \/>\n<meta property=\"article:modified_time\" content=\"2019-01-14T16:25:35+00:00\" \/>\n<meta property=\"og:image\" content=\"https:\/\/videomappingcenter.com\/wp-content\/uploads\/2017\/09\/mapping-sur-lopera-de-lille-eura.jpg\" \/>\n\t<meta property=\"og:image:width\" content=\"640\" \/>\n\t<meta property=\"og:image:height\" content=\"426\" \/>\n\t<meta property=\"og:image:type\" content=\"image\/jpeg\" \/>\n<meta name=\"author\" content=\"Webmaster\" \/>\n<meta name=\"twitter:card\" content=\"summary_large_image\" \/>\n<meta name=\"twitter:label1\" content=\"Written by\" \/>\n\t<meta name=\"twitter:data1\" content=\"Webmaster\" \/>\n\t<meta name=\"twitter:label2\" content=\"Est. reading time\" \/>\n\t<meta name=\"twitter:data2\" content=\"2 minutes\" \/>\n<script type=\"application\/ld+json\" class=\"yoast-schema-graph\">{\"@context\":\"https:\/\/schema.org\",\"@graph\":[{\"@type\":\"Article\",\"@id\":\"https:\/\/videomappingcenter.com\/mapping-lopera-de-lille-euranim-fete-de-lanim-2016\/#article\",\"isPartOf\":{\"@id\":\"https:\/\/videomappingcenter.com\/mapping-lopera-de-lille-euranim-fete-de-lanim-2016\/\"},\"author\":{\"name\":\"Webmaster\",\"@id\":\"https:\/\/videomappingcenter.com\/?lang=en\/#\/schema\/person\/b4e7ccbceddeda732fa7de831d7b0c1c\"},\"headline\":\"VIDEO MAPPING ON LILLE OPERA HOUSE \u2013 Euranim, F\u00eate de l\u2019anim\u2019 2016\",\"datePublished\":\"2016-04-12T02:29:35+00:00\",\"dateModified\":\"2019-01-14T16:25:35+00:00\",\"mainEntityOfPage\":{\"@id\":\"https:\/\/videomappingcenter.com\/mapping-lopera-de-lille-euranim-fete-de-lanim-2016\/\"},\"wordCount\":332,\"publisher\":{\"@id\":\"https:\/\/videomappingcenter.com\/?lang=en\/#organization\"},\"image\":{\"@id\":\"https:\/\/videomappingcenter.com\/mapping-lopera-de-lille-euranim-fete-de-lanim-2016\/#primaryimage\"},\"thumbnailUrl\":\"https:\/\/videomappingcenter.com\/wp-content\/uploads\/2017\/09\/mapping-sur-lopera-de-lille-eura.jpg\",\"keywords\":[\"2016\",\"Aleksi Aubry-Carlson\",\"Ephemeral\",\"Euranim\",\"Eva Navaux\",\"F\u00eate de l\u2019anim\u2019\",\"Frontal\",\"Hauts-de-France\",\"Lille\",\"Lille\",\"Lille Opera House\",\"linear\",\"Ludovic Burczykowski\",\"Maud Sertour\",\"Monument video mapping\",\"Outdoor\",\"Samy Barras\",\"Tam\u00e1s Z\u00e1dor\",\"Workshop\"],\"articleSection\":[\"Other Events\",\"Workshop\"],\"inLanguage\":\"en-US\"},{\"@type\":\"WebPage\",\"@id\":\"https:\/\/videomappingcenter.com\/mapping-lopera-de-lille-euranim-fete-de-lanim-2016\/\",\"url\":\"https:\/\/videomappingcenter.com\/mapping-lopera-de-lille-euranim-fete-de-lanim-2016\/\",\"name\":\"VIDEO MAPPING ON LILLE OPERA HOUSE \u2013 Euranim, F\u00eate de l\u2019anim\u2019 2016 | Video Mapping European Center\",\"isPartOf\":{\"@id\":\"https:\/\/videomappingcenter.com\/?lang=en\/#website\"},\"primaryImageOfPage\":{\"@id\":\"https:\/\/videomappingcenter.com\/mapping-lopera-de-lille-euranim-fete-de-lanim-2016\/#primaryimage\"},\"image\":{\"@id\":\"https:\/\/videomappingcenter.com\/mapping-lopera-de-lille-euranim-fete-de-lanim-2016\/#primaryimage\"},\"thumbnailUrl\":\"https:\/\/videomappingcenter.com\/wp-content\/uploads\/2017\/09\/mapping-sur-lopera-de-lille-eura.jpg\",\"datePublished\":\"2016-04-12T02:29:35+00:00\",\"dateModified\":\"2019-01-14T16:25:35+00:00\",\"breadcrumb\":{\"@id\":\"https:\/\/videomappingcenter.com\/mapping-lopera-de-lille-euranim-fete-de-lanim-2016\/#breadcrumb\"},\"inLanguage\":\"en-US\",\"potentialAction\":[{\"@type\":\"ReadAction\",\"target\":[\"https:\/\/videomappingcenter.com\/mapping-lopera-de-lille-euranim-fete-de-lanim-2016\/\"]}]},{\"@type\":\"ImageObject\",\"inLanguage\":\"en-US\",\"@id\":\"https:\/\/videomappingcenter.com\/mapping-lopera-de-lille-euranim-fete-de-lanim-2016\/#primaryimage\",\"url\":\"https:\/\/videomappingcenter.com\/wp-content\/uploads\/2017\/09\/mapping-sur-lopera-de-lille-eura.jpg\",\"contentUrl\":\"https:\/\/videomappingcenter.com\/wp-content\/uploads\/2017\/09\/mapping-sur-lopera-de-lille-eura.jpg\",\"width\":640,\"height\":426},{\"@type\":\"BreadcrumbList\",\"@id\":\"https:\/\/videomappingcenter.com\/mapping-lopera-de-lille-euranim-fete-de-lanim-2016\/#breadcrumb\",\"itemListElement\":[{\"@type\":\"ListItem\",\"position\":1,\"name\":\"Accueil\",\"item\":\"https:\/\/videomappingcenter.com\/\"},{\"@type\":\"ListItem\",\"position\":2,\"name\":\"VIDEO MAPPING ON LILLE OPERA HOUSE \u2013 Euranim, F\u00eate de l\u2019anim\u2019 2016\"}]},{\"@type\":\"WebSite\",\"@id\":\"https:\/\/videomappingcenter.com\/?lang=en\/#website\",\"url\":\"https:\/\/videomappingcenter.com\/?lang=en\/\",\"name\":\"Video Mapping European Center\",\"description\":\"Video Mapping European Center\",\"publisher\":{\"@id\":\"https:\/\/videomappingcenter.com\/?lang=en\/#organization\"},\"potentialAction\":[{\"@type\":\"SearchAction\",\"target\":{\"@type\":\"EntryPoint\",\"urlTemplate\":\"https:\/\/videomappingcenter.com\/?lang=en\/?s={search_term_string}\"},\"query-input\":{\"@type\":\"PropertyValueSpecification\",\"valueRequired\":true,\"valueName\":\"search_term_string\"}}],\"inLanguage\":\"en-US\"},{\"@type\":\"Organization\",\"@id\":\"https:\/\/videomappingcenter.com\/?lang=en\/#organization\",\"name\":\"Video Mapping European Center\",\"url\":\"https:\/\/videomappingcenter.com\/?lang=en\/\",\"logo\":{\"@type\":\"ImageObject\",\"inLanguage\":\"en-US\",\"@id\":\"https:\/\/videomappingcenter.com\/?lang=en\/#\/schema\/logo\/image\/\",\"url\":\"https:\/\/videomappingcenter.com\/wp-content\/uploads\/2017\/07\/logo-v3.png\",\"contentUrl\":\"https:\/\/videomappingcenter.com\/wp-content\/uploads\/2017\/07\/logo-v3.png\",\"width\":300,\"height\":135,\"caption\":\"Video Mapping European Center\"},\"image\":{\"@id\":\"https:\/\/videomappingcenter.com\/?lang=en\/#\/schema\/logo\/image\/\"}},{\"@type\":\"Person\",\"@id\":\"https:\/\/videomappingcenter.com\/?lang=en\/#\/schema\/person\/b4e7ccbceddeda732fa7de831d7b0c1c\",\"name\":\"Webmaster\",\"image\":{\"@type\":\"ImageObject\",\"inLanguage\":\"en-US\",\"@id\":\"https:\/\/videomappingcenter.com\/?lang=en\/#\/schema\/person\/image\/\",\"url\":\"https:\/\/videomappingcenter.com\/wp-content\/uploads\/2017\/07\/avatar.jpg\",\"contentUrl\":\"https:\/\/videomappingcenter.com\/wp-content\/uploads\/2017\/07\/avatar.jpg\",\"caption\":\"Webmaster\"}}]}<\/script>\n<!-- \/ Yoast SEO plugin. -->","yoast_head_json":{"title":"VIDEO MAPPING ON LILLE OPERA HOUSE \u2013 Euranim, F\u00eate de l\u2019anim\u2019 2016 | Video Mapping European Center","robots":{"index":"index","follow":"follow","max-snippet":"max-snippet:-1","max-image-preview":"max-image-preview:large","max-video-preview":"max-video-preview:-1"},"canonical":"https:\/\/videomappingcenter.com\/mapping-lopera-de-lille-euranim-fete-de-lanim-2016\/","og_locale":"en_US","og_type":"article","og_title":"VIDEO MAPPING ON LILLE OPERA HOUSE \u2013 Euranim, F\u00eate de l\u2019anim\u2019 2016 | Video Mapping European Center","og_description":"Video mapping piece created especially for the F\u00eate de l\u2019Anim by students from the leading European animation schools and professionals, on the theme of &#8220;Monsters, Witches and Wizards&#8221;, during a workshop supervised by Tam\u00e1s Z\u00e1dor, creator of the Hungarian collective Ki\u00e9g\u0151 Izz\u00f3k (Glowing Bulbs), and Lille artists Ludovic Burczykowski, Samy Barras and Maud Sertour (sound [&hellip;]","og_url":"https:\/\/videomappingcenter.com\/mapping-lopera-de-lille-euranim-fete-de-lanim-2016\/","og_site_name":"Video Mapping European Center","article_published_time":"2016-04-12T02:29:35+00:00","article_modified_time":"2019-01-14T16:25:35+00:00","og_image":[{"width":640,"height":426,"url":"https:\/\/videomappingcenter.com\/wp-content\/uploads\/2017\/09\/mapping-sur-lopera-de-lille-eura.jpg","type":"image\/jpeg"}],"author":"Webmaster","twitter_card":"summary_large_image","twitter_misc":{"Written by":"Webmaster","Est. reading time":"2 minutes"},"schema":{"@context":"https:\/\/schema.org","@graph":[{"@type":"Article","@id":"https:\/\/videomappingcenter.com\/mapping-lopera-de-lille-euranim-fete-de-lanim-2016\/#article","isPartOf":{"@id":"https:\/\/videomappingcenter.com\/mapping-lopera-de-lille-euranim-fete-de-lanim-2016\/"},"author":{"name":"Webmaster","@id":"https:\/\/videomappingcenter.com\/?lang=en\/#\/schema\/person\/b4e7ccbceddeda732fa7de831d7b0c1c"},"headline":"VIDEO MAPPING ON LILLE OPERA HOUSE \u2013 Euranim, F\u00eate de l\u2019anim\u2019 2016","datePublished":"2016-04-12T02:29:35+00:00","dateModified":"2019-01-14T16:25:35+00:00","mainEntityOfPage":{"@id":"https:\/\/videomappingcenter.com\/mapping-lopera-de-lille-euranim-fete-de-lanim-2016\/"},"wordCount":332,"publisher":{"@id":"https:\/\/videomappingcenter.com\/?lang=en\/#organization"},"image":{"@id":"https:\/\/videomappingcenter.com\/mapping-lopera-de-lille-euranim-fete-de-lanim-2016\/#primaryimage"},"thumbnailUrl":"https:\/\/videomappingcenter.com\/wp-content\/uploads\/2017\/09\/mapping-sur-lopera-de-lille-eura.jpg","keywords":["2016","Aleksi Aubry-Carlson","Ephemeral","Euranim","Eva Navaux","F\u00eate de l\u2019anim\u2019","Frontal","Hauts-de-France","Lille","Lille","Lille Opera House","linear","Ludovic Burczykowski","Maud Sertour","Monument video mapping","Outdoor","Samy Barras","Tam\u00e1s Z\u00e1dor","Workshop"],"articleSection":["Other Events","Workshop"],"inLanguage":"en-US"},{"@type":"WebPage","@id":"https:\/\/videomappingcenter.com\/mapping-lopera-de-lille-euranim-fete-de-lanim-2016\/","url":"https:\/\/videomappingcenter.com\/mapping-lopera-de-lille-euranim-fete-de-lanim-2016\/","name":"VIDEO MAPPING ON LILLE OPERA HOUSE \u2013 Euranim, F\u00eate de l\u2019anim\u2019 2016 | Video Mapping European Center","isPartOf":{"@id":"https:\/\/videomappingcenter.com\/?lang=en\/#website"},"primaryImageOfPage":{"@id":"https:\/\/videomappingcenter.com\/mapping-lopera-de-lille-euranim-fete-de-lanim-2016\/#primaryimage"},"image":{"@id":"https:\/\/videomappingcenter.com\/mapping-lopera-de-lille-euranim-fete-de-lanim-2016\/#primaryimage"},"thumbnailUrl":"https:\/\/videomappingcenter.com\/wp-content\/uploads\/2017\/09\/mapping-sur-lopera-de-lille-eura.jpg","datePublished":"2016-04-12T02:29:35+00:00","dateModified":"2019-01-14T16:25:35+00:00","breadcrumb":{"@id":"https:\/\/videomappingcenter.com\/mapping-lopera-de-lille-euranim-fete-de-lanim-2016\/#breadcrumb"},"inLanguage":"en-US","potentialAction":[{"@type":"ReadAction","target":["https:\/\/videomappingcenter.com\/mapping-lopera-de-lille-euranim-fete-de-lanim-2016\/"]}]},{"@type":"ImageObject","inLanguage":"en-US","@id":"https:\/\/videomappingcenter.com\/mapping-lopera-de-lille-euranim-fete-de-lanim-2016\/#primaryimage","url":"https:\/\/videomappingcenter.com\/wp-content\/uploads\/2017\/09\/mapping-sur-lopera-de-lille-eura.jpg","contentUrl":"https:\/\/videomappingcenter.com\/wp-content\/uploads\/2017\/09\/mapping-sur-lopera-de-lille-eura.jpg","width":640,"height":426},{"@type":"BreadcrumbList","@id":"https:\/\/videomappingcenter.com\/mapping-lopera-de-lille-euranim-fete-de-lanim-2016\/#breadcrumb","itemListElement":[{"@type":"ListItem","position":1,"name":"Accueil","item":"https:\/\/videomappingcenter.com\/"},{"@type":"ListItem","position":2,"name":"VIDEO MAPPING ON LILLE OPERA HOUSE \u2013 Euranim, F\u00eate de l\u2019anim\u2019 2016"}]},{"@type":"WebSite","@id":"https:\/\/videomappingcenter.com\/?lang=en\/#website","url":"https:\/\/videomappingcenter.com\/?lang=en\/","name":"Video Mapping European Center","description":"Video Mapping European Center","publisher":{"@id":"https:\/\/videomappingcenter.com\/?lang=en\/#organization"},"potentialAction":[{"@type":"SearchAction","target":{"@type":"EntryPoint","urlTemplate":"https:\/\/videomappingcenter.com\/?lang=en\/?s={search_term_string}"},"query-input":{"@type":"PropertyValueSpecification","valueRequired":true,"valueName":"search_term_string"}}],"inLanguage":"en-US"},{"@type":"Organization","@id":"https:\/\/videomappingcenter.com\/?lang=en\/#organization","name":"Video Mapping European Center","url":"https:\/\/videomappingcenter.com\/?lang=en\/","logo":{"@type":"ImageObject","inLanguage":"en-US","@id":"https:\/\/videomappingcenter.com\/?lang=en\/#\/schema\/logo\/image\/","url":"https:\/\/videomappingcenter.com\/wp-content\/uploads\/2017\/07\/logo-v3.png","contentUrl":"https:\/\/videomappingcenter.com\/wp-content\/uploads\/2017\/07\/logo-v3.png","width":300,"height":135,"caption":"Video Mapping European Center"},"image":{"@id":"https:\/\/videomappingcenter.com\/?lang=en\/#\/schema\/logo\/image\/"}},{"@type":"Person","@id":"https:\/\/videomappingcenter.com\/?lang=en\/#\/schema\/person\/b4e7ccbceddeda732fa7de831d7b0c1c","name":"Webmaster","image":{"@type":"ImageObject","inLanguage":"en-US","@id":"https:\/\/videomappingcenter.com\/?lang=en\/#\/schema\/person\/image\/","url":"https:\/\/videomappingcenter.com\/wp-content\/uploads\/2017\/07\/avatar.jpg","contentUrl":"https:\/\/videomappingcenter.com\/wp-content\/uploads\/2017\/07\/avatar.jpg","caption":"Webmaster"}}]}},"_links":{"self":[{"href":"https:\/\/videomappingcenter.com\/en\/wp-json\/wp\/v2\/posts\/1833","targetHints":{"allow":["GET"]}}],"collection":[{"href":"https:\/\/videomappingcenter.com\/en\/wp-json\/wp\/v2\/posts"}],"about":[{"href":"https:\/\/videomappingcenter.com\/en\/wp-json\/wp\/v2\/types\/post"}],"author":[{"embeddable":true,"href":"https:\/\/videomappingcenter.com\/en\/wp-json\/wp\/v2\/users\/2"}],"replies":[{"embeddable":true,"href":"https:\/\/videomappingcenter.com\/en\/wp-json\/wp\/v2\/comments?post=1833"}],"version-history":[{"count":0,"href":"https:\/\/videomappingcenter.com\/en\/wp-json\/wp\/v2\/posts\/1833\/revisions"}],"wp:featuredmedia":[{"embeddable":true,"href":"https:\/\/videomappingcenter.com\/en\/wp-json\/wp\/v2\/media\/1586"}],"wp:attachment":[{"href":"https:\/\/videomappingcenter.com\/en\/wp-json\/wp\/v2\/media?parent=1833"}],"wp:term":[{"taxonomy":"category","embeddable":true,"href":"https:\/\/videomappingcenter.com\/en\/wp-json\/wp\/v2\/categories?post=1833"},{"taxonomy":"post_tag","embeddable":true,"href":"https:\/\/videomappingcenter.com\/en\/wp-json\/wp\/v2\/tags?post=1833"},{"taxonomy":"item-prod","embeddable":true,"href":"https:\/\/videomappingcenter.com\/en\/wp-json\/wp\/v2\/item-prod?post=1833"},{"taxonomy":"item-mapping","embeddable":true,"href":"https:\/\/videomappingcenter.com\/en\/wp-json\/wp\/v2\/item-mapping?post=1833"},{"taxonomy":"item-lieu","embeddable":true,"href":"https:\/\/videomappingcenter.com\/en\/wp-json\/wp\/v2\/item-lieu?post=1833"},{"taxonomy":"item-dates","embeddable":true,"href":"https:\/\/videomappingcenter.com\/en\/wp-json\/wp\/v2\/item-dates?post=1833"}],"curies":[{"name":"wp","href":"https:\/\/api.w.org\/{rel}","templated":true}]}}