{"id":18560,"date":"2025-04-05T21:00:49","date_gmt":"2025-04-05T19:00:49","guid":{"rendered":"https:\/\/videomappingcenter.com\/?p=18560"},"modified":"2025-11-03T13:46:56","modified_gmt":"2025-11-03T12:46:56","slug":"louvre-lens-megamix-notre-dame-de-la-treille-cathedral-lille-france-video-mapping-festival-2025","status":"publish","type":"post","link":"https:\/\/videomappingcenter.com\/en\/louvre-lens-megamix-notre-dame-de-la-treille-cathedral-lille-france-video-mapping-festival-2025\/","title":{"rendered":"LOUVRE-LENS MEGAMIX \u2013 Notre-Dame de la Treille Cathedral,\u2028Lille, France\u2028\u2013 Video Mapping Festival 2025"},"content":{"rendered":"<p style=\"text-align: justify;\"><iframe loading=\"lazy\" src=\"https:\/\/player.vimeo.com\/video\/1130947481\" width=\"640\" height=\"360\" frameborder=\"0\" allowfullscreen=\"allowfullscreen\"><span data-mce-type=\"bookmark\" style=\"display: inline-block; width: 0px; overflow: hidden; line-height: 0;\" class=\"mce_SELRES_start\"> <\/span><span data-mce-type=\"bookmark\" style=\"display: inline-block; width: 0px; overflow: hidden; line-height: 0;\" class=\"mce_SELRES_start\"> <\/span><span data-mce-type=\"bookmark\" style=\"display: inline-block; width: 0px; overflow: hidden; line-height: 0;\" class=\"mce_SELRES_start\"> <\/span><\/iframe><span class=\"s1\"><\/p>\n<p>Video mapping shown as part of the Video Mapping Festival #8.<\/p>\n<p>Based on M\u00e9gamix du Louvre-Lens, a Louvre-Lens co-production with Lens Tourisme as part of the Sainte Barbe 2024 Festival and the reopening of the new Galerie du Temps on 4<sup>th<\/sup> December 2024.<\/p>\n<p><strong>\u25ba The Louvre-Lens Megamix<\/strong><br \/>\nA dream cast sets the Lille evenings alight! The collections of the Louvre-Lens Museum come out of the \u201cGalerie du Temps\u201d and put on a show. The portraits come to life and perform intergalactic hits, creating a festive bridge between the artworks and popular culture. An invitation to dance and sing along with characters from another time. A funny, poetic and participative show.<\/p>\n<p><strong>Creation:<\/strong> INOOK (Moetu BATLLE &#038; David PASSEGAND)<\/p>\n<p><strong>Based on:<\/strong><br \/>\n<\/b><br \/>\n<b>The Chordettes \u2013 <\/b><b><i>Mr. Sandman<\/i><\/b><b> (1954)<br \/>\n<\/b><i><br \/>\nPortrait d\u2019un math\u00e9maticien tra\u00e7ant une figure de g\u00e9om\u00e9trie<br \/>\n<\/i>Ferdinand Bol, 1658<br \/>\n\u00a9 GrandPalaisRmn (mus\u00e9e du Louvre) \/ St\u00e9phane Mar\u00e9challe<\/p>\n<p><i>L\u2019Infante Marie-Marguerite de Habsbourg<\/i> (<i>1651-1673),<br \/>\n<\/i><i>fille du roi d\u2019Espagne Philippe IV (1605-1665), imp\u00e9ratrice du Saint-Empire germanique<br \/>\n<\/i>Juan Bautista Martinez Del Mazo, 1653<br \/>\n\u00a9 GrandPalaisRmn (mus\u00e9e du Louvre) \/ G\u00e9rard Blot<\/p>\n<p><b>Serge Gainsbourg et Madeline Bell \u2013 <\/b><b><i>Comic Strip <\/i><\/b><b>(1967)<\/b><\/p>\n<p><i>Le comte Alcide de La Rivalli\u00e8re<br \/>\n<\/i>Antoine-Jean Baron Gros, 1816<br \/>\n\u00a9 GrandPalaisRmn (mus\u00e9e du Louvre) \/ Herv\u00e9 Lewandowski<\/p>\n<p><i>Le Printemps<br \/>\n<\/i>Giuseppe Arcimboldo, 1573<br \/>\n\u00a9 GrandPalaisRmn (mus\u00e9e du Louvre) \/ Adrien Didierjean<\/p>\n<p><i>L\u2019\u00c9t\u00e9<br \/>\n<\/i>Giuseppe Arcimboldo, 1573<br \/>\n\u00a9 GrandPalaisRmn (mus\u00e9e du Louvre) \/ Adrien Didierjean<\/p>\n<p><i>L\u2019Automne<br \/>\n<\/i>Giuseppe Arcimboldo, 1573<br \/>\n\u00a9 GrandPalaisRmn (mus\u00e9e du Louvre) \/ Adrien Didierjean<\/p>\n<p><i>L\u2019Hiver<br \/>\n<\/i>Giuseppe Arcimboldo, 1573<br \/>\n\u00a9 GrandPalaisRmn (mus\u00e9e du Louvre) \/ Adrien Didierjean<\/p>\n<p><b>John Travolta &amp; Olivia Newton-John \u2013 <\/b><b><i>You&#8217;re The One That I Want<\/i><\/b><b> (1978)<br \/>\n<\/b><i><br \/>\nArbre g\u00e9n\u00e9alogique des trente premiers sultans ottomans<br \/>\n<\/i>Avant 1819<br \/>\n\u00a9 Mus\u00e9e du Louvre-Lens \/ Emmanuel Watteau<\/p>\n<p><i>Balthazar Castiglione (1478-1529), \u00e9crivain et diplomate<br \/>\n<\/i>Raffaello Santi dit Rapha\u00ebl, 1514\/1515<br \/>\n\u00a9 GrandPalaisRmn (mus\u00e9e du Louvre) \/ Michel Urtado<\/p>\n<p><i>Portrait de femme<br \/>\n<\/i>Giovanni Francesco Caroto, vers 1505-1510<br \/>\n\u00a9 GrandPalaisRmn (mus\u00e9e du Louvre) \/ Mathieu Rabeau<\/p>\n<p><i>Portrait de l\u2019Infante Marie Th\u00e9r\u00e8se<br \/>\n<\/i>Diego Velazquez, 1653-1654<br \/>\n\u00a9 GrandPalaisRmn (mus\u00e9e du Louvre) \/ Thierry Ollivier<\/p>\n<p><i>Hendrickje Stoffels (1626-1663), compagne de l\u2019artiste, coiff\u00e9e d\u2019un b\u00e9ret de velours<br \/>\n<\/i>Rembrandt, vers 1654<br \/>\n\u00a9 GrandPalaisRmn (mus\u00e9e du Louvre) \/ Tony Querrec<\/p>\n<p><i>Portrait de Dona Isabel de Requesens, vice-reine de Naples<\/i>,<br \/>\ndit longtemps <i>Portrait de Jeanne d\u2019Aragon (1550-1577)<br \/>\n<\/i>Raffaello Santi dit Rapha\u00ebl, Giulio Romano, 1518<br \/>\n\u00a9 GrandPalaisRmn (mus\u00e9e du Louvre) \/ Herv\u00e9 Lewandowski<\/p>\n<p><i>Portrait d\u2019une femme de la cour d\u2019Espagne<\/i><br \/>\nAttribu\u00e9 \u00e0 Juan Bautista Mart\u00ednez del Mazo, 1600-1700<br \/>\n\u00a9 GrandPalaisRmn (mus\u00e9e du Louvre) \/ Thierry Ollivier<br \/>\n<span class=\"s1\"><br \/>\n<\/span><i>Portrait de Mariana Waldstein, 9<\/i><span class=\"s2\"><i><sup>e<\/sup><\/i><\/span><i> marquise de Santa Cruz (1763-1808)<\/i><br \/>\nFrancisco de Goya y Lucientes, 1797-1799<br \/>\n\u00a9 GrandPalaisRmn (mus\u00e9e du Louvre) \/ St\u00e9phane Mar\u00e9challe<\/p>\n<p><b>Joe Dassin \u2013 <\/b><b><i>L\u2019\u00e9t\u00e9 Indien<\/i><\/b><b> (1975)<br \/>\n<\/b><i><br \/>\nPortrait de Ferdinand Philippe de Bourbon Orl\u00e9ans, duc d\u2019Orl\u00e9ans (1810-1842)<br \/>\n<\/i>Jean-Auguste-Dominique Ingres, 1842-1900<br \/>\n\u00a9 GrandPalaisRmn (mus\u00e9e du Louvre) \/ Jean-Gilles Berizzi<\/p>\n<p><b>Eminem \u2013 <\/b><b><i>My Name Is<\/i><\/b><b> (1999)<\/b><\/p>\n<p><i>Portrait d\u2019un membre de la famille Secco Suardo<br \/>\n<\/i>Vittore Ghislandi dit Fra\u2019 Galgario, vers 1710-1720<br \/>\n\u00a9 GrandPalaisRmn (mus\u00e9e du Louvre) \/ St\u00e9phane Mar\u00e9challe<\/p>\n<p><i>Antonio de Covarrubias y Leiva (1514-1602), juriste et \u00e9rudit<br \/>\n<\/i>Le Greco, vers 1597-1600<br \/>\n\u00a9 GrandPalaisRmn (mus\u00e9e du Louvre) \/ Thierry Ollivier<\/p>\n<p><b>Diam&#8217;s \u2013 <\/b><b><i>La Boulette<\/i><\/b><b> (2006)<\/b><\/p>\n<p><i>Portrait de Luis Mar\u00eda de Cistu\u00e9 y Mart\u00ednez (1788-1842)<br \/>\n<\/i>Francisco de Goya y Lucientes, 1791<br \/>\n\u00a9 GrandPalaisRmn (mus\u00e9e du Louvre) \/ Philippe Fuzeau<\/p>\n<p><b>Pierre Bachelet \u2013 <\/b><b><i>Les Corons<\/i><\/b><b> (1982)<\/b><\/p>\n<p><i>Louis-Fran\u00e7ois Bertin (1766-1841), journaliste et \u00e9crivain politique<br \/>\n<\/i>Jean-Auguste-Dominique Ingres, 1832<br \/>\n\u00a9 GrandPalaisRmn (mus\u00e9e du Louvre) \/ G\u00e9rard Blot<\/p>\n<p><i>Le Pied-Bot<br \/>\n<\/i>Jusepe de Ribera, 1642<br \/>\n\u00a9 GrandPalaisRmn (mus\u00e9e du Louvre) \/ Ang\u00e8le Dequier<\/p>\n<p><i>Le Compositeur Cherubini (1760-1842) et la Muse de la po\u00e9sie lyrique<br \/>\n<\/i>Jean-Auguste-Dominique Ingres, 1842<br \/>\n\u00a9 GrandPalaisRmn (mus\u00e9e du Louvre) \/ Franck Raux<\/p>\n<p><i>Portrait de Charles William Bell<br \/>\n<\/i>Sir Thomas Lawrence, 1797-1798<br \/>\n\u00a9 GrandPalaisRmn (mus\u00e9e du Louvre) \/ Michel Urtado<\/p>\n<p><i>Saint Jean l\u2019\u00c9vang\u00e9liste<br \/>\n<\/i>Jusepe de Robera, 1607-1608<br \/>\n\u00a9 GrandPalaisRmn (mus\u00e9e du Louvre) \/ Tony Querrec<\/p>\n<p><i>Portrait de Mr Meunier<\/i>, dit autrefois <i>Portrait de Denis Diderot<br \/>\n<\/i>Jean-Honor\u00e9 Fragonard, vers 1769<br \/>\n\u00a9 GrandPalaisRmn (mus\u00e9e du Louvre) \/ Ren\u00e9-Gabriel Oj\u00e9da<\/p>\n<p><b>Britney Spears \u2013 <\/b><b><i>&#8230;Baby One More Time<\/i><\/b><b> (1999)<br \/>\n<\/b><i><br \/>\nApollon et le berger Daphnis<br \/>\n<\/i>Pietro di Cristoforo Vannucci dit le P\u00e9rugin, vers 1495-1500<br \/>\n\u00a9 GrandPalaisRmn (mus\u00e9e du Louvre) \/ G\u00e9rard Blot<\/p>\n<p><b>IAM \u2013 <\/b><b><i>Je Danse Le Mia<\/i><\/b><b> (1994)<br \/>\n<\/b><i><br \/>\nPortrait d\u2019un inconnu<br \/>\n<\/i>Vers 225-250 apr\u00e8s J.C.<br \/>\n\u00a9 GrandPalaisRmn (mus\u00e9e du Louvre) \/ Herv\u00e9 Lewandowski<\/p>\n<p><i>Faustine<br \/>\n<\/i>1500<br \/>\n\u00a9 GrandPalaisRmn (mus\u00e9e du Louvre) \/ St\u00e9phane Mar\u00e9challe<\/p>\n<p><i>Gud\u00e9a, prince de l\u2019Etat de Lagash<br \/>\n<\/i>Vers 2120 avant J.-C.<br \/>\n\u00a9 GrandPalaisRmn (mus\u00e9e du Louvre) \/ Ren\u00e9-Gabriel Ojeda<\/p>\n<p><i>Prince Antonin, Annius Verus<br \/>\n<\/i>162-171 apr\u00e8s J-C.<br \/>\n\u00a9 GrandPalaisRmn (mus\u00e9e du Louvre) \/ Mathieu Rabeau<\/p>\n<p><i>Statue de la d\u00e9esse Minerve<br \/>\n<\/i>Vers 100-200 apr\u00e8s J.-C.<br \/>\n\u00a9 GrandPalaisRmn (mus\u00e9e du Louvre) \/ St\u00e9phane Mar\u00e9challe<\/p>\n<p><i>Buste du dieu Amon<br \/>\n<\/i>Vers 1330-1321 avant J.-C.<br \/>\n\u00a9 GrandPalaisRmn (mus\u00e9e du Louvre) \/ Herv\u00e9 Lewandowski<\/p>\n<p><i>Buste de jeune femme : princesse inconnue<br \/>\n<\/i>Francesco Laurana, vers 1485-1496<br \/>\n\u00a9 GrandPalaisRmn (mus\u00e9e du Louvre) \/ Martine Beck-Coppola<\/p>\n<p><i>Buste de Louise de Savoie (1476-1531), m\u00e8re du roi Fran\u00e7ois I<\/i><span class=\"s2\"><i><sup>er<\/sup><\/i><\/span><i> (1515-1547)<br \/>\n<\/i>Vers 1510-1515<br \/>\n\u00a9 GrandPalaisRmn (mus\u00e9e du Louvre) \/ Martine Beck-Coppola<\/p>\n<p><b>Trio \u2013 <\/b><b><i>Da Da Da<\/i><\/b><b> (1982)<br \/>\n<\/b><i>Portrait de femme<br \/>\n<\/i>Vers 150 apr\u00e8s J.-C.<br \/>\n\u00a9 GrandPalaisRmn (mus\u00e9e du Louvre) \/ Herv\u00e9 Lewandowski<\/p>\n<p><i>Portrait d\u2019homme<br \/>\n<\/i>1475-1500<br \/>\n\u00a9 GrandPalaisRmn (mus\u00e9e du Louvre) \/ Tony Querrec<\/p>\n<p><i>Le duc de Chaulnes, repr\u00e9sent\u00e9 en Hercule (1714-1769).<br \/>\n<\/i><i>Michel Ferdinand d\u2019Albert d\u2019Ailly (1714-1769), lieutenant-g\u00e9n\u00e9ral gouverneur de Picardie<br \/>\n<\/i>Jean-Marc Nattier, 1746<br \/>\n\u00a9 GrandPalaisRmn (mus\u00e9e du Louvre) \/ Adrien Didierjean<\/p>\n<p><i>David tenant la t\u00eate de Goliath<br \/>\n<\/i>Guido Reni, vers 1604-1606<br \/>\n\u00a9 GrandPalaisRmn (mus\u00e9e du Louvre) \/ Michel Urtado<\/p>\n<p><i>Autoportrait<br \/>\n<\/i>\u00c9lisabeth-Sophie Ch\u00e9ron, 1672<br \/>\n\u00a9 GrandPalaisRmn (mus\u00e9e du Louvre) \/ Franck Raux<\/p>\n<p><i>Jules-Hardouin Mansart, architecte du roi de France Louis XIV (1643-1715)<br \/>\n<\/i>Hyacinthe Rigaud, 1685<br \/>\n\u00a9 GrandPalaisRmn (mus\u00e9e du Louvre) \/ St\u00e9phane Mar\u00e9challe<\/p>\n<p><i>Portrait de Dona Isabel de Requesens, vice-reine de Naples<\/i>,<br \/>\ndit longtemps <i>Portrait de Jeanne d\u2019Aragon (1550-1577)<br \/>\n<\/i>Raffaello Santi dit Rapha\u00ebl, Giulio Romano, 1518<br \/>\n\u00a9 GrandPalaisRmn (mus\u00e9e du Louvre) \/ Herv\u00e9 Lewandowski<\/p>\n<p><i>Guillaume du Vair (1556-1621)<br \/>\n<\/i>Frans Pourbus le Jeune, vers 1616<br \/>\n\u00a9 GrandPalaisRmn (mus\u00e9e du Louvre) \/ Franck Raux<\/p>\n<p><i>V\u00e9nus et Adonis<br \/>\n<\/i>Luca Cambiaso, 1560-1565<br \/>\n\u00a9 GrandPalaisRmn (mus\u00e9e du Louvre) \/ Sylvie Chan-Liat<\/p>\n<p><i>Portrait de l\u2019artiste avec un ami<br \/>\n<\/i>Raffaello Santi dit Rapha\u00ebl, 1500-1525<br \/>\n\u00a9 GrandPalaisRmn (mus\u00e9e du Louvre) \/ G\u00e9rard Blot<\/p>\n<p><i>La Famille Dubufe<br \/>\n<\/i>Claude-Marie Dubufe, 1820<br \/>\n\u00a9 GrandPalaisRmn (mus\u00e9e du Louvre) \/ G\u00e9rard Blot<\/p>\n<p><i>V\u00e9nus et l\u2019Amour<br \/>\n<\/i>Rembrandt, vers 1657<br \/>\n\u00a9 GrandPalaisRmn (mus\u00e9e du Louvre) \/ Tony Querrec<\/p>\n<p><b>Katerine \u2013 <\/b><b><i>Louxor J&#8217;Adore<\/i><\/b><b> (2006)<\/b><\/p>\n<p><i>Portrait d\u2019un homme tenant une lettre, &#8220;en l\u2019an 1521, \u00e0 l\u2019\u00e2ge de 32 ans&#8221;<br \/>\n<\/i>Jan van Scorel, 1521<br \/>\n\u00a9 GrandPalaisRmn (mus\u00e9e du Louvre) \/ G\u00e9rard Blot<\/p>\n<p><i>R\u00e9union d\u2019amis<br \/>\n<\/i>Eustache Le Sueur, vers 1640<br \/>\n\u00a9 GrandPalaisRmn (mus\u00e9e du Louvre) \/ Michel Urtado<\/p>\n<p><i>Le Fils puni<br \/>\n<\/i>Jean-Baptiste Greuze, 1778<br \/>\n\u00a9 GrandPalaisRmn (mus\u00e9e du Louvre) \/ Michel Urtado<\/p>\n<p><i>La Vierge et l\u2019Enfant entour\u00e9s d\u2019anges musiciens<br \/>\n<\/i>Vers 1500<br \/>\n\u00a9 GrandPalaisRmn (mus\u00e9e du Louvre) \/ G\u00e9rard Blot<\/p>\n<p><i>La Lecture de la Bible<br \/>\n<\/i>Jean-Baptiste Greuze, 1755<br \/>\n\u00a9 GrandPalaisRmn (mus\u00e9e du Louvre) \/ Tony Querrec<\/p>\n<p><i>La Vierge et l\u2019Enfant entour\u00e9s de cinq anges<br \/>\n<\/i>Sandro Botticelli, 1470<br \/>\n\u00a9 GrandPalaisRmn (mus\u00e9e du Louvre) \/ G\u00e9rard Blot<\/p>\n<p><i>La Vierge et l\u2019Enfant entour\u00e9s d\u2019anges musiciens<br \/>\n<\/i>Vers 1500<br \/>\n\u00a9 GrandPalaisRmn (mus\u00e9e du Louvre) \/ G\u00e9rard Blot<\/p>\n<p><i>Portrait de la Begum Sombre<br \/>\n<\/i>Jivan Ram, 1830-1836<br \/>\n\u00a9 GrandPalaisRmn (mus\u00e9e du Louvre) \/ Jean-Gilles Berizzi<\/p>\n<p><i>Le comte Alcide de La Rivalli\u00e8re<br \/>\n<\/i>Antoine-Jean Baron Gros, 1816<br \/>\n\u00a9 GrandPalaisRmn (mus\u00e9e du Louvre) \/ Herv\u00e9 Lewandowski<\/p>\n<p><i>Saint Mathieu et l\u2019Ange<br \/>\n<\/i>Rembrandt, 1661<br \/>\n\u00a9 GrandPalaisRmn (mus\u00e9e du Louvre) \/ Ang\u00e8le Dequier<\/p>\n<p><i>Le Galant Militaire ou jeune femme \u00e0 laquelle un homme offre de l\u2019argent<br \/>\n<\/i>Gerard Ter Borch, 1625-1650<br \/>\n\u00a9 GrandPalaisRmn (mus\u00e9e du Louvre) \/ Philippe Fuzeau<\/p>\n<p><i>Anton Fugger (1493-1560), banquier et humaniste<br \/>\n<\/i>Hans Maler, vers 1500-1529<br \/>\n\u00a9 GrandPalaisRmn (mus\u00e9e du Louvre) \/ Franck Raux<\/p>\n<p><i>Les Pr\u00e9paratifs du martyre de saint S\u00e9bastien<br \/>\n<\/i>Antoon Van Dyck, 1618-1619<br \/>\n\u00a9 GrandPalaisRmn (mus\u00e9e du Louvre) \/ St\u00e9phane Mar\u00e9challe<\/p>\n<p><i>Sainte Marie-Madeleine renon\u00e7ant aux vanit\u00e9s du monde<br \/>\n<\/i>Charles Le Brun, 1654-1657<br \/>\n\u00a9 GrandPalaisRmn (mus\u00e9e du Louvre) &#8211; St\u00e9phane Mar\u00e9challe<\/p>\n<p><i>Portrait d\u2019une femme \u00e2g\u00e9e<br \/>\n<\/i>Hans Memling, vers 1480<br \/>\n\u00a9 GrandPalaisRmn (mus\u00e9e du Louvre) \/ Tony Querrec<\/p>\n<p><i>Minerve<br \/>\n<\/i>Fra Bartolomeo, 1490<br \/>\n\u00a9 GrandPalaisRmn (mus\u00e9e du Louvre) \/ Michel Urtado<\/p>\n<p><i>Portrait de l\u2019artiste sous les traits d\u2019un moqueur<br \/>\n<\/i>Joseph Ducreux, 1793<br \/>\n\u00a9 GrandPalaisRmn (mus\u00e9e du Louvre) \/ Jean-Gilles Berizzi<\/p>\n<p><i>Portrait d\u2019un homme habill\u00e9 de noir et tenant d\u2019une main ses gants<br \/>\n<\/i>Joos van Cleve, 1525-1550<br \/>\n\u00a9 GrandPalaisRmn (mus\u00e9e du Louvre) \/ G\u00e9rard Blot<\/p>\n<p><i>Portrait du peintre Joseph Vernet (1714-1789)<br \/>\n<\/i>\u00c9lisabeth Vig\u00e9e Le Brun, 1778<br \/>\n\u00a9 GrandPalaisRmn (mus\u00e9e du Louvre) \/ Jean-Gilles Berizzi<\/p>\n<p><b>AC\/DC \u2013 <\/b><b><i>Highway To Hell<\/i><\/b><b> (1979)<br \/>\n<\/b><i><br \/>\nPortrait de Juliette Blait de Villeneuve (1802-1840)<br \/>\n<\/i>Jacques-Louis David, 1824<br \/>\n\u00a9 GrandPalaisRmn (mus\u00e9e du Louvre) \/ Franck Raux<\/p>\n<p><i>Le chanteur Pierre de J\u00e9lyotte (1713-1797), dans le r\u00f4le de la nymphe Plat\u00e9e<br \/>\n<\/i>Charles Coypel, vers 1745<br \/>\n\u00a9 GrandPalaisRmn (mus\u00e9e du Louvre) \/ Franck Raux<br \/>\n&nbsp;<\/p>\n<p><strong>Video mapping tour organised by Rencontres Audiovisuelles.<\/strong><br \/>\n<em>With the support of the Hauts-de-France Region, DRAC Hauts-de-France, M\u00e9tropole Europ\u00e9enne de Lille, the City of Lille and Cr\u00e9dit Mutuel Nord Europe.<\/em><\/p>\n<p><strong>With the support of Louvre-Lens and Lens Tourisme.<\/p>\n<p>With the support of the European Union (Europe is committed to the Hauts-de-France Region through the European Regional Development Fund).<br \/>\n<img loading=\"lazy\" decoding=\"async\" src=\"https:\/\/videomappingcenter.com\/wp-content\/uploads\/2025\/10\/bande_logos_residences_EN.jpg\" alt=\"\" width=\"400\" height=\"90\" class=\"alignleft size-full wp-image-18568\" srcset=\"https:\/\/videomappingcenter.com\/wp-content\/uploads\/2025\/10\/bande_logos_residences_EN.jpg 400w, https:\/\/videomappingcenter.com\/wp-content\/uploads\/2025\/10\/bande_logos_residences_EN-300x68.jpg 300w\" sizes=\"auto, (max-width: 400px) 100vw, 400px\" \/><br \/>\n<\/br><\/br><\/p>\n<p>Thanks to: Diocese of Lille, Notre-Dame de la Treille Cathedral.<\/p>\n<p>Technical video installation sponsored by Christie.<\/strong><\/p>\n<div class=\"simple-taxonomy\">\n\t<!-- Taxonomy : item-prod : No Terms found -->\n\t<div class=\"taxonomy-item-mapping\"><a href=\"https:\/\/videomappingcenter.com\/en\/item-mapping\/mapping-monumental-en\/\" rel=\"tag\">Monument video mapping<\/a><\/div>\n\t<div class=\"taxonomy-item-lieu\"><a href=\"https:\/\/videomappingcenter.com\/en\/item-lieu\/hauts-de-france-en\/\" rel=\"tag\">Hauts-de-France<\/a><\/div>\n\t<div class=\"taxonomy-item-dates\"><a href=\"https:\/\/videomappingcenter.com\/en\/item-dates\/2025-3\/\" rel=\"tag\">2025<\/a><\/div>\n\n<\/div>\n","protected":false},"excerpt":{"rendered":"<p>Video mapping shown as part of the Video Mapping Festival #8. Based on M\u00e9gamix du Louvre-Lens, a Louvre-Lens co-production with Lens Tourisme as part of the Sainte Barbe 2024 Festival and the reopening of the new Galerie du Temps on 4th December 2024. \u25ba The Louvre-Lens Megamix A dream cast sets the Lille evenings alight! [&hellip;]<\/p>\n<div class=\"simple-taxonomy\">\n\t<!-- Taxonomy : item-prod : No Terms found -->\n\t<div class=\"taxonomy-item-mapping\"><a href=\"https:\/\/videomappingcenter.com\/en\/item-mapping\/mapping-monumental-en\/\" rel=\"tag\">Monument video mapping<\/a><\/div>\n\t<div class=\"taxonomy-item-lieu\"><a href=\"https:\/\/videomappingcenter.com\/en\/item-lieu\/hauts-de-france-en\/\" rel=\"tag\">Hauts-de-France<\/a><\/div>\n\t<div class=\"taxonomy-item-dates\"><a href=\"https:\/\/videomappingcenter.com\/en\/item-dates\/2025-3\/\" rel=\"tag\">2025<\/a><\/div>\n\n<\/div>\n","protected":false},"author":3,"featured_media":18558,"comment_status":"closed","ping_status":"closed","sticky":false,"template":"","format":"standard","meta":{"footnotes":""},"categories":[146,149],"tags":[2370,1854,124,117,136,120,110,116,108],"item-prod":[],"item-mapping":[277],"item-lieu":[281],"item-dates":[3149],"class_list":["post-18560","post","type-post","status-publish","format-standard","has-post-thumbnail","hentry","category-production-en","category-video-mapping-festival-en","tag-cathedrale-notre-dame-de-la-treille-en","tag-david-passegand-en","tag-transcient","tag-front","tag-lille-en","tag-linear","tag-monument-video-mapping","tag-outdoor","tag-video-mapping-festival-en","item-mapping-mapping-monumental-en","item-lieu-hauts-de-france-en","item-dates-2025-3"],"yoast_head":"<!-- This site is optimized with the Yoast SEO plugin v25.8 - https:\/\/yoast.com\/wordpress\/plugins\/seo\/ -->\n<title>LOUVRE-LENS MEGAMIX \u2013 Notre-Dame de la Treille Cathedral,\u2028Lille, France\u2028\u2013 Video Mapping Festival 2025 | Video Mapping European Center<\/title>\n<meta name=\"robots\" content=\"index, follow, max-snippet:-1, max-image-preview:large, max-video-preview:-1\" \/>\n<link rel=\"canonical\" href=\"https:\/\/videomappingcenter.com\/en\/louvre-lens-megamix-notre-dame-de-la-treille-cathedral-lille-france-video-mapping-festival-2025\/\" \/>\n<meta property=\"og:locale\" content=\"en_US\" \/>\n<meta property=\"og:type\" content=\"article\" \/>\n<meta property=\"og:title\" content=\"LOUVRE-LENS MEGAMIX \u2013 Notre-Dame de la Treille Cathedral,\u2028Lille, France\u2028\u2013 Video Mapping Festival 2025 | Video Mapping European Center\" \/>\n<meta property=\"og:description\" content=\"Video mapping shown as part of the Video Mapping Festival #8. Based on M\u00e9gamix du Louvre-Lens, a Louvre-Lens co-production with Lens Tourisme as part of the Sainte Barbe 2024 Festival and the reopening of the new Galerie du Temps on 4th December 2024. \u25ba The Louvre-Lens Megamix A dream cast sets the Lille evenings alight! [&hellip;]\" \/>\n<meta property=\"og:url\" content=\"https:\/\/videomappingcenter.com\/en\/louvre-lens-megamix-notre-dame-de-la-treille-cathedral-lille-france-video-mapping-festival-2025\/\" \/>\n<meta property=\"og:site_name\" content=\"Video Mapping European Center\" \/>\n<meta property=\"article:published_time\" content=\"2025-04-05T19:00:49+00:00\" \/>\n<meta property=\"article:modified_time\" content=\"2025-11-03T12:46:56+00:00\" \/>\n<meta property=\"og:image\" content=\"https:\/\/videomappingcenter.com\/wp-content\/uploads\/2025\/04\/VMF8_La_Treille.png\" \/>\n\t<meta property=\"og:image:width\" content=\"900\" \/>\n\t<meta property=\"og:image:height\" content=\"500\" \/>\n\t<meta property=\"og:image:type\" content=\"image\/png\" \/>\n<meta name=\"author\" content=\"Edimestre\" \/>\n<meta name=\"twitter:card\" content=\"summary_large_image\" \/>\n<meta name=\"twitter:label1\" content=\"Written by\" \/>\n\t<meta name=\"twitter:data1\" content=\"Edimestre\" \/>\n\t<meta name=\"twitter:label2\" content=\"Est. reading time\" \/>\n\t<meta name=\"twitter:data2\" content=\"9 minutes\" \/>\n<script type=\"application\/ld+json\" class=\"yoast-schema-graph\">{\"@context\":\"https:\/\/schema.org\",\"@graph\":[{\"@type\":\"Article\",\"@id\":\"https:\/\/videomappingcenter.com\/en\/louvre-lens-megamix-notre-dame-de-la-treille-cathedral-lille-france-video-mapping-festival-2025\/#article\",\"isPartOf\":{\"@id\":\"https:\/\/videomappingcenter.com\/en\/louvre-lens-megamix-notre-dame-de-la-treille-cathedral-lille-france-video-mapping-festival-2025\/\"},\"author\":{\"name\":\"Edimestre\",\"@id\":\"https:\/\/videomappingcenter.com\/?lang=en\/#\/schema\/person\/506136ad599d9c386ea59407d183cef8\"},\"headline\":\"LOUVRE-LENS MEGAMIX \u2013 Notre-Dame de la Treille Cathedral,\\u2028Lille, France\\u2028\u2013 Video Mapping Festival 2025\",\"datePublished\":\"2025-04-05T19:00:49+00:00\",\"dateModified\":\"2025-11-03T12:46:56+00:00\",\"mainEntityOfPage\":{\"@id\":\"https:\/\/videomappingcenter.com\/en\/louvre-lens-megamix-notre-dame-de-la-treille-cathedral-lille-france-video-mapping-festival-2025\/\"},\"wordCount\":1519,\"publisher\":{\"@id\":\"https:\/\/videomappingcenter.com\/?lang=en\/#organization\"},\"image\":{\"@id\":\"https:\/\/videomappingcenter.com\/en\/louvre-lens-megamix-notre-dame-de-la-treille-cathedral-lille-france-video-mapping-festival-2025\/#primaryimage\"},\"thumbnailUrl\":\"https:\/\/videomappingcenter.com\/wp-content\/uploads\/2025\/04\/VMF8_La_Treille.png\",\"keywords\":[\"Cath\u00e9drale Notre-Dame-de-la-Treille\",\"David Passegand\",\"Ephemeral\",\"Frontal\",\"Lille\",\"linear\",\"Monument video mapping\",\"Outdoor\",\"Video Mapping Festival\"],\"articleSection\":[\"Production\",\"Video Mapping Festival\"],\"inLanguage\":\"en-US\"},{\"@type\":\"WebPage\",\"@id\":\"https:\/\/videomappingcenter.com\/en\/louvre-lens-megamix-notre-dame-de-la-treille-cathedral-lille-france-video-mapping-festival-2025\/\",\"url\":\"https:\/\/videomappingcenter.com\/en\/louvre-lens-megamix-notre-dame-de-la-treille-cathedral-lille-france-video-mapping-festival-2025\/\",\"name\":\"LOUVRE-LENS MEGAMIX \u2013 Notre-Dame de la Treille Cathedral,\\u2028Lille, France\\u2028\u2013 Video Mapping Festival 2025 | Video Mapping European Center\",\"isPartOf\":{\"@id\":\"https:\/\/videomappingcenter.com\/?lang=en\/#website\"},\"primaryImageOfPage\":{\"@id\":\"https:\/\/videomappingcenter.com\/en\/louvre-lens-megamix-notre-dame-de-la-treille-cathedral-lille-france-video-mapping-festival-2025\/#primaryimage\"},\"image\":{\"@id\":\"https:\/\/videomappingcenter.com\/en\/louvre-lens-megamix-notre-dame-de-la-treille-cathedral-lille-france-video-mapping-festival-2025\/#primaryimage\"},\"thumbnailUrl\":\"https:\/\/videomappingcenter.com\/wp-content\/uploads\/2025\/04\/VMF8_La_Treille.png\",\"datePublished\":\"2025-04-05T19:00:49+00:00\",\"dateModified\":\"2025-11-03T12:46:56+00:00\",\"breadcrumb\":{\"@id\":\"https:\/\/videomappingcenter.com\/en\/louvre-lens-megamix-notre-dame-de-la-treille-cathedral-lille-france-video-mapping-festival-2025\/#breadcrumb\"},\"inLanguage\":\"en-US\",\"potentialAction\":[{\"@type\":\"ReadAction\",\"target\":[\"https:\/\/videomappingcenter.com\/en\/louvre-lens-megamix-notre-dame-de-la-treille-cathedral-lille-france-video-mapping-festival-2025\/\"]}]},{\"@type\":\"ImageObject\",\"inLanguage\":\"en-US\",\"@id\":\"https:\/\/videomappingcenter.com\/en\/louvre-lens-megamix-notre-dame-de-la-treille-cathedral-lille-france-video-mapping-festival-2025\/#primaryimage\",\"url\":\"https:\/\/videomappingcenter.com\/wp-content\/uploads\/2025\/04\/VMF8_La_Treille.png\",\"contentUrl\":\"https:\/\/videomappingcenter.com\/wp-content\/uploads\/2025\/04\/VMF8_La_Treille.png\",\"width\":900,\"height\":500},{\"@type\":\"BreadcrumbList\",\"@id\":\"https:\/\/videomappingcenter.com\/en\/louvre-lens-megamix-notre-dame-de-la-treille-cathedral-lille-france-video-mapping-festival-2025\/#breadcrumb\",\"itemListElement\":[{\"@type\":\"ListItem\",\"position\":1,\"name\":\"Accueil\",\"item\":\"https:\/\/videomappingcenter.com\/\"},{\"@type\":\"ListItem\",\"position\":2,\"name\":\"LOUVRE-LENS MEGAMIX \u2013 Notre-Dame de la Treille Cathedral,\\u2028Lille, France\\u2028\u2013 Video Mapping Festival 2025\"}]},{\"@type\":\"WebSite\",\"@id\":\"https:\/\/videomappingcenter.com\/?lang=en\/#website\",\"url\":\"https:\/\/videomappingcenter.com\/?lang=en\/\",\"name\":\"Video Mapping European Center\",\"description\":\"Video Mapping European Center\",\"publisher\":{\"@id\":\"https:\/\/videomappingcenter.com\/?lang=en\/#organization\"},\"potentialAction\":[{\"@type\":\"SearchAction\",\"target\":{\"@type\":\"EntryPoint\",\"urlTemplate\":\"https:\/\/videomappingcenter.com\/?lang=en\/?s={search_term_string}\"},\"query-input\":{\"@type\":\"PropertyValueSpecification\",\"valueRequired\":true,\"valueName\":\"search_term_string\"}}],\"inLanguage\":\"en-US\"},{\"@type\":\"Organization\",\"@id\":\"https:\/\/videomappingcenter.com\/?lang=en\/#organization\",\"name\":\"Video Mapping European Center\",\"url\":\"https:\/\/videomappingcenter.com\/?lang=en\/\",\"logo\":{\"@type\":\"ImageObject\",\"inLanguage\":\"en-US\",\"@id\":\"https:\/\/videomappingcenter.com\/?lang=en\/#\/schema\/logo\/image\/\",\"url\":\"https:\/\/videomappingcenter.com\/wp-content\/uploads\/2017\/07\/logo-v3.png\",\"contentUrl\":\"https:\/\/videomappingcenter.com\/wp-content\/uploads\/2017\/07\/logo-v3.png\",\"width\":300,\"height\":135,\"caption\":\"Video Mapping European Center\"},\"image\":{\"@id\":\"https:\/\/videomappingcenter.com\/?lang=en\/#\/schema\/logo\/image\/\"}},{\"@type\":\"Person\",\"@id\":\"https:\/\/videomappingcenter.com\/?lang=en\/#\/schema\/person\/506136ad599d9c386ea59407d183cef8\",\"name\":\"Edimestre\",\"image\":{\"@type\":\"ImageObject\",\"inLanguage\":\"en-US\",\"@id\":\"https:\/\/videomappingcenter.com\/?lang=en\/#\/schema\/person\/image\/\",\"url\":\"https:\/\/videomappingcenter.com\/wp-content\/uploads\/2017\/07\/avatar.jpg\",\"contentUrl\":\"https:\/\/videomappingcenter.com\/wp-content\/uploads\/2017\/07\/avatar.jpg\",\"caption\":\"Edimestre\"}}]}<\/script>\n<!-- \/ Yoast SEO plugin. -->","yoast_head_json":{"title":"LOUVRE-LENS MEGAMIX \u2013 Notre-Dame de la Treille Cathedral,\u2028Lille, France\u2028\u2013 Video Mapping Festival 2025 | Video Mapping European Center","robots":{"index":"index","follow":"follow","max-snippet":"max-snippet:-1","max-image-preview":"max-image-preview:large","max-video-preview":"max-video-preview:-1"},"canonical":"https:\/\/videomappingcenter.com\/en\/louvre-lens-megamix-notre-dame-de-la-treille-cathedral-lille-france-video-mapping-festival-2025\/","og_locale":"en_US","og_type":"article","og_title":"LOUVRE-LENS MEGAMIX \u2013 Notre-Dame de la Treille Cathedral,\u2028Lille, France\u2028\u2013 Video Mapping Festival 2025 | Video Mapping European Center","og_description":"Video mapping shown as part of the Video Mapping Festival #8. Based on M\u00e9gamix du Louvre-Lens, a Louvre-Lens co-production with Lens Tourisme as part of the Sainte Barbe 2024 Festival and the reopening of the new Galerie du Temps on 4th December 2024. \u25ba The Louvre-Lens Megamix A dream cast sets the Lille evenings alight! [&hellip;]","og_url":"https:\/\/videomappingcenter.com\/en\/louvre-lens-megamix-notre-dame-de-la-treille-cathedral-lille-france-video-mapping-festival-2025\/","og_site_name":"Video Mapping European Center","article_published_time":"2025-04-05T19:00:49+00:00","article_modified_time":"2025-11-03T12:46:56+00:00","og_image":[{"width":900,"height":500,"url":"https:\/\/videomappingcenter.com\/wp-content\/uploads\/2025\/04\/VMF8_La_Treille.png","type":"image\/png"}],"author":"Edimestre","twitter_card":"summary_large_image","twitter_misc":{"Written by":"Edimestre","Est. reading time":"9 minutes"},"schema":{"@context":"https:\/\/schema.org","@graph":[{"@type":"Article","@id":"https:\/\/videomappingcenter.com\/en\/louvre-lens-megamix-notre-dame-de-la-treille-cathedral-lille-france-video-mapping-festival-2025\/#article","isPartOf":{"@id":"https:\/\/videomappingcenter.com\/en\/louvre-lens-megamix-notre-dame-de-la-treille-cathedral-lille-france-video-mapping-festival-2025\/"},"author":{"name":"Edimestre","@id":"https:\/\/videomappingcenter.com\/?lang=en\/#\/schema\/person\/506136ad599d9c386ea59407d183cef8"},"headline":"LOUVRE-LENS MEGAMIX \u2013 Notre-Dame de la Treille Cathedral,\u2028Lille, France\u2028\u2013 Video Mapping Festival 2025","datePublished":"2025-04-05T19:00:49+00:00","dateModified":"2025-11-03T12:46:56+00:00","mainEntityOfPage":{"@id":"https:\/\/videomappingcenter.com\/en\/louvre-lens-megamix-notre-dame-de-la-treille-cathedral-lille-france-video-mapping-festival-2025\/"},"wordCount":1519,"publisher":{"@id":"https:\/\/videomappingcenter.com\/?lang=en\/#organization"},"image":{"@id":"https:\/\/videomappingcenter.com\/en\/louvre-lens-megamix-notre-dame-de-la-treille-cathedral-lille-france-video-mapping-festival-2025\/#primaryimage"},"thumbnailUrl":"https:\/\/videomappingcenter.com\/wp-content\/uploads\/2025\/04\/VMF8_La_Treille.png","keywords":["Cath\u00e9drale Notre-Dame-de-la-Treille","David Passegand","Ephemeral","Frontal","Lille","linear","Monument video mapping","Outdoor","Video Mapping Festival"],"articleSection":["Production","Video Mapping Festival"],"inLanguage":"en-US"},{"@type":"WebPage","@id":"https:\/\/videomappingcenter.com\/en\/louvre-lens-megamix-notre-dame-de-la-treille-cathedral-lille-france-video-mapping-festival-2025\/","url":"https:\/\/videomappingcenter.com\/en\/louvre-lens-megamix-notre-dame-de-la-treille-cathedral-lille-france-video-mapping-festival-2025\/","name":"LOUVRE-LENS MEGAMIX \u2013 Notre-Dame de la Treille Cathedral,\u2028Lille, France\u2028\u2013 Video Mapping Festival 2025 | Video Mapping European Center","isPartOf":{"@id":"https:\/\/videomappingcenter.com\/?lang=en\/#website"},"primaryImageOfPage":{"@id":"https:\/\/videomappingcenter.com\/en\/louvre-lens-megamix-notre-dame-de-la-treille-cathedral-lille-france-video-mapping-festival-2025\/#primaryimage"},"image":{"@id":"https:\/\/videomappingcenter.com\/en\/louvre-lens-megamix-notre-dame-de-la-treille-cathedral-lille-france-video-mapping-festival-2025\/#primaryimage"},"thumbnailUrl":"https:\/\/videomappingcenter.com\/wp-content\/uploads\/2025\/04\/VMF8_La_Treille.png","datePublished":"2025-04-05T19:00:49+00:00","dateModified":"2025-11-03T12:46:56+00:00","breadcrumb":{"@id":"https:\/\/videomappingcenter.com\/en\/louvre-lens-megamix-notre-dame-de-la-treille-cathedral-lille-france-video-mapping-festival-2025\/#breadcrumb"},"inLanguage":"en-US","potentialAction":[{"@type":"ReadAction","target":["https:\/\/videomappingcenter.com\/en\/louvre-lens-megamix-notre-dame-de-la-treille-cathedral-lille-france-video-mapping-festival-2025\/"]}]},{"@type":"ImageObject","inLanguage":"en-US","@id":"https:\/\/videomappingcenter.com\/en\/louvre-lens-megamix-notre-dame-de-la-treille-cathedral-lille-france-video-mapping-festival-2025\/#primaryimage","url":"https:\/\/videomappingcenter.com\/wp-content\/uploads\/2025\/04\/VMF8_La_Treille.png","contentUrl":"https:\/\/videomappingcenter.com\/wp-content\/uploads\/2025\/04\/VMF8_La_Treille.png","width":900,"height":500},{"@type":"BreadcrumbList","@id":"https:\/\/videomappingcenter.com\/en\/louvre-lens-megamix-notre-dame-de-la-treille-cathedral-lille-france-video-mapping-festival-2025\/#breadcrumb","itemListElement":[{"@type":"ListItem","position":1,"name":"Accueil","item":"https:\/\/videomappingcenter.com\/"},{"@type":"ListItem","position":2,"name":"LOUVRE-LENS MEGAMIX \u2013 Notre-Dame de la Treille Cathedral,\u2028Lille, France\u2028\u2013 Video Mapping Festival 2025"}]},{"@type":"WebSite","@id":"https:\/\/videomappingcenter.com\/?lang=en\/#website","url":"https:\/\/videomappingcenter.com\/?lang=en\/","name":"Video Mapping European Center","description":"Video Mapping European Center","publisher":{"@id":"https:\/\/videomappingcenter.com\/?lang=en\/#organization"},"potentialAction":[{"@type":"SearchAction","target":{"@type":"EntryPoint","urlTemplate":"https:\/\/videomappingcenter.com\/?lang=en\/?s={search_term_string}"},"query-input":{"@type":"PropertyValueSpecification","valueRequired":true,"valueName":"search_term_string"}}],"inLanguage":"en-US"},{"@type":"Organization","@id":"https:\/\/videomappingcenter.com\/?lang=en\/#organization","name":"Video Mapping European Center","url":"https:\/\/videomappingcenter.com\/?lang=en\/","logo":{"@type":"ImageObject","inLanguage":"en-US","@id":"https:\/\/videomappingcenter.com\/?lang=en\/#\/schema\/logo\/image\/","url":"https:\/\/videomappingcenter.com\/wp-content\/uploads\/2017\/07\/logo-v3.png","contentUrl":"https:\/\/videomappingcenter.com\/wp-content\/uploads\/2017\/07\/logo-v3.png","width":300,"height":135,"caption":"Video Mapping European Center"},"image":{"@id":"https:\/\/videomappingcenter.com\/?lang=en\/#\/schema\/logo\/image\/"}},{"@type":"Person","@id":"https:\/\/videomappingcenter.com\/?lang=en\/#\/schema\/person\/506136ad599d9c386ea59407d183cef8","name":"Edimestre","image":{"@type":"ImageObject","inLanguage":"en-US","@id":"https:\/\/videomappingcenter.com\/?lang=en\/#\/schema\/person\/image\/","url":"https:\/\/videomappingcenter.com\/wp-content\/uploads\/2017\/07\/avatar.jpg","contentUrl":"https:\/\/videomappingcenter.com\/wp-content\/uploads\/2017\/07\/avatar.jpg","caption":"Edimestre"}}]}},"_links":{"self":[{"href":"https:\/\/videomappingcenter.com\/en\/wp-json\/wp\/v2\/posts\/18560","targetHints":{"allow":["GET"]}}],"collection":[{"href":"https:\/\/videomappingcenter.com\/en\/wp-json\/wp\/v2\/posts"}],"about":[{"href":"https:\/\/videomappingcenter.com\/en\/wp-json\/wp\/v2\/types\/post"}],"author":[{"embeddable":true,"href":"https:\/\/videomappingcenter.com\/en\/wp-json\/wp\/v2\/users\/3"}],"replies":[{"embeddable":true,"href":"https:\/\/videomappingcenter.com\/en\/wp-json\/wp\/v2\/comments?post=18560"}],"version-history":[{"count":6,"href":"https:\/\/videomappingcenter.com\/en\/wp-json\/wp\/v2\/posts\/18560\/revisions"}],"predecessor-version":[{"id":18729,"href":"https:\/\/videomappingcenter.com\/en\/wp-json\/wp\/v2\/posts\/18560\/revisions\/18729"}],"wp:featuredmedia":[{"embeddable":true,"href":"https:\/\/videomappingcenter.com\/en\/wp-json\/wp\/v2\/media\/18558"}],"wp:attachment":[{"href":"https:\/\/videomappingcenter.com\/en\/wp-json\/wp\/v2\/media?parent=18560"}],"wp:term":[{"taxonomy":"category","embeddable":true,"href":"https:\/\/videomappingcenter.com\/en\/wp-json\/wp\/v2\/categories?post=18560"},{"taxonomy":"post_tag","embeddable":true,"href":"https:\/\/videomappingcenter.com\/en\/wp-json\/wp\/v2\/tags?post=18560"},{"taxonomy":"item-prod","embeddable":true,"href":"https:\/\/videomappingcenter.com\/en\/wp-json\/wp\/v2\/item-prod?post=18560"},{"taxonomy":"item-mapping","embeddable":true,"href":"https:\/\/videomappingcenter.com\/en\/wp-json\/wp\/v2\/item-mapping?post=18560"},{"taxonomy":"item-lieu","embeddable":true,"href":"https:\/\/videomappingcenter.com\/en\/wp-json\/wp\/v2\/item-lieu?post=18560"},{"taxonomy":"item-dates","embeddable":true,"href":"https:\/\/videomappingcenter.com\/en\/wp-json\/wp\/v2\/item-dates?post=18560"}],"curies":[{"name":"wp","href":"https:\/\/api.w.org\/{rel}","templated":true}]}}