{"id":18816,"date":"2025-08-23T22:00:58","date_gmt":"2025-08-23T20:00:58","guid":{"rendered":"https:\/\/videomappingcenter.com\/?p=18816"},"modified":"2025-11-18T17:10:20","modified_gmt":"2025-11-18T16:10:20","slug":"echoes-of-change-esplanade-mers-les-bains-france-video-mapping-festival-2025","status":"publish","type":"post","link":"https:\/\/videomappingcenter.com\/en\/echoes-of-change-esplanade-mers-les-bains-france-video-mapping-festival-2025\/","title":{"rendered":"ECHOES OF CHANGE\u2028\u2013 Esplanade, Mers-les-Bains, France\u2028\u2013 Video Mapping Festival 2025"},"content":{"rendered":"<p style=\"text-align: justify;\"><iframe loading=\"lazy\" src=\"https:\/\/player.vimeo.com\/video\/1137588510\" width=\"640\" height=\"360\" frameborder=\"0\" allowfullscreen=\"allowfullscreen\"><span data-mce-type=\"bookmark\" style=\"display: inline-block; width: 0px; overflow: hidden; line-height: 0;\" class=\"mce_SELRES_start\"> <\/span><span data-mce-type=\"bookmark\" style=\"display: inline-block; width: 0px; overflow: hidden; line-height: 0;\" class=\"mce_SELRES_start\"> <\/span><span data-mce-type=\"bookmark\" style=\"display: inline-block; width: 0px; overflow: hidden; line-height: 0;\" class=\"mce_SELRES_start\"> <\/span><\/iframe><span class=\"s1\"><br \/>\nVideo mapping made during a creation residency organised by Rencontres Audiovisuelles \/ Video Mapping European Center as part of the Video Mapping Festival #8 and the Co-Vision project &#8211; Creative Europe programme.<\/p>\n<p><strong>\u25ba Echoes of Change<\/strong><br \/>\nEchoes of Change explores the impact of climate change on coastlines. In Mers-les-Bains, the voices of local residents bear witness to their intimate relationship with the sea, the memories of the place and the transformations experienced over time. Their stories are transformed into images, light and textures projected onto the facades, making the architecture vibrate as a living medium of their history. Between vulnerability and resilience, Echoes of Change offers a sensitive and poetic cartography of local and European climate issues.<\/p>\n<p><strong>Direction and animation:<\/strong> Anna Bacheva<br \/>\n<strong>Photography:<\/strong> Carl Cordonnier \u2013 Dailylife<br \/>\n<strong>Original music:<\/strong> G\u00e9raldine Kwik<br \/>\n<strong>Interviews:<\/strong> Anna Bacheva, Carl Cordonnier<br \/>\n<strong>With testimonies from:<\/strong> Elmar Aguirre Kiik, Linda Aguirre Kiik, Elisabeth H\u00f6hne, Jean Bosco Kanteng, Kaia Kiik, Paul Labesse<br \/>\n&nbsp;<\/p>\n<p><strong>An event offered as part of the Video Mapping Festival organised by Rencontres Audiovisuelles.<\/strong><br \/>\n<em>With the support of the Hauts-de-France Region, DRAC Hauts-de-France, the D\u00e9partement de la Somme and the City of Mers-les-Bains.<br \/>\nIn collaboration with the Parc naturel r\u00e9gional Baie de Somme \u2013 Picardie maritime.<\/em><\/p>\n<p><strong>A work made during a creation residency organised by Rencontres Audiovisuelles as part of the Video Mapping European Center and the Co-Vision project.<\/strong><br \/>\n<em>With the support of the European Union, Creative Europe programme.<\/em><br \/>\n<img loading=\"lazy\" decoding=\"async\" src=\"https:\/\/videomappingcenter.com\/wp-content\/uploads\/2025\/11\/logo_covision.jpg\" alt=\"\" width=\"400\" height=\"90\" class=\"alignleft size-full wp-image-18775\" \/><\/p>\n<div class=\"simple-taxonomy\">\n\t<div class=\"taxonomy-item-prod\"><a href=\"https:\/\/videomappingcenter.com\/en\/item-prod\/residence-en\/\" rel=\"tag\">Residency<\/a><\/div>\n\t<div class=\"taxonomy-item-mapping\"><a href=\"https:\/\/videomappingcenter.com\/en\/item-mapping\/mapping-monumental-en\/\" rel=\"tag\">Monument video mapping<\/a><\/div>\n\t<div class=\"taxonomy-item-lieu\"><a href=\"https:\/\/videomappingcenter.com\/en\/item-lieu\/hauts-de-france-en\/\" rel=\"tag\">Hauts-de-France<\/a><\/div>\n\t<div class=\"taxonomy-item-dates\"><a href=\"https:\/\/videomappingcenter.com\/en\/item-dates\/2025-3\/\" rel=\"tag\">2025<\/a><\/div>\n\n<\/div>\n","protected":false},"excerpt":{"rendered":"<p>Video mapping made during a creation residency organised by Rencontres Audiovisuelles \/ Video Mapping European Center as part of the Video Mapping Festival #8 and the Co-Vision project &#8211; Creative Europe programme. \u25ba Echoes of Change Echoes of Change explores the impact of climate change on coastlines. In Mers-les-Bains, the voices of local residents bear [&hellip;]<\/p>\n<div class=\"simple-taxonomy\">\n\t<div class=\"taxonomy-item-prod\"><a href=\"https:\/\/videomappingcenter.com\/en\/item-prod\/residence-en\/\" rel=\"tag\">Residency<\/a><\/div>\n\t<div class=\"taxonomy-item-mapping\"><a href=\"https:\/\/videomappingcenter.com\/en\/item-mapping\/mapping-monumental-en\/\" rel=\"tag\">Monument video mapping<\/a><\/div>\n\t<div class=\"taxonomy-item-lieu\"><a href=\"https:\/\/videomappingcenter.com\/en\/item-lieu\/hauts-de-france-en\/\" rel=\"tag\">Hauts-de-France<\/a><\/div>\n\t<div class=\"taxonomy-item-dates\"><a href=\"https:\/\/videomappingcenter.com\/en\/item-dates\/2025-3\/\" rel=\"tag\">2025<\/a><\/div>\n\n<\/div>\n","protected":false},"author":3,"featured_media":18811,"comment_status":"closed","ping_status":"closed","sticky":false,"template":"","format":"standard","meta":{"footnotes":""},"categories":[147,149],"tags":[3148,2245,2745,124,3333,117,720,120,3334,110,116,104,108],"item-prod":[273],"item-mapping":[277],"item-lieu":[281],"item-dates":[3149],"class_list":["post-18816","post","type-post","status-publish","format-standard","has-post-thumbnail","hentry","category-residence-en","category-video-mapping-festival-en","tag-2025-2","tag-anna-bacheva-en","tag-carl-cordonnier-en","tag-transcient","tag-esplanade-du-general-leclerc","tag-front","tag-geraldine-kwik-en","tag-linear","tag-mers-les-bains","tag-monument-video-mapping","tag-outdoor","tag-residence-en","tag-video-mapping-festival-en","item-prod-residence-en","item-mapping-mapping-monumental-en","item-lieu-hauts-de-france-en","item-dates-2025-3"],"yoast_head":"<!-- This site is optimized with the Yoast SEO plugin v25.8 - https:\/\/yoast.com\/wordpress\/plugins\/seo\/ -->\n<title>ECHOES OF CHANGE\u2028\u2013 Esplanade, Mers-les-Bains, France\u2028\u2013 Video Mapping Festival 2025 | Video Mapping European Center<\/title>\n<meta name=\"robots\" content=\"index, follow, max-snippet:-1, max-image-preview:large, max-video-preview:-1\" \/>\n<link rel=\"canonical\" href=\"https:\/\/videomappingcenter.com\/en\/echoes-of-change-esplanade-mers-les-bains-france-video-mapping-festival-2025\/\" \/>\n<meta property=\"og:locale\" content=\"en_US\" \/>\n<meta property=\"og:type\" content=\"article\" \/>\n<meta property=\"og:title\" content=\"ECHOES OF CHANGE\u2028\u2013 Esplanade, Mers-les-Bains, France\u2028\u2013 Video Mapping Festival 2025 | Video Mapping European Center\" \/>\n<meta property=\"og:description\" content=\"Video mapping made during a creation residency organised by Rencontres Audiovisuelles \/ Video Mapping European Center as part of the Video Mapping Festival #8 and the Co-Vision project &#8211; Creative Europe programme. \u25ba Echoes of Change Echoes of Change explores the impact of climate change on coastlines. In Mers-les-Bains, the voices of local residents bear [&hellip;]\" \/>\n<meta property=\"og:url\" content=\"https:\/\/videomappingcenter.com\/en\/echoes-of-change-esplanade-mers-les-bains-france-video-mapping-festival-2025\/\" \/>\n<meta property=\"og:site_name\" content=\"Video Mapping European Center\" \/>\n<meta property=\"article:published_time\" content=\"2025-08-23T20:00:58+00:00\" \/>\n<meta property=\"article:modified_time\" content=\"2025-11-18T16:10:20+00:00\" \/>\n<meta property=\"og:image\" content=\"https:\/\/videomappingcenter.com\/wp-content\/uploads\/2025\/11\/VMF25_Mers_les_Bains.png\" \/>\n\t<meta property=\"og:image:width\" content=\"900\" \/>\n\t<meta property=\"og:image:height\" content=\"500\" \/>\n\t<meta property=\"og:image:type\" content=\"image\/png\" \/>\n<meta name=\"author\" content=\"Edimestre\" \/>\n<meta name=\"twitter:card\" content=\"summary_large_image\" \/>\n<meta name=\"twitter:label1\" content=\"Written by\" \/>\n\t<meta name=\"twitter:data1\" content=\"Edimestre\" \/>\n\t<meta name=\"twitter:label2\" content=\"Est. reading time\" \/>\n\t<meta name=\"twitter:data2\" content=\"2 minutes\" \/>\n<script type=\"application\/ld+json\" class=\"yoast-schema-graph\">{\"@context\":\"https:\/\/schema.org\",\"@graph\":[{\"@type\":\"Article\",\"@id\":\"https:\/\/videomappingcenter.com\/en\/echoes-of-change-esplanade-mers-les-bains-france-video-mapping-festival-2025\/#article\",\"isPartOf\":{\"@id\":\"https:\/\/videomappingcenter.com\/en\/echoes-of-change-esplanade-mers-les-bains-france-video-mapping-festival-2025\/\"},\"author\":{\"name\":\"Edimestre\",\"@id\":\"https:\/\/videomappingcenter.com\/?lang=en\/#\/schema\/person\/506136ad599d9c386ea59407d183cef8\"},\"headline\":\"ECHOES OF CHANGE\\u2028\u2013 Esplanade, Mers-les-Bains, France\\u2028\u2013 Video Mapping Festival 2025\",\"datePublished\":\"2025-08-23T20:00:58+00:00\",\"dateModified\":\"2025-11-18T16:10:20+00:00\",\"mainEntityOfPage\":{\"@id\":\"https:\/\/videomappingcenter.com\/en\/echoes-of-change-esplanade-mers-les-bains-france-video-mapping-festival-2025\/\"},\"wordCount\":242,\"publisher\":{\"@id\":\"https:\/\/videomappingcenter.com\/?lang=en\/#organization\"},\"image\":{\"@id\":\"https:\/\/videomappingcenter.com\/en\/echoes-of-change-esplanade-mers-les-bains-france-video-mapping-festival-2025\/#primaryimage\"},\"thumbnailUrl\":\"https:\/\/videomappingcenter.com\/wp-content\/uploads\/2025\/11\/VMF25_Mers_les_Bains.png\",\"keywords\":[\"2025\",\"Anna BACHEVA\",\"Carl CORDONNIER\",\"Ephemeral\",\"Esplanade du G\u00e9n\u00e9ral Leclerc\",\"Frontal\",\"G\u00e9raldine Kwik\",\"linear\",\"Mers-les-Bains\",\"Monument video mapping\",\"Outdoor\",\"Residency\",\"Video Mapping Festival\"],\"articleSection\":[\"Residency\",\"Video Mapping Festival\"],\"inLanguage\":\"en-US\"},{\"@type\":\"WebPage\",\"@id\":\"https:\/\/videomappingcenter.com\/en\/echoes-of-change-esplanade-mers-les-bains-france-video-mapping-festival-2025\/\",\"url\":\"https:\/\/videomappingcenter.com\/en\/echoes-of-change-esplanade-mers-les-bains-france-video-mapping-festival-2025\/\",\"name\":\"ECHOES OF CHANGE\\u2028\u2013 Esplanade, Mers-les-Bains, France\\u2028\u2013 Video Mapping Festival 2025 | Video Mapping European Center\",\"isPartOf\":{\"@id\":\"https:\/\/videomappingcenter.com\/?lang=en\/#website\"},\"primaryImageOfPage\":{\"@id\":\"https:\/\/videomappingcenter.com\/en\/echoes-of-change-esplanade-mers-les-bains-france-video-mapping-festival-2025\/#primaryimage\"},\"image\":{\"@id\":\"https:\/\/videomappingcenter.com\/en\/echoes-of-change-esplanade-mers-les-bains-france-video-mapping-festival-2025\/#primaryimage\"},\"thumbnailUrl\":\"https:\/\/videomappingcenter.com\/wp-content\/uploads\/2025\/11\/VMF25_Mers_les_Bains.png\",\"datePublished\":\"2025-08-23T20:00:58+00:00\",\"dateModified\":\"2025-11-18T16:10:20+00:00\",\"breadcrumb\":{\"@id\":\"https:\/\/videomappingcenter.com\/en\/echoes-of-change-esplanade-mers-les-bains-france-video-mapping-festival-2025\/#breadcrumb\"},\"inLanguage\":\"en-US\",\"potentialAction\":[{\"@type\":\"ReadAction\",\"target\":[\"https:\/\/videomappingcenter.com\/en\/echoes-of-change-esplanade-mers-les-bains-france-video-mapping-festival-2025\/\"]}]},{\"@type\":\"ImageObject\",\"inLanguage\":\"en-US\",\"@id\":\"https:\/\/videomappingcenter.com\/en\/echoes-of-change-esplanade-mers-les-bains-france-video-mapping-festival-2025\/#primaryimage\",\"url\":\"https:\/\/videomappingcenter.com\/wp-content\/uploads\/2025\/11\/VMF25_Mers_les_Bains.png\",\"contentUrl\":\"https:\/\/videomappingcenter.com\/wp-content\/uploads\/2025\/11\/VMF25_Mers_les_Bains.png\",\"width\":900,\"height\":500},{\"@type\":\"BreadcrumbList\",\"@id\":\"https:\/\/videomappingcenter.com\/en\/echoes-of-change-esplanade-mers-les-bains-france-video-mapping-festival-2025\/#breadcrumb\",\"itemListElement\":[{\"@type\":\"ListItem\",\"position\":1,\"name\":\"Accueil\",\"item\":\"https:\/\/videomappingcenter.com\/\"},{\"@type\":\"ListItem\",\"position\":2,\"name\":\"ECHOES OF CHANGE\\u2028\u2013 Esplanade, Mers-les-Bains, France\\u2028\u2013 Video Mapping Festival 2025\"}]},{\"@type\":\"WebSite\",\"@id\":\"https:\/\/videomappingcenter.com\/?lang=en\/#website\",\"url\":\"https:\/\/videomappingcenter.com\/?lang=en\/\",\"name\":\"Video Mapping European Center\",\"description\":\"Video Mapping European Center\",\"publisher\":{\"@id\":\"https:\/\/videomappingcenter.com\/?lang=en\/#organization\"},\"potentialAction\":[{\"@type\":\"SearchAction\",\"target\":{\"@type\":\"EntryPoint\",\"urlTemplate\":\"https:\/\/videomappingcenter.com\/?lang=en\/?s={search_term_string}\"},\"query-input\":{\"@type\":\"PropertyValueSpecification\",\"valueRequired\":true,\"valueName\":\"search_term_string\"}}],\"inLanguage\":\"en-US\"},{\"@type\":\"Organization\",\"@id\":\"https:\/\/videomappingcenter.com\/?lang=en\/#organization\",\"name\":\"Video Mapping European Center\",\"url\":\"https:\/\/videomappingcenter.com\/?lang=en\/\",\"logo\":{\"@type\":\"ImageObject\",\"inLanguage\":\"en-US\",\"@id\":\"https:\/\/videomappingcenter.com\/?lang=en\/#\/schema\/logo\/image\/\",\"url\":\"https:\/\/videomappingcenter.com\/wp-content\/uploads\/2017\/07\/logo-v3.png\",\"contentUrl\":\"https:\/\/videomappingcenter.com\/wp-content\/uploads\/2017\/07\/logo-v3.png\",\"width\":300,\"height\":135,\"caption\":\"Video Mapping European Center\"},\"image\":{\"@id\":\"https:\/\/videomappingcenter.com\/?lang=en\/#\/schema\/logo\/image\/\"}},{\"@type\":\"Person\",\"@id\":\"https:\/\/videomappingcenter.com\/?lang=en\/#\/schema\/person\/506136ad599d9c386ea59407d183cef8\",\"name\":\"Edimestre\",\"image\":{\"@type\":\"ImageObject\",\"inLanguage\":\"en-US\",\"@id\":\"https:\/\/videomappingcenter.com\/?lang=en\/#\/schema\/person\/image\/\",\"url\":\"https:\/\/videomappingcenter.com\/wp-content\/uploads\/2017\/07\/avatar.jpg\",\"contentUrl\":\"https:\/\/videomappingcenter.com\/wp-content\/uploads\/2017\/07\/avatar.jpg\",\"caption\":\"Edimestre\"}}]}<\/script>\n<!-- \/ Yoast SEO plugin. -->","yoast_head_json":{"title":"ECHOES OF CHANGE\u2028\u2013 Esplanade, Mers-les-Bains, France\u2028\u2013 Video Mapping Festival 2025 | Video Mapping European Center","robots":{"index":"index","follow":"follow","max-snippet":"max-snippet:-1","max-image-preview":"max-image-preview:large","max-video-preview":"max-video-preview:-1"},"canonical":"https:\/\/videomappingcenter.com\/en\/echoes-of-change-esplanade-mers-les-bains-france-video-mapping-festival-2025\/","og_locale":"en_US","og_type":"article","og_title":"ECHOES OF CHANGE\u2028\u2013 Esplanade, Mers-les-Bains, France\u2028\u2013 Video Mapping Festival 2025 | Video Mapping European Center","og_description":"Video mapping made during a creation residency organised by Rencontres Audiovisuelles \/ Video Mapping European Center as part of the Video Mapping Festival #8 and the Co-Vision project &#8211; Creative Europe programme. \u25ba Echoes of Change Echoes of Change explores the impact of climate change on coastlines. In Mers-les-Bains, the voices of local residents bear [&hellip;]","og_url":"https:\/\/videomappingcenter.com\/en\/echoes-of-change-esplanade-mers-les-bains-france-video-mapping-festival-2025\/","og_site_name":"Video Mapping European Center","article_published_time":"2025-08-23T20:00:58+00:00","article_modified_time":"2025-11-18T16:10:20+00:00","og_image":[{"width":900,"height":500,"url":"https:\/\/videomappingcenter.com\/wp-content\/uploads\/2025\/11\/VMF25_Mers_les_Bains.png","type":"image\/png"}],"author":"Edimestre","twitter_card":"summary_large_image","twitter_misc":{"Written by":"Edimestre","Est. reading time":"2 minutes"},"schema":{"@context":"https:\/\/schema.org","@graph":[{"@type":"Article","@id":"https:\/\/videomappingcenter.com\/en\/echoes-of-change-esplanade-mers-les-bains-france-video-mapping-festival-2025\/#article","isPartOf":{"@id":"https:\/\/videomappingcenter.com\/en\/echoes-of-change-esplanade-mers-les-bains-france-video-mapping-festival-2025\/"},"author":{"name":"Edimestre","@id":"https:\/\/videomappingcenter.com\/?lang=en\/#\/schema\/person\/506136ad599d9c386ea59407d183cef8"},"headline":"ECHOES OF CHANGE\u2028\u2013 Esplanade, Mers-les-Bains, France\u2028\u2013 Video Mapping Festival 2025","datePublished":"2025-08-23T20:00:58+00:00","dateModified":"2025-11-18T16:10:20+00:00","mainEntityOfPage":{"@id":"https:\/\/videomappingcenter.com\/en\/echoes-of-change-esplanade-mers-les-bains-france-video-mapping-festival-2025\/"},"wordCount":242,"publisher":{"@id":"https:\/\/videomappingcenter.com\/?lang=en\/#organization"},"image":{"@id":"https:\/\/videomappingcenter.com\/en\/echoes-of-change-esplanade-mers-les-bains-france-video-mapping-festival-2025\/#primaryimage"},"thumbnailUrl":"https:\/\/videomappingcenter.com\/wp-content\/uploads\/2025\/11\/VMF25_Mers_les_Bains.png","keywords":["2025","Anna BACHEVA","Carl CORDONNIER","Ephemeral","Esplanade du G\u00e9n\u00e9ral Leclerc","Frontal","G\u00e9raldine Kwik","linear","Mers-les-Bains","Monument video mapping","Outdoor","Residency","Video Mapping Festival"],"articleSection":["Residency","Video Mapping Festival"],"inLanguage":"en-US"},{"@type":"WebPage","@id":"https:\/\/videomappingcenter.com\/en\/echoes-of-change-esplanade-mers-les-bains-france-video-mapping-festival-2025\/","url":"https:\/\/videomappingcenter.com\/en\/echoes-of-change-esplanade-mers-les-bains-france-video-mapping-festival-2025\/","name":"ECHOES OF CHANGE\u2028\u2013 Esplanade, Mers-les-Bains, France\u2028\u2013 Video Mapping Festival 2025 | Video Mapping European Center","isPartOf":{"@id":"https:\/\/videomappingcenter.com\/?lang=en\/#website"},"primaryImageOfPage":{"@id":"https:\/\/videomappingcenter.com\/en\/echoes-of-change-esplanade-mers-les-bains-france-video-mapping-festival-2025\/#primaryimage"},"image":{"@id":"https:\/\/videomappingcenter.com\/en\/echoes-of-change-esplanade-mers-les-bains-france-video-mapping-festival-2025\/#primaryimage"},"thumbnailUrl":"https:\/\/videomappingcenter.com\/wp-content\/uploads\/2025\/11\/VMF25_Mers_les_Bains.png","datePublished":"2025-08-23T20:00:58+00:00","dateModified":"2025-11-18T16:10:20+00:00","breadcrumb":{"@id":"https:\/\/videomappingcenter.com\/en\/echoes-of-change-esplanade-mers-les-bains-france-video-mapping-festival-2025\/#breadcrumb"},"inLanguage":"en-US","potentialAction":[{"@type":"ReadAction","target":["https:\/\/videomappingcenter.com\/en\/echoes-of-change-esplanade-mers-les-bains-france-video-mapping-festival-2025\/"]}]},{"@type":"ImageObject","inLanguage":"en-US","@id":"https:\/\/videomappingcenter.com\/en\/echoes-of-change-esplanade-mers-les-bains-france-video-mapping-festival-2025\/#primaryimage","url":"https:\/\/videomappingcenter.com\/wp-content\/uploads\/2025\/11\/VMF25_Mers_les_Bains.png","contentUrl":"https:\/\/videomappingcenter.com\/wp-content\/uploads\/2025\/11\/VMF25_Mers_les_Bains.png","width":900,"height":500},{"@type":"BreadcrumbList","@id":"https:\/\/videomappingcenter.com\/en\/echoes-of-change-esplanade-mers-les-bains-france-video-mapping-festival-2025\/#breadcrumb","itemListElement":[{"@type":"ListItem","position":1,"name":"Accueil","item":"https:\/\/videomappingcenter.com\/"},{"@type":"ListItem","position":2,"name":"ECHOES OF CHANGE\u2028\u2013 Esplanade, Mers-les-Bains, France\u2028\u2013 Video Mapping Festival 2025"}]},{"@type":"WebSite","@id":"https:\/\/videomappingcenter.com\/?lang=en\/#website","url":"https:\/\/videomappingcenter.com\/?lang=en\/","name":"Video Mapping European Center","description":"Video Mapping European Center","publisher":{"@id":"https:\/\/videomappingcenter.com\/?lang=en\/#organization"},"potentialAction":[{"@type":"SearchAction","target":{"@type":"EntryPoint","urlTemplate":"https:\/\/videomappingcenter.com\/?lang=en\/?s={search_term_string}"},"query-input":{"@type":"PropertyValueSpecification","valueRequired":true,"valueName":"search_term_string"}}],"inLanguage":"en-US"},{"@type":"Organization","@id":"https:\/\/videomappingcenter.com\/?lang=en\/#organization","name":"Video Mapping European Center","url":"https:\/\/videomappingcenter.com\/?lang=en\/","logo":{"@type":"ImageObject","inLanguage":"en-US","@id":"https:\/\/videomappingcenter.com\/?lang=en\/#\/schema\/logo\/image\/","url":"https:\/\/videomappingcenter.com\/wp-content\/uploads\/2017\/07\/logo-v3.png","contentUrl":"https:\/\/videomappingcenter.com\/wp-content\/uploads\/2017\/07\/logo-v3.png","width":300,"height":135,"caption":"Video Mapping European Center"},"image":{"@id":"https:\/\/videomappingcenter.com\/?lang=en\/#\/schema\/logo\/image\/"}},{"@type":"Person","@id":"https:\/\/videomappingcenter.com\/?lang=en\/#\/schema\/person\/506136ad599d9c386ea59407d183cef8","name":"Edimestre","image":{"@type":"ImageObject","inLanguage":"en-US","@id":"https:\/\/videomappingcenter.com\/?lang=en\/#\/schema\/person\/image\/","url":"https:\/\/videomappingcenter.com\/wp-content\/uploads\/2017\/07\/avatar.jpg","contentUrl":"https:\/\/videomappingcenter.com\/wp-content\/uploads\/2017\/07\/avatar.jpg","caption":"Edimestre"}}]}},"_links":{"self":[{"href":"https:\/\/videomappingcenter.com\/en\/wp-json\/wp\/v2\/posts\/18816","targetHints":{"allow":["GET"]}}],"collection":[{"href":"https:\/\/videomappingcenter.com\/en\/wp-json\/wp\/v2\/posts"}],"about":[{"href":"https:\/\/videomappingcenter.com\/en\/wp-json\/wp\/v2\/types\/post"}],"author":[{"embeddable":true,"href":"https:\/\/videomappingcenter.com\/en\/wp-json\/wp\/v2\/users\/3"}],"replies":[{"embeddable":true,"href":"https:\/\/videomappingcenter.com\/en\/wp-json\/wp\/v2\/comments?post=18816"}],"version-history":[{"count":4,"href":"https:\/\/videomappingcenter.com\/en\/wp-json\/wp\/v2\/posts\/18816\/revisions"}],"predecessor-version":[{"id":18879,"href":"https:\/\/videomappingcenter.com\/en\/wp-json\/wp\/v2\/posts\/18816\/revisions\/18879"}],"wp:featuredmedia":[{"embeddable":true,"href":"https:\/\/videomappingcenter.com\/en\/wp-json\/wp\/v2\/media\/18811"}],"wp:attachment":[{"href":"https:\/\/videomappingcenter.com\/en\/wp-json\/wp\/v2\/media?parent=18816"}],"wp:term":[{"taxonomy":"category","embeddable":true,"href":"https:\/\/videomappingcenter.com\/en\/wp-json\/wp\/v2\/categories?post=18816"},{"taxonomy":"post_tag","embeddable":true,"href":"https:\/\/videomappingcenter.com\/en\/wp-json\/wp\/v2\/tags?post=18816"},{"taxonomy":"item-prod","embeddable":true,"href":"https:\/\/videomappingcenter.com\/en\/wp-json\/wp\/v2\/item-prod?post=18816"},{"taxonomy":"item-mapping","embeddable":true,"href":"https:\/\/videomappingcenter.com\/en\/wp-json\/wp\/v2\/item-mapping?post=18816"},{"taxonomy":"item-lieu","embeddable":true,"href":"https:\/\/videomappingcenter.com\/en\/wp-json\/wp\/v2\/item-lieu?post=18816"},{"taxonomy":"item-dates","embeddable":true,"href":"https:\/\/videomappingcenter.com\/en\/wp-json\/wp\/v2\/item-dates?post=18816"}],"curies":[{"name":"wp","href":"https:\/\/api.w.org\/{rel}","templated":true}]}}