{"id":18887,"date":"2025-05-24T22:20:48","date_gmt":"2025-05-24T20:20:48","guid":{"rendered":"https:\/\/videomappingcenter.com\/?p=18887"},"modified":"2025-11-21T13:20:06","modified_gmt":"2025-11-21T12:20:06","slug":"the-abyss-stares-back-labanque-bethune-france-video-mapping-festival-2025","status":"publish","type":"post","link":"https:\/\/videomappingcenter.com\/en\/the-abyss-stares-back-labanque-bethune-france-video-mapping-festival-2025\/","title":{"rendered":"THE ABYSS STARES BACK \u2013 Labanque,\u2028B\u00e9thune, France \u2013 Video Mapping Festival 2025"},"content":{"rendered":"<p style=\"text-align: justify;\"><iframe loading=\"lazy\" src=\"https:\/\/player.vimeo.com\/video\/1138889586\" width=\"640\" height=\"360\" frameborder=\"0\" allowfullscreen=\"allowfullscreen\"><span data-mce-type=\"bookmark\" style=\"display: inline-block; width: 0px; overflow: hidden; line-height: 0;\" class=\"mce_SELRES_start\"> <\/span><span data-mce-type=\"bookmark\" style=\"display: inline-block; width: 0px; overflow: hidden; line-height: 0;\" class=\"mce_SELRES_start\"> <\/span><span data-mce-type=\"bookmark\" style=\"display: inline-block; width: 0px; overflow: hidden; line-height: 0;\" class=\"mce_SELRES_start\"> <\/span><\/iframe><span class=\"s1\"><br \/>\nVideo mapping made during a creation residency organised by Rencontres Audiovisuelles \/ Video Mapping European Center as part of the Video Mapping Festival #8.<\/p>\n<p><strong>\u25ba The Abyss Stares Back<\/strong><br \/>\nThe installation plays with the complexity and contradictions that arise at the verge of the mundane and the abyss of the subconscious.<br \/>\nInspired by the history of Labanque and the works of Visual System, currently on display inside, this installation takes the building as partner in its choreography \u2013 its facade and a fleeting public space, its vaults an intimate dreamworld.<br \/>\nBy blending generative visuals, electronic music, and live performance, the piece explores depth, rhythm, and perception, inviting the audience on a journey of immersion, self-reflection, and rediscovery. Seeking to achieve a state of connection to pure emotions through abstraction \u2013 an invitation to confront the unknown, where the abyss might stare back.<br \/>\nThe show will alternate between live performance and recorded music.<br \/>\n<strong><br \/>\nDirection and animation:<\/strong> Francisca Cardoso Lima<br \/>\n<strong>Original music and live performance:<\/strong> G\u00e9raldine Kwik<br \/>\n&nbsp;<\/p>\n<p><strong>An event offered as part of the Video Mapping Festival organised by Rencontres Audiovisuelles.<\/strong><br \/>\n<em>With the support of the Hauts-de-France Region, DRAC Hauts-de-France, the Communaut\u00e9 d\u2019Agglom\u00e9ration de B\u00e9thune-Bruay Artois Lys Romane and the City of B\u00e9thune.<br \/>\nIn collaboration with Labanque and the B\u00e9thune-Bruay Tourist Office.<\/em><\/p>\n<p><strong>The work for the Beffroi is made during creation residency organised by Rencontres Audiovisuelles as part of the Video Mapping European Center.<\/strong><br \/>\n<em>With the support of the European Union (Europe is committed to the Hauts-de-France Region through the European Regional Development Fund)<\/em><br \/>\n<img loading=\"lazy\" decoding=\"async\" src=\"https:\/\/videomappingcenter.com\/wp-content\/uploads\/2025\/10\/bande_logos_residences_EN.jpg\" alt=\"\" width=\"400\" height=\"90\" class=\"alignleft size-full wp-image-18568\" srcset=\"https:\/\/videomappingcenter.com\/wp-content\/uploads\/2025\/10\/bande_logos_residences_EN.jpg 400w, https:\/\/videomappingcenter.com\/wp-content\/uploads\/2025\/10\/bande_logos_residences_EN-300x68.jpg 300w\" sizes=\"auto, (max-width: 400px) 100vw, 400px\" \/><\/p>\n<div class=\"simple-taxonomy\">\n\t<div class=\"taxonomy-item-prod\"><a href=\"https:\/\/videomappingcenter.com\/en\/item-prod\/residence-en\/\" rel=\"tag\">Residency<\/a><\/div>\n\t<div class=\"taxonomy-item-mapping\"><a href=\"https:\/\/videomappingcenter.com\/en\/item-mapping\/mapping-monumental-en\/\" rel=\"tag\">Monument video mapping<\/a><\/div>\n\t<div class=\"taxonomy-item-lieu\"><a href=\"https:\/\/videomappingcenter.com\/en\/item-lieu\/hauts-de-france-en\/\" rel=\"tag\">Hauts-de-France<\/a><\/div>\n\t<div class=\"taxonomy-item-dates\"><a href=\"https:\/\/videomappingcenter.com\/en\/item-dates\/2025-3\/\" rel=\"tag\">2025<\/a><\/div>\n\n<\/div>\n","protected":false},"excerpt":{"rendered":"<p>Video mapping made during a creation residency organised by Rencontres Audiovisuelles \/ Video Mapping European Center as part of the Video Mapping Festival #8. \u25ba The Abyss Stares Back The installation plays with the complexity and contradictions that arise at the verge of the mundane and the abyss of the subconscious. Inspired by the history [&hellip;]<\/p>\n<div class=\"simple-taxonomy\">\n\t<div class=\"taxonomy-item-prod\"><a href=\"https:\/\/videomappingcenter.com\/en\/item-prod\/residence-en\/\" rel=\"tag\">Residency<\/a><\/div>\n\t<div class=\"taxonomy-item-mapping\"><a href=\"https:\/\/videomappingcenter.com\/en\/item-mapping\/mapping-monumental-en\/\" rel=\"tag\">Monument video mapping<\/a><\/div>\n\t<div class=\"taxonomy-item-lieu\"><a href=\"https:\/\/videomappingcenter.com\/en\/item-lieu\/hauts-de-france-en\/\" rel=\"tag\">Hauts-de-France<\/a><\/div>\n\t<div class=\"taxonomy-item-dates\"><a href=\"https:\/\/videomappingcenter.com\/en\/item-dates\/2025-3\/\" rel=\"tag\">2025<\/a><\/div>\n\n<\/div>\n","protected":false},"author":3,"featured_media":18883,"comment_status":"closed","ping_status":"closed","sticky":false,"template":"","format":"standard","meta":{"footnotes":""},"categories":[147,149],"tags":[3148,781,124,3346,117,720,782,120,110,116,104,108],"item-prod":[273],"item-mapping":[277],"item-lieu":[281],"item-dates":[3149],"class_list":["post-18887","post","type-post","status-publish","format-standard","has-post-thumbnail","hentry","category-residence-en","category-video-mapping-festival-en","tag-2025-2","tag-bethune-en","tag-transcient","tag-francisca-cardoso-lima","tag-front","tag-geraldine-kwik-en","tag-labanque-en","tag-linear","tag-monument-video-mapping","tag-outdoor","tag-residence-en","tag-video-mapping-festival-en","item-prod-residence-en","item-mapping-mapping-monumental-en","item-lieu-hauts-de-france-en","item-dates-2025-3"],"yoast_head":"<!-- This site is optimized with the Yoast SEO plugin v25.8 - https:\/\/yoast.com\/wordpress\/plugins\/seo\/ -->\n<title>THE ABYSS STARES BACK \u2013 Labanque,\u2028B\u00e9thune, France \u2013 Video Mapping Festival 2025 | Video Mapping European Center<\/title>\n<meta name=\"robots\" content=\"index, follow, max-snippet:-1, max-image-preview:large, max-video-preview:-1\" \/>\n<link rel=\"canonical\" href=\"https:\/\/videomappingcenter.com\/en\/the-abyss-stares-back-labanque-bethune-france-video-mapping-festival-2025\/\" \/>\n<meta property=\"og:locale\" content=\"en_US\" \/>\n<meta property=\"og:type\" content=\"article\" \/>\n<meta property=\"og:title\" content=\"THE ABYSS STARES BACK \u2013 Labanque,\u2028B\u00e9thune, France \u2013 Video Mapping Festival 2025 | Video Mapping European Center\" \/>\n<meta property=\"og:description\" content=\"Video mapping made during a creation residency organised by Rencontres Audiovisuelles \/ Video Mapping European Center as part of the Video Mapping Festival #8. \u25ba The Abyss Stares Back The installation plays with the complexity and contradictions that arise at the verge of the mundane and the abyss of the subconscious. Inspired by the history [&hellip;]\" \/>\n<meta property=\"og:url\" content=\"https:\/\/videomappingcenter.com\/en\/the-abyss-stares-back-labanque-bethune-france-video-mapping-festival-2025\/\" \/>\n<meta property=\"og:site_name\" content=\"Video Mapping European Center\" \/>\n<meta property=\"article:published_time\" content=\"2025-05-24T20:20:48+00:00\" \/>\n<meta property=\"article:modified_time\" content=\"2025-11-21T12:20:06+00:00\" \/>\n<meta property=\"og:image\" content=\"https:\/\/videomappingcenter.com\/wp-content\/uploads\/2025\/11\/VMF25_Bethune_Labanque.png\" \/>\n\t<meta property=\"og:image:width\" content=\"900\" \/>\n\t<meta property=\"og:image:height\" content=\"500\" \/>\n\t<meta property=\"og:image:type\" content=\"image\/png\" \/>\n<meta name=\"author\" content=\"Edimestre\" \/>\n<meta name=\"twitter:card\" content=\"summary_large_image\" \/>\n<meta name=\"twitter:label1\" content=\"Written by\" \/>\n\t<meta name=\"twitter:data1\" content=\"Edimestre\" \/>\n\t<meta name=\"twitter:label2\" content=\"Est. reading time\" \/>\n\t<meta name=\"twitter:data2\" content=\"2 minutes\" \/>\n<script type=\"application\/ld+json\" class=\"yoast-schema-graph\">{\"@context\":\"https:\/\/schema.org\",\"@graph\":[{\"@type\":\"Article\",\"@id\":\"https:\/\/videomappingcenter.com\/en\/the-abyss-stares-back-labanque-bethune-france-video-mapping-festival-2025\/#article\",\"isPartOf\":{\"@id\":\"https:\/\/videomappingcenter.com\/en\/the-abyss-stares-back-labanque-bethune-france-video-mapping-festival-2025\/\"},\"author\":{\"name\":\"Edimestre\",\"@id\":\"https:\/\/videomappingcenter.com\/?lang=en\/#\/schema\/person\/506136ad599d9c386ea59407d183cef8\"},\"headline\":\"THE ABYSS STARES BACK \u2013 Labanque,\\u2028B\u00e9thune, France \u2013 Video Mapping Festival 2025\",\"datePublished\":\"2025-05-24T20:20:48+00:00\",\"dateModified\":\"2025-11-21T12:20:06+00:00\",\"mainEntityOfPage\":{\"@id\":\"https:\/\/videomappingcenter.com\/en\/the-abyss-stares-back-labanque-bethune-france-video-mapping-festival-2025\/\"},\"wordCount\":265,\"publisher\":{\"@id\":\"https:\/\/videomappingcenter.com\/?lang=en\/#organization\"},\"image\":{\"@id\":\"https:\/\/videomappingcenter.com\/en\/the-abyss-stares-back-labanque-bethune-france-video-mapping-festival-2025\/#primaryimage\"},\"thumbnailUrl\":\"https:\/\/videomappingcenter.com\/wp-content\/uploads\/2025\/11\/VMF25_Bethune_Labanque.png\",\"keywords\":[\"2025\",\"B\u00e9thune\",\"Ephemeral\",\"Francisca Cardoso Lima\",\"Frontal\",\"G\u00e9raldine Kwik\",\"Labanque\",\"linear\",\"Monument video mapping\",\"Outdoor\",\"Residency\",\"Video Mapping Festival\"],\"articleSection\":[\"Residency\",\"Video Mapping Festival\"],\"inLanguage\":\"en-US\"},{\"@type\":\"WebPage\",\"@id\":\"https:\/\/videomappingcenter.com\/en\/the-abyss-stares-back-labanque-bethune-france-video-mapping-festival-2025\/\",\"url\":\"https:\/\/videomappingcenter.com\/en\/the-abyss-stares-back-labanque-bethune-france-video-mapping-festival-2025\/\",\"name\":\"THE ABYSS STARES BACK \u2013 Labanque,\\u2028B\u00e9thune, France \u2013 Video Mapping Festival 2025 | Video Mapping European Center\",\"isPartOf\":{\"@id\":\"https:\/\/videomappingcenter.com\/?lang=en\/#website\"},\"primaryImageOfPage\":{\"@id\":\"https:\/\/videomappingcenter.com\/en\/the-abyss-stares-back-labanque-bethune-france-video-mapping-festival-2025\/#primaryimage\"},\"image\":{\"@id\":\"https:\/\/videomappingcenter.com\/en\/the-abyss-stares-back-labanque-bethune-france-video-mapping-festival-2025\/#primaryimage\"},\"thumbnailUrl\":\"https:\/\/videomappingcenter.com\/wp-content\/uploads\/2025\/11\/VMF25_Bethune_Labanque.png\",\"datePublished\":\"2025-05-24T20:20:48+00:00\",\"dateModified\":\"2025-11-21T12:20:06+00:00\",\"breadcrumb\":{\"@id\":\"https:\/\/videomappingcenter.com\/en\/the-abyss-stares-back-labanque-bethune-france-video-mapping-festival-2025\/#breadcrumb\"},\"inLanguage\":\"en-US\",\"potentialAction\":[{\"@type\":\"ReadAction\",\"target\":[\"https:\/\/videomappingcenter.com\/en\/the-abyss-stares-back-labanque-bethune-france-video-mapping-festival-2025\/\"]}]},{\"@type\":\"ImageObject\",\"inLanguage\":\"en-US\",\"@id\":\"https:\/\/videomappingcenter.com\/en\/the-abyss-stares-back-labanque-bethune-france-video-mapping-festival-2025\/#primaryimage\",\"url\":\"https:\/\/videomappingcenter.com\/wp-content\/uploads\/2025\/11\/VMF25_Bethune_Labanque.png\",\"contentUrl\":\"https:\/\/videomappingcenter.com\/wp-content\/uploads\/2025\/11\/VMF25_Bethune_Labanque.png\",\"width\":900,\"height\":500},{\"@type\":\"BreadcrumbList\",\"@id\":\"https:\/\/videomappingcenter.com\/en\/the-abyss-stares-back-labanque-bethune-france-video-mapping-festival-2025\/#breadcrumb\",\"itemListElement\":[{\"@type\":\"ListItem\",\"position\":1,\"name\":\"Accueil\",\"item\":\"https:\/\/videomappingcenter.com\/\"},{\"@type\":\"ListItem\",\"position\":2,\"name\":\"THE ABYSS STARES BACK \u2013 Labanque,\\u2028B\u00e9thune, France \u2013 Video Mapping Festival 2025\"}]},{\"@type\":\"WebSite\",\"@id\":\"https:\/\/videomappingcenter.com\/?lang=en\/#website\",\"url\":\"https:\/\/videomappingcenter.com\/?lang=en\/\",\"name\":\"Video Mapping European Center\",\"description\":\"Video Mapping European Center\",\"publisher\":{\"@id\":\"https:\/\/videomappingcenter.com\/?lang=en\/#organization\"},\"potentialAction\":[{\"@type\":\"SearchAction\",\"target\":{\"@type\":\"EntryPoint\",\"urlTemplate\":\"https:\/\/videomappingcenter.com\/?lang=en\/?s={search_term_string}\"},\"query-input\":{\"@type\":\"PropertyValueSpecification\",\"valueRequired\":true,\"valueName\":\"search_term_string\"}}],\"inLanguage\":\"en-US\"},{\"@type\":\"Organization\",\"@id\":\"https:\/\/videomappingcenter.com\/?lang=en\/#organization\",\"name\":\"Video Mapping European Center\",\"url\":\"https:\/\/videomappingcenter.com\/?lang=en\/\",\"logo\":{\"@type\":\"ImageObject\",\"inLanguage\":\"en-US\",\"@id\":\"https:\/\/videomappingcenter.com\/?lang=en\/#\/schema\/logo\/image\/\",\"url\":\"https:\/\/videomappingcenter.com\/wp-content\/uploads\/2017\/07\/logo-v3.png\",\"contentUrl\":\"https:\/\/videomappingcenter.com\/wp-content\/uploads\/2017\/07\/logo-v3.png\",\"width\":300,\"height\":135,\"caption\":\"Video Mapping European Center\"},\"image\":{\"@id\":\"https:\/\/videomappingcenter.com\/?lang=en\/#\/schema\/logo\/image\/\"}},{\"@type\":\"Person\",\"@id\":\"https:\/\/videomappingcenter.com\/?lang=en\/#\/schema\/person\/506136ad599d9c386ea59407d183cef8\",\"name\":\"Edimestre\",\"image\":{\"@type\":\"ImageObject\",\"inLanguage\":\"en-US\",\"@id\":\"https:\/\/videomappingcenter.com\/?lang=en\/#\/schema\/person\/image\/\",\"url\":\"https:\/\/videomappingcenter.com\/wp-content\/uploads\/2017\/07\/avatar.jpg\",\"contentUrl\":\"https:\/\/videomappingcenter.com\/wp-content\/uploads\/2017\/07\/avatar.jpg\",\"caption\":\"Edimestre\"}}]}<\/script>\n<!-- \/ Yoast SEO plugin. -->","yoast_head_json":{"title":"THE ABYSS STARES BACK \u2013 Labanque,\u2028B\u00e9thune, France \u2013 Video Mapping Festival 2025 | Video Mapping European Center","robots":{"index":"index","follow":"follow","max-snippet":"max-snippet:-1","max-image-preview":"max-image-preview:large","max-video-preview":"max-video-preview:-1"},"canonical":"https:\/\/videomappingcenter.com\/en\/the-abyss-stares-back-labanque-bethune-france-video-mapping-festival-2025\/","og_locale":"en_US","og_type":"article","og_title":"THE ABYSS STARES BACK \u2013 Labanque,\u2028B\u00e9thune, France \u2013 Video Mapping Festival 2025 | Video Mapping European Center","og_description":"Video mapping made during a creation residency organised by Rencontres Audiovisuelles \/ Video Mapping European Center as part of the Video Mapping Festival #8. \u25ba The Abyss Stares Back The installation plays with the complexity and contradictions that arise at the verge of the mundane and the abyss of the subconscious. Inspired by the history [&hellip;]","og_url":"https:\/\/videomappingcenter.com\/en\/the-abyss-stares-back-labanque-bethune-france-video-mapping-festival-2025\/","og_site_name":"Video Mapping European Center","article_published_time":"2025-05-24T20:20:48+00:00","article_modified_time":"2025-11-21T12:20:06+00:00","og_image":[{"width":900,"height":500,"url":"https:\/\/videomappingcenter.com\/wp-content\/uploads\/2025\/11\/VMF25_Bethune_Labanque.png","type":"image\/png"}],"author":"Edimestre","twitter_card":"summary_large_image","twitter_misc":{"Written by":"Edimestre","Est. reading time":"2 minutes"},"schema":{"@context":"https:\/\/schema.org","@graph":[{"@type":"Article","@id":"https:\/\/videomappingcenter.com\/en\/the-abyss-stares-back-labanque-bethune-france-video-mapping-festival-2025\/#article","isPartOf":{"@id":"https:\/\/videomappingcenter.com\/en\/the-abyss-stares-back-labanque-bethune-france-video-mapping-festival-2025\/"},"author":{"name":"Edimestre","@id":"https:\/\/videomappingcenter.com\/?lang=en\/#\/schema\/person\/506136ad599d9c386ea59407d183cef8"},"headline":"THE ABYSS STARES BACK \u2013 Labanque,\u2028B\u00e9thune, France \u2013 Video Mapping Festival 2025","datePublished":"2025-05-24T20:20:48+00:00","dateModified":"2025-11-21T12:20:06+00:00","mainEntityOfPage":{"@id":"https:\/\/videomappingcenter.com\/en\/the-abyss-stares-back-labanque-bethune-france-video-mapping-festival-2025\/"},"wordCount":265,"publisher":{"@id":"https:\/\/videomappingcenter.com\/?lang=en\/#organization"},"image":{"@id":"https:\/\/videomappingcenter.com\/en\/the-abyss-stares-back-labanque-bethune-france-video-mapping-festival-2025\/#primaryimage"},"thumbnailUrl":"https:\/\/videomappingcenter.com\/wp-content\/uploads\/2025\/11\/VMF25_Bethune_Labanque.png","keywords":["2025","B\u00e9thune","Ephemeral","Francisca Cardoso Lima","Frontal","G\u00e9raldine Kwik","Labanque","linear","Monument video mapping","Outdoor","Residency","Video Mapping Festival"],"articleSection":["Residency","Video Mapping Festival"],"inLanguage":"en-US"},{"@type":"WebPage","@id":"https:\/\/videomappingcenter.com\/en\/the-abyss-stares-back-labanque-bethune-france-video-mapping-festival-2025\/","url":"https:\/\/videomappingcenter.com\/en\/the-abyss-stares-back-labanque-bethune-france-video-mapping-festival-2025\/","name":"THE ABYSS STARES BACK \u2013 Labanque,\u2028B\u00e9thune, France \u2013 Video Mapping Festival 2025 | Video Mapping European Center","isPartOf":{"@id":"https:\/\/videomappingcenter.com\/?lang=en\/#website"},"primaryImageOfPage":{"@id":"https:\/\/videomappingcenter.com\/en\/the-abyss-stares-back-labanque-bethune-france-video-mapping-festival-2025\/#primaryimage"},"image":{"@id":"https:\/\/videomappingcenter.com\/en\/the-abyss-stares-back-labanque-bethune-france-video-mapping-festival-2025\/#primaryimage"},"thumbnailUrl":"https:\/\/videomappingcenter.com\/wp-content\/uploads\/2025\/11\/VMF25_Bethune_Labanque.png","datePublished":"2025-05-24T20:20:48+00:00","dateModified":"2025-11-21T12:20:06+00:00","breadcrumb":{"@id":"https:\/\/videomappingcenter.com\/en\/the-abyss-stares-back-labanque-bethune-france-video-mapping-festival-2025\/#breadcrumb"},"inLanguage":"en-US","potentialAction":[{"@type":"ReadAction","target":["https:\/\/videomappingcenter.com\/en\/the-abyss-stares-back-labanque-bethune-france-video-mapping-festival-2025\/"]}]},{"@type":"ImageObject","inLanguage":"en-US","@id":"https:\/\/videomappingcenter.com\/en\/the-abyss-stares-back-labanque-bethune-france-video-mapping-festival-2025\/#primaryimage","url":"https:\/\/videomappingcenter.com\/wp-content\/uploads\/2025\/11\/VMF25_Bethune_Labanque.png","contentUrl":"https:\/\/videomappingcenter.com\/wp-content\/uploads\/2025\/11\/VMF25_Bethune_Labanque.png","width":900,"height":500},{"@type":"BreadcrumbList","@id":"https:\/\/videomappingcenter.com\/en\/the-abyss-stares-back-labanque-bethune-france-video-mapping-festival-2025\/#breadcrumb","itemListElement":[{"@type":"ListItem","position":1,"name":"Accueil","item":"https:\/\/videomappingcenter.com\/"},{"@type":"ListItem","position":2,"name":"THE ABYSS STARES BACK \u2013 Labanque,\u2028B\u00e9thune, France \u2013 Video Mapping Festival 2025"}]},{"@type":"WebSite","@id":"https:\/\/videomappingcenter.com\/?lang=en\/#website","url":"https:\/\/videomappingcenter.com\/?lang=en\/","name":"Video Mapping European Center","description":"Video Mapping European Center","publisher":{"@id":"https:\/\/videomappingcenter.com\/?lang=en\/#organization"},"potentialAction":[{"@type":"SearchAction","target":{"@type":"EntryPoint","urlTemplate":"https:\/\/videomappingcenter.com\/?lang=en\/?s={search_term_string}"},"query-input":{"@type":"PropertyValueSpecification","valueRequired":true,"valueName":"search_term_string"}}],"inLanguage":"en-US"},{"@type":"Organization","@id":"https:\/\/videomappingcenter.com\/?lang=en\/#organization","name":"Video Mapping European Center","url":"https:\/\/videomappingcenter.com\/?lang=en\/","logo":{"@type":"ImageObject","inLanguage":"en-US","@id":"https:\/\/videomappingcenter.com\/?lang=en\/#\/schema\/logo\/image\/","url":"https:\/\/videomappingcenter.com\/wp-content\/uploads\/2017\/07\/logo-v3.png","contentUrl":"https:\/\/videomappingcenter.com\/wp-content\/uploads\/2017\/07\/logo-v3.png","width":300,"height":135,"caption":"Video Mapping European Center"},"image":{"@id":"https:\/\/videomappingcenter.com\/?lang=en\/#\/schema\/logo\/image\/"}},{"@type":"Person","@id":"https:\/\/videomappingcenter.com\/?lang=en\/#\/schema\/person\/506136ad599d9c386ea59407d183cef8","name":"Edimestre","image":{"@type":"ImageObject","inLanguage":"en-US","@id":"https:\/\/videomappingcenter.com\/?lang=en\/#\/schema\/person\/image\/","url":"https:\/\/videomappingcenter.com\/wp-content\/uploads\/2017\/07\/avatar.jpg","contentUrl":"https:\/\/videomappingcenter.com\/wp-content\/uploads\/2017\/07\/avatar.jpg","caption":"Edimestre"}}]}},"_links":{"self":[{"href":"https:\/\/videomappingcenter.com\/en\/wp-json\/wp\/v2\/posts\/18887","targetHints":{"allow":["GET"]}}],"collection":[{"href":"https:\/\/videomappingcenter.com\/en\/wp-json\/wp\/v2\/posts"}],"about":[{"href":"https:\/\/videomappingcenter.com\/en\/wp-json\/wp\/v2\/types\/post"}],"author":[{"embeddable":true,"href":"https:\/\/videomappingcenter.com\/en\/wp-json\/wp\/v2\/users\/3"}],"replies":[{"embeddable":true,"href":"https:\/\/videomappingcenter.com\/en\/wp-json\/wp\/v2\/comments?post=18887"}],"version-history":[{"count":2,"href":"https:\/\/videomappingcenter.com\/en\/wp-json\/wp\/v2\/posts\/18887\/revisions"}],"predecessor-version":[{"id":18906,"href":"https:\/\/videomappingcenter.com\/en\/wp-json\/wp\/v2\/posts\/18887\/revisions\/18906"}],"wp:featuredmedia":[{"embeddable":true,"href":"https:\/\/videomappingcenter.com\/en\/wp-json\/wp\/v2\/media\/18883"}],"wp:attachment":[{"href":"https:\/\/videomappingcenter.com\/en\/wp-json\/wp\/v2\/media?parent=18887"}],"wp:term":[{"taxonomy":"category","embeddable":true,"href":"https:\/\/videomappingcenter.com\/en\/wp-json\/wp\/v2\/categories?post=18887"},{"taxonomy":"post_tag","embeddable":true,"href":"https:\/\/videomappingcenter.com\/en\/wp-json\/wp\/v2\/tags?post=18887"},{"taxonomy":"item-prod","embeddable":true,"href":"https:\/\/videomappingcenter.com\/en\/wp-json\/wp\/v2\/item-prod?post=18887"},{"taxonomy":"item-mapping","embeddable":true,"href":"https:\/\/videomappingcenter.com\/en\/wp-json\/wp\/v2\/item-mapping?post=18887"},{"taxonomy":"item-lieu","embeddable":true,"href":"https:\/\/videomappingcenter.com\/en\/wp-json\/wp\/v2\/item-lieu?post=18887"},{"taxonomy":"item-dates","embeddable":true,"href":"https:\/\/videomappingcenter.com\/en\/wp-json\/wp\/v2\/item-dates?post=18887"}],"curies":[{"name":"wp","href":"https:\/\/api.w.org\/{rel}","templated":true}]}}