{"id":19022,"date":"2024-10-05T22:00:53","date_gmt":"2024-10-05T20:00:53","guid":{"rendered":"https:\/\/videomappingcenter.com\/?p=19022"},"modified":"2026-01-12T13:32:33","modified_gmt":"2026-01-12T12:32:33","slug":"1000-years-of-villiers-sur-marne-city-hall-villiers-sur-marne-france","status":"publish","type":"post","link":"https:\/\/videomappingcenter.com\/en\/1000-years-of-villiers-sur-marne-city-hall-villiers-sur-marne-france\/","title":{"rendered":"1000 YEARS OF VILLIERS-SUR-MARNE\u2028\u2013 City Hall, Villiers-sur-Marne, France\u2028"},"content":{"rendered":"<p style=\"text-align: justify;\"><iframe loading=\"lazy\" src=\"https:\/\/player.vimeo.com\/video\/1153538456\" width=\"640\" height=\"360\" frameborder=\"0\" allowfullscreen=\"allowfullscreen\"><span data-mce-type=\"bookmark\" style=\"display: inline-block; width: 0px; overflow: hidden; line-height: 0;\" class=\"mce_SELRES_start\"> <\/span><span data-mce-type=\"bookmark\" style=\"display: inline-block; width: 0px; overflow: hidden; line-height: 0;\" class=\"mce_SELRES_start\"> <\/span><span data-mce-type=\"bookmark\" style=\"display: inline-block; width: 0px; overflow: hidden; line-height: 0;\" class=\"mce_SELRES_start\"> <\/span><\/iframe><span class=\"s1\"><br \/>\nVideo mapping created by Loom Prod for the City of Villiers-sur-Marne,\u2028on the occasion of the Millennium of Villiers-sur-Marne.<\/p>\n<p><strong>\u25b6\ufe0e 1000 YEARS OF VILLIERS-SUR-MARNE\u2028<\/strong><br \/>\n<strong>Direction:<\/strong> R\u00e9mi SOYEZ\u2028<br \/>\n<strong>Animation:<\/strong> R\u00e9mi SOYEZ, Maxence DESEIN,\u2028Flavyen DUPONT,\u2028Nicolas HAYE\u2028<br \/>\n<strong>Original music:<\/strong> G\u00e9raldine KWIK\u2028<br \/>\n<strong>Voice and interpretation:<\/strong> Marie POLET\u2028<\/p>\n<div class=\"simple-taxonomy\">\n\t<div class=\"taxonomy-item-prod\"><a href=\"https:\/\/videomappingcenter.com\/en\/item-prod\/production\/\" rel=\"tag\">Production<\/a><\/div>\n\t<div class=\"taxonomy-item-mapping\"><a href=\"https:\/\/videomappingcenter.com\/en\/item-mapping\/mapping-monumental-en\/\" rel=\"tag\">Monument video mapping<\/a><\/div>\n\t<div class=\"taxonomy-item-lieu\"><a href=\"https:\/\/videomappingcenter.com\/en\/item-lieu\/france-en\/\" rel=\"tag\">France<\/a><\/div>\n\t<div class=\"taxonomy-item-dates\"><a href=\"https:\/\/videomappingcenter.com\/en\/item-dates\/2024-2\/\" rel=\"tag\">2024<\/a><\/div>\n\n<\/div>\n","protected":false},"excerpt":{"rendered":"<p>Video mapping created by Loom Prod for the City of Villiers-sur-Marne,\u2028on the occasion of the Millennium of Villiers-sur-Marne. \u25b6\ufe0e 1000 YEARS OF VILLIERS-SUR-MARNE\u2028 Direction: R\u00e9mi SOYEZ\u2028 Animation: R\u00e9mi SOYEZ, Maxence DESEIN,\u2028Flavyen DUPONT,\u2028Nicolas HAYE\u2028 Original music: G\u00e9raldine KWIK\u2028 Voice and interpretation: Marie POLET\u2028 Production Monument video mapping France 2024<\/p>\n<div class=\"simple-taxonomy\">\n\t<div class=\"taxonomy-item-prod\"><a href=\"https:\/\/videomappingcenter.com\/en\/item-prod\/production\/\" rel=\"tag\">Production<\/a><\/div>\n\t<div class=\"taxonomy-item-mapping\"><a href=\"https:\/\/videomappingcenter.com\/en\/item-mapping\/mapping-monumental-en\/\" rel=\"tag\">Monument video mapping<\/a><\/div>\n\t<div class=\"taxonomy-item-lieu\"><a href=\"https:\/\/videomappingcenter.com\/en\/item-lieu\/france-en\/\" rel=\"tag\">France<\/a><\/div>\n\t<div class=\"taxonomy-item-dates\"><a href=\"https:\/\/videomappingcenter.com\/en\/item-dates\/2024-2\/\" rel=\"tag\">2024<\/a><\/div>\n\n<\/div>\n","protected":false},"author":3,"featured_media":19017,"comment_status":"closed","ping_status":"closed","sticky":false,"template":"","format":"standard","meta":{"footnotes":""},"categories":[146],"tags":[124,3380,117,720,1453,120,3379,110,3381,116,105,859,3382],"item-prod":[155],"item-mapping":[277],"item-lieu":[475],"item-dates":[2821],"class_list":["post-19022","post","type-post","status-publish","format-standard","has-post-thumbnail","hentry","category-production-en","tag-transcient","tag-flavyen-dupont","tag-front","tag-geraldine-kwik-en","tag-hotel-de-ville-en","tag-linear","tag-maxence-desein","tag-monument-video-mapping","tag-nicolas-haye","tag-outdoor","tag-production-en","tag-remi-soyez-en","tag-villiers-sur-marne","item-prod-production","item-mapping-mapping-monumental-en","item-lieu-france-en","item-dates-2024-2"],"yoast_head":"<!-- This site is optimized with the Yoast SEO plugin v25.8 - https:\/\/yoast.com\/wordpress\/plugins\/seo\/ -->\n<title>1000 YEARS OF VILLIERS-SUR-MARNE\u2028\u2013 City Hall, Villiers-sur-Marne, France\u2028 | Video Mapping European Center<\/title>\n<meta name=\"robots\" content=\"index, follow, max-snippet:-1, max-image-preview:large, max-video-preview:-1\" \/>\n<link rel=\"canonical\" href=\"https:\/\/videomappingcenter.com\/en\/1000-years-of-villiers-sur-marne-city-hall-villiers-sur-marne-france\/\" \/>\n<meta property=\"og:locale\" content=\"en_US\" \/>\n<meta property=\"og:type\" content=\"article\" \/>\n<meta property=\"og:title\" content=\"1000 YEARS OF VILLIERS-SUR-MARNE\u2028\u2013 City Hall, Villiers-sur-Marne, France\u2028 | Video Mapping European Center\" \/>\n<meta property=\"og:description\" content=\"Video mapping created by Loom Prod for the City of Villiers-sur-Marne,\u2028on the occasion of the Millennium of Villiers-sur-Marne. \u25b6\ufe0e 1000 YEARS OF VILLIERS-SUR-MARNE\u2028 Direction: R\u00e9mi SOYEZ\u2028 Animation: R\u00e9mi SOYEZ, Maxence DESEIN,\u2028Flavyen DUPONT,\u2028Nicolas HAYE\u2028 Original music: G\u00e9raldine KWIK\u2028 Voice and interpretation: Marie POLET\u2028 Production Monument video mapping France 2024\" \/>\n<meta property=\"og:url\" content=\"https:\/\/videomappingcenter.com\/en\/1000-years-of-villiers-sur-marne-city-hall-villiers-sur-marne-france\/\" \/>\n<meta property=\"og:site_name\" content=\"Video Mapping European Center\" \/>\n<meta property=\"article:published_time\" content=\"2024-10-05T20:00:53+00:00\" \/>\n<meta property=\"article:modified_time\" content=\"2026-01-12T12:32:33+00:00\" \/>\n<meta property=\"og:image\" content=\"https:\/\/videomappingcenter.com\/wp-content\/uploads\/2026\/01\/Mapping_Villers.png\" \/>\n\t<meta property=\"og:image:width\" content=\"900\" \/>\n\t<meta property=\"og:image:height\" content=\"500\" \/>\n\t<meta property=\"og:image:type\" content=\"image\/png\" \/>\n<meta name=\"author\" content=\"Edimestre\" \/>\n<meta name=\"twitter:card\" content=\"summary_large_image\" \/>\n<meta name=\"twitter:label1\" content=\"Written by\" \/>\n\t<meta name=\"twitter:data1\" content=\"Edimestre\" \/>\n\t<meta name=\"twitter:label2\" content=\"Est. reading time\" \/>\n\t<meta name=\"twitter:data2\" content=\"1 minute\" \/>\n<script type=\"application\/ld+json\" class=\"yoast-schema-graph\">{\"@context\":\"https:\/\/schema.org\",\"@graph\":[{\"@type\":\"Article\",\"@id\":\"https:\/\/videomappingcenter.com\/en\/1000-years-of-villiers-sur-marne-city-hall-villiers-sur-marne-france\/#article\",\"isPartOf\":{\"@id\":\"https:\/\/videomappingcenter.com\/en\/1000-years-of-villiers-sur-marne-city-hall-villiers-sur-marne-france\/\"},\"author\":{\"name\":\"Edimestre\",\"@id\":\"https:\/\/videomappingcenter.com\/?lang=en\/#\/schema\/person\/506136ad599d9c386ea59407d183cef8\"},\"headline\":\"1000 YEARS OF VILLIERS-SUR-MARNE\\u2028\u2013 City Hall, Villiers-sur-Marne, France\\u2028\",\"datePublished\":\"2024-10-05T20:00:53+00:00\",\"dateModified\":\"2026-01-12T12:32:33+00:00\",\"mainEntityOfPage\":{\"@id\":\"https:\/\/videomappingcenter.com\/en\/1000-years-of-villiers-sur-marne-city-hall-villiers-sur-marne-france\/\"},\"wordCount\":53,\"publisher\":{\"@id\":\"https:\/\/videomappingcenter.com\/?lang=en\/#organization\"},\"image\":{\"@id\":\"https:\/\/videomappingcenter.com\/en\/1000-years-of-villiers-sur-marne-city-hall-villiers-sur-marne-france\/#primaryimage\"},\"thumbnailUrl\":\"https:\/\/videomappingcenter.com\/wp-content\/uploads\/2026\/01\/Mapping_Villers.png\",\"keywords\":[\"Ephemeral\",\"Flavyen DUPONT\",\"Frontal\",\"G\u00e9raldine Kwik\",\"H\u00f4tel de ville\",\"linear\",\"Maxence DESEIN\",\"Monument video mapping\",\"Nicolas HAYE\",\"Outdoor\",\"Production\",\"R\u00e9mi SOYEZ\",\"Villiers-sur-Marne\"],\"articleSection\":[\"Production\"],\"inLanguage\":\"en-US\"},{\"@type\":\"WebPage\",\"@id\":\"https:\/\/videomappingcenter.com\/en\/1000-years-of-villiers-sur-marne-city-hall-villiers-sur-marne-france\/\",\"url\":\"https:\/\/videomappingcenter.com\/en\/1000-years-of-villiers-sur-marne-city-hall-villiers-sur-marne-france\/\",\"name\":\"1000 YEARS OF VILLIERS-SUR-MARNE\\u2028\u2013 City Hall, Villiers-sur-Marne, France\\u2028 | Video Mapping European Center\",\"isPartOf\":{\"@id\":\"https:\/\/videomappingcenter.com\/?lang=en\/#website\"},\"primaryImageOfPage\":{\"@id\":\"https:\/\/videomappingcenter.com\/en\/1000-years-of-villiers-sur-marne-city-hall-villiers-sur-marne-france\/#primaryimage\"},\"image\":{\"@id\":\"https:\/\/videomappingcenter.com\/en\/1000-years-of-villiers-sur-marne-city-hall-villiers-sur-marne-france\/#primaryimage\"},\"thumbnailUrl\":\"https:\/\/videomappingcenter.com\/wp-content\/uploads\/2026\/01\/Mapping_Villers.png\",\"datePublished\":\"2024-10-05T20:00:53+00:00\",\"dateModified\":\"2026-01-12T12:32:33+00:00\",\"breadcrumb\":{\"@id\":\"https:\/\/videomappingcenter.com\/en\/1000-years-of-villiers-sur-marne-city-hall-villiers-sur-marne-france\/#breadcrumb\"},\"inLanguage\":\"en-US\",\"potentialAction\":[{\"@type\":\"ReadAction\",\"target\":[\"https:\/\/videomappingcenter.com\/en\/1000-years-of-villiers-sur-marne-city-hall-villiers-sur-marne-france\/\"]}]},{\"@type\":\"ImageObject\",\"inLanguage\":\"en-US\",\"@id\":\"https:\/\/videomappingcenter.com\/en\/1000-years-of-villiers-sur-marne-city-hall-villiers-sur-marne-france\/#primaryimage\",\"url\":\"https:\/\/videomappingcenter.com\/wp-content\/uploads\/2026\/01\/Mapping_Villers.png\",\"contentUrl\":\"https:\/\/videomappingcenter.com\/wp-content\/uploads\/2026\/01\/Mapping_Villers.png\",\"width\":900,\"height\":500},{\"@type\":\"BreadcrumbList\",\"@id\":\"https:\/\/videomappingcenter.com\/en\/1000-years-of-villiers-sur-marne-city-hall-villiers-sur-marne-france\/#breadcrumb\",\"itemListElement\":[{\"@type\":\"ListItem\",\"position\":1,\"name\":\"Accueil\",\"item\":\"https:\/\/videomappingcenter.com\/\"},{\"@type\":\"ListItem\",\"position\":2,\"name\":\"1000 YEARS OF VILLIERS-SUR-MARNE\\u2028\u2013 City Hall, Villiers-sur-Marne, France\\u2028\"}]},{\"@type\":\"WebSite\",\"@id\":\"https:\/\/videomappingcenter.com\/?lang=en\/#website\",\"url\":\"https:\/\/videomappingcenter.com\/?lang=en\/\",\"name\":\"Video Mapping European Center\",\"description\":\"Video Mapping European Center\",\"publisher\":{\"@id\":\"https:\/\/videomappingcenter.com\/?lang=en\/#organization\"},\"potentialAction\":[{\"@type\":\"SearchAction\",\"target\":{\"@type\":\"EntryPoint\",\"urlTemplate\":\"https:\/\/videomappingcenter.com\/?lang=en\/?s={search_term_string}\"},\"query-input\":{\"@type\":\"PropertyValueSpecification\",\"valueRequired\":true,\"valueName\":\"search_term_string\"}}],\"inLanguage\":\"en-US\"},{\"@type\":\"Organization\",\"@id\":\"https:\/\/videomappingcenter.com\/?lang=en\/#organization\",\"name\":\"Video Mapping European Center\",\"url\":\"https:\/\/videomappingcenter.com\/?lang=en\/\",\"logo\":{\"@type\":\"ImageObject\",\"inLanguage\":\"en-US\",\"@id\":\"https:\/\/videomappingcenter.com\/?lang=en\/#\/schema\/logo\/image\/\",\"url\":\"https:\/\/videomappingcenter.com\/wp-content\/uploads\/2017\/07\/logo-v3.png\",\"contentUrl\":\"https:\/\/videomappingcenter.com\/wp-content\/uploads\/2017\/07\/logo-v3.png\",\"width\":300,\"height\":135,\"caption\":\"Video Mapping European Center\"},\"image\":{\"@id\":\"https:\/\/videomappingcenter.com\/?lang=en\/#\/schema\/logo\/image\/\"}},{\"@type\":\"Person\",\"@id\":\"https:\/\/videomappingcenter.com\/?lang=en\/#\/schema\/person\/506136ad599d9c386ea59407d183cef8\",\"name\":\"Edimestre\",\"image\":{\"@type\":\"ImageObject\",\"inLanguage\":\"en-US\",\"@id\":\"https:\/\/videomappingcenter.com\/?lang=en\/#\/schema\/person\/image\/\",\"url\":\"https:\/\/videomappingcenter.com\/wp-content\/uploads\/2017\/07\/avatar.jpg\",\"contentUrl\":\"https:\/\/videomappingcenter.com\/wp-content\/uploads\/2017\/07\/avatar.jpg\",\"caption\":\"Edimestre\"}}]}<\/script>\n<!-- \/ Yoast SEO plugin. -->","yoast_head_json":{"title":"1000 YEARS OF VILLIERS-SUR-MARNE\u2028\u2013 City Hall, Villiers-sur-Marne, France\u2028 | Video Mapping European Center","robots":{"index":"index","follow":"follow","max-snippet":"max-snippet:-1","max-image-preview":"max-image-preview:large","max-video-preview":"max-video-preview:-1"},"canonical":"https:\/\/videomappingcenter.com\/en\/1000-years-of-villiers-sur-marne-city-hall-villiers-sur-marne-france\/","og_locale":"en_US","og_type":"article","og_title":"1000 YEARS OF VILLIERS-SUR-MARNE\u2028\u2013 City Hall, Villiers-sur-Marne, France\u2028 | Video Mapping European Center","og_description":"Video mapping created by Loom Prod for the City of Villiers-sur-Marne,\u2028on the occasion of the Millennium of Villiers-sur-Marne. \u25b6\ufe0e 1000 YEARS OF VILLIERS-SUR-MARNE\u2028 Direction: R\u00e9mi SOYEZ\u2028 Animation: R\u00e9mi SOYEZ, Maxence DESEIN,\u2028Flavyen DUPONT,\u2028Nicolas HAYE\u2028 Original music: G\u00e9raldine KWIK\u2028 Voice and interpretation: Marie POLET\u2028 Production Monument video mapping France 2024","og_url":"https:\/\/videomappingcenter.com\/en\/1000-years-of-villiers-sur-marne-city-hall-villiers-sur-marne-france\/","og_site_name":"Video Mapping European Center","article_published_time":"2024-10-05T20:00:53+00:00","article_modified_time":"2026-01-12T12:32:33+00:00","og_image":[{"width":900,"height":500,"url":"https:\/\/videomappingcenter.com\/wp-content\/uploads\/2026\/01\/Mapping_Villers.png","type":"image\/png"}],"author":"Edimestre","twitter_card":"summary_large_image","twitter_misc":{"Written by":"Edimestre","Est. reading time":"1 minute"},"schema":{"@context":"https:\/\/schema.org","@graph":[{"@type":"Article","@id":"https:\/\/videomappingcenter.com\/en\/1000-years-of-villiers-sur-marne-city-hall-villiers-sur-marne-france\/#article","isPartOf":{"@id":"https:\/\/videomappingcenter.com\/en\/1000-years-of-villiers-sur-marne-city-hall-villiers-sur-marne-france\/"},"author":{"name":"Edimestre","@id":"https:\/\/videomappingcenter.com\/?lang=en\/#\/schema\/person\/506136ad599d9c386ea59407d183cef8"},"headline":"1000 YEARS OF VILLIERS-SUR-MARNE\u2028\u2013 City Hall, Villiers-sur-Marne, France\u2028","datePublished":"2024-10-05T20:00:53+00:00","dateModified":"2026-01-12T12:32:33+00:00","mainEntityOfPage":{"@id":"https:\/\/videomappingcenter.com\/en\/1000-years-of-villiers-sur-marne-city-hall-villiers-sur-marne-france\/"},"wordCount":53,"publisher":{"@id":"https:\/\/videomappingcenter.com\/?lang=en\/#organization"},"image":{"@id":"https:\/\/videomappingcenter.com\/en\/1000-years-of-villiers-sur-marne-city-hall-villiers-sur-marne-france\/#primaryimage"},"thumbnailUrl":"https:\/\/videomappingcenter.com\/wp-content\/uploads\/2026\/01\/Mapping_Villers.png","keywords":["Ephemeral","Flavyen DUPONT","Frontal","G\u00e9raldine Kwik","H\u00f4tel de ville","linear","Maxence DESEIN","Monument video mapping","Nicolas HAYE","Outdoor","Production","R\u00e9mi SOYEZ","Villiers-sur-Marne"],"articleSection":["Production"],"inLanguage":"en-US"},{"@type":"WebPage","@id":"https:\/\/videomappingcenter.com\/en\/1000-years-of-villiers-sur-marne-city-hall-villiers-sur-marne-france\/","url":"https:\/\/videomappingcenter.com\/en\/1000-years-of-villiers-sur-marne-city-hall-villiers-sur-marne-france\/","name":"1000 YEARS OF VILLIERS-SUR-MARNE\u2028\u2013 City Hall, Villiers-sur-Marne, France\u2028 | Video Mapping European Center","isPartOf":{"@id":"https:\/\/videomappingcenter.com\/?lang=en\/#website"},"primaryImageOfPage":{"@id":"https:\/\/videomappingcenter.com\/en\/1000-years-of-villiers-sur-marne-city-hall-villiers-sur-marne-france\/#primaryimage"},"image":{"@id":"https:\/\/videomappingcenter.com\/en\/1000-years-of-villiers-sur-marne-city-hall-villiers-sur-marne-france\/#primaryimage"},"thumbnailUrl":"https:\/\/videomappingcenter.com\/wp-content\/uploads\/2026\/01\/Mapping_Villers.png","datePublished":"2024-10-05T20:00:53+00:00","dateModified":"2026-01-12T12:32:33+00:00","breadcrumb":{"@id":"https:\/\/videomappingcenter.com\/en\/1000-years-of-villiers-sur-marne-city-hall-villiers-sur-marne-france\/#breadcrumb"},"inLanguage":"en-US","potentialAction":[{"@type":"ReadAction","target":["https:\/\/videomappingcenter.com\/en\/1000-years-of-villiers-sur-marne-city-hall-villiers-sur-marne-france\/"]}]},{"@type":"ImageObject","inLanguage":"en-US","@id":"https:\/\/videomappingcenter.com\/en\/1000-years-of-villiers-sur-marne-city-hall-villiers-sur-marne-france\/#primaryimage","url":"https:\/\/videomappingcenter.com\/wp-content\/uploads\/2026\/01\/Mapping_Villers.png","contentUrl":"https:\/\/videomappingcenter.com\/wp-content\/uploads\/2026\/01\/Mapping_Villers.png","width":900,"height":500},{"@type":"BreadcrumbList","@id":"https:\/\/videomappingcenter.com\/en\/1000-years-of-villiers-sur-marne-city-hall-villiers-sur-marne-france\/#breadcrumb","itemListElement":[{"@type":"ListItem","position":1,"name":"Accueil","item":"https:\/\/videomappingcenter.com\/"},{"@type":"ListItem","position":2,"name":"1000 YEARS OF VILLIERS-SUR-MARNE\u2028\u2013 City Hall, Villiers-sur-Marne, France\u2028"}]},{"@type":"WebSite","@id":"https:\/\/videomappingcenter.com\/?lang=en\/#website","url":"https:\/\/videomappingcenter.com\/?lang=en\/","name":"Video Mapping European Center","description":"Video Mapping European Center","publisher":{"@id":"https:\/\/videomappingcenter.com\/?lang=en\/#organization"},"potentialAction":[{"@type":"SearchAction","target":{"@type":"EntryPoint","urlTemplate":"https:\/\/videomappingcenter.com\/?lang=en\/?s={search_term_string}"},"query-input":{"@type":"PropertyValueSpecification","valueRequired":true,"valueName":"search_term_string"}}],"inLanguage":"en-US"},{"@type":"Organization","@id":"https:\/\/videomappingcenter.com\/?lang=en\/#organization","name":"Video Mapping European Center","url":"https:\/\/videomappingcenter.com\/?lang=en\/","logo":{"@type":"ImageObject","inLanguage":"en-US","@id":"https:\/\/videomappingcenter.com\/?lang=en\/#\/schema\/logo\/image\/","url":"https:\/\/videomappingcenter.com\/wp-content\/uploads\/2017\/07\/logo-v3.png","contentUrl":"https:\/\/videomappingcenter.com\/wp-content\/uploads\/2017\/07\/logo-v3.png","width":300,"height":135,"caption":"Video Mapping European Center"},"image":{"@id":"https:\/\/videomappingcenter.com\/?lang=en\/#\/schema\/logo\/image\/"}},{"@type":"Person","@id":"https:\/\/videomappingcenter.com\/?lang=en\/#\/schema\/person\/506136ad599d9c386ea59407d183cef8","name":"Edimestre","image":{"@type":"ImageObject","inLanguage":"en-US","@id":"https:\/\/videomappingcenter.com\/?lang=en\/#\/schema\/person\/image\/","url":"https:\/\/videomappingcenter.com\/wp-content\/uploads\/2017\/07\/avatar.jpg","contentUrl":"https:\/\/videomappingcenter.com\/wp-content\/uploads\/2017\/07\/avatar.jpg","caption":"Edimestre"}}]}},"_links":{"self":[{"href":"https:\/\/videomappingcenter.com\/en\/wp-json\/wp\/v2\/posts\/19022","targetHints":{"allow":["GET"]}}],"collection":[{"href":"https:\/\/videomappingcenter.com\/en\/wp-json\/wp\/v2\/posts"}],"about":[{"href":"https:\/\/videomappingcenter.com\/en\/wp-json\/wp\/v2\/types\/post"}],"author":[{"embeddable":true,"href":"https:\/\/videomappingcenter.com\/en\/wp-json\/wp\/v2\/users\/3"}],"replies":[{"embeddable":true,"href":"https:\/\/videomappingcenter.com\/en\/wp-json\/wp\/v2\/comments?post=19022"}],"version-history":[{"count":2,"href":"https:\/\/videomappingcenter.com\/en\/wp-json\/wp\/v2\/posts\/19022\/revisions"}],"predecessor-version":[{"id":19027,"href":"https:\/\/videomappingcenter.com\/en\/wp-json\/wp\/v2\/posts\/19022\/revisions\/19027"}],"wp:featuredmedia":[{"embeddable":true,"href":"https:\/\/videomappingcenter.com\/en\/wp-json\/wp\/v2\/media\/19017"}],"wp:attachment":[{"href":"https:\/\/videomappingcenter.com\/en\/wp-json\/wp\/v2\/media?parent=19022"}],"wp:term":[{"taxonomy":"category","embeddable":true,"href":"https:\/\/videomappingcenter.com\/en\/wp-json\/wp\/v2\/categories?post=19022"},{"taxonomy":"post_tag","embeddable":true,"href":"https:\/\/videomappingcenter.com\/en\/wp-json\/wp\/v2\/tags?post=19022"},{"taxonomy":"item-prod","embeddable":true,"href":"https:\/\/videomappingcenter.com\/en\/wp-json\/wp\/v2\/item-prod?post=19022"},{"taxonomy":"item-mapping","embeddable":true,"href":"https:\/\/videomappingcenter.com\/en\/wp-json\/wp\/v2\/item-mapping?post=19022"},{"taxonomy":"item-lieu","embeddable":true,"href":"https:\/\/videomappingcenter.com\/en\/wp-json\/wp\/v2\/item-lieu?post=19022"},{"taxonomy":"item-dates","embeddable":true,"href":"https:\/\/videomappingcenter.com\/en\/wp-json\/wp\/v2\/item-dates?post=19022"}],"curies":[{"name":"wp","href":"https:\/\/api.w.org\/{rel}","templated":true}]}}