{"id":2870,"date":"2018-04-11T18:14:01","date_gmt":"2018-04-11T16:14:01","guid":{"rendered":"https:\/\/videomappingcenter.com\/2018\/04\/11\/light-noise-place-de-republique-lille-france-video-mapping-festival-2018\/"},"modified":"2019-01-10T13:01:48","modified_gmt":"2019-01-10T12:01:48","slug":"light-noise-place-de-republique-lille-france-video-mapping-festival-2018","status":"publish","type":"post","link":"https:\/\/videomappingcenter.com\/en\/light-noise-place-de-republique-lille-france-video-mapping-festival-2018\/","title":{"rendered":"LIGHT NOISE \u2013 Place de la R\u00e9publique, Lille, France \u2013 Video Mapping Festival 2018"},"content":{"rendered":"<p><iframe loading=\"lazy\" src=\"https:\/\/player.vimeo.com\/video\/263168676?app_id=122963\" width=\"1104\" height=\"621\" frameborder=\"0\" title=\"Video Mapping Festival #1 : PLACE DE LA R&Eacute;PUBLIQUE, LILLE - Soir&eacute;e d&rsquo;ouverture, mars 2018\" webkitallowfullscreen mozallowfullscreen allowfullscreen><\/iframe><\/p>\n<p>Video mapping created by V.P.M  \u2013 Javier Ca\u00f1al and Joan Nieto (Spain) during a 3-week creation residency at Arenberg Creative Mine in February 2018.<\/p>\n<p><strong>Light noise<\/strong><br \/>\n<em>Light noise<\/em> is an experimental project based on color and its absence, life and inertness, silence and noise, lights and shadows.<br \/>\nThis project has been created in an inverse way to the traditional ones, first the soundtrack has been generated and then each sound will be represented in a graphic and synchronized way.<br \/>\n<em>Ligth noise<\/em> will be held at the source of the Place de la R\u00e9publique and its surroundings. It will be a great immersive installation that will transport us to a new fractal dimension.<\/p>\n<p><strong>Artists:<\/strong> V.P.M (Javier Ca\u00f1al et Joan Nieto) \u2013 Facebook: <a href=\"https:\/\/www.facebook.com\/VPMapping\/\" rel=\"noopener\" target=\"_blank\">V.P.M<\/a><br \/>\n<strong>Music composition:<\/strong> Olivier Cavali\u00e9 \u2013 Insula-prod &#038; VPM<\/p>\n<p><em>With the support of the European Union, the ERDF programme (Europe is committed to the Hauts-de-France Region through the European Regional Development Fund), the Hauts-de-France Region, the Urban Community of La Porte du Hainaut, the DeVisu laboratory of the University of Valenciennes and Hainaut-Cambr\u00e9sis, Arenberg Creative Mine and the City of Wallers-Arenberg.<\/em><\/p>\n<p><strong>More info: <a href=\"http:\/\/videomappingfestival.com\" rel=\"noopener\" target=\"_blank\">videomappingfestival.com<\/a><br \/>\n<a href=\"http:\/\/www.facebook.com\/VideoMappingFestival\" rel=\"noopener\" target=\"_blank\">Facebook<\/a><\/strong><\/p>\n<div class=\"simple-taxonomy\">\n\t<div class=\"taxonomy-item-prod\"><a href=\"https:\/\/videomappingcenter.com\/en\/item-prod\/evenement\/\" rel=\"tag\">Event<\/a>, <a href=\"https:\/\/videomappingcenter.com\/en\/item-prod\/residence-en\/\" rel=\"tag\">Residency<\/a><\/div>\n\t<div class=\"taxonomy-item-mapping\"><a href=\"https:\/\/videomappingcenter.com\/en\/item-mapping\/mapping-monumental-en\/\" rel=\"tag\">Monument video mapping<\/a><\/div>\n\t<div class=\"taxonomy-item-lieu\"><a href=\"https:\/\/videomappingcenter.com\/en\/item-lieu\/hauts-de-france-en\/\" rel=\"tag\">Hauts-de-France<\/a><\/div>\n\t<div class=\"taxonomy-item-dates\"><a href=\"https:\/\/videomappingcenter.com\/en\/item-dates\/2018-en\/\" rel=\"tag\">2018<\/a><\/div>\n\n<\/div>\n","protected":false},"excerpt":{"rendered":"<p>Video mapping created by V.P.M \u2013 Javier Ca\u00f1al and Joan Nieto (Spain) during a 3-week creation residency at Arenberg Creative Mine in February 2018. Light noise Light noise is an experimental project based on color and its absence, life and inertness, silence and noise, lights and shadows. This project has been created in an inverse [&hellip;]<\/p>\n<div class=\"simple-taxonomy\">\n\t<div class=\"taxonomy-item-prod\"><a href=\"https:\/\/videomappingcenter.com\/en\/item-prod\/evenement\/\" rel=\"tag\">Event<\/a>, <a href=\"https:\/\/videomappingcenter.com\/en\/item-prod\/residence-en\/\" rel=\"tag\">Residency<\/a><\/div>\n\t<div class=\"taxonomy-item-mapping\"><a href=\"https:\/\/videomappingcenter.com\/en\/item-mapping\/mapping-monumental-en\/\" rel=\"tag\">Monument video mapping<\/a><\/div>\n\t<div class=\"taxonomy-item-lieu\"><a href=\"https:\/\/videomappingcenter.com\/en\/item-lieu\/hauts-de-france-en\/\" rel=\"tag\">Hauts-de-France<\/a><\/div>\n\t<div class=\"taxonomy-item-dates\"><a href=\"https:\/\/videomappingcenter.com\/en\/item-dates\/2018-en\/\" rel=\"tag\">2018<\/a><\/div>\n\n<\/div>\n","protected":false},"author":3,"featured_media":2869,"comment_status":"closed","ping_status":"closed","sticky":false,"template":"","format":"standard","meta":{"footnotes":""},"categories":[147,149],"tags":[719,124,117,131,741,801,802,136,120,110,777,116,736,104,804,108],"item-prod":[157,273],"item-mapping":[277],"item-lieu":[281],"item-dates":[721],"class_list":["post-2870","post","type-post","status-publish","format-standard","has-post-thumbnail","hentry","category-residence-en","category-video-mapping-festival-en","tag-2018-en","tag-transcient","tag-front","tag-hauts-de-france-en","tag-insula-prod","tag-javier-canal-en","tag-joan-nieto-en","tag-lille-en","tag-linear","tag-monument-video-mapping","tag-olivier-cavalie-en","tag-outdoor","tag-place-de-la-republique","tag-residence-en","tag-v-p-m-en","tag-video-mapping-festival-en","item-prod-evenement","item-prod-residence-en","item-mapping-mapping-monumental-en","item-lieu-hauts-de-france-en","item-dates-2018-en"],"yoast_head":"<!-- This site is optimized with the Yoast SEO plugin v25.8 - https:\/\/yoast.com\/wordpress\/plugins\/seo\/ -->\n<title>LIGHT NOISE \u2013 Place de la R\u00e9publique, Lille, France \u2013 Video Mapping Festival 2018<\/title>\n<meta name=\"description\" content=\"Video mapping created by V.P.M \u2013 Javier Ca\u00f1al and Joan Nieto (Spain) during a 3-week creation residency at Arenberg Creative Mine in February 2018.\" \/>\n<meta name=\"robots\" content=\"index, follow, max-snippet:-1, max-image-preview:large, max-video-preview:-1\" \/>\n<link rel=\"canonical\" href=\"https:\/\/videomappingcenter.com\/light-noise-place-de-republique-lille-france-video-mapping-festival-2018\/\" \/>\n<meta property=\"og:locale\" content=\"en_US\" \/>\n<meta property=\"og:type\" content=\"article\" \/>\n<meta property=\"og:title\" content=\"LIGHT NOISE \u2013 Place de la R\u00e9publique, Lille, France \u2013 Video Mapping Festival 2018\" \/>\n<meta property=\"og:description\" content=\"Video mapping created by V.P.M \u2013 Javier Ca\u00f1al and Joan Nieto (Spain) during a 3-week creation residency at Arenberg Creative Mine in February 2018.\" \/>\n<meta property=\"og:url\" content=\"https:\/\/videomappingcenter.com\/light-noise-place-de-republique-lille-france-video-mapping-festival-2018\/\" \/>\n<meta property=\"og:site_name\" content=\"Video Mapping European Center\" \/>\n<meta property=\"article:published_time\" content=\"2018-04-11T16:14:01+00:00\" \/>\n<meta property=\"article:modified_time\" content=\"2019-01-10T12:01:48+00:00\" \/>\n<meta property=\"og:image\" content=\"https:\/\/videomappingcenter.com\/wp-content\/uploads\/2018\/04\/light-noise-place-de-la-republiq.jpg\" \/>\n\t<meta property=\"og:image:width\" content=\"640\" \/>\n\t<meta property=\"og:image:height\" content=\"360\" \/>\n\t<meta property=\"og:image:type\" content=\"image\/jpeg\" \/>\n<meta name=\"author\" content=\"Edimestre\" \/>\n<meta name=\"twitter:card\" content=\"summary_large_image\" \/>\n<meta name=\"twitter:label1\" content=\"Written by\" \/>\n\t<meta name=\"twitter:data1\" content=\"Edimestre\" \/>\n\t<meta name=\"twitter:label2\" content=\"Est. reading time\" \/>\n\t<meta name=\"twitter:data2\" content=\"1 minute\" \/>\n<script type=\"application\/ld+json\" class=\"yoast-schema-graph\">{\"@context\":\"https:\/\/schema.org\",\"@graph\":[{\"@type\":\"Article\",\"@id\":\"https:\/\/videomappingcenter.com\/light-noise-place-de-republique-lille-france-video-mapping-festival-2018\/#article\",\"isPartOf\":{\"@id\":\"https:\/\/videomappingcenter.com\/light-noise-place-de-republique-lille-france-video-mapping-festival-2018\/\"},\"author\":{\"name\":\"Edimestre\",\"@id\":\"https:\/\/videomappingcenter.com\/?lang=en\/#\/schema\/person\/506136ad599d9c386ea59407d183cef8\"},\"headline\":\"LIGHT NOISE \u2013 Place de la R\u00e9publique, Lille, France \u2013 Video Mapping Festival 2018\",\"datePublished\":\"2018-04-11T16:14:01+00:00\",\"dateModified\":\"2019-01-10T12:01:48+00:00\",\"mainEntityOfPage\":{\"@id\":\"https:\/\/videomappingcenter.com\/light-noise-place-de-republique-lille-france-video-mapping-festival-2018\/\"},\"wordCount\":207,\"publisher\":{\"@id\":\"https:\/\/videomappingcenter.com\/?lang=en\/#organization\"},\"image\":{\"@id\":\"https:\/\/videomappingcenter.com\/light-noise-place-de-republique-lille-france-video-mapping-festival-2018\/#primaryimage\"},\"thumbnailUrl\":\"https:\/\/videomappingcenter.com\/wp-content\/uploads\/2018\/04\/light-noise-place-de-la-republiq.jpg\",\"keywords\":[\"2018\",\"Ephemeral\",\"Frontal\",\"Hauts-de-France\",\"Insula-prod\",\"Javier Ca\u00f1al\",\"Joan Nieto\",\"Lille\",\"linear\",\"Monument video mapping\",\"Olivier Cavali\u00e9\",\"Outdoor\",\"Place de la R\u00e9publique\",\"Residency\",\"V.P.M\",\"Video Mapping Festival\"],\"articleSection\":[\"Residency\",\"Video Mapping Festival\"],\"inLanguage\":\"en-US\"},{\"@type\":\"WebPage\",\"@id\":\"https:\/\/videomappingcenter.com\/light-noise-place-de-republique-lille-france-video-mapping-festival-2018\/\",\"url\":\"https:\/\/videomappingcenter.com\/light-noise-place-de-republique-lille-france-video-mapping-festival-2018\/\",\"name\":\"LIGHT NOISE \u2013 Place de la R\u00e9publique, Lille, France \u2013 Video Mapping Festival 2018\",\"isPartOf\":{\"@id\":\"https:\/\/videomappingcenter.com\/?lang=en\/#website\"},\"primaryImageOfPage\":{\"@id\":\"https:\/\/videomappingcenter.com\/light-noise-place-de-republique-lille-france-video-mapping-festival-2018\/#primaryimage\"},\"image\":{\"@id\":\"https:\/\/videomappingcenter.com\/light-noise-place-de-republique-lille-france-video-mapping-festival-2018\/#primaryimage\"},\"thumbnailUrl\":\"https:\/\/videomappingcenter.com\/wp-content\/uploads\/2018\/04\/light-noise-place-de-la-republiq.jpg\",\"datePublished\":\"2018-04-11T16:14:01+00:00\",\"dateModified\":\"2019-01-10T12:01:48+00:00\",\"description\":\"Video mapping created by V.P.M \u2013 Javier Ca\u00f1al and Joan Nieto (Spain) during a 3-week creation residency at Arenberg Creative Mine in February 2018.\",\"breadcrumb\":{\"@id\":\"https:\/\/videomappingcenter.com\/light-noise-place-de-republique-lille-france-video-mapping-festival-2018\/#breadcrumb\"},\"inLanguage\":\"en-US\",\"potentialAction\":[{\"@type\":\"ReadAction\",\"target\":[\"https:\/\/videomappingcenter.com\/light-noise-place-de-republique-lille-france-video-mapping-festival-2018\/\"]}]},{\"@type\":\"ImageObject\",\"inLanguage\":\"en-US\",\"@id\":\"https:\/\/videomappingcenter.com\/light-noise-place-de-republique-lille-france-video-mapping-festival-2018\/#primaryimage\",\"url\":\"https:\/\/videomappingcenter.com\/wp-content\/uploads\/2018\/04\/light-noise-place-de-la-republiq.jpg\",\"contentUrl\":\"https:\/\/videomappingcenter.com\/wp-content\/uploads\/2018\/04\/light-noise-place-de-la-republiq.jpg\",\"width\":640,\"height\":360},{\"@type\":\"BreadcrumbList\",\"@id\":\"https:\/\/videomappingcenter.com\/light-noise-place-de-republique-lille-france-video-mapping-festival-2018\/#breadcrumb\",\"itemListElement\":[{\"@type\":\"ListItem\",\"position\":1,\"name\":\"Accueil\",\"item\":\"https:\/\/videomappingcenter.com\/\"},{\"@type\":\"ListItem\",\"position\":2,\"name\":\"LIGHT NOISE \u2013 Place de la R\u00e9publique, Lille, France \u2013 Video Mapping Festival 2018\"}]},{\"@type\":\"WebSite\",\"@id\":\"https:\/\/videomappingcenter.com\/?lang=en\/#website\",\"url\":\"https:\/\/videomappingcenter.com\/?lang=en\/\",\"name\":\"Video Mapping European Center\",\"description\":\"Video Mapping European Center\",\"publisher\":{\"@id\":\"https:\/\/videomappingcenter.com\/?lang=en\/#organization\"},\"potentialAction\":[{\"@type\":\"SearchAction\",\"target\":{\"@type\":\"EntryPoint\",\"urlTemplate\":\"https:\/\/videomappingcenter.com\/?lang=en\/?s={search_term_string}\"},\"query-input\":{\"@type\":\"PropertyValueSpecification\",\"valueRequired\":true,\"valueName\":\"search_term_string\"}}],\"inLanguage\":\"en-US\"},{\"@type\":\"Organization\",\"@id\":\"https:\/\/videomappingcenter.com\/?lang=en\/#organization\",\"name\":\"Video Mapping European Center\",\"url\":\"https:\/\/videomappingcenter.com\/?lang=en\/\",\"logo\":{\"@type\":\"ImageObject\",\"inLanguage\":\"en-US\",\"@id\":\"https:\/\/videomappingcenter.com\/?lang=en\/#\/schema\/logo\/image\/\",\"url\":\"https:\/\/videomappingcenter.com\/wp-content\/uploads\/2017\/07\/logo-v3.png\",\"contentUrl\":\"https:\/\/videomappingcenter.com\/wp-content\/uploads\/2017\/07\/logo-v3.png\",\"width\":300,\"height\":135,\"caption\":\"Video Mapping European Center\"},\"image\":{\"@id\":\"https:\/\/videomappingcenter.com\/?lang=en\/#\/schema\/logo\/image\/\"}},{\"@type\":\"Person\",\"@id\":\"https:\/\/videomappingcenter.com\/?lang=en\/#\/schema\/person\/506136ad599d9c386ea59407d183cef8\",\"name\":\"Edimestre\",\"image\":{\"@type\":\"ImageObject\",\"inLanguage\":\"en-US\",\"@id\":\"https:\/\/videomappingcenter.com\/?lang=en\/#\/schema\/person\/image\/\",\"url\":\"https:\/\/videomappingcenter.com\/wp-content\/uploads\/2017\/07\/avatar.jpg\",\"contentUrl\":\"https:\/\/videomappingcenter.com\/wp-content\/uploads\/2017\/07\/avatar.jpg\",\"caption\":\"Edimestre\"}}]}<\/script>\n<!-- \/ Yoast SEO plugin. -->","yoast_head_json":{"title":"LIGHT NOISE \u2013 Place de la R\u00e9publique, Lille, France \u2013 Video Mapping Festival 2018","description":"Video mapping created by V.P.M \u2013 Javier Ca\u00f1al and Joan Nieto (Spain) during a 3-week creation residency at Arenberg Creative Mine in February 2018.","robots":{"index":"index","follow":"follow","max-snippet":"max-snippet:-1","max-image-preview":"max-image-preview:large","max-video-preview":"max-video-preview:-1"},"canonical":"https:\/\/videomappingcenter.com\/light-noise-place-de-republique-lille-france-video-mapping-festival-2018\/","og_locale":"en_US","og_type":"article","og_title":"LIGHT NOISE \u2013 Place de la R\u00e9publique, Lille, France \u2013 Video Mapping Festival 2018","og_description":"Video mapping created by V.P.M \u2013 Javier Ca\u00f1al and Joan Nieto (Spain) during a 3-week creation residency at Arenberg Creative Mine in February 2018.","og_url":"https:\/\/videomappingcenter.com\/light-noise-place-de-republique-lille-france-video-mapping-festival-2018\/","og_site_name":"Video Mapping European Center","article_published_time":"2018-04-11T16:14:01+00:00","article_modified_time":"2019-01-10T12:01:48+00:00","og_image":[{"width":640,"height":360,"url":"https:\/\/videomappingcenter.com\/wp-content\/uploads\/2018\/04\/light-noise-place-de-la-republiq.jpg","type":"image\/jpeg"}],"author":"Edimestre","twitter_card":"summary_large_image","twitter_misc":{"Written by":"Edimestre","Est. reading time":"1 minute"},"schema":{"@context":"https:\/\/schema.org","@graph":[{"@type":"Article","@id":"https:\/\/videomappingcenter.com\/light-noise-place-de-republique-lille-france-video-mapping-festival-2018\/#article","isPartOf":{"@id":"https:\/\/videomappingcenter.com\/light-noise-place-de-republique-lille-france-video-mapping-festival-2018\/"},"author":{"name":"Edimestre","@id":"https:\/\/videomappingcenter.com\/?lang=en\/#\/schema\/person\/506136ad599d9c386ea59407d183cef8"},"headline":"LIGHT NOISE \u2013 Place de la R\u00e9publique, Lille, France \u2013 Video Mapping Festival 2018","datePublished":"2018-04-11T16:14:01+00:00","dateModified":"2019-01-10T12:01:48+00:00","mainEntityOfPage":{"@id":"https:\/\/videomappingcenter.com\/light-noise-place-de-republique-lille-france-video-mapping-festival-2018\/"},"wordCount":207,"publisher":{"@id":"https:\/\/videomappingcenter.com\/?lang=en\/#organization"},"image":{"@id":"https:\/\/videomappingcenter.com\/light-noise-place-de-republique-lille-france-video-mapping-festival-2018\/#primaryimage"},"thumbnailUrl":"https:\/\/videomappingcenter.com\/wp-content\/uploads\/2018\/04\/light-noise-place-de-la-republiq.jpg","keywords":["2018","Ephemeral","Frontal","Hauts-de-France","Insula-prod","Javier Ca\u00f1al","Joan Nieto","Lille","linear","Monument video mapping","Olivier Cavali\u00e9","Outdoor","Place de la R\u00e9publique","Residency","V.P.M","Video Mapping Festival"],"articleSection":["Residency","Video Mapping Festival"],"inLanguage":"en-US"},{"@type":"WebPage","@id":"https:\/\/videomappingcenter.com\/light-noise-place-de-republique-lille-france-video-mapping-festival-2018\/","url":"https:\/\/videomappingcenter.com\/light-noise-place-de-republique-lille-france-video-mapping-festival-2018\/","name":"LIGHT NOISE \u2013 Place de la R\u00e9publique, Lille, France \u2013 Video Mapping Festival 2018","isPartOf":{"@id":"https:\/\/videomappingcenter.com\/?lang=en\/#website"},"primaryImageOfPage":{"@id":"https:\/\/videomappingcenter.com\/light-noise-place-de-republique-lille-france-video-mapping-festival-2018\/#primaryimage"},"image":{"@id":"https:\/\/videomappingcenter.com\/light-noise-place-de-republique-lille-france-video-mapping-festival-2018\/#primaryimage"},"thumbnailUrl":"https:\/\/videomappingcenter.com\/wp-content\/uploads\/2018\/04\/light-noise-place-de-la-republiq.jpg","datePublished":"2018-04-11T16:14:01+00:00","dateModified":"2019-01-10T12:01:48+00:00","description":"Video mapping created by V.P.M \u2013 Javier Ca\u00f1al and Joan Nieto (Spain) during a 3-week creation residency at Arenberg Creative Mine in February 2018.","breadcrumb":{"@id":"https:\/\/videomappingcenter.com\/light-noise-place-de-republique-lille-france-video-mapping-festival-2018\/#breadcrumb"},"inLanguage":"en-US","potentialAction":[{"@type":"ReadAction","target":["https:\/\/videomappingcenter.com\/light-noise-place-de-republique-lille-france-video-mapping-festival-2018\/"]}]},{"@type":"ImageObject","inLanguage":"en-US","@id":"https:\/\/videomappingcenter.com\/light-noise-place-de-republique-lille-france-video-mapping-festival-2018\/#primaryimage","url":"https:\/\/videomappingcenter.com\/wp-content\/uploads\/2018\/04\/light-noise-place-de-la-republiq.jpg","contentUrl":"https:\/\/videomappingcenter.com\/wp-content\/uploads\/2018\/04\/light-noise-place-de-la-republiq.jpg","width":640,"height":360},{"@type":"BreadcrumbList","@id":"https:\/\/videomappingcenter.com\/light-noise-place-de-republique-lille-france-video-mapping-festival-2018\/#breadcrumb","itemListElement":[{"@type":"ListItem","position":1,"name":"Accueil","item":"https:\/\/videomappingcenter.com\/"},{"@type":"ListItem","position":2,"name":"LIGHT NOISE \u2013 Place de la R\u00e9publique, Lille, France \u2013 Video Mapping Festival 2018"}]},{"@type":"WebSite","@id":"https:\/\/videomappingcenter.com\/?lang=en\/#website","url":"https:\/\/videomappingcenter.com\/?lang=en\/","name":"Video Mapping European Center","description":"Video Mapping European Center","publisher":{"@id":"https:\/\/videomappingcenter.com\/?lang=en\/#organization"},"potentialAction":[{"@type":"SearchAction","target":{"@type":"EntryPoint","urlTemplate":"https:\/\/videomappingcenter.com\/?lang=en\/?s={search_term_string}"},"query-input":{"@type":"PropertyValueSpecification","valueRequired":true,"valueName":"search_term_string"}}],"inLanguage":"en-US"},{"@type":"Organization","@id":"https:\/\/videomappingcenter.com\/?lang=en\/#organization","name":"Video Mapping European Center","url":"https:\/\/videomappingcenter.com\/?lang=en\/","logo":{"@type":"ImageObject","inLanguage":"en-US","@id":"https:\/\/videomappingcenter.com\/?lang=en\/#\/schema\/logo\/image\/","url":"https:\/\/videomappingcenter.com\/wp-content\/uploads\/2017\/07\/logo-v3.png","contentUrl":"https:\/\/videomappingcenter.com\/wp-content\/uploads\/2017\/07\/logo-v3.png","width":300,"height":135,"caption":"Video Mapping European Center"},"image":{"@id":"https:\/\/videomappingcenter.com\/?lang=en\/#\/schema\/logo\/image\/"}},{"@type":"Person","@id":"https:\/\/videomappingcenter.com\/?lang=en\/#\/schema\/person\/506136ad599d9c386ea59407d183cef8","name":"Edimestre","image":{"@type":"ImageObject","inLanguage":"en-US","@id":"https:\/\/videomappingcenter.com\/?lang=en\/#\/schema\/person\/image\/","url":"https:\/\/videomappingcenter.com\/wp-content\/uploads\/2017\/07\/avatar.jpg","contentUrl":"https:\/\/videomappingcenter.com\/wp-content\/uploads\/2017\/07\/avatar.jpg","caption":"Edimestre"}}]}},"_links":{"self":[{"href":"https:\/\/videomappingcenter.com\/en\/wp-json\/wp\/v2\/posts\/2870","targetHints":{"allow":["GET"]}}],"collection":[{"href":"https:\/\/videomappingcenter.com\/en\/wp-json\/wp\/v2\/posts"}],"about":[{"href":"https:\/\/videomappingcenter.com\/en\/wp-json\/wp\/v2\/types\/post"}],"author":[{"embeddable":true,"href":"https:\/\/videomappingcenter.com\/en\/wp-json\/wp\/v2\/users\/3"}],"replies":[{"embeddable":true,"href":"https:\/\/videomappingcenter.com\/en\/wp-json\/wp\/v2\/comments?post=2870"}],"version-history":[{"count":0,"href":"https:\/\/videomappingcenter.com\/en\/wp-json\/wp\/v2\/posts\/2870\/revisions"}],"wp:featuredmedia":[{"embeddable":true,"href":"https:\/\/videomappingcenter.com\/en\/wp-json\/wp\/v2\/media\/2869"}],"wp:attachment":[{"href":"https:\/\/videomappingcenter.com\/en\/wp-json\/wp\/v2\/media?parent=2870"}],"wp:term":[{"taxonomy":"category","embeddable":true,"href":"https:\/\/videomappingcenter.com\/en\/wp-json\/wp\/v2\/categories?post=2870"},{"taxonomy":"post_tag","embeddable":true,"href":"https:\/\/videomappingcenter.com\/en\/wp-json\/wp\/v2\/tags?post=2870"},{"taxonomy":"item-prod","embeddable":true,"href":"https:\/\/videomappingcenter.com\/en\/wp-json\/wp\/v2\/item-prod?post=2870"},{"taxonomy":"item-mapping","embeddable":true,"href":"https:\/\/videomappingcenter.com\/en\/wp-json\/wp\/v2\/item-mapping?post=2870"},{"taxonomy":"item-lieu","embeddable":true,"href":"https:\/\/videomappingcenter.com\/en\/wp-json\/wp\/v2\/item-lieu?post=2870"},{"taxonomy":"item-dates","embeddable":true,"href":"https:\/\/videomappingcenter.com\/en\/wp-json\/wp\/v2\/item-dates?post=2870"}],"curies":[{"name":"wp","href":"https:\/\/api.w.org\/{rel}","templated":true}]}}