{"id":3423,"date":"2018-07-17T15:02:09","date_gmt":"2018-07-17T13:02:09","guid":{"rendered":"https:\/\/videomappingcenter.com\/2018\/07\/17\/jardins-lam-villeneuve-dascq-france-video-mapping-festival-2018\/"},"modified":"2025-12-19T16:25:12","modified_gmt":"2025-12-19T15:25:12","slug":"jardins-lam-villeneuve-dascq-france-video-mapping-festival-2018","status":"publish","type":"post","link":"https:\/\/videomappingcenter.com\/en\/jardins-lam-villeneuve-dascq-france-video-mapping-festival-2018\/","title":{"rendered":"THE GARDENS &#8211; LaM, Villeneuve d&#8217;Ascq, France &#8211; Video Mapping Festival 2018"},"content":{"rendered":"<p><iframe loading=\"lazy\" title=\"Video Mapping Festival #1 : LES JARDINS, LaM, VILLENEUVE D&#039;ASCQ - mai 2018\" src=\"https:\/\/player.vimeo.com\/video\/285309664?dnt=1&amp;app_id=122963\" width=\"1104\" height=\"621\" frameborder=\"0\" allow=\"autoplay; fullscreen; picture-in-picture; clipboard-write; encrypted-media; web-share\" referrerpolicy=\"strict-origin-when-cross-origin\"><\/iframe><\/p>\n<p>Video mapping on plants created by Loom Prod, as part of the Video Mapping Festival #1.<\/p>\n<p>Walk in the museum park, where micro mapping on sculptures and plants will lead you to the monument video mapping on the facade of the LaM.<br \/>\nAs part of the closing of the exhibition: Nicolas Sch\u00f6ffer.R\u00e9troprospective.<\/p>\n<p><strong>Animation: <\/strong>Claudia CORT\u00c9S ESPEJO, G\u00e9rvaise DUCHAUSSOY, Ma\u00ebva JACQUES, Simon LEBON, Cyril LE LEVREUR<br \/>\n<strong>Interactiviy: <\/strong> Vincent CRAUET, Frederic HAUDEGOND<br \/>\n<strong>Sound design:<\/strong> Aleksi AUBRY-CARLSON, Vincent HARENDARCZYK<br \/>\n<strong>Artistic coordination:<\/strong> Ludovic BURCZYKOWSKI<\/p>\n<p><em>With the support of the M\u00e9tropole Europ\u00e9enne de Lille, the Hauts-de-France Region, Drac Hauts-de-France and the Lille Metropole\u2019s museum of modern art, contemporary art and Art Brut.<\/em><\/p>\n<p><strong>More info: <a href=\"http:\/\/videomappingfestival.com\" target=\"_blank\" rel=\"noopener\">videomappingfestival.com<\/a><br \/>\n<a href=\"http:\/\/www.facebook.com\/VideoMappingFestival\" target=\"_blank\" rel=\"noopener\">Facebook<\/a><\/strong><\/p>\n<div class=\"simple-taxonomy\">\n\t<div class=\"taxonomy-item-prod\"><a href=\"https:\/\/videomappingcenter.com\/en\/item-prod\/evenement\/\" rel=\"tag\">Event<\/a>, <a href=\"https:\/\/videomappingcenter.com\/en\/item-prod\/production\/\" rel=\"tag\">Production<\/a><\/div>\n\t<div class=\"taxonomy-item-mapping\"><a href=\"https:\/\/videomappingcenter.com\/en\/item-mapping\/mapping-sur-objet\/\" rel=\"tag\">Object video mapping<\/a><\/div>\n\t<div class=\"taxonomy-item-lieu\"><a href=\"https:\/\/videomappingcenter.com\/en\/item-lieu\/hauts-de-france-en\/\" rel=\"tag\">Hauts-de-France<\/a><\/div>\n\t<div class=\"taxonomy-item-dates\"><a href=\"https:\/\/videomappingcenter.com\/en\/item-dates\/2018-en\/\" rel=\"tag\">2018<\/a><\/div>\n\n<\/div>\n","protected":false},"excerpt":{"rendered":"<p>Video mapping on plants created by Loom Prod, as part of the Video Mapping Festival #1. Walk in the museum park, where micro mapping on sculptures and plants will lead you to the monument video mapping on the facade of the LaM. As part of the closing of the exhibition: Nicolas Sch\u00f6ffer.R\u00e9troprospective. Animation: Claudia CORT\u00c9S [&hellip;]<\/p>\n<div class=\"simple-taxonomy\">\n\t<div class=\"taxonomy-item-prod\"><a href=\"https:\/\/videomappingcenter.com\/en\/item-prod\/evenement\/\" rel=\"tag\">Event<\/a>, <a href=\"https:\/\/videomappingcenter.com\/en\/item-prod\/production\/\" rel=\"tag\">Production<\/a><\/div>\n\t<div class=\"taxonomy-item-mapping\"><a href=\"https:\/\/videomappingcenter.com\/en\/item-mapping\/mapping-sur-objet\/\" rel=\"tag\">Object video mapping<\/a><\/div>\n\t<div class=\"taxonomy-item-lieu\"><a href=\"https:\/\/videomappingcenter.com\/en\/item-lieu\/hauts-de-france-en\/\" rel=\"tag\">Hauts-de-France<\/a><\/div>\n\t<div class=\"taxonomy-item-dates\"><a href=\"https:\/\/videomappingcenter.com\/en\/item-dates\/2018-en\/\" rel=\"tag\">2018<\/a><\/div>\n\n<\/div>\n","protected":false},"author":3,"featured_media":3422,"comment_status":"closed","ping_status":"closed","sticky":false,"template":"","format":"standard","meta":{"footnotes":""},"categories":[146,149],"tags":[719,342,730,118,473,124,817,774,121,811,786,251,731,111,116,105,262,3023,108,1692,809,548,818],"item-prod":[157,155],"item-mapping":[159],"item-lieu":[281],"item-dates":[721],"class_list":["post-3423","post","type-post","status-publish","format-standard","has-post-thumbnail","hentry","category-production-en","category-video-mapping-festival-en","tag-2018-en","tag-aleksi-aubry-carlson-en","tag-claudia-cortes-espejo-en","tag-covering","tag-cyril-le-levreur-en","tag-transcient","tag-frederic-haudegond-en","tag-gervaise-duchaussoy-en","tag-interactive","tag-lam-en","tag-loom-prod-en","tag-ludovic-burczykowski-en","tag-maeva-jacques-en","tag-object-video-mapping","tag-outdoor","tag-production-en","tag-simon-lebon-en","tag-vegetal-mapping","tag-video-mapping-festival-en","tag-villeneuve-dascq-en-2","tag-villeneuve-dascq","tag-vincent-crauet-en","tag-vincent-harendarczyk-en","item-prod-evenement","item-prod-production","item-mapping-mapping-sur-objet","item-lieu-hauts-de-france-en","item-dates-2018-en"],"yoast_head":"<!-- This site is optimized with the Yoast SEO plugin v25.8 - https:\/\/yoast.com\/wordpress\/plugins\/seo\/ -->\n<title>THE GARDENS - LaM, Villeneuve d&#039;Ascq, France - Video Mapping Festival 2018<\/title>\n<meta name=\"description\" content=\"Video mapping on plants created by Loom Prod, as part of the Video Mapping Festival #1.\" \/>\n<meta name=\"robots\" content=\"index, follow, max-snippet:-1, max-image-preview:large, max-video-preview:-1\" \/>\n<link rel=\"canonical\" href=\"https:\/\/videomappingcenter.com\/en\/jardins-lam-villeneuve-dascq-france-video-mapping-festival-2018\/\" \/>\n<meta property=\"og:locale\" content=\"en_US\" \/>\n<meta property=\"og:type\" content=\"article\" \/>\n<meta property=\"og:title\" content=\"THE GARDENS - LaM, Villeneuve d&#039;Ascq, France - Video Mapping Festival 2018\" \/>\n<meta property=\"og:description\" content=\"Video mapping on plants created by Loom Prod, as part of the Video Mapping Festival #1.\" \/>\n<meta property=\"og:url\" content=\"https:\/\/videomappingcenter.com\/en\/jardins-lam-villeneuve-dascq-france-video-mapping-festival-2018\/\" \/>\n<meta property=\"og:site_name\" content=\"Video Mapping European Center\" \/>\n<meta property=\"article:published_time\" content=\"2018-07-17T13:02:09+00:00\" \/>\n<meta property=\"article:modified_time\" content=\"2025-12-19T15:25:12+00:00\" \/>\n<meta property=\"og:image\" content=\"https:\/\/videomappingcenter.com\/wp-content\/uploads\/2018\/09\/les-jardins-lam-villeneuve-dascq.jpg\" \/>\n\t<meta property=\"og:image:width\" content=\"640\" \/>\n\t<meta property=\"og:image:height\" content=\"360\" \/>\n\t<meta property=\"og:image:type\" content=\"image\/jpeg\" \/>\n<meta name=\"author\" content=\"Edimestre\" \/>\n<meta name=\"twitter:card\" content=\"summary_large_image\" \/>\n<meta name=\"twitter:label1\" content=\"Written by\" \/>\n\t<meta name=\"twitter:data1\" content=\"Edimestre\" \/>\n\t<meta name=\"twitter:label2\" content=\"Est. reading time\" \/>\n\t<meta name=\"twitter:data2\" content=\"1 minute\" \/>\n<script type=\"application\/ld+json\" class=\"yoast-schema-graph\">{\"@context\":\"https:\/\/schema.org\",\"@graph\":[{\"@type\":\"Article\",\"@id\":\"https:\/\/videomappingcenter.com\/en\/jardins-lam-villeneuve-dascq-france-video-mapping-festival-2018\/#article\",\"isPartOf\":{\"@id\":\"https:\/\/videomappingcenter.com\/en\/jardins-lam-villeneuve-dascq-france-video-mapping-festival-2018\/\"},\"author\":{\"name\":\"Edimestre\",\"@id\":\"https:\/\/videomappingcenter.com\/?lang=en\/#\/schema\/person\/506136ad599d9c386ea59407d183cef8\"},\"headline\":\"THE GARDENS &#8211; LaM, Villeneuve d&#8217;Ascq, France &#8211; Video Mapping Festival 2018\",\"datePublished\":\"2018-07-17T13:02:09+00:00\",\"dateModified\":\"2025-12-19T15:25:12+00:00\",\"mainEntityOfPage\":{\"@id\":\"https:\/\/videomappingcenter.com\/en\/jardins-lam-villeneuve-dascq-france-video-mapping-festival-2018\/\"},\"wordCount\":135,\"publisher\":{\"@id\":\"https:\/\/videomappingcenter.com\/?lang=en\/#organization\"},\"image\":{\"@id\":\"https:\/\/videomappingcenter.com\/en\/jardins-lam-villeneuve-dascq-france-video-mapping-festival-2018\/#primaryimage\"},\"thumbnailUrl\":\"https:\/\/videomappingcenter.com\/wp-content\/uploads\/2018\/09\/les-jardins-lam-villeneuve-dascq.jpg\",\"keywords\":[\"2018\",\"Aleksi Aubry-Carlson\",\"Claudia Cort\u00e9s Espejo\",\"Covering\",\"Cyril Le Levreur\",\"Ephemeral\",\"Frederic HAUDEGOND\",\"Gervaise Duchaussoy\",\"interactive\",\"LaM\",\"Loom Prod\",\"Ludovic Burczykowski\",\"Ma\u00ebva Jacques\",\"Object video mapping\",\"Outdoor\",\"Production\",\"Simon Lebon\",\"vegetal mapping\",\"Video Mapping Festival\",\"Villeneuve d'Ascq\",\"Villeneuve d'Ascq\",\"Vincent Crauet\",\"Vincent HARENDARCZYK\"],\"articleSection\":[\"Production\",\"Video Mapping Festival\"],\"inLanguage\":\"en-US\"},{\"@type\":\"WebPage\",\"@id\":\"https:\/\/videomappingcenter.com\/en\/jardins-lam-villeneuve-dascq-france-video-mapping-festival-2018\/\",\"url\":\"https:\/\/videomappingcenter.com\/en\/jardins-lam-villeneuve-dascq-france-video-mapping-festival-2018\/\",\"name\":\"THE GARDENS - LaM, Villeneuve d'Ascq, France - Video Mapping Festival 2018\",\"isPartOf\":{\"@id\":\"https:\/\/videomappingcenter.com\/?lang=en\/#website\"},\"primaryImageOfPage\":{\"@id\":\"https:\/\/videomappingcenter.com\/en\/jardins-lam-villeneuve-dascq-france-video-mapping-festival-2018\/#primaryimage\"},\"image\":{\"@id\":\"https:\/\/videomappingcenter.com\/en\/jardins-lam-villeneuve-dascq-france-video-mapping-festival-2018\/#primaryimage\"},\"thumbnailUrl\":\"https:\/\/videomappingcenter.com\/wp-content\/uploads\/2018\/09\/les-jardins-lam-villeneuve-dascq.jpg\",\"datePublished\":\"2018-07-17T13:02:09+00:00\",\"dateModified\":\"2025-12-19T15:25:12+00:00\",\"description\":\"Video mapping on plants created by Loom Prod, as part of the Video Mapping Festival #1.\",\"breadcrumb\":{\"@id\":\"https:\/\/videomappingcenter.com\/en\/jardins-lam-villeneuve-dascq-france-video-mapping-festival-2018\/#breadcrumb\"},\"inLanguage\":\"en-US\",\"potentialAction\":[{\"@type\":\"ReadAction\",\"target\":[\"https:\/\/videomappingcenter.com\/en\/jardins-lam-villeneuve-dascq-france-video-mapping-festival-2018\/\"]}]},{\"@type\":\"ImageObject\",\"inLanguage\":\"en-US\",\"@id\":\"https:\/\/videomappingcenter.com\/en\/jardins-lam-villeneuve-dascq-france-video-mapping-festival-2018\/#primaryimage\",\"url\":\"https:\/\/videomappingcenter.com\/wp-content\/uploads\/2018\/09\/les-jardins-lam-villeneuve-dascq.jpg\",\"contentUrl\":\"https:\/\/videomappingcenter.com\/wp-content\/uploads\/2018\/09\/les-jardins-lam-villeneuve-dascq.jpg\",\"width\":640,\"height\":360},{\"@type\":\"BreadcrumbList\",\"@id\":\"https:\/\/videomappingcenter.com\/en\/jardins-lam-villeneuve-dascq-france-video-mapping-festival-2018\/#breadcrumb\",\"itemListElement\":[{\"@type\":\"ListItem\",\"position\":1,\"name\":\"Accueil\",\"item\":\"https:\/\/videomappingcenter.com\/\"},{\"@type\":\"ListItem\",\"position\":2,\"name\":\"THE GARDENS &#8211; LaM, Villeneuve d&#8217;Ascq, France &#8211; Video Mapping Festival 2018\"}]},{\"@type\":\"WebSite\",\"@id\":\"https:\/\/videomappingcenter.com\/?lang=en\/#website\",\"url\":\"https:\/\/videomappingcenter.com\/?lang=en\/\",\"name\":\"Video Mapping European Center\",\"description\":\"Video Mapping European Center\",\"publisher\":{\"@id\":\"https:\/\/videomappingcenter.com\/?lang=en\/#organization\"},\"potentialAction\":[{\"@type\":\"SearchAction\",\"target\":{\"@type\":\"EntryPoint\",\"urlTemplate\":\"https:\/\/videomappingcenter.com\/?lang=en\/?s={search_term_string}\"},\"query-input\":{\"@type\":\"PropertyValueSpecification\",\"valueRequired\":true,\"valueName\":\"search_term_string\"}}],\"inLanguage\":\"en-US\"},{\"@type\":\"Organization\",\"@id\":\"https:\/\/videomappingcenter.com\/?lang=en\/#organization\",\"name\":\"Video Mapping European Center\",\"url\":\"https:\/\/videomappingcenter.com\/?lang=en\/\",\"logo\":{\"@type\":\"ImageObject\",\"inLanguage\":\"en-US\",\"@id\":\"https:\/\/videomappingcenter.com\/?lang=en\/#\/schema\/logo\/image\/\",\"url\":\"https:\/\/videomappingcenter.com\/wp-content\/uploads\/2017\/07\/logo-v3.png\",\"contentUrl\":\"https:\/\/videomappingcenter.com\/wp-content\/uploads\/2017\/07\/logo-v3.png\",\"width\":300,\"height\":135,\"caption\":\"Video Mapping European Center\"},\"image\":{\"@id\":\"https:\/\/videomappingcenter.com\/?lang=en\/#\/schema\/logo\/image\/\"}},{\"@type\":\"Person\",\"@id\":\"https:\/\/videomappingcenter.com\/?lang=en\/#\/schema\/person\/506136ad599d9c386ea59407d183cef8\",\"name\":\"Edimestre\",\"image\":{\"@type\":\"ImageObject\",\"inLanguage\":\"en-US\",\"@id\":\"https:\/\/videomappingcenter.com\/?lang=en\/#\/schema\/person\/image\/\",\"url\":\"https:\/\/videomappingcenter.com\/wp-content\/uploads\/2017\/07\/avatar.jpg\",\"contentUrl\":\"https:\/\/videomappingcenter.com\/wp-content\/uploads\/2017\/07\/avatar.jpg\",\"caption\":\"Edimestre\"}}]}<\/script>\n<!-- \/ Yoast SEO plugin. -->","yoast_head_json":{"title":"THE GARDENS - LaM, Villeneuve d'Ascq, France - Video Mapping Festival 2018","description":"Video mapping on plants created by Loom Prod, as part of the Video Mapping Festival #1.","robots":{"index":"index","follow":"follow","max-snippet":"max-snippet:-1","max-image-preview":"max-image-preview:large","max-video-preview":"max-video-preview:-1"},"canonical":"https:\/\/videomappingcenter.com\/en\/jardins-lam-villeneuve-dascq-france-video-mapping-festival-2018\/","og_locale":"en_US","og_type":"article","og_title":"THE GARDENS - LaM, Villeneuve d'Ascq, France - Video Mapping Festival 2018","og_description":"Video mapping on plants created by Loom Prod, as part of the Video Mapping Festival #1.","og_url":"https:\/\/videomappingcenter.com\/en\/jardins-lam-villeneuve-dascq-france-video-mapping-festival-2018\/","og_site_name":"Video Mapping European Center","article_published_time":"2018-07-17T13:02:09+00:00","article_modified_time":"2025-12-19T15:25:12+00:00","og_image":[{"width":640,"height":360,"url":"https:\/\/videomappingcenter.com\/wp-content\/uploads\/2018\/09\/les-jardins-lam-villeneuve-dascq.jpg","type":"image\/jpeg"}],"author":"Edimestre","twitter_card":"summary_large_image","twitter_misc":{"Written by":"Edimestre","Est. reading time":"1 minute"},"schema":{"@context":"https:\/\/schema.org","@graph":[{"@type":"Article","@id":"https:\/\/videomappingcenter.com\/en\/jardins-lam-villeneuve-dascq-france-video-mapping-festival-2018\/#article","isPartOf":{"@id":"https:\/\/videomappingcenter.com\/en\/jardins-lam-villeneuve-dascq-france-video-mapping-festival-2018\/"},"author":{"name":"Edimestre","@id":"https:\/\/videomappingcenter.com\/?lang=en\/#\/schema\/person\/506136ad599d9c386ea59407d183cef8"},"headline":"THE GARDENS &#8211; LaM, Villeneuve d&#8217;Ascq, France &#8211; Video Mapping Festival 2018","datePublished":"2018-07-17T13:02:09+00:00","dateModified":"2025-12-19T15:25:12+00:00","mainEntityOfPage":{"@id":"https:\/\/videomappingcenter.com\/en\/jardins-lam-villeneuve-dascq-france-video-mapping-festival-2018\/"},"wordCount":135,"publisher":{"@id":"https:\/\/videomappingcenter.com\/?lang=en\/#organization"},"image":{"@id":"https:\/\/videomappingcenter.com\/en\/jardins-lam-villeneuve-dascq-france-video-mapping-festival-2018\/#primaryimage"},"thumbnailUrl":"https:\/\/videomappingcenter.com\/wp-content\/uploads\/2018\/09\/les-jardins-lam-villeneuve-dascq.jpg","keywords":["2018","Aleksi Aubry-Carlson","Claudia Cort\u00e9s Espejo","Covering","Cyril Le Levreur","Ephemeral","Frederic HAUDEGOND","Gervaise Duchaussoy","interactive","LaM","Loom Prod","Ludovic Burczykowski","Ma\u00ebva Jacques","Object video mapping","Outdoor","Production","Simon Lebon","vegetal mapping","Video Mapping Festival","Villeneuve d'Ascq","Villeneuve d'Ascq","Vincent Crauet","Vincent HARENDARCZYK"],"articleSection":["Production","Video Mapping Festival"],"inLanguage":"en-US"},{"@type":"WebPage","@id":"https:\/\/videomappingcenter.com\/en\/jardins-lam-villeneuve-dascq-france-video-mapping-festival-2018\/","url":"https:\/\/videomappingcenter.com\/en\/jardins-lam-villeneuve-dascq-france-video-mapping-festival-2018\/","name":"THE GARDENS - LaM, Villeneuve d'Ascq, France - Video Mapping Festival 2018","isPartOf":{"@id":"https:\/\/videomappingcenter.com\/?lang=en\/#website"},"primaryImageOfPage":{"@id":"https:\/\/videomappingcenter.com\/en\/jardins-lam-villeneuve-dascq-france-video-mapping-festival-2018\/#primaryimage"},"image":{"@id":"https:\/\/videomappingcenter.com\/en\/jardins-lam-villeneuve-dascq-france-video-mapping-festival-2018\/#primaryimage"},"thumbnailUrl":"https:\/\/videomappingcenter.com\/wp-content\/uploads\/2018\/09\/les-jardins-lam-villeneuve-dascq.jpg","datePublished":"2018-07-17T13:02:09+00:00","dateModified":"2025-12-19T15:25:12+00:00","description":"Video mapping on plants created by Loom Prod, as part of the Video Mapping Festival #1.","breadcrumb":{"@id":"https:\/\/videomappingcenter.com\/en\/jardins-lam-villeneuve-dascq-france-video-mapping-festival-2018\/#breadcrumb"},"inLanguage":"en-US","potentialAction":[{"@type":"ReadAction","target":["https:\/\/videomappingcenter.com\/en\/jardins-lam-villeneuve-dascq-france-video-mapping-festival-2018\/"]}]},{"@type":"ImageObject","inLanguage":"en-US","@id":"https:\/\/videomappingcenter.com\/en\/jardins-lam-villeneuve-dascq-france-video-mapping-festival-2018\/#primaryimage","url":"https:\/\/videomappingcenter.com\/wp-content\/uploads\/2018\/09\/les-jardins-lam-villeneuve-dascq.jpg","contentUrl":"https:\/\/videomappingcenter.com\/wp-content\/uploads\/2018\/09\/les-jardins-lam-villeneuve-dascq.jpg","width":640,"height":360},{"@type":"BreadcrumbList","@id":"https:\/\/videomappingcenter.com\/en\/jardins-lam-villeneuve-dascq-france-video-mapping-festival-2018\/#breadcrumb","itemListElement":[{"@type":"ListItem","position":1,"name":"Accueil","item":"https:\/\/videomappingcenter.com\/"},{"@type":"ListItem","position":2,"name":"THE GARDENS &#8211; LaM, Villeneuve d&#8217;Ascq, France &#8211; Video Mapping Festival 2018"}]},{"@type":"WebSite","@id":"https:\/\/videomappingcenter.com\/?lang=en\/#website","url":"https:\/\/videomappingcenter.com\/?lang=en\/","name":"Video Mapping European Center","description":"Video Mapping European Center","publisher":{"@id":"https:\/\/videomappingcenter.com\/?lang=en\/#organization"},"potentialAction":[{"@type":"SearchAction","target":{"@type":"EntryPoint","urlTemplate":"https:\/\/videomappingcenter.com\/?lang=en\/?s={search_term_string}"},"query-input":{"@type":"PropertyValueSpecification","valueRequired":true,"valueName":"search_term_string"}}],"inLanguage":"en-US"},{"@type":"Organization","@id":"https:\/\/videomappingcenter.com\/?lang=en\/#organization","name":"Video Mapping European Center","url":"https:\/\/videomappingcenter.com\/?lang=en\/","logo":{"@type":"ImageObject","inLanguage":"en-US","@id":"https:\/\/videomappingcenter.com\/?lang=en\/#\/schema\/logo\/image\/","url":"https:\/\/videomappingcenter.com\/wp-content\/uploads\/2017\/07\/logo-v3.png","contentUrl":"https:\/\/videomappingcenter.com\/wp-content\/uploads\/2017\/07\/logo-v3.png","width":300,"height":135,"caption":"Video Mapping European Center"},"image":{"@id":"https:\/\/videomappingcenter.com\/?lang=en\/#\/schema\/logo\/image\/"}},{"@type":"Person","@id":"https:\/\/videomappingcenter.com\/?lang=en\/#\/schema\/person\/506136ad599d9c386ea59407d183cef8","name":"Edimestre","image":{"@type":"ImageObject","inLanguage":"en-US","@id":"https:\/\/videomappingcenter.com\/?lang=en\/#\/schema\/person\/image\/","url":"https:\/\/videomappingcenter.com\/wp-content\/uploads\/2017\/07\/avatar.jpg","contentUrl":"https:\/\/videomappingcenter.com\/wp-content\/uploads\/2017\/07\/avatar.jpg","caption":"Edimestre"}}]}},"_links":{"self":[{"href":"https:\/\/videomappingcenter.com\/en\/wp-json\/wp\/v2\/posts\/3423","targetHints":{"allow":["GET"]}}],"collection":[{"href":"https:\/\/videomappingcenter.com\/en\/wp-json\/wp\/v2\/posts"}],"about":[{"href":"https:\/\/videomappingcenter.com\/en\/wp-json\/wp\/v2\/types\/post"}],"author":[{"embeddable":true,"href":"https:\/\/videomappingcenter.com\/en\/wp-json\/wp\/v2\/users\/3"}],"replies":[{"embeddable":true,"href":"https:\/\/videomappingcenter.com\/en\/wp-json\/wp\/v2\/comments?post=3423"}],"version-history":[{"count":1,"href":"https:\/\/videomappingcenter.com\/en\/wp-json\/wp\/v2\/posts\/3423\/revisions"}],"predecessor-version":[{"id":19006,"href":"https:\/\/videomappingcenter.com\/en\/wp-json\/wp\/v2\/posts\/3423\/revisions\/19006"}],"wp:featuredmedia":[{"embeddable":true,"href":"https:\/\/videomappingcenter.com\/en\/wp-json\/wp\/v2\/media\/3422"}],"wp:attachment":[{"href":"https:\/\/videomappingcenter.com\/en\/wp-json\/wp\/v2\/media?parent=3423"}],"wp:term":[{"taxonomy":"category","embeddable":true,"href":"https:\/\/videomappingcenter.com\/en\/wp-json\/wp\/v2\/categories?post=3423"},{"taxonomy":"post_tag","embeddable":true,"href":"https:\/\/videomappingcenter.com\/en\/wp-json\/wp\/v2\/tags?post=3423"},{"taxonomy":"item-prod","embeddable":true,"href":"https:\/\/videomappingcenter.com\/en\/wp-json\/wp\/v2\/item-prod?post=3423"},{"taxonomy":"item-mapping","embeddable":true,"href":"https:\/\/videomappingcenter.com\/en\/wp-json\/wp\/v2\/item-mapping?post=3423"},{"taxonomy":"item-lieu","embeddable":true,"href":"https:\/\/videomappingcenter.com\/en\/wp-json\/wp\/v2\/item-lieu?post=3423"},{"taxonomy":"item-dates","embeddable":true,"href":"https:\/\/videomappingcenter.com\/en\/wp-json\/wp\/v2\/item-dates?post=3423"}],"curies":[{"name":"wp","href":"https:\/\/api.w.org\/{rel}","templated":true}]}}