{"id":3527,"date":"2018-09-01T18:37:54","date_gmt":"2018-09-01T16:37:54","guid":{"rendered":"https:\/\/videomappingcenter.com\/2018\/09\/01\/mapping-facade-de-labbaye-saint-riquier-france-video-mapping-festival-2018\/"},"modified":"2019-01-08T18:11:20","modified_gmt":"2019-01-08T17:11:20","slug":"mapping-facade-de-labbaye-saint-riquier-france-video-mapping-festival-2018","status":"publish","type":"post","link":"https:\/\/videomappingcenter.com\/en\/mapping-facade-de-labbaye-saint-riquier-france-video-mapping-festival-2018\/","title":{"rendered":"VIDEO MAPPING ON THE FACADE OF THE ABBEY &#8211; Saint-Riquier, France &#8211; Video Mapping Festival 2018"},"content":{"rendered":"<p><iframe loading=\"lazy\" src=\"https:\/\/player.vimeo.com\/video\/291925422?app_id=122963\" width=\"1104\" height=\"621\" frameborder=\"0\" title=\"Video Mapping Festival #1 : FA&Ccedil;ADE DE L&#039;ABBAYE, SAINT-RIQUIER - Festival de l&#039;Abbaye, juillet 2018\" allow=\"autoplay; fullscreen\" allowfullscreen><\/iframe><\/p>\n<p>Video mapping created by Loom Prod, as part of the Video Mapping Festival #1 and the Festival de l\u2019Abbaye de Saint-Riquier.<\/p>\n<p>The Video Mapping Festival joins the Festival of Saint-Riquier\u2019s program, and will animate the front facade of the abbey every night at the end of the concert.<\/p>\n<p><strong>Media referents: <\/strong>Susie lou CHETCUTI, Jules HUVIG<br \/>\n<strong>Visual design:<\/strong> Susie lou CHETCUTI, Claudia CORT\u00c9S ESPEJO, Gervaise DUCHAUSSOY, Patrick GRANDI, Jules HUVIG, Ma\u00ebva JACQUES, Simon LEBON, Hamza MRABET, Duc-Thuan NGUYEN, Aur\u00e9lien WOJTKO<br \/>\n<strong>Music:<\/strong> Aleksi AUBRY-CARLSON<br \/>\n<strong>Artistic coordination:<\/strong> Ludovic BURCZYKOWSKI<\/p>\n<p><em>With the support of the Hauts-de-France Region, Drac Hauts-de-France and Conseil d\u00e9partemental de la Somme.<\/em><\/p>\n<p><strong>More info: <a href=\"http:\/\/videomappingfestival.com\" target=\"_blank\" rel=\"noopener\">videomappingfestival.com<\/a><br \/>\n<a href=\"http:\/\/www.facebook.com\/VideoMappingFestival\" target=\"_blank\" rel=\"noopener\">Facebook<\/a><\/strong><\/p>\n<div class=\"simple-taxonomy\">\n\t<div class=\"taxonomy-item-prod\"><a href=\"https:\/\/videomappingcenter.com\/en\/item-prod\/evenement\/\" rel=\"tag\">Event<\/a>, <a href=\"https:\/\/videomappingcenter.com\/en\/item-prod\/production\/\" rel=\"tag\">Production<\/a><\/div>\n\t<div class=\"taxonomy-item-mapping\"><a href=\"https:\/\/videomappingcenter.com\/en\/item-mapping\/mapping-monumental-en\/\" rel=\"tag\">Monument video mapping<\/a><\/div>\n\t<div class=\"taxonomy-item-lieu\"><a href=\"https:\/\/videomappingcenter.com\/en\/item-lieu\/hauts-de-france-en\/\" rel=\"tag\">Hauts-de-France<\/a><\/div>\n\t<div class=\"taxonomy-item-dates\"><a href=\"https:\/\/videomappingcenter.com\/en\/item-dates\/2018-en\/\" rel=\"tag\">2018<\/a><\/div>\n\n<\/div>\n","protected":false},"excerpt":{"rendered":"<p>Video mapping created by Loom Prod, as part of the Video Mapping Festival #1 and the Festival de l\u2019Abbaye de Saint-Riquier. The Video Mapping Festival joins the Festival of Saint-Riquier\u2019s program, and will animate the front facade of the abbey every night at the end of the concert. Media referents: Susie lou CHETCUTI, Jules HUVIG [&hellip;]<\/p>\n<div class=\"simple-taxonomy\">\n\t<div class=\"taxonomy-item-prod\"><a href=\"https:\/\/videomappingcenter.com\/en\/item-prod\/evenement\/\" rel=\"tag\">Event<\/a>, <a href=\"https:\/\/videomappingcenter.com\/en\/item-prod\/production\/\" rel=\"tag\">Production<\/a><\/div>\n\t<div class=\"taxonomy-item-mapping\"><a href=\"https:\/\/videomappingcenter.com\/en\/item-mapping\/mapping-monumental-en\/\" rel=\"tag\">Monument video mapping<\/a><\/div>\n\t<div class=\"taxonomy-item-lieu\"><a href=\"https:\/\/videomappingcenter.com\/en\/item-lieu\/hauts-de-france-en\/\" rel=\"tag\">Hauts-de-France<\/a><\/div>\n\t<div class=\"taxonomy-item-dates\"><a href=\"https:\/\/videomappingcenter.com\/en\/item-dates\/2018-en\/\" rel=\"tag\">2018<\/a><\/div>\n\n<\/div>\n","protected":false},"author":3,"featured_media":3526,"comment_status":"closed","ping_status":"closed","sticky":false,"template":"","format":"standard","meta":{"footnotes":""},"categories":[146,149],"tags":[1468,1471,730,842,843,837,774,786,2717,844],"item-prod":[157,155],"item-mapping":[277],"item-lieu":[281],"item-dates":[721],"class_list":["post-3527","post","type-post","status-publish","format-standard","has-post-thumbnail","hentry","category-production-en","category-video-mapping-festival-en","tag-abbaye-de-saint-riquier","tag-abbaye-de-saint-riquier-en","tag-claudia-cortes-espejo-en","tag-duc-thuan-nguyen-en","tag-festival-de-labbaye-de-saint-riquier-en","tag-festival-de-labbaye-de-saint-riquier","tag-gervaise-duchaussoy-en","tag-loom-prod-en","tag-mapping-monumental-2-2","tag-saint-riquier-en","item-prod-evenement","item-prod-production","item-mapping-mapping-monumental-en","item-lieu-hauts-de-france-en","item-dates-2018-en"],"yoast_head":"<!-- This site is optimized with the Yoast SEO plugin v25.8 - https:\/\/yoast.com\/wordpress\/plugins\/seo\/ -->\n<title>VIDEO MAPPING ON THE FACADE OF THE ABBEY - Video Mapping Festival<\/title>\n<meta name=\"description\" content=\"Video mapping created by Loom Prod, as part of the Video Mapping Festival #1 and the Festival de l\u2019Abbaye de Saint-Riquier.\" \/>\n<meta name=\"robots\" content=\"index, follow, max-snippet:-1, max-image-preview:large, max-video-preview:-1\" \/>\n<link rel=\"canonical\" href=\"https:\/\/videomappingcenter.com\/mapping-facade-de-labbaye-saint-riquier-france-video-mapping-festival-2018\/\" \/>\n<meta property=\"og:locale\" content=\"en_US\" \/>\n<meta property=\"og:type\" content=\"article\" \/>\n<meta property=\"og:title\" content=\"VIDEO MAPPING ON THE FACADE OF THE ABBEY - Video Mapping Festival\" \/>\n<meta property=\"og:description\" content=\"Video mapping created by Loom Prod, as part of the Video Mapping Festival #1 and the Festival de l\u2019Abbaye de Saint-Riquier.\" \/>\n<meta property=\"og:url\" content=\"https:\/\/videomappingcenter.com\/mapping-facade-de-labbaye-saint-riquier-france-video-mapping-festival-2018\/\" \/>\n<meta property=\"og:site_name\" content=\"Video Mapping European Center\" \/>\n<meta property=\"article:published_time\" content=\"2018-09-01T16:37:54+00:00\" \/>\n<meta property=\"article:modified_time\" content=\"2019-01-08T17:11:20+00:00\" \/>\n<meta property=\"og:image\" content=\"https:\/\/videomappingcenter.com\/wp-content\/uploads\/2018\/09\/mapping-sur-la-facade-de-labbaye.jpg\" \/>\n\t<meta property=\"og:image:width\" content=\"640\" \/>\n\t<meta property=\"og:image:height\" content=\"360\" \/>\n\t<meta property=\"og:image:type\" content=\"image\/jpeg\" \/>\n<meta name=\"author\" content=\"Edimestre\" \/>\n<meta name=\"twitter:card\" content=\"summary_large_image\" \/>\n<meta name=\"twitter:label1\" content=\"Written by\" \/>\n\t<meta name=\"twitter:data1\" content=\"Edimestre\" \/>\n\t<meta name=\"twitter:label2\" content=\"Est. reading time\" \/>\n\t<meta name=\"twitter:data2\" content=\"1 minute\" \/>\n<script type=\"application\/ld+json\" class=\"yoast-schema-graph\">{\"@context\":\"https:\/\/schema.org\",\"@graph\":[{\"@type\":\"Article\",\"@id\":\"https:\/\/videomappingcenter.com\/mapping-facade-de-labbaye-saint-riquier-france-video-mapping-festival-2018\/#article\",\"isPartOf\":{\"@id\":\"https:\/\/videomappingcenter.com\/mapping-facade-de-labbaye-saint-riquier-france-video-mapping-festival-2018\/\"},\"author\":{\"name\":\"Edimestre\",\"@id\":\"https:\/\/videomappingcenter.com\/?lang=en\/#\/schema\/person\/506136ad599d9c386ea59407d183cef8\"},\"headline\":\"VIDEO MAPPING ON THE FACADE OF THE ABBEY &#8211; Saint-Riquier, France &#8211; Video Mapping Festival 2018\",\"datePublished\":\"2018-09-01T16:37:54+00:00\",\"dateModified\":\"2019-01-08T17:11:20+00:00\",\"mainEntityOfPage\":{\"@id\":\"https:\/\/videomappingcenter.com\/mapping-facade-de-labbaye-saint-riquier-france-video-mapping-festival-2018\/\"},\"wordCount\":129,\"publisher\":{\"@id\":\"https:\/\/videomappingcenter.com\/?lang=en\/#organization\"},\"image\":{\"@id\":\"https:\/\/videomappingcenter.com\/mapping-facade-de-labbaye-saint-riquier-france-video-mapping-festival-2018\/#primaryimage\"},\"thumbnailUrl\":\"https:\/\/videomappingcenter.com\/wp-content\/uploads\/2018\/09\/mapping-sur-la-facade-de-labbaye.jpg\",\"keywords\":[\"Abbaye de Saint-Riquier\",\"Abbey of Saint-Riquier\",\"Claudia Cort\u00e9s Espejo\",\"Duc-Thuan NGUYEN\",\"Festival de l&rsquo;Abbaye de Saint-Riquier\",\"Festival de l'Abbaye de Saint-Riquier\",\"Gervaise Duchaussoy\",\"Loom Prod\",\"Mapping monumental\",\"Saint-Riquier\"],\"articleSection\":[\"Production\",\"Video Mapping Festival\"],\"inLanguage\":\"en-US\"},{\"@type\":\"WebPage\",\"@id\":\"https:\/\/videomappingcenter.com\/mapping-facade-de-labbaye-saint-riquier-france-video-mapping-festival-2018\/\",\"url\":\"https:\/\/videomappingcenter.com\/mapping-facade-de-labbaye-saint-riquier-france-video-mapping-festival-2018\/\",\"name\":\"VIDEO MAPPING ON THE FACADE OF THE ABBEY - Video Mapping Festival\",\"isPartOf\":{\"@id\":\"https:\/\/videomappingcenter.com\/?lang=en\/#website\"},\"primaryImageOfPage\":{\"@id\":\"https:\/\/videomappingcenter.com\/mapping-facade-de-labbaye-saint-riquier-france-video-mapping-festival-2018\/#primaryimage\"},\"image\":{\"@id\":\"https:\/\/videomappingcenter.com\/mapping-facade-de-labbaye-saint-riquier-france-video-mapping-festival-2018\/#primaryimage\"},\"thumbnailUrl\":\"https:\/\/videomappingcenter.com\/wp-content\/uploads\/2018\/09\/mapping-sur-la-facade-de-labbaye.jpg\",\"datePublished\":\"2018-09-01T16:37:54+00:00\",\"dateModified\":\"2019-01-08T17:11:20+00:00\",\"description\":\"Video mapping created by Loom Prod, as part of the Video Mapping Festival #1 and the Festival de l\u2019Abbaye de Saint-Riquier.\",\"breadcrumb\":{\"@id\":\"https:\/\/videomappingcenter.com\/mapping-facade-de-labbaye-saint-riquier-france-video-mapping-festival-2018\/#breadcrumb\"},\"inLanguage\":\"en-US\",\"potentialAction\":[{\"@type\":\"ReadAction\",\"target\":[\"https:\/\/videomappingcenter.com\/mapping-facade-de-labbaye-saint-riquier-france-video-mapping-festival-2018\/\"]}]},{\"@type\":\"ImageObject\",\"inLanguage\":\"en-US\",\"@id\":\"https:\/\/videomappingcenter.com\/mapping-facade-de-labbaye-saint-riquier-france-video-mapping-festival-2018\/#primaryimage\",\"url\":\"https:\/\/videomappingcenter.com\/wp-content\/uploads\/2018\/09\/mapping-sur-la-facade-de-labbaye.jpg\",\"contentUrl\":\"https:\/\/videomappingcenter.com\/wp-content\/uploads\/2018\/09\/mapping-sur-la-facade-de-labbaye.jpg\",\"width\":640,\"height\":360},{\"@type\":\"BreadcrumbList\",\"@id\":\"https:\/\/videomappingcenter.com\/mapping-facade-de-labbaye-saint-riquier-france-video-mapping-festival-2018\/#breadcrumb\",\"itemListElement\":[{\"@type\":\"ListItem\",\"position\":1,\"name\":\"Accueil\",\"item\":\"https:\/\/videomappingcenter.com\/\"},{\"@type\":\"ListItem\",\"position\":2,\"name\":\"VIDEO MAPPING ON THE FACADE OF THE ABBEY &#8211; Saint-Riquier, France &#8211; Video Mapping Festival 2018\"}]},{\"@type\":\"WebSite\",\"@id\":\"https:\/\/videomappingcenter.com\/?lang=en\/#website\",\"url\":\"https:\/\/videomappingcenter.com\/?lang=en\/\",\"name\":\"Video Mapping European Center\",\"description\":\"Video Mapping European Center\",\"publisher\":{\"@id\":\"https:\/\/videomappingcenter.com\/?lang=en\/#organization\"},\"potentialAction\":[{\"@type\":\"SearchAction\",\"target\":{\"@type\":\"EntryPoint\",\"urlTemplate\":\"https:\/\/videomappingcenter.com\/?lang=en\/?s={search_term_string}\"},\"query-input\":{\"@type\":\"PropertyValueSpecification\",\"valueRequired\":true,\"valueName\":\"search_term_string\"}}],\"inLanguage\":\"en-US\"},{\"@type\":\"Organization\",\"@id\":\"https:\/\/videomappingcenter.com\/?lang=en\/#organization\",\"name\":\"Video Mapping European Center\",\"url\":\"https:\/\/videomappingcenter.com\/?lang=en\/\",\"logo\":{\"@type\":\"ImageObject\",\"inLanguage\":\"en-US\",\"@id\":\"https:\/\/videomappingcenter.com\/?lang=en\/#\/schema\/logo\/image\/\",\"url\":\"https:\/\/videomappingcenter.com\/wp-content\/uploads\/2017\/07\/logo-v3.png\",\"contentUrl\":\"https:\/\/videomappingcenter.com\/wp-content\/uploads\/2017\/07\/logo-v3.png\",\"width\":300,\"height\":135,\"caption\":\"Video Mapping European Center\"},\"image\":{\"@id\":\"https:\/\/videomappingcenter.com\/?lang=en\/#\/schema\/logo\/image\/\"}},{\"@type\":\"Person\",\"@id\":\"https:\/\/videomappingcenter.com\/?lang=en\/#\/schema\/person\/506136ad599d9c386ea59407d183cef8\",\"name\":\"Edimestre\",\"image\":{\"@type\":\"ImageObject\",\"inLanguage\":\"en-US\",\"@id\":\"https:\/\/videomappingcenter.com\/?lang=en\/#\/schema\/person\/image\/\",\"url\":\"https:\/\/videomappingcenter.com\/wp-content\/uploads\/2017\/07\/avatar.jpg\",\"contentUrl\":\"https:\/\/videomappingcenter.com\/wp-content\/uploads\/2017\/07\/avatar.jpg\",\"caption\":\"Edimestre\"}}]}<\/script>\n<!-- \/ Yoast SEO plugin. -->","yoast_head_json":{"title":"VIDEO MAPPING ON THE FACADE OF THE ABBEY - Video Mapping Festival","description":"Video mapping created by Loom Prod, as part of the Video Mapping Festival #1 and the Festival de l\u2019Abbaye de Saint-Riquier.","robots":{"index":"index","follow":"follow","max-snippet":"max-snippet:-1","max-image-preview":"max-image-preview:large","max-video-preview":"max-video-preview:-1"},"canonical":"https:\/\/videomappingcenter.com\/mapping-facade-de-labbaye-saint-riquier-france-video-mapping-festival-2018\/","og_locale":"en_US","og_type":"article","og_title":"VIDEO MAPPING ON THE FACADE OF THE ABBEY - Video Mapping Festival","og_description":"Video mapping created by Loom Prod, as part of the Video Mapping Festival #1 and the Festival de l\u2019Abbaye de Saint-Riquier.","og_url":"https:\/\/videomappingcenter.com\/mapping-facade-de-labbaye-saint-riquier-france-video-mapping-festival-2018\/","og_site_name":"Video Mapping European Center","article_published_time":"2018-09-01T16:37:54+00:00","article_modified_time":"2019-01-08T17:11:20+00:00","og_image":[{"width":640,"height":360,"url":"https:\/\/videomappingcenter.com\/wp-content\/uploads\/2018\/09\/mapping-sur-la-facade-de-labbaye.jpg","type":"image\/jpeg"}],"author":"Edimestre","twitter_card":"summary_large_image","twitter_misc":{"Written by":"Edimestre","Est. reading time":"1 minute"},"schema":{"@context":"https:\/\/schema.org","@graph":[{"@type":"Article","@id":"https:\/\/videomappingcenter.com\/mapping-facade-de-labbaye-saint-riquier-france-video-mapping-festival-2018\/#article","isPartOf":{"@id":"https:\/\/videomappingcenter.com\/mapping-facade-de-labbaye-saint-riquier-france-video-mapping-festival-2018\/"},"author":{"name":"Edimestre","@id":"https:\/\/videomappingcenter.com\/?lang=en\/#\/schema\/person\/506136ad599d9c386ea59407d183cef8"},"headline":"VIDEO MAPPING ON THE FACADE OF THE ABBEY &#8211; Saint-Riquier, France &#8211; Video Mapping Festival 2018","datePublished":"2018-09-01T16:37:54+00:00","dateModified":"2019-01-08T17:11:20+00:00","mainEntityOfPage":{"@id":"https:\/\/videomappingcenter.com\/mapping-facade-de-labbaye-saint-riquier-france-video-mapping-festival-2018\/"},"wordCount":129,"publisher":{"@id":"https:\/\/videomappingcenter.com\/?lang=en\/#organization"},"image":{"@id":"https:\/\/videomappingcenter.com\/mapping-facade-de-labbaye-saint-riquier-france-video-mapping-festival-2018\/#primaryimage"},"thumbnailUrl":"https:\/\/videomappingcenter.com\/wp-content\/uploads\/2018\/09\/mapping-sur-la-facade-de-labbaye.jpg","keywords":["Abbaye de Saint-Riquier","Abbey of Saint-Riquier","Claudia Cort\u00e9s Espejo","Duc-Thuan NGUYEN","Festival de l&rsquo;Abbaye de Saint-Riquier","Festival de l'Abbaye de Saint-Riquier","Gervaise Duchaussoy","Loom Prod","Mapping monumental","Saint-Riquier"],"articleSection":["Production","Video Mapping Festival"],"inLanguage":"en-US"},{"@type":"WebPage","@id":"https:\/\/videomappingcenter.com\/mapping-facade-de-labbaye-saint-riquier-france-video-mapping-festival-2018\/","url":"https:\/\/videomappingcenter.com\/mapping-facade-de-labbaye-saint-riquier-france-video-mapping-festival-2018\/","name":"VIDEO MAPPING ON THE FACADE OF THE ABBEY - Video Mapping Festival","isPartOf":{"@id":"https:\/\/videomappingcenter.com\/?lang=en\/#website"},"primaryImageOfPage":{"@id":"https:\/\/videomappingcenter.com\/mapping-facade-de-labbaye-saint-riquier-france-video-mapping-festival-2018\/#primaryimage"},"image":{"@id":"https:\/\/videomappingcenter.com\/mapping-facade-de-labbaye-saint-riquier-france-video-mapping-festival-2018\/#primaryimage"},"thumbnailUrl":"https:\/\/videomappingcenter.com\/wp-content\/uploads\/2018\/09\/mapping-sur-la-facade-de-labbaye.jpg","datePublished":"2018-09-01T16:37:54+00:00","dateModified":"2019-01-08T17:11:20+00:00","description":"Video mapping created by Loom Prod, as part of the Video Mapping Festival #1 and the Festival de l\u2019Abbaye de Saint-Riquier.","breadcrumb":{"@id":"https:\/\/videomappingcenter.com\/mapping-facade-de-labbaye-saint-riquier-france-video-mapping-festival-2018\/#breadcrumb"},"inLanguage":"en-US","potentialAction":[{"@type":"ReadAction","target":["https:\/\/videomappingcenter.com\/mapping-facade-de-labbaye-saint-riquier-france-video-mapping-festival-2018\/"]}]},{"@type":"ImageObject","inLanguage":"en-US","@id":"https:\/\/videomappingcenter.com\/mapping-facade-de-labbaye-saint-riquier-france-video-mapping-festival-2018\/#primaryimage","url":"https:\/\/videomappingcenter.com\/wp-content\/uploads\/2018\/09\/mapping-sur-la-facade-de-labbaye.jpg","contentUrl":"https:\/\/videomappingcenter.com\/wp-content\/uploads\/2018\/09\/mapping-sur-la-facade-de-labbaye.jpg","width":640,"height":360},{"@type":"BreadcrumbList","@id":"https:\/\/videomappingcenter.com\/mapping-facade-de-labbaye-saint-riquier-france-video-mapping-festival-2018\/#breadcrumb","itemListElement":[{"@type":"ListItem","position":1,"name":"Accueil","item":"https:\/\/videomappingcenter.com\/"},{"@type":"ListItem","position":2,"name":"VIDEO MAPPING ON THE FACADE OF THE ABBEY &#8211; Saint-Riquier, France &#8211; Video Mapping Festival 2018"}]},{"@type":"WebSite","@id":"https:\/\/videomappingcenter.com\/?lang=en\/#website","url":"https:\/\/videomappingcenter.com\/?lang=en\/","name":"Video Mapping European Center","description":"Video Mapping European Center","publisher":{"@id":"https:\/\/videomappingcenter.com\/?lang=en\/#organization"},"potentialAction":[{"@type":"SearchAction","target":{"@type":"EntryPoint","urlTemplate":"https:\/\/videomappingcenter.com\/?lang=en\/?s={search_term_string}"},"query-input":{"@type":"PropertyValueSpecification","valueRequired":true,"valueName":"search_term_string"}}],"inLanguage":"en-US"},{"@type":"Organization","@id":"https:\/\/videomappingcenter.com\/?lang=en\/#organization","name":"Video Mapping European Center","url":"https:\/\/videomappingcenter.com\/?lang=en\/","logo":{"@type":"ImageObject","inLanguage":"en-US","@id":"https:\/\/videomappingcenter.com\/?lang=en\/#\/schema\/logo\/image\/","url":"https:\/\/videomappingcenter.com\/wp-content\/uploads\/2017\/07\/logo-v3.png","contentUrl":"https:\/\/videomappingcenter.com\/wp-content\/uploads\/2017\/07\/logo-v3.png","width":300,"height":135,"caption":"Video Mapping European Center"},"image":{"@id":"https:\/\/videomappingcenter.com\/?lang=en\/#\/schema\/logo\/image\/"}},{"@type":"Person","@id":"https:\/\/videomappingcenter.com\/?lang=en\/#\/schema\/person\/506136ad599d9c386ea59407d183cef8","name":"Edimestre","image":{"@type":"ImageObject","inLanguage":"en-US","@id":"https:\/\/videomappingcenter.com\/?lang=en\/#\/schema\/person\/image\/","url":"https:\/\/videomappingcenter.com\/wp-content\/uploads\/2017\/07\/avatar.jpg","contentUrl":"https:\/\/videomappingcenter.com\/wp-content\/uploads\/2017\/07\/avatar.jpg","caption":"Edimestre"}}]}},"_links":{"self":[{"href":"https:\/\/videomappingcenter.com\/en\/wp-json\/wp\/v2\/posts\/3527","targetHints":{"allow":["GET"]}}],"collection":[{"href":"https:\/\/videomappingcenter.com\/en\/wp-json\/wp\/v2\/posts"}],"about":[{"href":"https:\/\/videomappingcenter.com\/en\/wp-json\/wp\/v2\/types\/post"}],"author":[{"embeddable":true,"href":"https:\/\/videomappingcenter.com\/en\/wp-json\/wp\/v2\/users\/3"}],"replies":[{"embeddable":true,"href":"https:\/\/videomappingcenter.com\/en\/wp-json\/wp\/v2\/comments?post=3527"}],"version-history":[{"count":0,"href":"https:\/\/videomappingcenter.com\/en\/wp-json\/wp\/v2\/posts\/3527\/revisions"}],"wp:featuredmedia":[{"embeddable":true,"href":"https:\/\/videomappingcenter.com\/en\/wp-json\/wp\/v2\/media\/3526"}],"wp:attachment":[{"href":"https:\/\/videomappingcenter.com\/en\/wp-json\/wp\/v2\/media?parent=3527"}],"wp:term":[{"taxonomy":"category","embeddable":true,"href":"https:\/\/videomappingcenter.com\/en\/wp-json\/wp\/v2\/categories?post=3527"},{"taxonomy":"post_tag","embeddable":true,"href":"https:\/\/videomappingcenter.com\/en\/wp-json\/wp\/v2\/tags?post=3527"},{"taxonomy":"item-prod","embeddable":true,"href":"https:\/\/videomappingcenter.com\/en\/wp-json\/wp\/v2\/item-prod?post=3527"},{"taxonomy":"item-mapping","embeddable":true,"href":"https:\/\/videomappingcenter.com\/en\/wp-json\/wp\/v2\/item-mapping?post=3527"},{"taxonomy":"item-lieu","embeddable":true,"href":"https:\/\/videomappingcenter.com\/en\/wp-json\/wp\/v2\/item-lieu?post=3527"},{"taxonomy":"item-dates","embeddable":true,"href":"https:\/\/videomappingcenter.com\/en\/wp-json\/wp\/v2\/item-dates?post=3527"}],"curies":[{"name":"wp","href":"https:\/\/api.w.org\/{rel}","templated":true}]}}