{"id":3628,"date":"2018-09-05T16:05:19","date_gmt":"2018-09-05T14:05:19","guid":{"rendered":"https:\/\/videomappingcenter.com\/2018\/09\/05\/concert-video-mapping-verberie-france-video-mapping-festival-2018\/"},"modified":"2019-01-08T18:10:20","modified_gmt":"2019-01-08T17:10:20","slug":"concert-video-mapping-verberie-france-video-mapping-festival-2018","status":"publish","type":"post","link":"https:\/\/videomappingcenter.com\/en\/concert-video-mapping-verberie-france-video-mapping-festival-2018\/","title":{"rendered":"CONCERT AND VIDEO MAPPING &#8211; Aramont Castle, Verberie, France &#8211; Video Mapping Festival 2018"},"content":{"rendered":"<p><iframe loading=\"lazy\" src=\"https:\/\/player.vimeo.com\/video\/292703191?app_id=122963\" width=\"1104\" height=\"621\" frameborder=\"0\" title=\"Video Mapping Festival #1 : CH&Acirc;TEAU D&#039;ARAMONT, VERBERIE - Festival des For&ecirc;ts, juillet 2018\" webkitallowfullscreen mozallowfullscreen allowfullscreen><\/iframe><\/p>\n<p>Video mapping created by Loom Prod, as part of the Video Mapping Festival #1 and the Festival des For\u00eats.<\/p>\n<p>When classical music and video mapping meet in a sumptuous place\u2026 A monument video mapping on the facade of the Castle goes along with the second part of the Karol Beffa and the Ensemble Contraste concert, who revisits the classical major themes in bossa or jazz versions.<\/p>\n<p><strong>Media referent:<\/strong> R\u00e9mi SOYEZ<br \/>\n<strong>Visual design: <\/strong>Ga\u00ebl DEWAS, Cl\u00e9ment GOFFINET, Patrick GRANDI, Fr\u00e9d\u00e9ric HAUDEGOND, Cyril LE LEVREUR, Simon LEBON, Thomas LOPEZ, Duc-Thuan NGUYEN, Arthur VALTER<br \/>\n<strong>Artistic coordination:<\/strong> Ludovic BURCZYKOWSKI<\/p>\n<p><strong>Karol Beffa and the Ensemble Contraste concert<\/strong><\/p>\n<p>Arnaud Thorette, alto<br \/>\nVincent L\u00ea Quang, saxophone<br \/>\nJohan Farjot, keyboards<\/p>\n<p><strong>Extracts of the programme <em>Miroir(s)<\/em><\/strong><br \/>\nKarol Beffa: <em>En Miroir<\/em><br \/>\nKarol Beffa: <em>Chinatown<\/em><br \/>\nDuke Ellington: <em>My Love<\/em>, arrangement Johan Farjot<\/p>\n<p><a href=\"http:\/\/karolbeffa.wordpress.com\" rel=\"noopener\" target=\"_blank\">karolbeffa.wordpress.com<\/a><br \/>\n<a href=\"http:\/\/ensemblecontraste.com\" rel=\"noopener\" target=\"_blank\">ensemblecontraste.com<\/a><\/p>\n<p><em>With the support of the Hauts-de-France Region, Drac Hauts-de-France and the Festival des For\u00eats. <\/em><\/p>\n<p><strong>More info: <a href=\"http:\/\/videomappingfestival.com\" target=\"_blank\" rel=\"noopener\">videomappingfestival.com<\/a><br \/>\n<a href=\"http:\/\/www.facebook.com\/VideoMappingFestival\" target=\"_blank\" rel=\"noopener\">Facebook<\/a><\/strong><\/p>\n<div class=\"simple-taxonomy\">\n\t<div class=\"taxonomy-item-prod\"><a href=\"https:\/\/videomappingcenter.com\/en\/item-prod\/evenement\/\" rel=\"tag\">Event<\/a>, <a href=\"https:\/\/videomappingcenter.com\/en\/item-prod\/production\/\" rel=\"tag\">Production<\/a><\/div>\n\t<div class=\"taxonomy-item-mapping\"><a href=\"https:\/\/videomappingcenter.com\/en\/item-mapping\/mapping-monumental-en\/\" rel=\"tag\">Monument video mapping<\/a><\/div>\n\t<div class=\"taxonomy-item-lieu\"><a href=\"https:\/\/videomappingcenter.com\/en\/item-lieu\/hauts-de-france-en\/\" rel=\"tag\">Hauts-de-France<\/a><\/div>\n\t<div class=\"taxonomy-item-dates\"><a href=\"https:\/\/videomappingcenter.com\/en\/item-dates\/2018-en\/\" rel=\"tag\">2018<\/a><\/div>\n\n<\/div>\n","protected":false},"excerpt":{"rendered":"<p>Video mapping created by Loom Prod, as part of the Video Mapping Festival #1 and the Festival des For\u00eats. When classical music and video mapping meet in a sumptuous place\u2026 A monument video mapping on the facade of the Castle goes along with the second part of the Karol Beffa and the Ensemble Contraste concert, [&hellip;]<\/p>\n<div class=\"simple-taxonomy\">\n\t<div class=\"taxonomy-item-prod\"><a href=\"https:\/\/videomappingcenter.com\/en\/item-prod\/evenement\/\" rel=\"tag\">Event<\/a>, <a href=\"https:\/\/videomappingcenter.com\/en\/item-prod\/production\/\" rel=\"tag\">Production<\/a><\/div>\n\t<div class=\"taxonomy-item-mapping\"><a href=\"https:\/\/videomappingcenter.com\/en\/item-mapping\/mapping-monumental-en\/\" rel=\"tag\">Monument video mapping<\/a><\/div>\n\t<div class=\"taxonomy-item-lieu\"><a href=\"https:\/\/videomappingcenter.com\/en\/item-lieu\/hauts-de-france-en\/\" rel=\"tag\">Hauts-de-France<\/a><\/div>\n\t<div class=\"taxonomy-item-dates\"><a href=\"https:\/\/videomappingcenter.com\/en\/item-dates\/2018-en\/\" rel=\"tag\">2018<\/a><\/div>\n\n<\/div>\n","protected":false},"author":3,"featured_media":3626,"comment_status":"closed","ping_status":"closed","sticky":false,"template":"","format":"standard","meta":{"footnotes":""},"categories":[146,149],"tags":[719,856,853,672,473,842,124,858,817,117,557,122,786,251,110,116,656,105,859,262,814,860,108],"item-prod":[157,155],"item-mapping":[277],"item-lieu":[281],"item-dates":[721],"class_list":["post-3628","post","type-post","status-publish","format-standard","has-post-thumbnail","hentry","category-production-en","category-video-mapping-festival-en","tag-2018-en","tag-arthur-valter-en","tag-chateau-daramont","tag-clement-goffinet-en","tag-cyril-le-levreur-en","tag-duc-thuan-nguyen-en","tag-transcient","tag-festival-des-forets-en","tag-frederic-haudegond-en","tag-front","tag-gael-dewas-en","tag-generative","tag-loom-prod-en","tag-ludovic-burczykowski-en","tag-monument-video-mapping","tag-outdoor","tag-patrick-grandi-en","tag-production-en","tag-remi-soyez-en","tag-simon-lebon-en","tag-thomas-lopez-en","tag-verberie-en","tag-video-mapping-festival-en","item-prod-evenement","item-prod-production","item-mapping-mapping-monumental-en","item-lieu-hauts-de-france-en","item-dates-2018-en"],"yoast_head":"<!-- This site is optimized with the Yoast SEO plugin v25.8 - https:\/\/yoast.com\/wordpress\/plugins\/seo\/ -->\n<title>CONCERT ET VIDEO MAPPING - Verberie, France<\/title>\n<meta name=\"description\" content=\"Video mapping created by Loom Prod, as part of the Video Mapping Festival #1 and the Festival des For\u00eats. A mapping goes along with the Karol Beffa concert.\" \/>\n<meta name=\"robots\" content=\"index, follow, max-snippet:-1, max-image-preview:large, max-video-preview:-1\" \/>\n<link rel=\"canonical\" href=\"https:\/\/videomappingcenter.com\/concert-video-mapping-verberie-france-video-mapping-festival-2018\/\" \/>\n<meta property=\"og:locale\" content=\"en_US\" \/>\n<meta property=\"og:type\" content=\"article\" \/>\n<meta property=\"og:title\" content=\"CONCERT ET VIDEO MAPPING - Verberie, France\" \/>\n<meta property=\"og:description\" content=\"Video mapping created by Loom Prod, as part of the Video Mapping Festival #1 and the Festival des For\u00eats. A mapping goes along with the Karol Beffa concert.\" \/>\n<meta property=\"og:url\" content=\"https:\/\/videomappingcenter.com\/concert-video-mapping-verberie-france-video-mapping-festival-2018\/\" \/>\n<meta property=\"og:site_name\" content=\"Video Mapping European Center\" \/>\n<meta property=\"article:published_time\" content=\"2018-09-05T14:05:19+00:00\" \/>\n<meta property=\"article:modified_time\" content=\"2019-01-08T17:10:20+00:00\" \/>\n<meta property=\"og:image\" content=\"https:\/\/videomappingcenter.com\/wp-content\/uploads\/2018\/10\/concert-et-video-mapping-verberi.jpg\" \/>\n\t<meta property=\"og:image:width\" content=\"640\" \/>\n\t<meta property=\"og:image:height\" content=\"360\" \/>\n\t<meta property=\"og:image:type\" content=\"image\/jpeg\" \/>\n<meta name=\"author\" content=\"Edimestre\" \/>\n<meta name=\"twitter:card\" content=\"summary_large_image\" \/>\n<meta name=\"twitter:label1\" content=\"Written by\" \/>\n\t<meta name=\"twitter:data1\" content=\"Edimestre\" \/>\n\t<meta name=\"twitter:label2\" content=\"Est. reading time\" \/>\n\t<meta name=\"twitter:data2\" content=\"1 minute\" \/>\n<script type=\"application\/ld+json\" class=\"yoast-schema-graph\">{\"@context\":\"https:\/\/schema.org\",\"@graph\":[{\"@type\":\"Article\",\"@id\":\"https:\/\/videomappingcenter.com\/concert-video-mapping-verberie-france-video-mapping-festival-2018\/#article\",\"isPartOf\":{\"@id\":\"https:\/\/videomappingcenter.com\/concert-video-mapping-verberie-france-video-mapping-festival-2018\/\"},\"author\":{\"name\":\"Edimestre\",\"@id\":\"https:\/\/videomappingcenter.com\/?lang=en\/#\/schema\/person\/506136ad599d9c386ea59407d183cef8\"},\"headline\":\"CONCERT AND VIDEO MAPPING &#8211; Aramont Castle, Verberie, France &#8211; Video Mapping Festival 2018\",\"datePublished\":\"2018-09-05T14:05:19+00:00\",\"dateModified\":\"2019-01-08T17:10:20+00:00\",\"mainEntityOfPage\":{\"@id\":\"https:\/\/videomappingcenter.com\/concert-video-mapping-verberie-france-video-mapping-festival-2018\/\"},\"wordCount\":178,\"publisher\":{\"@id\":\"https:\/\/videomappingcenter.com\/?lang=en\/#organization\"},\"image\":{\"@id\":\"https:\/\/videomappingcenter.com\/concert-video-mapping-verberie-france-video-mapping-festival-2018\/#primaryimage\"},\"thumbnailUrl\":\"https:\/\/videomappingcenter.com\/wp-content\/uploads\/2018\/10\/concert-et-video-mapping-verberi.jpg\",\"keywords\":[\"2018\",\"Arthur VALTER\",\"Ch\u00e2teau d'Aramont\",\"Cl\u00e9ment Goffinet\",\"Cyril Le Levreur\",\"Duc-Thuan NGUYEN\",\"Ephemeral\",\"Festival des For\u00eats\",\"Frederic HAUDEGOND\",\"Frontal\",\"Ga\u00ebl Dewas\",\"Generative\",\"Loom Prod\",\"Ludovic Burczykowski\",\"Monument video mapping\",\"Outdoor\",\"Patrick Grandi\",\"Production\",\"R\u00e9mi SOYEZ\",\"Simon Lebon\",\"Thomas LOPEZ\",\"Verberie\",\"Video Mapping Festival\"],\"articleSection\":[\"Production\",\"Video Mapping Festival\"],\"inLanguage\":\"en-US\"},{\"@type\":\"WebPage\",\"@id\":\"https:\/\/videomappingcenter.com\/concert-video-mapping-verberie-france-video-mapping-festival-2018\/\",\"url\":\"https:\/\/videomappingcenter.com\/concert-video-mapping-verberie-france-video-mapping-festival-2018\/\",\"name\":\"CONCERT ET VIDEO MAPPING - Verberie, France\",\"isPartOf\":{\"@id\":\"https:\/\/videomappingcenter.com\/?lang=en\/#website\"},\"primaryImageOfPage\":{\"@id\":\"https:\/\/videomappingcenter.com\/concert-video-mapping-verberie-france-video-mapping-festival-2018\/#primaryimage\"},\"image\":{\"@id\":\"https:\/\/videomappingcenter.com\/concert-video-mapping-verberie-france-video-mapping-festival-2018\/#primaryimage\"},\"thumbnailUrl\":\"https:\/\/videomappingcenter.com\/wp-content\/uploads\/2018\/10\/concert-et-video-mapping-verberi.jpg\",\"datePublished\":\"2018-09-05T14:05:19+00:00\",\"dateModified\":\"2019-01-08T17:10:20+00:00\",\"description\":\"Video mapping created by Loom Prod, as part of the Video Mapping Festival #1 and the Festival des For\u00eats. A mapping goes along with the Karol Beffa concert.\",\"breadcrumb\":{\"@id\":\"https:\/\/videomappingcenter.com\/concert-video-mapping-verberie-france-video-mapping-festival-2018\/#breadcrumb\"},\"inLanguage\":\"en-US\",\"potentialAction\":[{\"@type\":\"ReadAction\",\"target\":[\"https:\/\/videomappingcenter.com\/concert-video-mapping-verberie-france-video-mapping-festival-2018\/\"]}]},{\"@type\":\"ImageObject\",\"inLanguage\":\"en-US\",\"@id\":\"https:\/\/videomappingcenter.com\/concert-video-mapping-verberie-france-video-mapping-festival-2018\/#primaryimage\",\"url\":\"https:\/\/videomappingcenter.com\/wp-content\/uploads\/2018\/10\/concert-et-video-mapping-verberi.jpg\",\"contentUrl\":\"https:\/\/videomappingcenter.com\/wp-content\/uploads\/2018\/10\/concert-et-video-mapping-verberi.jpg\",\"width\":640,\"height\":360},{\"@type\":\"BreadcrumbList\",\"@id\":\"https:\/\/videomappingcenter.com\/concert-video-mapping-verberie-france-video-mapping-festival-2018\/#breadcrumb\",\"itemListElement\":[{\"@type\":\"ListItem\",\"position\":1,\"name\":\"Accueil\",\"item\":\"https:\/\/videomappingcenter.com\/\"},{\"@type\":\"ListItem\",\"position\":2,\"name\":\"CONCERT AND VIDEO MAPPING &#8211; Aramont Castle, Verberie, France &#8211; Video Mapping Festival 2018\"}]},{\"@type\":\"WebSite\",\"@id\":\"https:\/\/videomappingcenter.com\/?lang=en\/#website\",\"url\":\"https:\/\/videomappingcenter.com\/?lang=en\/\",\"name\":\"Video Mapping European Center\",\"description\":\"Video Mapping European Center\",\"publisher\":{\"@id\":\"https:\/\/videomappingcenter.com\/?lang=en\/#organization\"},\"potentialAction\":[{\"@type\":\"SearchAction\",\"target\":{\"@type\":\"EntryPoint\",\"urlTemplate\":\"https:\/\/videomappingcenter.com\/?lang=en\/?s={search_term_string}\"},\"query-input\":{\"@type\":\"PropertyValueSpecification\",\"valueRequired\":true,\"valueName\":\"search_term_string\"}}],\"inLanguage\":\"en-US\"},{\"@type\":\"Organization\",\"@id\":\"https:\/\/videomappingcenter.com\/?lang=en\/#organization\",\"name\":\"Video Mapping European Center\",\"url\":\"https:\/\/videomappingcenter.com\/?lang=en\/\",\"logo\":{\"@type\":\"ImageObject\",\"inLanguage\":\"en-US\",\"@id\":\"https:\/\/videomappingcenter.com\/?lang=en\/#\/schema\/logo\/image\/\",\"url\":\"https:\/\/videomappingcenter.com\/wp-content\/uploads\/2017\/07\/logo-v3.png\",\"contentUrl\":\"https:\/\/videomappingcenter.com\/wp-content\/uploads\/2017\/07\/logo-v3.png\",\"width\":300,\"height\":135,\"caption\":\"Video Mapping European Center\"},\"image\":{\"@id\":\"https:\/\/videomappingcenter.com\/?lang=en\/#\/schema\/logo\/image\/\"}},{\"@type\":\"Person\",\"@id\":\"https:\/\/videomappingcenter.com\/?lang=en\/#\/schema\/person\/506136ad599d9c386ea59407d183cef8\",\"name\":\"Edimestre\",\"image\":{\"@type\":\"ImageObject\",\"inLanguage\":\"en-US\",\"@id\":\"https:\/\/videomappingcenter.com\/?lang=en\/#\/schema\/person\/image\/\",\"url\":\"https:\/\/videomappingcenter.com\/wp-content\/uploads\/2017\/07\/avatar.jpg\",\"contentUrl\":\"https:\/\/videomappingcenter.com\/wp-content\/uploads\/2017\/07\/avatar.jpg\",\"caption\":\"Edimestre\"}}]}<\/script>\n<!-- \/ Yoast SEO plugin. -->","yoast_head_json":{"title":"CONCERT ET VIDEO MAPPING - Verberie, France","description":"Video mapping created by Loom Prod, as part of the Video Mapping Festival #1 and the Festival des For\u00eats. A mapping goes along with the Karol Beffa concert.","robots":{"index":"index","follow":"follow","max-snippet":"max-snippet:-1","max-image-preview":"max-image-preview:large","max-video-preview":"max-video-preview:-1"},"canonical":"https:\/\/videomappingcenter.com\/concert-video-mapping-verberie-france-video-mapping-festival-2018\/","og_locale":"en_US","og_type":"article","og_title":"CONCERT ET VIDEO MAPPING - Verberie, France","og_description":"Video mapping created by Loom Prod, as part of the Video Mapping Festival #1 and the Festival des For\u00eats. A mapping goes along with the Karol Beffa concert.","og_url":"https:\/\/videomappingcenter.com\/concert-video-mapping-verberie-france-video-mapping-festival-2018\/","og_site_name":"Video Mapping European Center","article_published_time":"2018-09-05T14:05:19+00:00","article_modified_time":"2019-01-08T17:10:20+00:00","og_image":[{"width":640,"height":360,"url":"https:\/\/videomappingcenter.com\/wp-content\/uploads\/2018\/10\/concert-et-video-mapping-verberi.jpg","type":"image\/jpeg"}],"author":"Edimestre","twitter_card":"summary_large_image","twitter_misc":{"Written by":"Edimestre","Est. reading time":"1 minute"},"schema":{"@context":"https:\/\/schema.org","@graph":[{"@type":"Article","@id":"https:\/\/videomappingcenter.com\/concert-video-mapping-verberie-france-video-mapping-festival-2018\/#article","isPartOf":{"@id":"https:\/\/videomappingcenter.com\/concert-video-mapping-verberie-france-video-mapping-festival-2018\/"},"author":{"name":"Edimestre","@id":"https:\/\/videomappingcenter.com\/?lang=en\/#\/schema\/person\/506136ad599d9c386ea59407d183cef8"},"headline":"CONCERT AND VIDEO MAPPING &#8211; Aramont Castle, Verberie, France &#8211; Video Mapping Festival 2018","datePublished":"2018-09-05T14:05:19+00:00","dateModified":"2019-01-08T17:10:20+00:00","mainEntityOfPage":{"@id":"https:\/\/videomappingcenter.com\/concert-video-mapping-verberie-france-video-mapping-festival-2018\/"},"wordCount":178,"publisher":{"@id":"https:\/\/videomappingcenter.com\/?lang=en\/#organization"},"image":{"@id":"https:\/\/videomappingcenter.com\/concert-video-mapping-verberie-france-video-mapping-festival-2018\/#primaryimage"},"thumbnailUrl":"https:\/\/videomappingcenter.com\/wp-content\/uploads\/2018\/10\/concert-et-video-mapping-verberi.jpg","keywords":["2018","Arthur VALTER","Ch\u00e2teau d'Aramont","Cl\u00e9ment Goffinet","Cyril Le Levreur","Duc-Thuan NGUYEN","Ephemeral","Festival des For\u00eats","Frederic HAUDEGOND","Frontal","Ga\u00ebl Dewas","Generative","Loom Prod","Ludovic Burczykowski","Monument video mapping","Outdoor","Patrick Grandi","Production","R\u00e9mi SOYEZ","Simon Lebon","Thomas LOPEZ","Verberie","Video Mapping Festival"],"articleSection":["Production","Video Mapping Festival"],"inLanguage":"en-US"},{"@type":"WebPage","@id":"https:\/\/videomappingcenter.com\/concert-video-mapping-verberie-france-video-mapping-festival-2018\/","url":"https:\/\/videomappingcenter.com\/concert-video-mapping-verberie-france-video-mapping-festival-2018\/","name":"CONCERT ET VIDEO MAPPING - Verberie, France","isPartOf":{"@id":"https:\/\/videomappingcenter.com\/?lang=en\/#website"},"primaryImageOfPage":{"@id":"https:\/\/videomappingcenter.com\/concert-video-mapping-verberie-france-video-mapping-festival-2018\/#primaryimage"},"image":{"@id":"https:\/\/videomappingcenter.com\/concert-video-mapping-verberie-france-video-mapping-festival-2018\/#primaryimage"},"thumbnailUrl":"https:\/\/videomappingcenter.com\/wp-content\/uploads\/2018\/10\/concert-et-video-mapping-verberi.jpg","datePublished":"2018-09-05T14:05:19+00:00","dateModified":"2019-01-08T17:10:20+00:00","description":"Video mapping created by Loom Prod, as part of the Video Mapping Festival #1 and the Festival des For\u00eats. A mapping goes along with the Karol Beffa concert.","breadcrumb":{"@id":"https:\/\/videomappingcenter.com\/concert-video-mapping-verberie-france-video-mapping-festival-2018\/#breadcrumb"},"inLanguage":"en-US","potentialAction":[{"@type":"ReadAction","target":["https:\/\/videomappingcenter.com\/concert-video-mapping-verberie-france-video-mapping-festival-2018\/"]}]},{"@type":"ImageObject","inLanguage":"en-US","@id":"https:\/\/videomappingcenter.com\/concert-video-mapping-verberie-france-video-mapping-festival-2018\/#primaryimage","url":"https:\/\/videomappingcenter.com\/wp-content\/uploads\/2018\/10\/concert-et-video-mapping-verberi.jpg","contentUrl":"https:\/\/videomappingcenter.com\/wp-content\/uploads\/2018\/10\/concert-et-video-mapping-verberi.jpg","width":640,"height":360},{"@type":"BreadcrumbList","@id":"https:\/\/videomappingcenter.com\/concert-video-mapping-verberie-france-video-mapping-festival-2018\/#breadcrumb","itemListElement":[{"@type":"ListItem","position":1,"name":"Accueil","item":"https:\/\/videomappingcenter.com\/"},{"@type":"ListItem","position":2,"name":"CONCERT AND VIDEO MAPPING &#8211; Aramont Castle, Verberie, France &#8211; Video Mapping Festival 2018"}]},{"@type":"WebSite","@id":"https:\/\/videomappingcenter.com\/?lang=en\/#website","url":"https:\/\/videomappingcenter.com\/?lang=en\/","name":"Video Mapping European Center","description":"Video Mapping European Center","publisher":{"@id":"https:\/\/videomappingcenter.com\/?lang=en\/#organization"},"potentialAction":[{"@type":"SearchAction","target":{"@type":"EntryPoint","urlTemplate":"https:\/\/videomappingcenter.com\/?lang=en\/?s={search_term_string}"},"query-input":{"@type":"PropertyValueSpecification","valueRequired":true,"valueName":"search_term_string"}}],"inLanguage":"en-US"},{"@type":"Organization","@id":"https:\/\/videomappingcenter.com\/?lang=en\/#organization","name":"Video Mapping European Center","url":"https:\/\/videomappingcenter.com\/?lang=en\/","logo":{"@type":"ImageObject","inLanguage":"en-US","@id":"https:\/\/videomappingcenter.com\/?lang=en\/#\/schema\/logo\/image\/","url":"https:\/\/videomappingcenter.com\/wp-content\/uploads\/2017\/07\/logo-v3.png","contentUrl":"https:\/\/videomappingcenter.com\/wp-content\/uploads\/2017\/07\/logo-v3.png","width":300,"height":135,"caption":"Video Mapping European Center"},"image":{"@id":"https:\/\/videomappingcenter.com\/?lang=en\/#\/schema\/logo\/image\/"}},{"@type":"Person","@id":"https:\/\/videomappingcenter.com\/?lang=en\/#\/schema\/person\/506136ad599d9c386ea59407d183cef8","name":"Edimestre","image":{"@type":"ImageObject","inLanguage":"en-US","@id":"https:\/\/videomappingcenter.com\/?lang=en\/#\/schema\/person\/image\/","url":"https:\/\/videomappingcenter.com\/wp-content\/uploads\/2017\/07\/avatar.jpg","contentUrl":"https:\/\/videomappingcenter.com\/wp-content\/uploads\/2017\/07\/avatar.jpg","caption":"Edimestre"}}]}},"_links":{"self":[{"href":"https:\/\/videomappingcenter.com\/en\/wp-json\/wp\/v2\/posts\/3628","targetHints":{"allow":["GET"]}}],"collection":[{"href":"https:\/\/videomappingcenter.com\/en\/wp-json\/wp\/v2\/posts"}],"about":[{"href":"https:\/\/videomappingcenter.com\/en\/wp-json\/wp\/v2\/types\/post"}],"author":[{"embeddable":true,"href":"https:\/\/videomappingcenter.com\/en\/wp-json\/wp\/v2\/users\/3"}],"replies":[{"embeddable":true,"href":"https:\/\/videomappingcenter.com\/en\/wp-json\/wp\/v2\/comments?post=3628"}],"version-history":[{"count":0,"href":"https:\/\/videomappingcenter.com\/en\/wp-json\/wp\/v2\/posts\/3628\/revisions"}],"wp:featuredmedia":[{"embeddable":true,"href":"https:\/\/videomappingcenter.com\/en\/wp-json\/wp\/v2\/media\/3626"}],"wp:attachment":[{"href":"https:\/\/videomappingcenter.com\/en\/wp-json\/wp\/v2\/media?parent=3628"}],"wp:term":[{"taxonomy":"category","embeddable":true,"href":"https:\/\/videomappingcenter.com\/en\/wp-json\/wp\/v2\/categories?post=3628"},{"taxonomy":"post_tag","embeddable":true,"href":"https:\/\/videomappingcenter.com\/en\/wp-json\/wp\/v2\/tags?post=3628"},{"taxonomy":"item-prod","embeddable":true,"href":"https:\/\/videomappingcenter.com\/en\/wp-json\/wp\/v2\/item-prod?post=3628"},{"taxonomy":"item-mapping","embeddable":true,"href":"https:\/\/videomappingcenter.com\/en\/wp-json\/wp\/v2\/item-mapping?post=3628"},{"taxonomy":"item-lieu","embeddable":true,"href":"https:\/\/videomappingcenter.com\/en\/wp-json\/wp\/v2\/item-lieu?post=3628"},{"taxonomy":"item-dates","embeddable":true,"href":"https:\/\/videomappingcenter.com\/en\/wp-json\/wp\/v2\/item-dates?post=3628"}],"curies":[{"name":"wp","href":"https:\/\/api.w.org\/{rel}","templated":true}]}}