{"id":3747,"date":"2018-10-26T12:04:28","date_gmt":"2018-10-26T10:04:28","guid":{"rendered":"https:\/\/videomappingcenter.com\/2018\/10\/26\/mapping-carrieres-boulonnais-ferques-france\/"},"modified":"2019-07-10T15:16:23","modified_gmt":"2019-07-10T13:16:23","slug":"mapping-carrieres-boulonnais-ferques-france","status":"publish","type":"post","link":"https:\/\/videomappingcenter.com\/en\/mapping-carrieres-boulonnais-ferques-france\/","title":{"rendered":"VIDEO MAPPING IN THE CARRI\u00c8RES DU BOULONNAIS &#8211; Ferques, France"},"content":{"rendered":"<p><iframe loading=\"lazy\" src=\"https:\/\/player.vimeo.com\/video\/294158488?app_id=122963\" width=\"1104\" height=\"621\" frameborder=\"0\" title=\"Mapping : LES CARRI&Egrave;RES DU BOULONNAIS, FERQUES - septembre 2018\" allow=\"autoplay; fullscreen\" allowfullscreen><\/iframe><\/p>\n<p>Video mapping created by Loom Prod for the 120-year anniversary of the CB Group.<\/p>\n<p><strong>Media Referent: <\/strong>Cyril LE LEVREUR<br \/>\n<strong>Visual design:<\/strong> Claudia CORT\u00c9S ESPEJO, Cl\u00e9ment GOFFINET, Patrick GRANDI, Fr\u00e9d\u00e9ric HAUDEGOND, Hamza MRABET, Cyril LE LEVREUR, Simon LEBON, Thomas LOPEZ, Arthur VALTER, Aur\u00e9lien WOJTKO \u2013\u00a0<a href=\"http:\/\/www.loom-prod.com\/\" target=\"_blank\" rel=\"noreferrer noopener\">www.loom-prod.com<\/a><br \/>\n<strong>Music: <\/strong> G\u00e9raldine KWIK<br \/>\n<strong>Artistic coordination:<\/strong> Ludovic BURCZYKOWSKI<\/p>\n<p><strong>More info: <a href=\"http:\/\/loom-prod.com\" target=\"_blank\" rel=\"noopener noreferrer\">loom-prod.com<\/a><\/strong><\/p>\n<div class=\"simple-taxonomy\">\n\t<div class=\"taxonomy-item-prod\"><a href=\"https:\/\/videomappingcenter.com\/en\/item-prod\/production\/\" rel=\"tag\">Production<\/a><\/div>\n\t<div class=\"taxonomy-item-mapping\"><a href=\"https:\/\/videomappingcenter.com\/en\/item-mapping\/mapping-monumental-en\/\" rel=\"tag\">Monument video mapping<\/a><\/div>\n\t<div class=\"taxonomy-item-lieu\"><a href=\"https:\/\/videomappingcenter.com\/en\/item-lieu\/hauts-de-france-en\/\" rel=\"tag\">Hauts-de-France<\/a><\/div>\n\t<div class=\"taxonomy-item-dates\"><a href=\"https:\/\/videomappingcenter.com\/en\/item-dates\/2018-en\/\" rel=\"tag\">2018<\/a><\/div>\n\n<\/div>\n","protected":false},"excerpt":{"rendered":"<p>Video mapping created by Loom Prod for the 120-year anniversary of the CB Group. Media Referent: Cyril LE LEVREUR Visual design: Claudia CORT\u00c9S ESPEJO, Cl\u00e9ment GOFFINET, Patrick GRANDI, Fr\u00e9d\u00e9ric HAUDEGOND, Hamza MRABET, Cyril LE LEVREUR, Simon LEBON, Thomas LOPEZ, Arthur VALTER, Aur\u00e9lien WOJTKO \u2013\u00a0www.loom-prod.com Music: G\u00e9raldine KWIK Artistic coordination: Ludovic BURCZYKOWSKI More info: loom-prod.com Production [&hellip;]<\/p>\n<div class=\"simple-taxonomy\">\n\t<div class=\"taxonomy-item-prod\"><a href=\"https:\/\/videomappingcenter.com\/en\/item-prod\/production\/\" rel=\"tag\">Production<\/a><\/div>\n\t<div class=\"taxonomy-item-mapping\"><a href=\"https:\/\/videomappingcenter.com\/en\/item-mapping\/mapping-monumental-en\/\" rel=\"tag\">Monument video mapping<\/a><\/div>\n\t<div class=\"taxonomy-item-lieu\"><a href=\"https:\/\/videomappingcenter.com\/en\/item-lieu\/hauts-de-france-en\/\" rel=\"tag\">Hauts-de-France<\/a><\/div>\n\t<div class=\"taxonomy-item-dates\"><a href=\"https:\/\/videomappingcenter.com\/en\/item-dates\/2018-en\/\" rel=\"tag\">2018<\/a><\/div>\n\n<\/div>\n","protected":false},"author":3,"featured_media":3746,"comment_status":"closed","ping_status":"closed","sticky":false,"template":"","format":"standard","meta":{"footnotes":""},"categories":[146],"tags":[716,855,684,918,728,667,398,124,917,815,717,503,119,120,784,190,110,116,637,52,217,813],"item-prod":[155],"item-mapping":[277],"item-lieu":[281],"item-dates":[721],"class_list":["post-3747","post","type-post","status-publish","format-standard","has-post-thumbnail","hentry","category-production-en","tag-716","tag-arthur-valter","tag-aurelien-wojtko","tag-carrieres-du-boulonnais","tag-claudia-cortes-espejo","tag-clement-goffinet","tag-cyril-le-levreur","tag-transcient","tag-ferques","tag-frederic-haudegond","tag-geraldine-kwik","tag-hamza-mrabet","tag-immersive","tag-linear","tag-loom-prod","tag-ludovic-burczykowski","tag-monument-video-mapping","tag-outdoor","tag-patrick-grandi","tag-production","tag-simon-lebon","tag-thomas-lopez","item-prod-production","item-mapping-mapping-monumental-en","item-lieu-hauts-de-france-en","item-dates-2018-en"],"yoast_head":"<!-- This site is optimized with the Yoast SEO plugin v25.8 - https:\/\/yoast.com\/wordpress\/plugins\/seo\/ -->\n<title>MAPPING DANS LES CARRI\u00c8RES DU BOULONNAIS - Ferques, France<\/title>\n<meta name=\"description\" content=\"Video mapping in the Carri\u00e8res du Boulonnais in Ferques, created by Loom Prod for the 120-year anniversary of the CB Group.\" \/>\n<meta name=\"robots\" content=\"index, follow, max-snippet:-1, max-image-preview:large, max-video-preview:-1\" \/>\n<link rel=\"canonical\" href=\"https:\/\/videomappingcenter.com\/mapping-carrieres-boulonnais-ferques-france\/\" \/>\n<meta property=\"og:locale\" content=\"en_US\" \/>\n<meta property=\"og:type\" content=\"article\" \/>\n<meta property=\"og:title\" content=\"MAPPING DANS LES CARRI\u00c8RES DU BOULONNAIS - Ferques, France\" \/>\n<meta property=\"og:description\" content=\"Video mapping in the Carri\u00e8res du Boulonnais in Ferques, created by Loom Prod for the 120-year anniversary of the CB Group.\" \/>\n<meta property=\"og:url\" content=\"https:\/\/videomappingcenter.com\/mapping-carrieres-boulonnais-ferques-france\/\" \/>\n<meta property=\"og:site_name\" content=\"Video Mapping European Center\" \/>\n<meta property=\"article:published_time\" content=\"2018-10-26T10:04:28+00:00\" \/>\n<meta property=\"article:modified_time\" content=\"2019-07-10T13:16:23+00:00\" \/>\n<meta property=\"og:image\" content=\"https:\/\/videomappingcenter.com\/wp-content\/uploads\/2018\/10\/mapping-dans-les-carrieres-du-bo.jpg\" \/>\n\t<meta property=\"og:image:width\" content=\"640\" \/>\n\t<meta property=\"og:image:height\" content=\"360\" \/>\n\t<meta property=\"og:image:type\" content=\"image\/jpeg\" \/>\n<meta name=\"author\" content=\"Edimestre\" \/>\n<meta name=\"twitter:card\" content=\"summary_large_image\" \/>\n<meta name=\"twitter:label1\" content=\"Written by\" \/>\n\t<meta name=\"twitter:data1\" content=\"Edimestre\" \/>\n<script type=\"application\/ld+json\" class=\"yoast-schema-graph\">{\"@context\":\"https:\/\/schema.org\",\"@graph\":[{\"@type\":\"Article\",\"@id\":\"https:\/\/videomappingcenter.com\/mapping-carrieres-boulonnais-ferques-france\/#article\",\"isPartOf\":{\"@id\":\"https:\/\/videomappingcenter.com\/mapping-carrieres-boulonnais-ferques-france\/\"},\"author\":{\"name\":\"Edimestre\",\"@id\":\"https:\/\/videomappingcenter.com\/?lang=en\/#\/schema\/person\/506136ad599d9c386ea59407d183cef8\"},\"headline\":\"VIDEO MAPPING IN THE CARRI\u00c8RES DU BOULONNAIS &#8211; Ferques, France\",\"datePublished\":\"2018-10-26T10:04:28+00:00\",\"dateModified\":\"2019-07-10T13:16:23+00:00\",\"mainEntityOfPage\":{\"@id\":\"https:\/\/videomappingcenter.com\/mapping-carrieres-boulonnais-ferques-france\/\"},\"wordCount\":77,\"publisher\":{\"@id\":\"https:\/\/videomappingcenter.com\/?lang=en\/#organization\"},\"image\":{\"@id\":\"https:\/\/videomappingcenter.com\/mapping-carrieres-boulonnais-ferques-france\/#primaryimage\"},\"thumbnailUrl\":\"https:\/\/videomappingcenter.com\/wp-content\/uploads\/2018\/10\/mapping-dans-les-carrieres-du-bo.jpg\",\"keywords\":[\"2018\",\"Arthur VALTER\",\"Aurelien Wojtko\",\"Carri\u00e8res du Boulonnais\",\"Claudia Cort\u00e9s Espejo\",\"Cl\u00e9ment Goffinet\",\"Cyril Le Levreur\",\"Ephemeral\",\"Ferques\",\"Frederic HAUDEGOND\",\"G\u00e9raldine Kwik\",\"Hamza Mrabet\",\"Immersive\",\"linear\",\"Loom Prod\",\"Ludovic Burczykowski\",\"Monument video mapping\",\"Outdoor\",\"Patrick Grandi\",\"Production\",\"Simon Lebon\",\"Thomas LOPEZ\"],\"articleSection\":[\"Production\"],\"inLanguage\":\"en-US\"},{\"@type\":\"WebPage\",\"@id\":\"https:\/\/videomappingcenter.com\/mapping-carrieres-boulonnais-ferques-france\/\",\"url\":\"https:\/\/videomappingcenter.com\/mapping-carrieres-boulonnais-ferques-france\/\",\"name\":\"MAPPING DANS LES CARRI\u00c8RES DU BOULONNAIS - Ferques, France\",\"isPartOf\":{\"@id\":\"https:\/\/videomappingcenter.com\/?lang=en\/#website\"},\"primaryImageOfPage\":{\"@id\":\"https:\/\/videomappingcenter.com\/mapping-carrieres-boulonnais-ferques-france\/#primaryimage\"},\"image\":{\"@id\":\"https:\/\/videomappingcenter.com\/mapping-carrieres-boulonnais-ferques-france\/#primaryimage\"},\"thumbnailUrl\":\"https:\/\/videomappingcenter.com\/wp-content\/uploads\/2018\/10\/mapping-dans-les-carrieres-du-bo.jpg\",\"datePublished\":\"2018-10-26T10:04:28+00:00\",\"dateModified\":\"2019-07-10T13:16:23+00:00\",\"description\":\"Video mapping in the Carri\u00e8res du Boulonnais in Ferques, created by Loom Prod for the 120-year anniversary of the CB Group.\",\"breadcrumb\":{\"@id\":\"https:\/\/videomappingcenter.com\/mapping-carrieres-boulonnais-ferques-france\/#breadcrumb\"},\"inLanguage\":\"en-US\",\"potentialAction\":[{\"@type\":\"ReadAction\",\"target\":[\"https:\/\/videomappingcenter.com\/mapping-carrieres-boulonnais-ferques-france\/\"]}]},{\"@type\":\"ImageObject\",\"inLanguage\":\"en-US\",\"@id\":\"https:\/\/videomappingcenter.com\/mapping-carrieres-boulonnais-ferques-france\/#primaryimage\",\"url\":\"https:\/\/videomappingcenter.com\/wp-content\/uploads\/2018\/10\/mapping-dans-les-carrieres-du-bo.jpg\",\"contentUrl\":\"https:\/\/videomappingcenter.com\/wp-content\/uploads\/2018\/10\/mapping-dans-les-carrieres-du-bo.jpg\",\"width\":640,\"height\":360},{\"@type\":\"BreadcrumbList\",\"@id\":\"https:\/\/videomappingcenter.com\/mapping-carrieres-boulonnais-ferques-france\/#breadcrumb\",\"itemListElement\":[{\"@type\":\"ListItem\",\"position\":1,\"name\":\"Accueil\",\"item\":\"https:\/\/videomappingcenter.com\/\"},{\"@type\":\"ListItem\",\"position\":2,\"name\":\"VIDEO MAPPING IN THE CARRI\u00c8RES DU BOULONNAIS &#8211; Ferques, France\"}]},{\"@type\":\"WebSite\",\"@id\":\"https:\/\/videomappingcenter.com\/?lang=en\/#website\",\"url\":\"https:\/\/videomappingcenter.com\/?lang=en\/\",\"name\":\"Video Mapping European Center\",\"description\":\"Video Mapping European Center\",\"publisher\":{\"@id\":\"https:\/\/videomappingcenter.com\/?lang=en\/#organization\"},\"potentialAction\":[{\"@type\":\"SearchAction\",\"target\":{\"@type\":\"EntryPoint\",\"urlTemplate\":\"https:\/\/videomappingcenter.com\/?lang=en\/?s={search_term_string}\"},\"query-input\":{\"@type\":\"PropertyValueSpecification\",\"valueRequired\":true,\"valueName\":\"search_term_string\"}}],\"inLanguage\":\"en-US\"},{\"@type\":\"Organization\",\"@id\":\"https:\/\/videomappingcenter.com\/?lang=en\/#organization\",\"name\":\"Video Mapping European Center\",\"url\":\"https:\/\/videomappingcenter.com\/?lang=en\/\",\"logo\":{\"@type\":\"ImageObject\",\"inLanguage\":\"en-US\",\"@id\":\"https:\/\/videomappingcenter.com\/?lang=en\/#\/schema\/logo\/image\/\",\"url\":\"https:\/\/videomappingcenter.com\/wp-content\/uploads\/2017\/07\/logo-v3.png\",\"contentUrl\":\"https:\/\/videomappingcenter.com\/wp-content\/uploads\/2017\/07\/logo-v3.png\",\"width\":300,\"height\":135,\"caption\":\"Video Mapping European Center\"},\"image\":{\"@id\":\"https:\/\/videomappingcenter.com\/?lang=en\/#\/schema\/logo\/image\/\"}},{\"@type\":\"Person\",\"@id\":\"https:\/\/videomappingcenter.com\/?lang=en\/#\/schema\/person\/506136ad599d9c386ea59407d183cef8\",\"name\":\"Edimestre\",\"image\":{\"@type\":\"ImageObject\",\"inLanguage\":\"en-US\",\"@id\":\"https:\/\/videomappingcenter.com\/?lang=en\/#\/schema\/person\/image\/\",\"url\":\"https:\/\/videomappingcenter.com\/wp-content\/uploads\/2017\/07\/avatar.jpg\",\"contentUrl\":\"https:\/\/videomappingcenter.com\/wp-content\/uploads\/2017\/07\/avatar.jpg\",\"caption\":\"Edimestre\"}}]}<\/script>\n<!-- \/ Yoast SEO plugin. -->","yoast_head_json":{"title":"MAPPING DANS LES CARRI\u00c8RES DU BOULONNAIS - Ferques, France","description":"Video mapping in the Carri\u00e8res du Boulonnais in Ferques, created by Loom Prod for the 120-year anniversary of the CB Group.","robots":{"index":"index","follow":"follow","max-snippet":"max-snippet:-1","max-image-preview":"max-image-preview:large","max-video-preview":"max-video-preview:-1"},"canonical":"https:\/\/videomappingcenter.com\/mapping-carrieres-boulonnais-ferques-france\/","og_locale":"en_US","og_type":"article","og_title":"MAPPING DANS LES CARRI\u00c8RES DU BOULONNAIS - Ferques, France","og_description":"Video mapping in the Carri\u00e8res du Boulonnais in Ferques, created by Loom Prod for the 120-year anniversary of the CB Group.","og_url":"https:\/\/videomappingcenter.com\/mapping-carrieres-boulonnais-ferques-france\/","og_site_name":"Video Mapping European Center","article_published_time":"2018-10-26T10:04:28+00:00","article_modified_time":"2019-07-10T13:16:23+00:00","og_image":[{"width":640,"height":360,"url":"https:\/\/videomappingcenter.com\/wp-content\/uploads\/2018\/10\/mapping-dans-les-carrieres-du-bo.jpg","type":"image\/jpeg"}],"author":"Edimestre","twitter_card":"summary_large_image","twitter_misc":{"Written by":"Edimestre"},"schema":{"@context":"https:\/\/schema.org","@graph":[{"@type":"Article","@id":"https:\/\/videomappingcenter.com\/mapping-carrieres-boulonnais-ferques-france\/#article","isPartOf":{"@id":"https:\/\/videomappingcenter.com\/mapping-carrieres-boulonnais-ferques-france\/"},"author":{"name":"Edimestre","@id":"https:\/\/videomappingcenter.com\/?lang=en\/#\/schema\/person\/506136ad599d9c386ea59407d183cef8"},"headline":"VIDEO MAPPING IN THE CARRI\u00c8RES DU BOULONNAIS &#8211; Ferques, France","datePublished":"2018-10-26T10:04:28+00:00","dateModified":"2019-07-10T13:16:23+00:00","mainEntityOfPage":{"@id":"https:\/\/videomappingcenter.com\/mapping-carrieres-boulonnais-ferques-france\/"},"wordCount":77,"publisher":{"@id":"https:\/\/videomappingcenter.com\/?lang=en\/#organization"},"image":{"@id":"https:\/\/videomappingcenter.com\/mapping-carrieres-boulonnais-ferques-france\/#primaryimage"},"thumbnailUrl":"https:\/\/videomappingcenter.com\/wp-content\/uploads\/2018\/10\/mapping-dans-les-carrieres-du-bo.jpg","keywords":["2018","Arthur VALTER","Aurelien Wojtko","Carri\u00e8res du Boulonnais","Claudia Cort\u00e9s Espejo","Cl\u00e9ment Goffinet","Cyril Le Levreur","Ephemeral","Ferques","Frederic HAUDEGOND","G\u00e9raldine Kwik","Hamza Mrabet","Immersive","linear","Loom Prod","Ludovic Burczykowski","Monument video mapping","Outdoor","Patrick Grandi","Production","Simon Lebon","Thomas LOPEZ"],"articleSection":["Production"],"inLanguage":"en-US"},{"@type":"WebPage","@id":"https:\/\/videomappingcenter.com\/mapping-carrieres-boulonnais-ferques-france\/","url":"https:\/\/videomappingcenter.com\/mapping-carrieres-boulonnais-ferques-france\/","name":"MAPPING DANS LES CARRI\u00c8RES DU BOULONNAIS - Ferques, France","isPartOf":{"@id":"https:\/\/videomappingcenter.com\/?lang=en\/#website"},"primaryImageOfPage":{"@id":"https:\/\/videomappingcenter.com\/mapping-carrieres-boulonnais-ferques-france\/#primaryimage"},"image":{"@id":"https:\/\/videomappingcenter.com\/mapping-carrieres-boulonnais-ferques-france\/#primaryimage"},"thumbnailUrl":"https:\/\/videomappingcenter.com\/wp-content\/uploads\/2018\/10\/mapping-dans-les-carrieres-du-bo.jpg","datePublished":"2018-10-26T10:04:28+00:00","dateModified":"2019-07-10T13:16:23+00:00","description":"Video mapping in the Carri\u00e8res du Boulonnais in Ferques, created by Loom Prod for the 120-year anniversary of the CB Group.","breadcrumb":{"@id":"https:\/\/videomappingcenter.com\/mapping-carrieres-boulonnais-ferques-france\/#breadcrumb"},"inLanguage":"en-US","potentialAction":[{"@type":"ReadAction","target":["https:\/\/videomappingcenter.com\/mapping-carrieres-boulonnais-ferques-france\/"]}]},{"@type":"ImageObject","inLanguage":"en-US","@id":"https:\/\/videomappingcenter.com\/mapping-carrieres-boulonnais-ferques-france\/#primaryimage","url":"https:\/\/videomappingcenter.com\/wp-content\/uploads\/2018\/10\/mapping-dans-les-carrieres-du-bo.jpg","contentUrl":"https:\/\/videomappingcenter.com\/wp-content\/uploads\/2018\/10\/mapping-dans-les-carrieres-du-bo.jpg","width":640,"height":360},{"@type":"BreadcrumbList","@id":"https:\/\/videomappingcenter.com\/mapping-carrieres-boulonnais-ferques-france\/#breadcrumb","itemListElement":[{"@type":"ListItem","position":1,"name":"Accueil","item":"https:\/\/videomappingcenter.com\/"},{"@type":"ListItem","position":2,"name":"VIDEO MAPPING IN THE CARRI\u00c8RES DU BOULONNAIS &#8211; Ferques, France"}]},{"@type":"WebSite","@id":"https:\/\/videomappingcenter.com\/?lang=en\/#website","url":"https:\/\/videomappingcenter.com\/?lang=en\/","name":"Video Mapping European Center","description":"Video Mapping European Center","publisher":{"@id":"https:\/\/videomappingcenter.com\/?lang=en\/#organization"},"potentialAction":[{"@type":"SearchAction","target":{"@type":"EntryPoint","urlTemplate":"https:\/\/videomappingcenter.com\/?lang=en\/?s={search_term_string}"},"query-input":{"@type":"PropertyValueSpecification","valueRequired":true,"valueName":"search_term_string"}}],"inLanguage":"en-US"},{"@type":"Organization","@id":"https:\/\/videomappingcenter.com\/?lang=en\/#organization","name":"Video Mapping European Center","url":"https:\/\/videomappingcenter.com\/?lang=en\/","logo":{"@type":"ImageObject","inLanguage":"en-US","@id":"https:\/\/videomappingcenter.com\/?lang=en\/#\/schema\/logo\/image\/","url":"https:\/\/videomappingcenter.com\/wp-content\/uploads\/2017\/07\/logo-v3.png","contentUrl":"https:\/\/videomappingcenter.com\/wp-content\/uploads\/2017\/07\/logo-v3.png","width":300,"height":135,"caption":"Video Mapping European Center"},"image":{"@id":"https:\/\/videomappingcenter.com\/?lang=en\/#\/schema\/logo\/image\/"}},{"@type":"Person","@id":"https:\/\/videomappingcenter.com\/?lang=en\/#\/schema\/person\/506136ad599d9c386ea59407d183cef8","name":"Edimestre","image":{"@type":"ImageObject","inLanguage":"en-US","@id":"https:\/\/videomappingcenter.com\/?lang=en\/#\/schema\/person\/image\/","url":"https:\/\/videomappingcenter.com\/wp-content\/uploads\/2017\/07\/avatar.jpg","contentUrl":"https:\/\/videomappingcenter.com\/wp-content\/uploads\/2017\/07\/avatar.jpg","caption":"Edimestre"}}]}},"_links":{"self":[{"href":"https:\/\/videomappingcenter.com\/en\/wp-json\/wp\/v2\/posts\/3747","targetHints":{"allow":["GET"]}}],"collection":[{"href":"https:\/\/videomappingcenter.com\/en\/wp-json\/wp\/v2\/posts"}],"about":[{"href":"https:\/\/videomappingcenter.com\/en\/wp-json\/wp\/v2\/types\/post"}],"author":[{"embeddable":true,"href":"https:\/\/videomappingcenter.com\/en\/wp-json\/wp\/v2\/users\/3"}],"replies":[{"embeddable":true,"href":"https:\/\/videomappingcenter.com\/en\/wp-json\/wp\/v2\/comments?post=3747"}],"version-history":[{"count":0,"href":"https:\/\/videomappingcenter.com\/en\/wp-json\/wp\/v2\/posts\/3747\/revisions"}],"wp:featuredmedia":[{"embeddable":true,"href":"https:\/\/videomappingcenter.com\/en\/wp-json\/wp\/v2\/media\/3746"}],"wp:attachment":[{"href":"https:\/\/videomappingcenter.com\/en\/wp-json\/wp\/v2\/media?parent=3747"}],"wp:term":[{"taxonomy":"category","embeddable":true,"href":"https:\/\/videomappingcenter.com\/en\/wp-json\/wp\/v2\/categories?post=3747"},{"taxonomy":"post_tag","embeddable":true,"href":"https:\/\/videomappingcenter.com\/en\/wp-json\/wp\/v2\/tags?post=3747"},{"taxonomy":"item-prod","embeddable":true,"href":"https:\/\/videomappingcenter.com\/en\/wp-json\/wp\/v2\/item-prod?post=3747"},{"taxonomy":"item-mapping","embeddable":true,"href":"https:\/\/videomappingcenter.com\/en\/wp-json\/wp\/v2\/item-mapping?post=3747"},{"taxonomy":"item-lieu","embeddable":true,"href":"https:\/\/videomappingcenter.com\/en\/wp-json\/wp\/v2\/item-lieu?post=3747"},{"taxonomy":"item-dates","embeddable":true,"href":"https:\/\/videomappingcenter.com\/en\/wp-json\/wp\/v2\/item-dates?post=3747"}],"curies":[{"name":"wp","href":"https:\/\/api.w.org\/{rel}","templated":true}]}}