{"id":4899,"date":"2019-05-03T09:33:03","date_gmt":"2019-05-03T07:33:03","guid":{"rendered":"https:\/\/videomappingcenter.com\/2019\/05\/03\/mapping-sur-lopera-de-lille-video-mapping-festival-2019\/"},"modified":"2019-06-25T13:01:07","modified_gmt":"2019-06-25T11:01:07","slug":"mapping-sur-lopera-de-lille-video-mapping-festival-2019","status":"publish","type":"post","link":"https:\/\/videomappingcenter.com\/en\/mapping-sur-lopera-de-lille-video-mapping-festival-2019\/","title":{"rendered":"MAPPING ON THE LILLE OPERA HOUSE &#8211; Video Mapping Festival 2019"},"content":{"rendered":"<p><iframe loading=\"lazy\" src=\"https:\/\/player.vimeo.com\/video\/333361125\" width=\"640\" height=\"360\" frameborder=\"0\" allowfullscreen=\"allowfullscreen\"><\/iframe><\/p>\n\n\n<p style=\"text-align:justify\">Video mapping created by 50 international students and professionals during a 4-day creative challenge in Arenberg Creative Mine in March 2019.<\/p>\n\n\n\n<p><strong>Supervising staff:<em> <\/em><\/strong>Samy BARRAS, Tam\u00e1s Z\u00e1DOR<br><strong>Sound design: <\/strong>Aleksi AUBRY-CARLSON, Jonathan FIGOLI<br><strong>Artistic support: <\/strong>Ludovic BURCZYKOWSKI<br><br><strong>Creative teams:<\/strong><br><strong><em> <\/em><\/strong><br><strong>e-artsup (France) <br> <\/strong>Loan Cannard<br> Th\u00e9o De Muer<br> Henri Maillard<br> Louis Meriau<br> Louis Rochet<br> Swann Routier<br><strong><br> ECV Lille (France)<br> <\/strong>R\u00e9mi Decavel<br> Manon Deleris<br> Martin Hauw<br> Guillaume Lesage<br> Mathilde Rabotin<br> Chlo\u00e9 Roussel<br> Valentin Stachowiak<br><strong><br> \u00c9saat (France)<br> <\/strong>Marion Fu<br><strong><br> Leeds Arts University (United Kingdom) <br> <\/strong>Chlo\u00e9 Broadbent<br> Christopher HARRY<br> Cara Jeal<br><strong><br> China Academy of Art (China)<br> <\/strong>Eyshreena Chooramun<br> Lili Zhang<br> Qianqian Zhao<br> Yanli Zhou<br><strong><br> P\u00f4le 3D Digital &amp; Creative School (France)<br> <\/strong>Hugo Caby<br> Timothey Delhaize<br> Wassim El Hammami<br> Lucas Lermytte<br> Alexis Maerten<br> Antoine Raffy Vion<br><strong><br> 3D Druckzentrum Ruhr (Germany)<br> <\/strong>Sebastian Ast<br> Katharina Kloppenborg<br> Gabriela MARTINS De Sousa<br><strong><br> CSC (Italy)<br> <\/strong>Anna Milza<br> Fabio Orlando<br> Luca Passafaro<br><strong><br> La Cambre (Belgium)<br> <\/strong>Alexandre Le Masson<br> Mona Schnerb<br><strong><br> 3axes Institut (France)<br> <\/strong>Alexandre Ahmed<br> Thibault Arloing<br> S\u00e9l\u00e8ne Breckpot<br> Ryan CallemeYn<br> Adam Gilabert<br> Antonin Guibout<br> Gabriel Loquet<br> K\u00e9vin Vanthuyne<br><strong><br> Kunsthochschule f\u00fcr Medien (Germany)<br> <\/strong>L\u00e9o Beaudoin<br> Tania De Leon YOng<br> Phaidonas GialiS<br> Mayuko Kudo<br> L\u00e9on PHAN (France)<br> Guillaume ROMERO (France)<br> Anastasia VICTOROVA (France) <br><br><strong>All info:&nbsp;<a rel=\"noreferrer noopener\" href=\"http:\/\/videomappingfestival.com\/\" target=\"_blank\">videomappingfestival.com<\/a><br><a rel=\"noreferrer noopener\" href=\"http:\/\/www.facebook.com\/videomappingfestival\" target=\"_blank\">Facebook<\/a><\/strong><\/p>\n<div class=\"simple-taxonomy\">\n\t<div class=\"taxonomy-item-prod\"><a href=\"https:\/\/videomappingcenter.com\/en\/item-prod\/evenement\/\" rel=\"tag\">Event<\/a>, <a href=\"https:\/\/videomappingcenter.com\/en\/item-prod\/training\/\" rel=\"tag\">Training<\/a><\/div>\n\t<div class=\"taxonomy-item-mapping\"><a href=\"https:\/\/videomappingcenter.com\/en\/item-mapping\/mapping-monumental-en\/\" rel=\"tag\">Monument video mapping<\/a><\/div>\n\t<div class=\"taxonomy-item-lieu\"><a href=\"https:\/\/videomappingcenter.com\/en\/item-lieu\/hauts-de-france-en\/\" rel=\"tag\">Hauts-de-France<\/a><\/div>\n\t<div class=\"taxonomy-item-dates\"><a href=\"https:\/\/videomappingcenter.com\/en\/item-dates\/2019-en\/\" rel=\"tag\">2019<\/a><\/div>\n\n<\/div>\n","protected":false},"excerpt":{"rendered":"<p>Video mapping created by 50 international students and professionals during a 4-day creative challenge in Arenberg Creative Mine in March 2019. Supervising staff: Samy BARRAS, Tam\u00e1s Z\u00e1DORSound design: Aleksi AUBRY-CARLSON, Jonathan FIGOLIArtistic support: Ludovic BURCZYKOWSKI Creative teams: e-artsup (France) Loan Cannard Th\u00e9o De Muer Henri Maillard Louis Meriau Louis Rochet Swann Routier ECV Lille (France) [&hellip;]<\/p>\n<div class=\"simple-taxonomy\">\n\t<div class=\"taxonomy-item-prod\"><a href=\"https:\/\/videomappingcenter.com\/en\/item-prod\/evenement\/\" rel=\"tag\">Event<\/a>, <a href=\"https:\/\/videomappingcenter.com\/en\/item-prod\/training\/\" rel=\"tag\">Training<\/a><\/div>\n\t<div class=\"taxonomy-item-mapping\"><a href=\"https:\/\/videomappingcenter.com\/en\/item-mapping\/mapping-monumental-en\/\" rel=\"tag\">Monument video mapping<\/a><\/div>\n\t<div class=\"taxonomy-item-lieu\"><a href=\"https:\/\/videomappingcenter.com\/en\/item-lieu\/hauts-de-france-en\/\" rel=\"tag\">Hauts-de-France<\/a><\/div>\n\t<div class=\"taxonomy-item-dates\"><a href=\"https:\/\/videomappingcenter.com\/en\/item-dates\/2019-en\/\" rel=\"tag\">2019<\/a><\/div>\n\n<\/div>\n","protected":false},"author":3,"featured_media":4893,"comment_status":"closed","ping_status":"open","sticky":false,"template":"","format":"standard","meta":{"footnotes":""},"categories":[149,145],"tags":[1141,1133,341,342,124,117,64,82,131,1183,1182,141,87,136,135,120,251,190,110,116,206,261,339,340,55,108,50,103],"item-prod":[157,153],"item-mapping":[277],"item-lieu":[281],"item-dates":[1132],"class_list":["post-4899","post","type-post","status-publish","format-standard","has-post-thumbnail","hentry","category-video-mapping-festival-en","category-workshop-en","tag-2019-en","tag-1133","tag-aleksi-aubry-carlson","tag-aleksi-aubry-carlson-en","tag-transcient","tag-front","tag-frontal","tag-hauts-de-france","tag-hauts-de-france-en","tag-jonathan-figoli-en","tag-jonathan-figoli","tag-lille-en-2","tag-lille","tag-lille-en","tag-lille-opera-house","tag-linear","tag-ludovic-burczykowski-en","tag-ludovic-burczykowski","tag-monument-video-mapping","tag-outdoor","tag-samy-barras","tag-samy-barras-en","tag-tamas-zador","tag-tamas-zador-en","tag-video-mapping-festival","tag-video-mapping-festival-en","tag-workshop","tag-workshop-en","item-prod-evenement","item-prod-training","item-mapping-mapping-monumental-en","item-lieu-hauts-de-france-en","item-dates-2019-en"],"yoast_head":"<!-- This site is optimized with the Yoast SEO plugin v25.8 - https:\/\/yoast.com\/wordpress\/plugins\/seo\/ -->\n<title>MAPPING ON THE LILLE OPERA HOUSE - Video Mapping Festival 2019 | Video Mapping European Center<\/title>\n<meta name=\"robots\" content=\"index, follow, max-snippet:-1, max-image-preview:large, max-video-preview:-1\" \/>\n<link rel=\"canonical\" href=\"https:\/\/videomappingcenter.com\/mapping-sur-lopera-de-lille-video-mapping-festival-2019\/\" \/>\n<meta property=\"og:locale\" content=\"en_US\" \/>\n<meta property=\"og:type\" content=\"article\" \/>\n<meta property=\"og:title\" content=\"MAPPING ON THE LILLE OPERA HOUSE - Video Mapping Festival 2019 | Video Mapping European Center\" \/>\n<meta property=\"og:description\" content=\"Video mapping created by 50 international students and professionals during a 4-day creative challenge in Arenberg Creative Mine in March 2019. Supervising staff: Samy BARRAS, Tam\u00e1s Z\u00e1DORSound design: Aleksi AUBRY-CARLSON, Jonathan FIGOLIArtistic support: Ludovic BURCZYKOWSKI Creative teams: e-artsup (France) Loan Cannard Th\u00e9o De Muer Henri Maillard Louis Meriau Louis Rochet Swann Routier ECV Lille (France) [&hellip;]\" \/>\n<meta property=\"og:url\" content=\"https:\/\/videomappingcenter.com\/mapping-sur-lopera-de-lille-video-mapping-festival-2019\/\" \/>\n<meta property=\"og:site_name\" content=\"Video Mapping European Center\" \/>\n<meta property=\"article:published_time\" content=\"2019-05-03T07:33:03+00:00\" \/>\n<meta property=\"article:modified_time\" content=\"2019-06-25T11:01:07+00:00\" \/>\n<meta property=\"og:image\" content=\"https:\/\/videomappingcenter.com\/wp-content\/uploads\/2019\/06\/Opera_640_360.jpg\" \/>\n\t<meta property=\"og:image:width\" content=\"640\" \/>\n\t<meta property=\"og:image:height\" content=\"360\" \/>\n\t<meta property=\"og:image:type\" content=\"image\/jpeg\" \/>\n<meta name=\"author\" content=\"Edimestre\" \/>\n<meta name=\"twitter:card\" content=\"summary_large_image\" \/>\n<meta name=\"twitter:label1\" content=\"Written by\" \/>\n\t<meta name=\"twitter:data1\" content=\"Edimestre\" \/>\n\t<meta name=\"twitter:label2\" content=\"Est. reading time\" \/>\n\t<meta name=\"twitter:data2\" content=\"1 minute\" \/>\n<script type=\"application\/ld+json\" class=\"yoast-schema-graph\">{\"@context\":\"https:\/\/schema.org\",\"@graph\":[{\"@type\":\"Article\",\"@id\":\"https:\/\/videomappingcenter.com\/mapping-sur-lopera-de-lille-video-mapping-festival-2019\/#article\",\"isPartOf\":{\"@id\":\"https:\/\/videomappingcenter.com\/mapping-sur-lopera-de-lille-video-mapping-festival-2019\/\"},\"author\":{\"name\":\"Edimestre\",\"@id\":\"https:\/\/videomappingcenter.com\/?lang=en\/#\/schema\/person\/506136ad599d9c386ea59407d183cef8\"},\"headline\":\"MAPPING ON THE LILLE OPERA HOUSE &#8211; Video Mapping Festival 2019\",\"datePublished\":\"2019-05-03T07:33:03+00:00\",\"dateModified\":\"2019-06-25T11:01:07+00:00\",\"mainEntityOfPage\":{\"@id\":\"https:\/\/videomappingcenter.com\/mapping-sur-lopera-de-lille-video-mapping-festival-2019\/\"},\"wordCount\":215,\"publisher\":{\"@id\":\"https:\/\/videomappingcenter.com\/?lang=en\/#organization\"},\"image\":{\"@id\":\"https:\/\/videomappingcenter.com\/mapping-sur-lopera-de-lille-video-mapping-festival-2019\/#primaryimage\"},\"thumbnailUrl\":\"https:\/\/videomappingcenter.com\/wp-content\/uploads\/2019\/06\/Opera_640_360.jpg\",\"keywords\":[\"2019\",\"2019\",\"Aleksi Aubry-Carlson\",\"Aleksi Aubry-Carlson\",\"Ephemeral\",\"Frontal\",\"Frontal\",\"Hauts-de-France\",\"Hauts-de-France\",\"Jonathan FIGOLI\",\"Jonathan FIGOLI\",\"Lille\",\"Lille\",\"Lille\",\"Lille Opera House\",\"linear\",\"Ludovic Burczykowski\",\"Ludovic Burczykowski\",\"Monument video mapping\",\"Outdoor\",\"Samy Barras\",\"Samy Barras\",\"Tam\u00e1s Z\u00e1dor\",\"Tam\u00e1s Z\u00e1dor\",\"Video Mapping Festival\",\"Video Mapping Festival\",\"Workshop\",\"Workshop\"],\"articleSection\":[\"Video Mapping Festival\",\"Workshop\"],\"inLanguage\":\"en-US\"},{\"@type\":\"WebPage\",\"@id\":\"https:\/\/videomappingcenter.com\/mapping-sur-lopera-de-lille-video-mapping-festival-2019\/\",\"url\":\"https:\/\/videomappingcenter.com\/mapping-sur-lopera-de-lille-video-mapping-festival-2019\/\",\"name\":\"MAPPING ON THE LILLE OPERA HOUSE - Video Mapping Festival 2019 | Video Mapping European Center\",\"isPartOf\":{\"@id\":\"https:\/\/videomappingcenter.com\/?lang=en\/#website\"},\"primaryImageOfPage\":{\"@id\":\"https:\/\/videomappingcenter.com\/mapping-sur-lopera-de-lille-video-mapping-festival-2019\/#primaryimage\"},\"image\":{\"@id\":\"https:\/\/videomappingcenter.com\/mapping-sur-lopera-de-lille-video-mapping-festival-2019\/#primaryimage\"},\"thumbnailUrl\":\"https:\/\/videomappingcenter.com\/wp-content\/uploads\/2019\/06\/Opera_640_360.jpg\",\"datePublished\":\"2019-05-03T07:33:03+00:00\",\"dateModified\":\"2019-06-25T11:01:07+00:00\",\"breadcrumb\":{\"@id\":\"https:\/\/videomappingcenter.com\/mapping-sur-lopera-de-lille-video-mapping-festival-2019\/#breadcrumb\"},\"inLanguage\":\"en-US\",\"potentialAction\":[{\"@type\":\"ReadAction\",\"target\":[\"https:\/\/videomappingcenter.com\/mapping-sur-lopera-de-lille-video-mapping-festival-2019\/\"]}]},{\"@type\":\"ImageObject\",\"inLanguage\":\"en-US\",\"@id\":\"https:\/\/videomappingcenter.com\/mapping-sur-lopera-de-lille-video-mapping-festival-2019\/#primaryimage\",\"url\":\"https:\/\/videomappingcenter.com\/wp-content\/uploads\/2019\/06\/Opera_640_360.jpg\",\"contentUrl\":\"https:\/\/videomappingcenter.com\/wp-content\/uploads\/2019\/06\/Opera_640_360.jpg\",\"width\":640,\"height\":360},{\"@type\":\"BreadcrumbList\",\"@id\":\"https:\/\/videomappingcenter.com\/mapping-sur-lopera-de-lille-video-mapping-festival-2019\/#breadcrumb\",\"itemListElement\":[{\"@type\":\"ListItem\",\"position\":1,\"name\":\"Accueil\",\"item\":\"https:\/\/videomappingcenter.com\/\"},{\"@type\":\"ListItem\",\"position\":2,\"name\":\"MAPPING ON THE LILLE OPERA HOUSE &#8211; Video Mapping Festival 2019\"}]},{\"@type\":\"WebSite\",\"@id\":\"https:\/\/videomappingcenter.com\/?lang=en\/#website\",\"url\":\"https:\/\/videomappingcenter.com\/?lang=en\/\",\"name\":\"Video Mapping European Center\",\"description\":\"Video Mapping European Center\",\"publisher\":{\"@id\":\"https:\/\/videomappingcenter.com\/?lang=en\/#organization\"},\"potentialAction\":[{\"@type\":\"SearchAction\",\"target\":{\"@type\":\"EntryPoint\",\"urlTemplate\":\"https:\/\/videomappingcenter.com\/?lang=en\/?s={search_term_string}\"},\"query-input\":{\"@type\":\"PropertyValueSpecification\",\"valueRequired\":true,\"valueName\":\"search_term_string\"}}],\"inLanguage\":\"en-US\"},{\"@type\":\"Organization\",\"@id\":\"https:\/\/videomappingcenter.com\/?lang=en\/#organization\",\"name\":\"Video Mapping European Center\",\"url\":\"https:\/\/videomappingcenter.com\/?lang=en\/\",\"logo\":{\"@type\":\"ImageObject\",\"inLanguage\":\"en-US\",\"@id\":\"https:\/\/videomappingcenter.com\/?lang=en\/#\/schema\/logo\/image\/\",\"url\":\"https:\/\/videomappingcenter.com\/wp-content\/uploads\/2017\/07\/logo-v3.png\",\"contentUrl\":\"https:\/\/videomappingcenter.com\/wp-content\/uploads\/2017\/07\/logo-v3.png\",\"width\":300,\"height\":135,\"caption\":\"Video Mapping European Center\"},\"image\":{\"@id\":\"https:\/\/videomappingcenter.com\/?lang=en\/#\/schema\/logo\/image\/\"}},{\"@type\":\"Person\",\"@id\":\"https:\/\/videomappingcenter.com\/?lang=en\/#\/schema\/person\/506136ad599d9c386ea59407d183cef8\",\"name\":\"Edimestre\",\"image\":{\"@type\":\"ImageObject\",\"inLanguage\":\"en-US\",\"@id\":\"https:\/\/videomappingcenter.com\/?lang=en\/#\/schema\/person\/image\/\",\"url\":\"https:\/\/videomappingcenter.com\/wp-content\/uploads\/2017\/07\/avatar.jpg\",\"contentUrl\":\"https:\/\/videomappingcenter.com\/wp-content\/uploads\/2017\/07\/avatar.jpg\",\"caption\":\"Edimestre\"}}]}<\/script>\n<!-- \/ Yoast SEO plugin. -->","yoast_head_json":{"title":"MAPPING ON THE LILLE OPERA HOUSE - Video Mapping Festival 2019 | Video Mapping European Center","robots":{"index":"index","follow":"follow","max-snippet":"max-snippet:-1","max-image-preview":"max-image-preview:large","max-video-preview":"max-video-preview:-1"},"canonical":"https:\/\/videomappingcenter.com\/mapping-sur-lopera-de-lille-video-mapping-festival-2019\/","og_locale":"en_US","og_type":"article","og_title":"MAPPING ON THE LILLE OPERA HOUSE - Video Mapping Festival 2019 | Video Mapping European Center","og_description":"Video mapping created by 50 international students and professionals during a 4-day creative challenge in Arenberg Creative Mine in March 2019. Supervising staff: Samy BARRAS, Tam\u00e1s Z\u00e1DORSound design: Aleksi AUBRY-CARLSON, Jonathan FIGOLIArtistic support: Ludovic BURCZYKOWSKI Creative teams: e-artsup (France) Loan Cannard Th\u00e9o De Muer Henri Maillard Louis Meriau Louis Rochet Swann Routier ECV Lille (France) [&hellip;]","og_url":"https:\/\/videomappingcenter.com\/mapping-sur-lopera-de-lille-video-mapping-festival-2019\/","og_site_name":"Video Mapping European Center","article_published_time":"2019-05-03T07:33:03+00:00","article_modified_time":"2019-06-25T11:01:07+00:00","og_image":[{"width":640,"height":360,"url":"https:\/\/videomappingcenter.com\/wp-content\/uploads\/2019\/06\/Opera_640_360.jpg","type":"image\/jpeg"}],"author":"Edimestre","twitter_card":"summary_large_image","twitter_misc":{"Written by":"Edimestre","Est. reading time":"1 minute"},"schema":{"@context":"https:\/\/schema.org","@graph":[{"@type":"Article","@id":"https:\/\/videomappingcenter.com\/mapping-sur-lopera-de-lille-video-mapping-festival-2019\/#article","isPartOf":{"@id":"https:\/\/videomappingcenter.com\/mapping-sur-lopera-de-lille-video-mapping-festival-2019\/"},"author":{"name":"Edimestre","@id":"https:\/\/videomappingcenter.com\/?lang=en\/#\/schema\/person\/506136ad599d9c386ea59407d183cef8"},"headline":"MAPPING ON THE LILLE OPERA HOUSE &#8211; Video Mapping Festival 2019","datePublished":"2019-05-03T07:33:03+00:00","dateModified":"2019-06-25T11:01:07+00:00","mainEntityOfPage":{"@id":"https:\/\/videomappingcenter.com\/mapping-sur-lopera-de-lille-video-mapping-festival-2019\/"},"wordCount":215,"publisher":{"@id":"https:\/\/videomappingcenter.com\/?lang=en\/#organization"},"image":{"@id":"https:\/\/videomappingcenter.com\/mapping-sur-lopera-de-lille-video-mapping-festival-2019\/#primaryimage"},"thumbnailUrl":"https:\/\/videomappingcenter.com\/wp-content\/uploads\/2019\/06\/Opera_640_360.jpg","keywords":["2019","2019","Aleksi Aubry-Carlson","Aleksi Aubry-Carlson","Ephemeral","Frontal","Frontal","Hauts-de-France","Hauts-de-France","Jonathan FIGOLI","Jonathan FIGOLI","Lille","Lille","Lille","Lille Opera House","linear","Ludovic Burczykowski","Ludovic Burczykowski","Monument video mapping","Outdoor","Samy Barras","Samy Barras","Tam\u00e1s Z\u00e1dor","Tam\u00e1s Z\u00e1dor","Video Mapping Festival","Video Mapping Festival","Workshop","Workshop"],"articleSection":["Video Mapping Festival","Workshop"],"inLanguage":"en-US"},{"@type":"WebPage","@id":"https:\/\/videomappingcenter.com\/mapping-sur-lopera-de-lille-video-mapping-festival-2019\/","url":"https:\/\/videomappingcenter.com\/mapping-sur-lopera-de-lille-video-mapping-festival-2019\/","name":"MAPPING ON THE LILLE OPERA HOUSE - Video Mapping Festival 2019 | Video Mapping European Center","isPartOf":{"@id":"https:\/\/videomappingcenter.com\/?lang=en\/#website"},"primaryImageOfPage":{"@id":"https:\/\/videomappingcenter.com\/mapping-sur-lopera-de-lille-video-mapping-festival-2019\/#primaryimage"},"image":{"@id":"https:\/\/videomappingcenter.com\/mapping-sur-lopera-de-lille-video-mapping-festival-2019\/#primaryimage"},"thumbnailUrl":"https:\/\/videomappingcenter.com\/wp-content\/uploads\/2019\/06\/Opera_640_360.jpg","datePublished":"2019-05-03T07:33:03+00:00","dateModified":"2019-06-25T11:01:07+00:00","breadcrumb":{"@id":"https:\/\/videomappingcenter.com\/mapping-sur-lopera-de-lille-video-mapping-festival-2019\/#breadcrumb"},"inLanguage":"en-US","potentialAction":[{"@type":"ReadAction","target":["https:\/\/videomappingcenter.com\/mapping-sur-lopera-de-lille-video-mapping-festival-2019\/"]}]},{"@type":"ImageObject","inLanguage":"en-US","@id":"https:\/\/videomappingcenter.com\/mapping-sur-lopera-de-lille-video-mapping-festival-2019\/#primaryimage","url":"https:\/\/videomappingcenter.com\/wp-content\/uploads\/2019\/06\/Opera_640_360.jpg","contentUrl":"https:\/\/videomappingcenter.com\/wp-content\/uploads\/2019\/06\/Opera_640_360.jpg","width":640,"height":360},{"@type":"BreadcrumbList","@id":"https:\/\/videomappingcenter.com\/mapping-sur-lopera-de-lille-video-mapping-festival-2019\/#breadcrumb","itemListElement":[{"@type":"ListItem","position":1,"name":"Accueil","item":"https:\/\/videomappingcenter.com\/"},{"@type":"ListItem","position":2,"name":"MAPPING ON THE LILLE OPERA HOUSE &#8211; Video Mapping Festival 2019"}]},{"@type":"WebSite","@id":"https:\/\/videomappingcenter.com\/?lang=en\/#website","url":"https:\/\/videomappingcenter.com\/?lang=en\/","name":"Video Mapping European Center","description":"Video Mapping European Center","publisher":{"@id":"https:\/\/videomappingcenter.com\/?lang=en\/#organization"},"potentialAction":[{"@type":"SearchAction","target":{"@type":"EntryPoint","urlTemplate":"https:\/\/videomappingcenter.com\/?lang=en\/?s={search_term_string}"},"query-input":{"@type":"PropertyValueSpecification","valueRequired":true,"valueName":"search_term_string"}}],"inLanguage":"en-US"},{"@type":"Organization","@id":"https:\/\/videomappingcenter.com\/?lang=en\/#organization","name":"Video Mapping European Center","url":"https:\/\/videomappingcenter.com\/?lang=en\/","logo":{"@type":"ImageObject","inLanguage":"en-US","@id":"https:\/\/videomappingcenter.com\/?lang=en\/#\/schema\/logo\/image\/","url":"https:\/\/videomappingcenter.com\/wp-content\/uploads\/2017\/07\/logo-v3.png","contentUrl":"https:\/\/videomappingcenter.com\/wp-content\/uploads\/2017\/07\/logo-v3.png","width":300,"height":135,"caption":"Video Mapping European Center"},"image":{"@id":"https:\/\/videomappingcenter.com\/?lang=en\/#\/schema\/logo\/image\/"}},{"@type":"Person","@id":"https:\/\/videomappingcenter.com\/?lang=en\/#\/schema\/person\/506136ad599d9c386ea59407d183cef8","name":"Edimestre","image":{"@type":"ImageObject","inLanguage":"en-US","@id":"https:\/\/videomappingcenter.com\/?lang=en\/#\/schema\/person\/image\/","url":"https:\/\/videomappingcenter.com\/wp-content\/uploads\/2017\/07\/avatar.jpg","contentUrl":"https:\/\/videomappingcenter.com\/wp-content\/uploads\/2017\/07\/avatar.jpg","caption":"Edimestre"}}]}},"_links":{"self":[{"href":"https:\/\/videomappingcenter.com\/en\/wp-json\/wp\/v2\/posts\/4899","targetHints":{"allow":["GET"]}}],"collection":[{"href":"https:\/\/videomappingcenter.com\/en\/wp-json\/wp\/v2\/posts"}],"about":[{"href":"https:\/\/videomappingcenter.com\/en\/wp-json\/wp\/v2\/types\/post"}],"author":[{"embeddable":true,"href":"https:\/\/videomappingcenter.com\/en\/wp-json\/wp\/v2\/users\/3"}],"replies":[{"embeddable":true,"href":"https:\/\/videomappingcenter.com\/en\/wp-json\/wp\/v2\/comments?post=4899"}],"version-history":[{"count":0,"href":"https:\/\/videomappingcenter.com\/en\/wp-json\/wp\/v2\/posts\/4899\/revisions"}],"wp:featuredmedia":[{"embeddable":true,"href":"https:\/\/videomappingcenter.com\/en\/wp-json\/wp\/v2\/media\/4893"}],"wp:attachment":[{"href":"https:\/\/videomappingcenter.com\/en\/wp-json\/wp\/v2\/media?parent=4899"}],"wp:term":[{"taxonomy":"category","embeddable":true,"href":"https:\/\/videomappingcenter.com\/en\/wp-json\/wp\/v2\/categories?post=4899"},{"taxonomy":"post_tag","embeddable":true,"href":"https:\/\/videomappingcenter.com\/en\/wp-json\/wp\/v2\/tags?post=4899"},{"taxonomy":"item-prod","embeddable":true,"href":"https:\/\/videomappingcenter.com\/en\/wp-json\/wp\/v2\/item-prod?post=4899"},{"taxonomy":"item-mapping","embeddable":true,"href":"https:\/\/videomappingcenter.com\/en\/wp-json\/wp\/v2\/item-mapping?post=4899"},{"taxonomy":"item-lieu","embeddable":true,"href":"https:\/\/videomappingcenter.com\/en\/wp-json\/wp\/v2\/item-lieu?post=4899"},{"taxonomy":"item-dates","embeddable":true,"href":"https:\/\/videomappingcenter.com\/en\/wp-json\/wp\/v2\/item-dates?post=4899"}],"curies":[{"name":"wp","href":"https:\/\/api.w.org\/{rel}","templated":true}]}}