{"id":8994,"date":"2021-10-04T11:25:48","date_gmt":"2021-10-04T09:25:48","guid":{"rendered":"https:\/\/videomappingcenter.com\/peronne-a-travers-les-ages-facade-de-lhistorial-de-la-grande-guerre-peronne-france-video-mapping-festival-2021\/"},"modified":"2022-04-06T11:42:26","modified_gmt":"2022-04-06T09:42:26","slug":"peronne-a-travers-les-ages-facade-de-lhistorial-de-la-grande-guerre-peronne-france-video-mapping-festival-2021","status":"publish","type":"post","link":"https:\/\/videomappingcenter.com\/en\/peronne-a-travers-les-ages-facade-de-lhistorial-de-la-grande-guerre-peronne-france-video-mapping-festival-2021\/","title":{"rendered":"P\u00c9RONNE THROUGH AGES &#8211;  Facade of the Historial of the Great War, P\u00e9ronne, France &#8211; Video Mapping Festival 2021"},"content":{"rendered":"\n<iframe loading=\"lazy\" src=\"https:\/\/player.vimeo.com\/video\/691876693?h=f97afc4b87\" width=\"640\" height=\"360\" frameborder=\"0\" allow=\"autoplay; fullscreen; picture-in-picture\" allowfullscreen=\"\"><\/iframe>\n\n\n\n<p style=\"text-align:left\"><p style=\"text-align:justify\">Video mapping created by Rencontres Audiovisuelles as part of the Video Mapping Festival #4.<br><br>The Video Mapping Festival takes place in P\u00e9ronne on the occasion of the European Heritage Days, in collaboration with the Historial.<br>Monument, immersive or object video mapping\u2026 8 stops to discover the different forms of video mapping: a creation on the facade of the City Hall and a 7-step mapping tour at the Historial of the Great War, which will take you from the facade of the castle to the moats, via the inner courtyard, the Salle des Fours and some video mapping on objects from the collections.<br><br><strong>\u25ba P\u00e9ronne through ages<\/strong><br>This playful and epic video mapping is inspired by the illuminations and the zany style of Monty Python. It explores the different ages of P\u00e9ronne Castle through the heroic figures of the city such as Radegonde, Louis VI le Gros or Marie Four\u00e9.<br><br><strong>Supervision:<\/strong> Jules HUVIG <br><strong>Visual design:&nbsp;<\/strong>Jules HUVIG, Rachel ANCIAUX, Nicolas CAMARTY, Laurence DE WILDE, M\u00e9ghanne LADEUZE, L\u00e9a MINIGGIO<br><strong>Original music:<\/strong>&nbsp;G\u00e9raldine KWIK<br><br><em>Video mapping tour organised by Rencontres Audiovisuelles, in collaboration with the Historial of the Great War. <br>With the support of the Union europ\u00e9enne (FEADER \u2013 LEADER), the R\u00e9gion Hauts-de-France, PETR C\u0153ur des Hauts-de-France, the Drac Hauts-de-France, the City of P\u00e9ronne and Gazelec.<\/em><br><br><br><strong>More info:&nbsp;<a rel=\"noreferrer noopener\" href=\"https:\/\/videomappingfestival.com\/?lang=en\" target=\"_blank\">videomappingfestival.com<\/a><\/strong><br><strong>Facebook:&nbsp;<a rel=\"noreferrer noopener\" href=\"https:\/\/www.facebook.com\/VideoMappingFestival\" target=\"_blank\">Video Mapping Festival<\/a><\/strong><br><\/p><\/p>\n\n\n\n<p><br> <\/p>\n<div class=\"simple-taxonomy\">\n\t<div class=\"taxonomy-item-prod\"><a href=\"https:\/\/videomappingcenter.com\/en\/item-prod\/evenement\/\" rel=\"tag\">Event<\/a>, <a href=\"https:\/\/videomappingcenter.com\/en\/item-prod\/production\/\" rel=\"tag\">Production<\/a><\/div>\n\t<div class=\"taxonomy-item-mapping\"><a href=\"https:\/\/videomappingcenter.com\/en\/item-mapping\/itinerary\/\" rel=\"tag\">Itinerary<\/a>, <a href=\"https:\/\/videomappingcenter.com\/en\/item-mapping\/mapping-monumental-en\/\" rel=\"tag\">Monument video mapping<\/a><\/div>\n\t<div class=\"taxonomy-item-lieu\"><a href=\"https:\/\/videomappingcenter.com\/en\/item-lieu\/hauts-de-france-en\/\" rel=\"tag\">Hauts-de-France<\/a><\/div>\n\t<div class=\"taxonomy-item-dates\"><a href=\"https:\/\/videomappingcenter.com\/en\/item-dates\/2021-en\/\" rel=\"tag\">2021<\/a><\/div>\n\n<\/div>\n","protected":false},"excerpt":{"rendered":"<p>Video mapping created by Rencontres Audiovisuelles as part of the Video Mapping Festival #4. The Video Mapping Festival takes place in P\u00e9ronne on the occasion of the European Heritage Days, in collaboration with the Historial.Monument, immersive or object video mapping\u2026 8 stops to discover the different forms of video mapping: a creation on the facade [&hellip;]<\/p>\n<div class=\"simple-taxonomy\">\n\t<div class=\"taxonomy-item-prod\"><a href=\"https:\/\/videomappingcenter.com\/en\/item-prod\/evenement\/\" rel=\"tag\">Event<\/a>, <a href=\"https:\/\/videomappingcenter.com\/en\/item-prod\/production\/\" rel=\"tag\">Production<\/a><\/div>\n\t<div class=\"taxonomy-item-mapping\"><a href=\"https:\/\/videomappingcenter.com\/en\/item-mapping\/itinerary\/\" rel=\"tag\">Itinerary<\/a>, <a href=\"https:\/\/videomappingcenter.com\/en\/item-mapping\/mapping-monumental-en\/\" rel=\"tag\">Monument video mapping<\/a><\/div>\n\t<div class=\"taxonomy-item-lieu\"><a href=\"https:\/\/videomappingcenter.com\/en\/item-lieu\/hauts-de-france-en\/\" rel=\"tag\">Hauts-de-France<\/a><\/div>\n\t<div class=\"taxonomy-item-dates\"><a href=\"https:\/\/videomappingcenter.com\/en\/item-dates\/2021-en\/\" rel=\"tag\">2021<\/a><\/div>\n\n<\/div>\n","protected":false},"author":3,"featured_media":8988,"comment_status":"closed","ping_status":"closed","sticky":false,"template":"","format":"standard","meta":{"footnotes":""},"categories":[146,149],"tags":[1892,1897,124,64,717,82,2028,2027,2031,668,1353,1357,1958,1959,120,2023,2021,110,1713,1696,116,2010,2018,1721,1720,55],"item-prod":[157,155],"item-mapping":[563,277],"item-lieu":[281],"item-dates":[1901],"class_list":["post-8994","post","type-post","status-publish","format-standard","has-post-thumbnail","hentry","category-production-en","category-video-mapping-festival-en","tag-1892","tag-2021-en","tag-transcient","tag-frontal","tag-geraldine-kwik","tag-hauts-de-france","tag-historial-de-la-grande-guerre-en","tag-historial-de-la-grande-guerre","tag-historial-of-the-great-war","tag-jules-huvig","tag-laurence-de-wilde","tag-laurence-de-wilde-en","tag-lea-miniggio","tag-lea-miniggio-en","tag-linear","tag-meghanne-ladeuze-en","tag-meghanne-ladeuze","tag-monument-video-mapping","tag-nicolas-camarty-en","tag-nicolas-camarty","tag-outdoor","tag-peronne","tag-peronne-en","tag-rachelle-anciaux-en","tag-rachelle-anciaux","tag-video-mapping-festival","item-prod-evenement","item-prod-production","item-mapping-itinerary","item-mapping-mapping-monumental-en","item-lieu-hauts-de-france-en","item-dates-2021-en"],"yoast_head":"<!-- This site is optimized with the Yoast SEO plugin v25.8 - https:\/\/yoast.com\/wordpress\/plugins\/seo\/ -->\n<title>P\u00c9RONNE THROUGH AGES - Facade of the Historial of the Great War, P\u00e9ronne, France - Video Mapping Festival 2021 | Video Mapping European Center<\/title>\n<meta name=\"robots\" content=\"index, follow, max-snippet:-1, max-image-preview:large, max-video-preview:-1\" \/>\n<link rel=\"canonical\" href=\"https:\/\/videomappingcenter.com\/peronne-a-travers-les-ages-facade-de-lhistorial-de-la-grande-guerre-peronne-france-video-mapping-festival-2021\/?lang=en\" \/>\n<meta property=\"og:locale\" content=\"en_US\" \/>\n<meta property=\"og:type\" content=\"article\" \/>\n<meta property=\"og:title\" content=\"P\u00c9RONNE THROUGH AGES - Facade of the Historial of the Great War, P\u00e9ronne, France - Video Mapping Festival 2021 | Video Mapping European Center\" \/>\n<meta property=\"og:description\" content=\"Video mapping created by Rencontres Audiovisuelles as part of the Video Mapping Festival #4. The Video Mapping Festival takes place in P\u00e9ronne on the occasion of the European Heritage Days, in collaboration with the Historial.Monument, immersive or object video mapping\u2026 8 stops to discover the different forms of video mapping: a creation on the facade [&hellip;]\" \/>\n<meta property=\"og:url\" content=\"https:\/\/videomappingcenter.com\/peronne-a-travers-les-ages-facade-de-lhistorial-de-la-grande-guerre-peronne-france-video-mapping-festival-2021\/?lang=en\" \/>\n<meta property=\"og:site_name\" content=\"Video Mapping European Center\" \/>\n<meta property=\"article:published_time\" content=\"2021-10-04T09:25:48+00:00\" \/>\n<meta property=\"article:modified_time\" content=\"2022-04-06T09:42:26+00:00\" \/>\n<meta property=\"og:image\" content=\"https:\/\/videomappingcenter.com\/wp-content\/uploads\/2021\/10\/pe\u0301ronne-2.png\" \/>\n\t<meta property=\"og:image:width\" content=\"900\" \/>\n\t<meta property=\"og:image:height\" content=\"500\" \/>\n\t<meta property=\"og:image:type\" content=\"image\/png\" \/>\n<meta name=\"author\" content=\"Edimestre\" \/>\n<meta name=\"twitter:card\" content=\"summary_large_image\" \/>\n<meta name=\"twitter:label1\" content=\"Written by\" \/>\n\t<meta name=\"twitter:data1\" content=\"Edimestre\" \/>\n\t<meta name=\"twitter:label2\" content=\"Est. reading time\" \/>\n\t<meta name=\"twitter:data2\" content=\"1 minute\" \/>\n<script type=\"application\/ld+json\" class=\"yoast-schema-graph\">{\"@context\":\"https:\/\/schema.org\",\"@graph\":[{\"@type\":\"Article\",\"@id\":\"https:\/\/videomappingcenter.com\/peronne-a-travers-les-ages-facade-de-lhistorial-de-la-grande-guerre-peronne-france-video-mapping-festival-2021\/?lang=en#article\",\"isPartOf\":{\"@id\":\"https:\/\/videomappingcenter.com\/peronne-a-travers-les-ages-facade-de-lhistorial-de-la-grande-guerre-peronne-france-video-mapping-festival-2021\/?lang=en\"},\"author\":{\"name\":\"Edimestre\",\"@id\":\"https:\/\/videomappingcenter.com\/?lang=en\/#\/schema\/person\/506136ad599d9c386ea59407d183cef8\"},\"headline\":\"P\u00c9RONNE THROUGH AGES &#8211; Facade of the Historial of the Great War, P\u00e9ronne, France &#8211; Video Mapping Festival 2021\",\"datePublished\":\"2021-10-04T09:25:48+00:00\",\"dateModified\":\"2022-04-06T09:42:26+00:00\",\"mainEntityOfPage\":{\"@id\":\"https:\/\/videomappingcenter.com\/peronne-a-travers-les-ages-facade-de-lhistorial-de-la-grande-guerre-peronne-france-video-mapping-festival-2021\/?lang=en\"},\"wordCount\":251,\"publisher\":{\"@id\":\"https:\/\/videomappingcenter.com\/?lang=en\/#organization\"},\"image\":{\"@id\":\"https:\/\/videomappingcenter.com\/peronne-a-travers-les-ages-facade-de-lhistorial-de-la-grande-guerre-peronne-france-video-mapping-festival-2021\/?lang=en#primaryimage\"},\"thumbnailUrl\":\"https:\/\/videomappingcenter.com\/wp-content\/uploads\/2021\/10\/pe\u0301ronne-2.png\",\"keywords\":[\"2021\",\"2021\",\"Ephemeral\",\"Frontal\",\"G\u00e9raldine Kwik\",\"Hauts-de-France\",\"Historial de la Grande Guerre\",\"Historial de la Grande Guerre\",\"Historial of the Great War\",\"Jules Huvig\",\"Laurence DE WILDE\",\"Laurence DE WILDE\",\"Lea Miniggio\",\"Lea Miniggio\",\"linear\",\"M\u00e9ghanne LADEUZE\",\"M\u00e9ghanne LADEUZE\",\"Monument video mapping\",\"Nicolas CAMARTY\",\"Nicolas CAMARTY\",\"Outdoor\",\"P\u00e9ronne\",\"P\u00e9ronne\",\"Rachelle ANCIAUX\",\"Rachelle ANCIAUX\",\"Video Mapping Festival\"],\"articleSection\":[\"Production\",\"Video Mapping Festival\"],\"inLanguage\":\"en-US\"},{\"@type\":\"WebPage\",\"@id\":\"https:\/\/videomappingcenter.com\/peronne-a-travers-les-ages-facade-de-lhistorial-de-la-grande-guerre-peronne-france-video-mapping-festival-2021\/?lang=en\",\"url\":\"https:\/\/videomappingcenter.com\/peronne-a-travers-les-ages-facade-de-lhistorial-de-la-grande-guerre-peronne-france-video-mapping-festival-2021\/?lang=en\",\"name\":\"P\u00c9RONNE THROUGH AGES - Facade of the Historial of the Great War, P\u00e9ronne, France - Video Mapping Festival 2021 | Video Mapping European Center\",\"isPartOf\":{\"@id\":\"https:\/\/videomappingcenter.com\/?lang=en\/#website\"},\"primaryImageOfPage\":{\"@id\":\"https:\/\/videomappingcenter.com\/peronne-a-travers-les-ages-facade-de-lhistorial-de-la-grande-guerre-peronne-france-video-mapping-festival-2021\/?lang=en#primaryimage\"},\"image\":{\"@id\":\"https:\/\/videomappingcenter.com\/peronne-a-travers-les-ages-facade-de-lhistorial-de-la-grande-guerre-peronne-france-video-mapping-festival-2021\/?lang=en#primaryimage\"},\"thumbnailUrl\":\"https:\/\/videomappingcenter.com\/wp-content\/uploads\/2021\/10\/pe\u0301ronne-2.png\",\"datePublished\":\"2021-10-04T09:25:48+00:00\",\"dateModified\":\"2022-04-06T09:42:26+00:00\",\"breadcrumb\":{\"@id\":\"https:\/\/videomappingcenter.com\/peronne-a-travers-les-ages-facade-de-lhistorial-de-la-grande-guerre-peronne-france-video-mapping-festival-2021\/?lang=en#breadcrumb\"},\"inLanguage\":\"en-US\",\"potentialAction\":[{\"@type\":\"ReadAction\",\"target\":[\"https:\/\/videomappingcenter.com\/peronne-a-travers-les-ages-facade-de-lhistorial-de-la-grande-guerre-peronne-france-video-mapping-festival-2021\/?lang=en\"]}]},{\"@type\":\"ImageObject\",\"inLanguage\":\"en-US\",\"@id\":\"https:\/\/videomappingcenter.com\/peronne-a-travers-les-ages-facade-de-lhistorial-de-la-grande-guerre-peronne-france-video-mapping-festival-2021\/?lang=en#primaryimage\",\"url\":\"https:\/\/videomappingcenter.com\/wp-content\/uploads\/2021\/10\/pe\u0301ronne-2.png\",\"contentUrl\":\"https:\/\/videomappingcenter.com\/wp-content\/uploads\/2021\/10\/pe\u0301ronne-2.png\",\"width\":900,\"height\":500},{\"@type\":\"BreadcrumbList\",\"@id\":\"https:\/\/videomappingcenter.com\/peronne-a-travers-les-ages-facade-de-lhistorial-de-la-grande-guerre-peronne-france-video-mapping-festival-2021\/?lang=en#breadcrumb\",\"itemListElement\":[{\"@type\":\"ListItem\",\"position\":1,\"name\":\"Accueil\",\"item\":\"https:\/\/videomappingcenter.com\/\"},{\"@type\":\"ListItem\",\"position\":2,\"name\":\"P\u00c9RONNE THROUGH AGES &#8211; Facade of the Historial of the Great War, P\u00e9ronne, France &#8211; Video Mapping Festival 2021\"}]},{\"@type\":\"WebSite\",\"@id\":\"https:\/\/videomappingcenter.com\/?lang=en\/#website\",\"url\":\"https:\/\/videomappingcenter.com\/?lang=en\/\",\"name\":\"Video Mapping European Center\",\"description\":\"Video Mapping European Center\",\"publisher\":{\"@id\":\"https:\/\/videomappingcenter.com\/?lang=en\/#organization\"},\"potentialAction\":[{\"@type\":\"SearchAction\",\"target\":{\"@type\":\"EntryPoint\",\"urlTemplate\":\"https:\/\/videomappingcenter.com\/?lang=en\/?s={search_term_string}\"},\"query-input\":{\"@type\":\"PropertyValueSpecification\",\"valueRequired\":true,\"valueName\":\"search_term_string\"}}],\"inLanguage\":\"en-US\"},{\"@type\":\"Organization\",\"@id\":\"https:\/\/videomappingcenter.com\/?lang=en\/#organization\",\"name\":\"Video Mapping European Center\",\"url\":\"https:\/\/videomappingcenter.com\/?lang=en\/\",\"logo\":{\"@type\":\"ImageObject\",\"inLanguage\":\"en-US\",\"@id\":\"https:\/\/videomappingcenter.com\/?lang=en\/#\/schema\/logo\/image\/\",\"url\":\"https:\/\/videomappingcenter.com\/wp-content\/uploads\/2017\/07\/logo-v3.png\",\"contentUrl\":\"https:\/\/videomappingcenter.com\/wp-content\/uploads\/2017\/07\/logo-v3.png\",\"width\":300,\"height\":135,\"caption\":\"Video Mapping European Center\"},\"image\":{\"@id\":\"https:\/\/videomappingcenter.com\/?lang=en\/#\/schema\/logo\/image\/\"}},{\"@type\":\"Person\",\"@id\":\"https:\/\/videomappingcenter.com\/?lang=en\/#\/schema\/person\/506136ad599d9c386ea59407d183cef8\",\"name\":\"Edimestre\",\"image\":{\"@type\":\"ImageObject\",\"inLanguage\":\"en-US\",\"@id\":\"https:\/\/videomappingcenter.com\/?lang=en\/#\/schema\/person\/image\/\",\"url\":\"https:\/\/videomappingcenter.com\/wp-content\/uploads\/2017\/07\/avatar.jpg\",\"contentUrl\":\"https:\/\/videomappingcenter.com\/wp-content\/uploads\/2017\/07\/avatar.jpg\",\"caption\":\"Edimestre\"}}]}<\/script>\n<!-- \/ Yoast SEO plugin. -->","yoast_head_json":{"title":"P\u00c9RONNE THROUGH AGES - Facade of the Historial of the Great War, P\u00e9ronne, France - Video Mapping Festival 2021 | Video Mapping European Center","robots":{"index":"index","follow":"follow","max-snippet":"max-snippet:-1","max-image-preview":"max-image-preview:large","max-video-preview":"max-video-preview:-1"},"canonical":"https:\/\/videomappingcenter.com\/peronne-a-travers-les-ages-facade-de-lhistorial-de-la-grande-guerre-peronne-france-video-mapping-festival-2021\/?lang=en","og_locale":"en_US","og_type":"article","og_title":"P\u00c9RONNE THROUGH AGES - Facade of the Historial of the Great War, P\u00e9ronne, France - Video Mapping Festival 2021 | Video Mapping European Center","og_description":"Video mapping created by Rencontres Audiovisuelles as part of the Video Mapping Festival #4. The Video Mapping Festival takes place in P\u00e9ronne on the occasion of the European Heritage Days, in collaboration with the Historial.Monument, immersive or object video mapping\u2026 8 stops to discover the different forms of video mapping: a creation on the facade [&hellip;]","og_url":"https:\/\/videomappingcenter.com\/peronne-a-travers-les-ages-facade-de-lhistorial-de-la-grande-guerre-peronne-france-video-mapping-festival-2021\/?lang=en","og_site_name":"Video Mapping European Center","article_published_time":"2021-10-04T09:25:48+00:00","article_modified_time":"2022-04-06T09:42:26+00:00","og_image":[{"width":900,"height":500,"url":"https:\/\/videomappingcenter.com\/wp-content\/uploads\/2021\/10\/pe\u0301ronne-2.png","type":"image\/png"}],"author":"Edimestre","twitter_card":"summary_large_image","twitter_misc":{"Written by":"Edimestre","Est. reading time":"1 minute"},"schema":{"@context":"https:\/\/schema.org","@graph":[{"@type":"Article","@id":"https:\/\/videomappingcenter.com\/peronne-a-travers-les-ages-facade-de-lhistorial-de-la-grande-guerre-peronne-france-video-mapping-festival-2021\/?lang=en#article","isPartOf":{"@id":"https:\/\/videomappingcenter.com\/peronne-a-travers-les-ages-facade-de-lhistorial-de-la-grande-guerre-peronne-france-video-mapping-festival-2021\/?lang=en"},"author":{"name":"Edimestre","@id":"https:\/\/videomappingcenter.com\/?lang=en\/#\/schema\/person\/506136ad599d9c386ea59407d183cef8"},"headline":"P\u00c9RONNE THROUGH AGES &#8211; Facade of the Historial of the Great War, P\u00e9ronne, France &#8211; Video Mapping Festival 2021","datePublished":"2021-10-04T09:25:48+00:00","dateModified":"2022-04-06T09:42:26+00:00","mainEntityOfPage":{"@id":"https:\/\/videomappingcenter.com\/peronne-a-travers-les-ages-facade-de-lhistorial-de-la-grande-guerre-peronne-france-video-mapping-festival-2021\/?lang=en"},"wordCount":251,"publisher":{"@id":"https:\/\/videomappingcenter.com\/?lang=en\/#organization"},"image":{"@id":"https:\/\/videomappingcenter.com\/peronne-a-travers-les-ages-facade-de-lhistorial-de-la-grande-guerre-peronne-france-video-mapping-festival-2021\/?lang=en#primaryimage"},"thumbnailUrl":"https:\/\/videomappingcenter.com\/wp-content\/uploads\/2021\/10\/pe\u0301ronne-2.png","keywords":["2021","2021","Ephemeral","Frontal","G\u00e9raldine Kwik","Hauts-de-France","Historial de la Grande Guerre","Historial de la Grande Guerre","Historial of the Great War","Jules Huvig","Laurence DE WILDE","Laurence DE WILDE","Lea Miniggio","Lea Miniggio","linear","M\u00e9ghanne LADEUZE","M\u00e9ghanne LADEUZE","Monument video mapping","Nicolas CAMARTY","Nicolas CAMARTY","Outdoor","P\u00e9ronne","P\u00e9ronne","Rachelle ANCIAUX","Rachelle ANCIAUX","Video Mapping Festival"],"articleSection":["Production","Video Mapping Festival"],"inLanguage":"en-US"},{"@type":"WebPage","@id":"https:\/\/videomappingcenter.com\/peronne-a-travers-les-ages-facade-de-lhistorial-de-la-grande-guerre-peronne-france-video-mapping-festival-2021\/?lang=en","url":"https:\/\/videomappingcenter.com\/peronne-a-travers-les-ages-facade-de-lhistorial-de-la-grande-guerre-peronne-france-video-mapping-festival-2021\/?lang=en","name":"P\u00c9RONNE THROUGH AGES - Facade of the Historial of the Great War, P\u00e9ronne, France - Video Mapping Festival 2021 | Video Mapping European Center","isPartOf":{"@id":"https:\/\/videomappingcenter.com\/?lang=en\/#website"},"primaryImageOfPage":{"@id":"https:\/\/videomappingcenter.com\/peronne-a-travers-les-ages-facade-de-lhistorial-de-la-grande-guerre-peronne-france-video-mapping-festival-2021\/?lang=en#primaryimage"},"image":{"@id":"https:\/\/videomappingcenter.com\/peronne-a-travers-les-ages-facade-de-lhistorial-de-la-grande-guerre-peronne-france-video-mapping-festival-2021\/?lang=en#primaryimage"},"thumbnailUrl":"https:\/\/videomappingcenter.com\/wp-content\/uploads\/2021\/10\/pe\u0301ronne-2.png","datePublished":"2021-10-04T09:25:48+00:00","dateModified":"2022-04-06T09:42:26+00:00","breadcrumb":{"@id":"https:\/\/videomappingcenter.com\/peronne-a-travers-les-ages-facade-de-lhistorial-de-la-grande-guerre-peronne-france-video-mapping-festival-2021\/?lang=en#breadcrumb"},"inLanguage":"en-US","potentialAction":[{"@type":"ReadAction","target":["https:\/\/videomappingcenter.com\/peronne-a-travers-les-ages-facade-de-lhistorial-de-la-grande-guerre-peronne-france-video-mapping-festival-2021\/?lang=en"]}]},{"@type":"ImageObject","inLanguage":"en-US","@id":"https:\/\/videomappingcenter.com\/peronne-a-travers-les-ages-facade-de-lhistorial-de-la-grande-guerre-peronne-france-video-mapping-festival-2021\/?lang=en#primaryimage","url":"https:\/\/videomappingcenter.com\/wp-content\/uploads\/2021\/10\/pe\u0301ronne-2.png","contentUrl":"https:\/\/videomappingcenter.com\/wp-content\/uploads\/2021\/10\/pe\u0301ronne-2.png","width":900,"height":500},{"@type":"BreadcrumbList","@id":"https:\/\/videomappingcenter.com\/peronne-a-travers-les-ages-facade-de-lhistorial-de-la-grande-guerre-peronne-france-video-mapping-festival-2021\/?lang=en#breadcrumb","itemListElement":[{"@type":"ListItem","position":1,"name":"Accueil","item":"https:\/\/videomappingcenter.com\/"},{"@type":"ListItem","position":2,"name":"P\u00c9RONNE THROUGH AGES &#8211; Facade of the Historial of the Great War, P\u00e9ronne, France &#8211; Video Mapping Festival 2021"}]},{"@type":"WebSite","@id":"https:\/\/videomappingcenter.com\/?lang=en\/#website","url":"https:\/\/videomappingcenter.com\/?lang=en\/","name":"Video Mapping European Center","description":"Video Mapping European Center","publisher":{"@id":"https:\/\/videomappingcenter.com\/?lang=en\/#organization"},"potentialAction":[{"@type":"SearchAction","target":{"@type":"EntryPoint","urlTemplate":"https:\/\/videomappingcenter.com\/?lang=en\/?s={search_term_string}"},"query-input":{"@type":"PropertyValueSpecification","valueRequired":true,"valueName":"search_term_string"}}],"inLanguage":"en-US"},{"@type":"Organization","@id":"https:\/\/videomappingcenter.com\/?lang=en\/#organization","name":"Video Mapping European Center","url":"https:\/\/videomappingcenter.com\/?lang=en\/","logo":{"@type":"ImageObject","inLanguage":"en-US","@id":"https:\/\/videomappingcenter.com\/?lang=en\/#\/schema\/logo\/image\/","url":"https:\/\/videomappingcenter.com\/wp-content\/uploads\/2017\/07\/logo-v3.png","contentUrl":"https:\/\/videomappingcenter.com\/wp-content\/uploads\/2017\/07\/logo-v3.png","width":300,"height":135,"caption":"Video Mapping European Center"},"image":{"@id":"https:\/\/videomappingcenter.com\/?lang=en\/#\/schema\/logo\/image\/"}},{"@type":"Person","@id":"https:\/\/videomappingcenter.com\/?lang=en\/#\/schema\/person\/506136ad599d9c386ea59407d183cef8","name":"Edimestre","image":{"@type":"ImageObject","inLanguage":"en-US","@id":"https:\/\/videomappingcenter.com\/?lang=en\/#\/schema\/person\/image\/","url":"https:\/\/videomappingcenter.com\/wp-content\/uploads\/2017\/07\/avatar.jpg","contentUrl":"https:\/\/videomappingcenter.com\/wp-content\/uploads\/2017\/07\/avatar.jpg","caption":"Edimestre"}}]}},"_links":{"self":[{"href":"https:\/\/videomappingcenter.com\/en\/wp-json\/wp\/v2\/posts\/8994","targetHints":{"allow":["GET"]}}],"collection":[{"href":"https:\/\/videomappingcenter.com\/en\/wp-json\/wp\/v2\/posts"}],"about":[{"href":"https:\/\/videomappingcenter.com\/en\/wp-json\/wp\/v2\/types\/post"}],"author":[{"embeddable":true,"href":"https:\/\/videomappingcenter.com\/en\/wp-json\/wp\/v2\/users\/3"}],"replies":[{"embeddable":true,"href":"https:\/\/videomappingcenter.com\/en\/wp-json\/wp\/v2\/comments?post=8994"}],"version-history":[{"count":0,"href":"https:\/\/videomappingcenter.com\/en\/wp-json\/wp\/v2\/posts\/8994\/revisions"}],"wp:featuredmedia":[{"embeddable":true,"href":"https:\/\/videomappingcenter.com\/en\/wp-json\/wp\/v2\/media\/8988"}],"wp:attachment":[{"href":"https:\/\/videomappingcenter.com\/en\/wp-json\/wp\/v2\/media?parent=8994"}],"wp:term":[{"taxonomy":"category","embeddable":true,"href":"https:\/\/videomappingcenter.com\/en\/wp-json\/wp\/v2\/categories?post=8994"},{"taxonomy":"post_tag","embeddable":true,"href":"https:\/\/videomappingcenter.com\/en\/wp-json\/wp\/v2\/tags?post=8994"},{"taxonomy":"item-prod","embeddable":true,"href":"https:\/\/videomappingcenter.com\/en\/wp-json\/wp\/v2\/item-prod?post=8994"},{"taxonomy":"item-mapping","embeddable":true,"href":"https:\/\/videomappingcenter.com\/en\/wp-json\/wp\/v2\/item-mapping?post=8994"},{"taxonomy":"item-lieu","embeddable":true,"href":"https:\/\/videomappingcenter.com\/en\/wp-json\/wp\/v2\/item-lieu?post=8994"},{"taxonomy":"item-dates","embeddable":true,"href":"https:\/\/videomappingcenter.com\/en\/wp-json\/wp\/v2\/item-dates?post=8994"}],"curies":[{"name":"wp","href":"https:\/\/api.w.org\/{rel}","templated":true}]}}