{"id":9015,"date":"2021-10-04T12:15:01","date_gmt":"2021-10-04T10:15:01","guid":{"rendered":"https:\/\/videomappingcenter.com\/mediatecture-cour-de-lhistorial-de-la-grande-guerre-peronne-france-video-mapping-festival-2021\/"},"modified":"2022-04-06T11:23:05","modified_gmt":"2022-04-06T09:23:05","slug":"mediatecture-cour-de-lhistorial-de-la-grande-guerre-peronne-france-video-mapping-festival-2021","status":"publish","type":"post","link":"https:\/\/videomappingcenter.com\/en\/mediatecture-cour-de-lhistorial-de-la-grande-guerre-peronne-france-video-mapping-festival-2021\/","title":{"rendered":"MEDIATECTURE &#8211; Historial of the Great War\u2019s inner courtyard, P\u00e9ronne, France &#8211; Video Mapping Festival 2021"},"content":{"rendered":"\n<figure><iframe loading=\"lazy\" src=\"https:\/\/player.vimeo.com\/video\/691885578?h=c08f003685\" width=\"640\" height=\"360\" allowfullscreen=\"\"><\/iframe><\/figure>\n\n\n\n<p style=\"text-align:justify\"> Video mapping created by Rencontres Audiovisuelles in collaboration with the DeVisu laboratory of the Universit\u00e9 Polytechnique Hauts-de-France as part of the Video Mapping Festival and the Video Mapping European Center \/ ERDF research project.<br><br><strong>Supervision<\/strong>: Jules HUVIG<br><strong>Writing referent<\/strong>: Me\u00ef MENASSEL-SAVREUX<br><strong>DeVisu laboratory members:<\/strong> Hafida BOULEKBACHE, Me\u00ef MENASSEL-SAVREUX, Daniel SCHMITT<br><strong>Visual design:<\/strong> Jules HUVIG, Benjamin DURAND, St\u00e9phanie L\u00c9ONARD, Adrien TISON<br><strong>Original music:<\/strong> Virgile GUIOST<br><br><em>Video mapping tour organised by Rencontres Audiovisuelles, in collaboration with the Historial of the Great War. <br>With the support of the Union europ\u00e9enne (FEADER \u2013 LEADER), the R\u00e9gion Hauts-de-France, PETR C\u0153ur des Hauts-de-France, the Drac Hauts-de-France, the city of P\u00e9ronne and Gazelec.<\/em><br><br><br><strong>More info:\u00a0<a rel=\"noreferrer noopener\" href=\"https:\/\/videomappingfestival.com\/?lang=en\" target=\"_blank\">videomappingfestival.com<\/a><\/strong><br><strong>Facebook:\u00a0<a rel=\"noreferrer noopener\" href=\"https:\/\/www.facebook.com\/VideoMappingFestival\" target=\"_blank\">Video Mapping Festival<\/a><\/strong><\/p>\n<div class=\"simple-taxonomy\">\n\t<div class=\"taxonomy-item-prod\"><a href=\"https:\/\/videomappingcenter.com\/en\/item-prod\/evenement\/\" rel=\"tag\">Event<\/a>, <a href=\"https:\/\/videomappingcenter.com\/en\/item-prod\/production\/\" rel=\"tag\">Production<\/a><\/div>\n\t<div class=\"taxonomy-item-mapping\"><a href=\"https:\/\/videomappingcenter.com\/en\/item-mapping\/itinerary\/\" rel=\"tag\">Itinerary<\/a>, <a href=\"https:\/\/videomappingcenter.com\/en\/item-mapping\/mapping-monumental-en\/\" rel=\"tag\">Monument video mapping<\/a><\/div>\n\t<div class=\"taxonomy-item-lieu\"><a href=\"https:\/\/videomappingcenter.com\/en\/item-lieu\/hauts-de-france-en\/\" rel=\"tag\">Hauts-de-France<\/a><\/div>\n\t<div class=\"taxonomy-item-dates\"><a href=\"https:\/\/videomappingcenter.com\/en\/item-dates\/2021-en\/\" rel=\"tag\">2021<\/a><\/div>\n\n<\/div>\n","protected":false},"excerpt":{"rendered":"<p>Video mapping created by Rencontres Audiovisuelles in collaboration with the DeVisu laboratory of the Universit\u00e9 Polytechnique Hauts-de-France as part of the Video Mapping Festival and the Video Mapping European Center \/ ERDF research project. Supervision: Jules HUVIGWriting referent: Me\u00ef MENASSEL-SAVREUXDeVisu laboratory members: Hafida BOULEKBACHE, Me\u00ef MENASSEL-SAVREUX, Daniel SCHMITTVisual design: Jules HUVIG, Benjamin DURAND, St\u00e9phanie L\u00c9ONARD, [&hellip;]<\/p>\n<div class=\"simple-taxonomy\">\n\t<div class=\"taxonomy-item-prod\"><a href=\"https:\/\/videomappingcenter.com\/en\/item-prod\/evenement\/\" rel=\"tag\">Event<\/a>, <a href=\"https:\/\/videomappingcenter.com\/en\/item-prod\/production\/\" rel=\"tag\">Production<\/a><\/div>\n\t<div class=\"taxonomy-item-mapping\"><a href=\"https:\/\/videomappingcenter.com\/en\/item-mapping\/itinerary\/\" rel=\"tag\">Itinerary<\/a>, <a href=\"https:\/\/videomappingcenter.com\/en\/item-mapping\/mapping-monumental-en\/\" rel=\"tag\">Monument video mapping<\/a><\/div>\n\t<div class=\"taxonomy-item-lieu\"><a href=\"https:\/\/videomappingcenter.com\/en\/item-lieu\/hauts-de-france-en\/\" rel=\"tag\">Hauts-de-France<\/a><\/div>\n\t<div class=\"taxonomy-item-dates\"><a href=\"https:\/\/videomappingcenter.com\/en\/item-dates\/2021-en\/\" rel=\"tag\">2021<\/a><\/div>\n\n<\/div>\n","protected":false},"author":3,"featured_media":9012,"comment_status":"closed","ping_status":"closed","sticky":false,"template":"","format":"standard","meta":{"footnotes":""},"categories":[146,149],"tags":[1892,1897,1323,1347,2026,2025,1044,1043,124,2067,82,2027,2028,2031,119,668,120,2066,110,116,2018,2010,52,1697,1716,55,1948,1952],"item-prod":[157,155],"item-mapping":[563,277],"item-lieu":[281],"item-dates":[1901],"class_list":["post-9015","post","type-post","status-publish","format-standard","has-post-thumbnail","hentry","category-production-en","category-video-mapping-festival-en","tag-1892","tag-2021-en","tag-adrien-tison","tag-adrien-tison-en","tag-benjamin-durand-en","tag-benjamin-durand","tag-daniel-schmitt-en","tag-daniel-schmitt","tag-transcient","tag-hafida-boulekbache","tag-hauts-de-france","tag-historial-de-la-grande-guerre","tag-historial-de-la-grande-guerre-en","tag-historial-of-the-great-war","tag-immersive","tag-jules-huvig","tag-linear","tag-mei-menassel-savreux","tag-monument-video-mapping","tag-outdoor","tag-peronne-en","tag-peronne","tag-production","tag-stephanie-leonard","tag-stephanie-leonard-en","tag-video-mapping-festival","tag-virgile-guiost","tag-virgile-guiost-en","item-prod-evenement","item-prod-production","item-mapping-itinerary","item-mapping-mapping-monumental-en","item-lieu-hauts-de-france-en","item-dates-2021-en"],"yoast_head":"<!-- This site is optimized with the Yoast SEO plugin v25.8 - https:\/\/yoast.com\/wordpress\/plugins\/seo\/ -->\n<title>MEDIATECTURE - Historial of the Great War\u2019s inner courtyard, P\u00e9ronne, France - Video Mapping Festival 2021 | Video Mapping European Center<\/title>\n<meta name=\"robots\" content=\"index, follow, max-snippet:-1, max-image-preview:large, max-video-preview:-1\" \/>\n<link rel=\"canonical\" href=\"https:\/\/videomappingcenter.com\/mediatecture-cour-de-lhistorial-de-la-grande-guerre-peronne-france-video-mapping-festival-2021\/?lang=en\" \/>\n<meta property=\"og:locale\" content=\"en_US\" \/>\n<meta property=\"og:type\" content=\"article\" \/>\n<meta property=\"og:title\" content=\"MEDIATECTURE - Historial of the Great War\u2019s inner courtyard, P\u00e9ronne, France - Video Mapping Festival 2021 | Video Mapping European Center\" \/>\n<meta property=\"og:description\" content=\"Video mapping created by Rencontres Audiovisuelles in collaboration with the DeVisu laboratory of the Universit\u00e9 Polytechnique Hauts-de-France as part of the Video Mapping Festival and the Video Mapping European Center \/ ERDF research project. Supervision: Jules HUVIGWriting referent: Me\u00ef MENASSEL-SAVREUXDeVisu laboratory members: Hafida BOULEKBACHE, Me\u00ef MENASSEL-SAVREUX, Daniel SCHMITTVisual design: Jules HUVIG, Benjamin DURAND, St\u00e9phanie L\u00c9ONARD, [&hellip;]\" \/>\n<meta property=\"og:url\" content=\"https:\/\/videomappingcenter.com\/mediatecture-cour-de-lhistorial-de-la-grande-guerre-peronne-france-video-mapping-festival-2021\/?lang=en\" \/>\n<meta property=\"og:site_name\" content=\"Video Mapping European Center\" \/>\n<meta property=\"article:published_time\" content=\"2021-10-04T10:15:01+00:00\" \/>\n<meta property=\"article:modified_time\" content=\"2022-04-06T09:23:05+00:00\" \/>\n<meta property=\"og:image\" content=\"https:\/\/videomappingcenter.com\/wp-content\/uploads\/2022\/03\/pe\u0301ronne-4.png\" \/>\n\t<meta property=\"og:image:width\" content=\"900\" \/>\n\t<meta property=\"og:image:height\" content=\"500\" \/>\n\t<meta property=\"og:image:type\" content=\"image\/png\" \/>\n<meta name=\"author\" content=\"Edimestre\" \/>\n<meta name=\"twitter:card\" content=\"summary_large_image\" \/>\n<meta name=\"twitter:label1\" content=\"Written by\" \/>\n\t<meta name=\"twitter:data1\" content=\"Edimestre\" \/>\n\t<meta name=\"twitter:label2\" content=\"Est. reading time\" \/>\n\t<meta name=\"twitter:data2\" content=\"1 minute\" \/>\n<script type=\"application\/ld+json\" class=\"yoast-schema-graph\">{\"@context\":\"https:\/\/schema.org\",\"@graph\":[{\"@type\":\"Article\",\"@id\":\"https:\/\/videomappingcenter.com\/mediatecture-cour-de-lhistorial-de-la-grande-guerre-peronne-france-video-mapping-festival-2021\/?lang=en#article\",\"isPartOf\":{\"@id\":\"https:\/\/videomappingcenter.com\/mediatecture-cour-de-lhistorial-de-la-grande-guerre-peronne-france-video-mapping-festival-2021\/?lang=en\"},\"author\":{\"name\":\"Edimestre\",\"@id\":\"https:\/\/videomappingcenter.com\/?lang=en\/#\/schema\/person\/506136ad599d9c386ea59407d183cef8\"},\"headline\":\"MEDIATECTURE &#8211; Historial of the Great War\u2019s inner courtyard, P\u00e9ronne, France &#8211; Video Mapping Festival 2021\",\"datePublished\":\"2021-10-04T10:15:01+00:00\",\"dateModified\":\"2022-04-06T09:23:05+00:00\",\"mainEntityOfPage\":{\"@id\":\"https:\/\/videomappingcenter.com\/mediatecture-cour-de-lhistorial-de-la-grande-guerre-peronne-france-video-mapping-festival-2021\/?lang=en\"},\"wordCount\":135,\"publisher\":{\"@id\":\"https:\/\/videomappingcenter.com\/?lang=en\/#organization\"},\"image\":{\"@id\":\"https:\/\/videomappingcenter.com\/mediatecture-cour-de-lhistorial-de-la-grande-guerre-peronne-france-video-mapping-festival-2021\/?lang=en#primaryimage\"},\"thumbnailUrl\":\"https:\/\/videomappingcenter.com\/wp-content\/uploads\/2022\/03\/pe\u0301ronne-4.png\",\"keywords\":[\"2021\",\"2021\",\"Adrien TISON\",\"Adrien TISON\",\"Benjamin DURAND\",\"Benjamin DURAND\",\"Daniel Schmitt\",\"Daniel Schmitt\",\"Ephemeral\",\"Hafida BOULEKBACHE\",\"Hauts-de-France\",\"Historial de la Grande Guerre\",\"Historial de la Grande Guerre\",\"Historial of the Great War\",\"Immersive\",\"Jules Huvig\",\"linear\",\"Me\u00ef MENASSEL-SAVREUX\",\"Monument video mapping\",\"Outdoor\",\"P\u00e9ronne\",\"P\u00e9ronne\",\"Production\",\"St\u00e9phanie LEONARD\",\"St\u00e9phanie LEONARD\",\"Video Mapping Festival\",\"Virgile GUIOST\",\"Virgile GUIOST\"],\"articleSection\":[\"Production\",\"Video Mapping Festival\"],\"inLanguage\":\"en-US\"},{\"@type\":\"WebPage\",\"@id\":\"https:\/\/videomappingcenter.com\/mediatecture-cour-de-lhistorial-de-la-grande-guerre-peronne-france-video-mapping-festival-2021\/?lang=en\",\"url\":\"https:\/\/videomappingcenter.com\/mediatecture-cour-de-lhistorial-de-la-grande-guerre-peronne-france-video-mapping-festival-2021\/?lang=en\",\"name\":\"MEDIATECTURE - Historial of the Great War\u2019s inner courtyard, P\u00e9ronne, France - Video Mapping Festival 2021 | Video Mapping European Center\",\"isPartOf\":{\"@id\":\"https:\/\/videomappingcenter.com\/?lang=en\/#website\"},\"primaryImageOfPage\":{\"@id\":\"https:\/\/videomappingcenter.com\/mediatecture-cour-de-lhistorial-de-la-grande-guerre-peronne-france-video-mapping-festival-2021\/?lang=en#primaryimage\"},\"image\":{\"@id\":\"https:\/\/videomappingcenter.com\/mediatecture-cour-de-lhistorial-de-la-grande-guerre-peronne-france-video-mapping-festival-2021\/?lang=en#primaryimage\"},\"thumbnailUrl\":\"https:\/\/videomappingcenter.com\/wp-content\/uploads\/2022\/03\/pe\u0301ronne-4.png\",\"datePublished\":\"2021-10-04T10:15:01+00:00\",\"dateModified\":\"2022-04-06T09:23:05+00:00\",\"breadcrumb\":{\"@id\":\"https:\/\/videomappingcenter.com\/mediatecture-cour-de-lhistorial-de-la-grande-guerre-peronne-france-video-mapping-festival-2021\/?lang=en#breadcrumb\"},\"inLanguage\":\"en-US\",\"potentialAction\":[{\"@type\":\"ReadAction\",\"target\":[\"https:\/\/videomappingcenter.com\/mediatecture-cour-de-lhistorial-de-la-grande-guerre-peronne-france-video-mapping-festival-2021\/?lang=en\"]}]},{\"@type\":\"ImageObject\",\"inLanguage\":\"en-US\",\"@id\":\"https:\/\/videomappingcenter.com\/mediatecture-cour-de-lhistorial-de-la-grande-guerre-peronne-france-video-mapping-festival-2021\/?lang=en#primaryimage\",\"url\":\"https:\/\/videomappingcenter.com\/wp-content\/uploads\/2022\/03\/pe\u0301ronne-4.png\",\"contentUrl\":\"https:\/\/videomappingcenter.com\/wp-content\/uploads\/2022\/03\/pe\u0301ronne-4.png\",\"width\":900,\"height\":500},{\"@type\":\"BreadcrumbList\",\"@id\":\"https:\/\/videomappingcenter.com\/mediatecture-cour-de-lhistorial-de-la-grande-guerre-peronne-france-video-mapping-festival-2021\/?lang=en#breadcrumb\",\"itemListElement\":[{\"@type\":\"ListItem\",\"position\":1,\"name\":\"Accueil\",\"item\":\"https:\/\/videomappingcenter.com\/\"},{\"@type\":\"ListItem\",\"position\":2,\"name\":\"MEDIATECTURE &#8211; Historial of the Great War\u2019s inner courtyard, P\u00e9ronne, France &#8211; Video Mapping Festival 2021\"}]},{\"@type\":\"WebSite\",\"@id\":\"https:\/\/videomappingcenter.com\/?lang=en\/#website\",\"url\":\"https:\/\/videomappingcenter.com\/?lang=en\/\",\"name\":\"Video Mapping European Center\",\"description\":\"Video Mapping European Center\",\"publisher\":{\"@id\":\"https:\/\/videomappingcenter.com\/?lang=en\/#organization\"},\"potentialAction\":[{\"@type\":\"SearchAction\",\"target\":{\"@type\":\"EntryPoint\",\"urlTemplate\":\"https:\/\/videomappingcenter.com\/?lang=en\/?s={search_term_string}\"},\"query-input\":{\"@type\":\"PropertyValueSpecification\",\"valueRequired\":true,\"valueName\":\"search_term_string\"}}],\"inLanguage\":\"en-US\"},{\"@type\":\"Organization\",\"@id\":\"https:\/\/videomappingcenter.com\/?lang=en\/#organization\",\"name\":\"Video Mapping European Center\",\"url\":\"https:\/\/videomappingcenter.com\/?lang=en\/\",\"logo\":{\"@type\":\"ImageObject\",\"inLanguage\":\"en-US\",\"@id\":\"https:\/\/videomappingcenter.com\/?lang=en\/#\/schema\/logo\/image\/\",\"url\":\"https:\/\/videomappingcenter.com\/wp-content\/uploads\/2017\/07\/logo-v3.png\",\"contentUrl\":\"https:\/\/videomappingcenter.com\/wp-content\/uploads\/2017\/07\/logo-v3.png\",\"width\":300,\"height\":135,\"caption\":\"Video Mapping European Center\"},\"image\":{\"@id\":\"https:\/\/videomappingcenter.com\/?lang=en\/#\/schema\/logo\/image\/\"}},{\"@type\":\"Person\",\"@id\":\"https:\/\/videomappingcenter.com\/?lang=en\/#\/schema\/person\/506136ad599d9c386ea59407d183cef8\",\"name\":\"Edimestre\",\"image\":{\"@type\":\"ImageObject\",\"inLanguage\":\"en-US\",\"@id\":\"https:\/\/videomappingcenter.com\/?lang=en\/#\/schema\/person\/image\/\",\"url\":\"https:\/\/videomappingcenter.com\/wp-content\/uploads\/2017\/07\/avatar.jpg\",\"contentUrl\":\"https:\/\/videomappingcenter.com\/wp-content\/uploads\/2017\/07\/avatar.jpg\",\"caption\":\"Edimestre\"}}]}<\/script>\n<!-- \/ Yoast SEO plugin. -->","yoast_head_json":{"title":"MEDIATECTURE - Historial of the Great War\u2019s inner courtyard, P\u00e9ronne, France - Video Mapping Festival 2021 | Video Mapping European Center","robots":{"index":"index","follow":"follow","max-snippet":"max-snippet:-1","max-image-preview":"max-image-preview:large","max-video-preview":"max-video-preview:-1"},"canonical":"https:\/\/videomappingcenter.com\/mediatecture-cour-de-lhistorial-de-la-grande-guerre-peronne-france-video-mapping-festival-2021\/?lang=en","og_locale":"en_US","og_type":"article","og_title":"MEDIATECTURE - Historial of the Great War\u2019s inner courtyard, P\u00e9ronne, France - Video Mapping Festival 2021 | Video Mapping European Center","og_description":"Video mapping created by Rencontres Audiovisuelles in collaboration with the DeVisu laboratory of the Universit\u00e9 Polytechnique Hauts-de-France as part of the Video Mapping Festival and the Video Mapping European Center \/ ERDF research project. Supervision: Jules HUVIGWriting referent: Me\u00ef MENASSEL-SAVREUXDeVisu laboratory members: Hafida BOULEKBACHE, Me\u00ef MENASSEL-SAVREUX, Daniel SCHMITTVisual design: Jules HUVIG, Benjamin DURAND, St\u00e9phanie L\u00c9ONARD, [&hellip;]","og_url":"https:\/\/videomappingcenter.com\/mediatecture-cour-de-lhistorial-de-la-grande-guerre-peronne-france-video-mapping-festival-2021\/?lang=en","og_site_name":"Video Mapping European Center","article_published_time":"2021-10-04T10:15:01+00:00","article_modified_time":"2022-04-06T09:23:05+00:00","og_image":[{"width":900,"height":500,"url":"https:\/\/videomappingcenter.com\/wp-content\/uploads\/2022\/03\/pe\u0301ronne-4.png","type":"image\/png"}],"author":"Edimestre","twitter_card":"summary_large_image","twitter_misc":{"Written by":"Edimestre","Est. reading time":"1 minute"},"schema":{"@context":"https:\/\/schema.org","@graph":[{"@type":"Article","@id":"https:\/\/videomappingcenter.com\/mediatecture-cour-de-lhistorial-de-la-grande-guerre-peronne-france-video-mapping-festival-2021\/?lang=en#article","isPartOf":{"@id":"https:\/\/videomappingcenter.com\/mediatecture-cour-de-lhistorial-de-la-grande-guerre-peronne-france-video-mapping-festival-2021\/?lang=en"},"author":{"name":"Edimestre","@id":"https:\/\/videomappingcenter.com\/?lang=en\/#\/schema\/person\/506136ad599d9c386ea59407d183cef8"},"headline":"MEDIATECTURE &#8211; Historial of the Great War\u2019s inner courtyard, P\u00e9ronne, France &#8211; Video Mapping Festival 2021","datePublished":"2021-10-04T10:15:01+00:00","dateModified":"2022-04-06T09:23:05+00:00","mainEntityOfPage":{"@id":"https:\/\/videomappingcenter.com\/mediatecture-cour-de-lhistorial-de-la-grande-guerre-peronne-france-video-mapping-festival-2021\/?lang=en"},"wordCount":135,"publisher":{"@id":"https:\/\/videomappingcenter.com\/?lang=en\/#organization"},"image":{"@id":"https:\/\/videomappingcenter.com\/mediatecture-cour-de-lhistorial-de-la-grande-guerre-peronne-france-video-mapping-festival-2021\/?lang=en#primaryimage"},"thumbnailUrl":"https:\/\/videomappingcenter.com\/wp-content\/uploads\/2022\/03\/pe\u0301ronne-4.png","keywords":["2021","2021","Adrien TISON","Adrien TISON","Benjamin DURAND","Benjamin DURAND","Daniel Schmitt","Daniel Schmitt","Ephemeral","Hafida BOULEKBACHE","Hauts-de-France","Historial de la Grande Guerre","Historial de la Grande Guerre","Historial of the Great War","Immersive","Jules Huvig","linear","Me\u00ef MENASSEL-SAVREUX","Monument video mapping","Outdoor","P\u00e9ronne","P\u00e9ronne","Production","St\u00e9phanie LEONARD","St\u00e9phanie LEONARD","Video Mapping Festival","Virgile GUIOST","Virgile GUIOST"],"articleSection":["Production","Video Mapping Festival"],"inLanguage":"en-US"},{"@type":"WebPage","@id":"https:\/\/videomappingcenter.com\/mediatecture-cour-de-lhistorial-de-la-grande-guerre-peronne-france-video-mapping-festival-2021\/?lang=en","url":"https:\/\/videomappingcenter.com\/mediatecture-cour-de-lhistorial-de-la-grande-guerre-peronne-france-video-mapping-festival-2021\/?lang=en","name":"MEDIATECTURE - Historial of the Great War\u2019s inner courtyard, P\u00e9ronne, France - Video Mapping Festival 2021 | Video Mapping European Center","isPartOf":{"@id":"https:\/\/videomappingcenter.com\/?lang=en\/#website"},"primaryImageOfPage":{"@id":"https:\/\/videomappingcenter.com\/mediatecture-cour-de-lhistorial-de-la-grande-guerre-peronne-france-video-mapping-festival-2021\/?lang=en#primaryimage"},"image":{"@id":"https:\/\/videomappingcenter.com\/mediatecture-cour-de-lhistorial-de-la-grande-guerre-peronne-france-video-mapping-festival-2021\/?lang=en#primaryimage"},"thumbnailUrl":"https:\/\/videomappingcenter.com\/wp-content\/uploads\/2022\/03\/pe\u0301ronne-4.png","datePublished":"2021-10-04T10:15:01+00:00","dateModified":"2022-04-06T09:23:05+00:00","breadcrumb":{"@id":"https:\/\/videomappingcenter.com\/mediatecture-cour-de-lhistorial-de-la-grande-guerre-peronne-france-video-mapping-festival-2021\/?lang=en#breadcrumb"},"inLanguage":"en-US","potentialAction":[{"@type":"ReadAction","target":["https:\/\/videomappingcenter.com\/mediatecture-cour-de-lhistorial-de-la-grande-guerre-peronne-france-video-mapping-festival-2021\/?lang=en"]}]},{"@type":"ImageObject","inLanguage":"en-US","@id":"https:\/\/videomappingcenter.com\/mediatecture-cour-de-lhistorial-de-la-grande-guerre-peronne-france-video-mapping-festival-2021\/?lang=en#primaryimage","url":"https:\/\/videomappingcenter.com\/wp-content\/uploads\/2022\/03\/pe\u0301ronne-4.png","contentUrl":"https:\/\/videomappingcenter.com\/wp-content\/uploads\/2022\/03\/pe\u0301ronne-4.png","width":900,"height":500},{"@type":"BreadcrumbList","@id":"https:\/\/videomappingcenter.com\/mediatecture-cour-de-lhistorial-de-la-grande-guerre-peronne-france-video-mapping-festival-2021\/?lang=en#breadcrumb","itemListElement":[{"@type":"ListItem","position":1,"name":"Accueil","item":"https:\/\/videomappingcenter.com\/"},{"@type":"ListItem","position":2,"name":"MEDIATECTURE &#8211; Historial of the Great War\u2019s inner courtyard, P\u00e9ronne, France &#8211; Video Mapping Festival 2021"}]},{"@type":"WebSite","@id":"https:\/\/videomappingcenter.com\/?lang=en\/#website","url":"https:\/\/videomappingcenter.com\/?lang=en\/","name":"Video Mapping European Center","description":"Video Mapping European Center","publisher":{"@id":"https:\/\/videomappingcenter.com\/?lang=en\/#organization"},"potentialAction":[{"@type":"SearchAction","target":{"@type":"EntryPoint","urlTemplate":"https:\/\/videomappingcenter.com\/?lang=en\/?s={search_term_string}"},"query-input":{"@type":"PropertyValueSpecification","valueRequired":true,"valueName":"search_term_string"}}],"inLanguage":"en-US"},{"@type":"Organization","@id":"https:\/\/videomappingcenter.com\/?lang=en\/#organization","name":"Video Mapping European Center","url":"https:\/\/videomappingcenter.com\/?lang=en\/","logo":{"@type":"ImageObject","inLanguage":"en-US","@id":"https:\/\/videomappingcenter.com\/?lang=en\/#\/schema\/logo\/image\/","url":"https:\/\/videomappingcenter.com\/wp-content\/uploads\/2017\/07\/logo-v3.png","contentUrl":"https:\/\/videomappingcenter.com\/wp-content\/uploads\/2017\/07\/logo-v3.png","width":300,"height":135,"caption":"Video Mapping European Center"},"image":{"@id":"https:\/\/videomappingcenter.com\/?lang=en\/#\/schema\/logo\/image\/"}},{"@type":"Person","@id":"https:\/\/videomappingcenter.com\/?lang=en\/#\/schema\/person\/506136ad599d9c386ea59407d183cef8","name":"Edimestre","image":{"@type":"ImageObject","inLanguage":"en-US","@id":"https:\/\/videomappingcenter.com\/?lang=en\/#\/schema\/person\/image\/","url":"https:\/\/videomappingcenter.com\/wp-content\/uploads\/2017\/07\/avatar.jpg","contentUrl":"https:\/\/videomappingcenter.com\/wp-content\/uploads\/2017\/07\/avatar.jpg","caption":"Edimestre"}}]}},"_links":{"self":[{"href":"https:\/\/videomappingcenter.com\/en\/wp-json\/wp\/v2\/posts\/9015","targetHints":{"allow":["GET"]}}],"collection":[{"href":"https:\/\/videomappingcenter.com\/en\/wp-json\/wp\/v2\/posts"}],"about":[{"href":"https:\/\/videomappingcenter.com\/en\/wp-json\/wp\/v2\/types\/post"}],"author":[{"embeddable":true,"href":"https:\/\/videomappingcenter.com\/en\/wp-json\/wp\/v2\/users\/3"}],"replies":[{"embeddable":true,"href":"https:\/\/videomappingcenter.com\/en\/wp-json\/wp\/v2\/comments?post=9015"}],"version-history":[{"count":0,"href":"https:\/\/videomappingcenter.com\/en\/wp-json\/wp\/v2\/posts\/9015\/revisions"}],"wp:featuredmedia":[{"embeddable":true,"href":"https:\/\/videomappingcenter.com\/en\/wp-json\/wp\/v2\/media\/9012"}],"wp:attachment":[{"href":"https:\/\/videomappingcenter.com\/en\/wp-json\/wp\/v2\/media?parent=9015"}],"wp:term":[{"taxonomy":"category","embeddable":true,"href":"https:\/\/videomappingcenter.com\/en\/wp-json\/wp\/v2\/categories?post=9015"},{"taxonomy":"post_tag","embeddable":true,"href":"https:\/\/videomappingcenter.com\/en\/wp-json\/wp\/v2\/tags?post=9015"},{"taxonomy":"item-prod","embeddable":true,"href":"https:\/\/videomappingcenter.com\/en\/wp-json\/wp\/v2\/item-prod?post=9015"},{"taxonomy":"item-mapping","embeddable":true,"href":"https:\/\/videomappingcenter.com\/en\/wp-json\/wp\/v2\/item-mapping?post=9015"},{"taxonomy":"item-lieu","embeddable":true,"href":"https:\/\/videomappingcenter.com\/en\/wp-json\/wp\/v2\/item-lieu?post=9015"},{"taxonomy":"item-dates","embeddable":true,"href":"https:\/\/videomappingcenter.com\/en\/wp-json\/wp\/v2\/item-dates?post=9015"}],"curies":[{"name":"wp","href":"https:\/\/api.w.org\/{rel}","templated":true}]}}