{"id":9348,"date":"2021-10-19T18:00:07","date_gmt":"2021-10-19T16:00:07","guid":{"rendered":"https:\/\/videomappingcenter.com\/loin-deurope-monument-aux-morts-des-18-ponts-lille-france-video-mapping-festival-2021\/"},"modified":"2022-04-07T13:19:12","modified_gmt":"2022-04-07T11:19:12","slug":"loin-deurope-monument-aux-morts-des-18-ponts-lille-france-video-mapping-festival-2021","status":"publish","type":"post","link":"https:\/\/videomappingcenter.com\/en\/loin-deurope-monument-aux-morts-des-18-ponts-lille-france-video-mapping-festival-2021\/","title":{"rendered":"FAR FROM EUROPE  &#8211; War Memorial 18 Ponts, Lille, France &#8211; Video Mapping Festival 2021"},"content":{"rendered":"\n<iframe loading=\"lazy\" src=\"https:\/\/player.vimeo.com\/video\/692182793?h=ad05473311\" width=\"640\" height=\"360\" frameborder=\"0\" allow=\"autoplay; fullscreen; picture-in-picture\" allowfullscreen=\"\"><\/iframe>\n\n\n\n<p style=\"text-align:justify\">Video mapping created by Julian H\u00d6LSCHER as part of the Video Mapping Festival #4.<br><br><strong>\u25ba Far from Europe<\/strong><br>Europe has grown together and new borders have formed. Today we hear about war-related suffering mostly on our screens. Starting from the commemoration of the victims of the \u201c18 ponts\u201d in the First World War, the work raises the question about our European values and which victims we have to commemorate today.<br><br><strong>Artistic direction:&nbsp;<\/strong>Julian H\u00d6LSCHER (Allemagne)<br><strong>Sound design:<\/strong>&nbsp;Thomas Friedrich WERNER<br><br><em>With the support of the Hauts-de-France Region, the Drac Hauts-de-France, the M\u00e9tropole Europ\u00e9enne de Lille, the City of Lille and the Cr\u00e9dit Mutuel Nord Europe.<\/em><br><br><br><strong>More info:&nbsp;<a rel=\"noreferrer noopener\" href=\"https:\/\/videomappingfestival.com\/?lang=en\" target=\"_blank\">videomappingfestival.com<\/a><\/strong><br><strong>Facebook:&nbsp;<a rel=\"noreferrer noopener\" href=\"https:\/\/www.facebook.com\/VideoMappingFestival\" target=\"_blank\">Video Mapping Festival<\/a><\/strong><br><\/p>\n<div class=\"simple-taxonomy\">\n\t<div class=\"taxonomy-item-prod\"><a href=\"https:\/\/videomappingcenter.com\/en\/item-prod\/evenement\/\" rel=\"tag\">Event<\/a>, <a href=\"https:\/\/videomappingcenter.com\/en\/item-prod\/production\/\" rel=\"tag\">Production<\/a><\/div>\n\t<div class=\"taxonomy-item-mapping\"><a href=\"https:\/\/videomappingcenter.com\/en\/item-mapping\/itinerary\/\" rel=\"tag\">Itinerary<\/a>, <a href=\"https:\/\/videomappingcenter.com\/en\/item-mapping\/mapping-monumental-en\/\" rel=\"tag\">Monument video mapping<\/a><\/div>\n\t<div class=\"taxonomy-item-lieu\"><a href=\"https:\/\/videomappingcenter.com\/en\/item-lieu\/hauts-de-france-en\/\" rel=\"tag\">Hauts-de-France<\/a><\/div>\n\t<div class=\"taxonomy-item-dates\"><a href=\"https:\/\/videomappingcenter.com\/en\/item-dates\/2021-en\/\" rel=\"tag\">2021<\/a><\/div>\n\n<\/div>\n","protected":false},"excerpt":{"rendered":"<p>Video mapping created by Julian H\u00d6LSCHER as part of the Video Mapping Festival #4. \u25ba Far from EuropeEurope has grown together and new borders have formed. Today we hear about war-related suffering mostly on our screens. Starting from the commemoration of the victims of the \u201c18 ponts\u201d in the First World War, the work raises [&hellip;]<\/p>\n<div class=\"simple-taxonomy\">\n\t<div class=\"taxonomy-item-prod\"><a href=\"https:\/\/videomappingcenter.com\/en\/item-prod\/evenement\/\" rel=\"tag\">Event<\/a>, <a href=\"https:\/\/videomappingcenter.com\/en\/item-prod\/production\/\" rel=\"tag\">Production<\/a><\/div>\n\t<div class=\"taxonomy-item-mapping\"><a href=\"https:\/\/videomappingcenter.com\/en\/item-mapping\/itinerary\/\" rel=\"tag\">Itinerary<\/a>, <a href=\"https:\/\/videomappingcenter.com\/en\/item-mapping\/mapping-monumental-en\/\" rel=\"tag\">Monument video mapping<\/a><\/div>\n\t<div class=\"taxonomy-item-lieu\"><a href=\"https:\/\/videomappingcenter.com\/en\/item-lieu\/hauts-de-france-en\/\" rel=\"tag\">Hauts-de-France<\/a><\/div>\n\t<div class=\"taxonomy-item-dates\"><a href=\"https:\/\/videomappingcenter.com\/en\/item-dates\/2021-en\/\" rel=\"tag\">2021<\/a><\/div>\n\n<\/div>\n","protected":false},"author":3,"featured_media":9343,"comment_status":"closed","ping_status":"closed","sticky":false,"template":"","format":"standard","meta":{"footnotes":""},"categories":[146,149],"tags":[1897,1892,124,117,64,82,131,995,1001,87,136,120,2072,2070,110,116,52,2071,2073,55,108],"item-prod":[157,155],"item-mapping":[563,277],"item-lieu":[281],"item-dates":[1901],"class_list":["post-9348","post","type-post","status-publish","format-standard","has-post-thumbnail","hentry","category-production-en","category-video-mapping-festival-en","tag-2021-en","tag-1892","tag-transcient","tag-front","tag-frontal","tag-hauts-de-france","tag-hauts-de-france-en","tag-julian-holscher","tag-julian-holscher-en","tag-lille","tag-lille-en","tag-linear","tag-monument-aux-morts-des-18-ponts-en","tag-monument-aux-morts-des-18-ponts","tag-monument-video-mapping","tag-outdoor","tag-production","tag-thomas-friedrich","tag-thomas-friedrich-en","tag-video-mapping-festival","tag-video-mapping-festival-en","item-prod-evenement","item-prod-production","item-mapping-itinerary","item-mapping-mapping-monumental-en","item-lieu-hauts-de-france-en","item-dates-2021-en"],"yoast_head":"<!-- This site is optimized with the Yoast SEO plugin v25.8 - https:\/\/yoast.com\/wordpress\/plugins\/seo\/ -->\n<title>FAR FROM EUROPE - War Memorial 18 Ponts, Lille, France - Video Mapping Festival 2021 | Video Mapping European Center<\/title>\n<meta name=\"robots\" content=\"index, follow, max-snippet:-1, max-image-preview:large, max-video-preview:-1\" \/>\n<link rel=\"canonical\" href=\"https:\/\/videomappingcenter.com\/loin-deurope-monument-aux-morts-des-18-ponts-lille-france-video-mapping-festival-2021\/?lang=en\" \/>\n<meta property=\"og:locale\" content=\"en_US\" \/>\n<meta property=\"og:type\" content=\"article\" \/>\n<meta property=\"og:title\" content=\"FAR FROM EUROPE - War Memorial 18 Ponts, Lille, France - Video Mapping Festival 2021 | Video Mapping European Center\" \/>\n<meta property=\"og:description\" content=\"Video mapping created by Julian H\u00d6LSCHER as part of the Video Mapping Festival #4. \u25ba Far from EuropeEurope has grown together and new borders have formed. Today we hear about war-related suffering mostly on our screens. Starting from the commemoration of the victims of the \u201c18 ponts\u201d in the First World War, the work raises [&hellip;]\" \/>\n<meta property=\"og:url\" content=\"https:\/\/videomappingcenter.com\/loin-deurope-monument-aux-morts-des-18-ponts-lille-france-video-mapping-festival-2021\/?lang=en\" \/>\n<meta property=\"og:site_name\" content=\"Video Mapping European Center\" \/>\n<meta property=\"article:published_time\" content=\"2021-10-19T16:00:07+00:00\" \/>\n<meta property=\"article:modified_time\" content=\"2022-04-07T11:19:12+00:00\" \/>\n<meta property=\"og:image\" content=\"https:\/\/videomappingcenter.com\/wp-content\/uploads\/2022\/04\/18-ponts.png\" \/>\n\t<meta property=\"og:image:width\" content=\"900\" \/>\n\t<meta property=\"og:image:height\" content=\"500\" \/>\n\t<meta property=\"og:image:type\" content=\"image\/png\" \/>\n<meta name=\"author\" content=\"Edimestre\" \/>\n<meta name=\"twitter:card\" content=\"summary_large_image\" \/>\n<meta name=\"twitter:label1\" content=\"Written by\" \/>\n\t<meta name=\"twitter:data1\" content=\"Edimestre\" \/>\n\t<meta name=\"twitter:label2\" content=\"Est. reading time\" \/>\n\t<meta name=\"twitter:data2\" content=\"1 minute\" \/>\n<script type=\"application\/ld+json\" class=\"yoast-schema-graph\">{\"@context\":\"https:\/\/schema.org\",\"@graph\":[{\"@type\":\"Article\",\"@id\":\"https:\/\/videomappingcenter.com\/loin-deurope-monument-aux-morts-des-18-ponts-lille-france-video-mapping-festival-2021\/?lang=en#article\",\"isPartOf\":{\"@id\":\"https:\/\/videomappingcenter.com\/loin-deurope-monument-aux-morts-des-18-ponts-lille-france-video-mapping-festival-2021\/?lang=en\"},\"author\":{\"name\":\"Edimestre\",\"@id\":\"https:\/\/videomappingcenter.com\/?lang=en\/#\/schema\/person\/506136ad599d9c386ea59407d183cef8\"},\"headline\":\"FAR FROM EUROPE &#8211; War Memorial 18 Ponts, Lille, France &#8211; Video Mapping Festival 2021\",\"datePublished\":\"2021-10-19T16:00:07+00:00\",\"dateModified\":\"2022-04-07T11:19:12+00:00\",\"mainEntityOfPage\":{\"@id\":\"https:\/\/videomappingcenter.com\/loin-deurope-monument-aux-morts-des-18-ponts-lille-france-video-mapping-festival-2021\/?lang=en\"},\"wordCount\":132,\"publisher\":{\"@id\":\"https:\/\/videomappingcenter.com\/?lang=en\/#organization\"},\"image\":{\"@id\":\"https:\/\/videomappingcenter.com\/loin-deurope-monument-aux-morts-des-18-ponts-lille-france-video-mapping-festival-2021\/?lang=en#primaryimage\"},\"thumbnailUrl\":\"https:\/\/videomappingcenter.com\/wp-content\/uploads\/2022\/04\/18-ponts.png\",\"keywords\":[\"2021\",\"2021\",\"Ephemeral\",\"Frontal\",\"Frontal\",\"Hauts-de-France\",\"Hauts-de-France\",\"Julian H\u00f6lscher\",\"Julian H\u00f6lscher\",\"Lille\",\"Lille\",\"linear\",\"Monument aux Morts des 18 Ponts\",\"Monument aux Morts des 18 Ponts\",\"Monument video mapping\",\"Outdoor\",\"Production\",\"Thomas Friedrich\",\"Thomas Friedrich\",\"Video Mapping Festival\",\"Video Mapping Festival\"],\"articleSection\":[\"Production\",\"Video Mapping Festival\"],\"inLanguage\":\"en-US\"},{\"@type\":\"WebPage\",\"@id\":\"https:\/\/videomappingcenter.com\/loin-deurope-monument-aux-morts-des-18-ponts-lille-france-video-mapping-festival-2021\/?lang=en\",\"url\":\"https:\/\/videomappingcenter.com\/loin-deurope-monument-aux-morts-des-18-ponts-lille-france-video-mapping-festival-2021\/?lang=en\",\"name\":\"FAR FROM EUROPE - War Memorial 18 Ponts, Lille, France - Video Mapping Festival 2021 | Video Mapping European Center\",\"isPartOf\":{\"@id\":\"https:\/\/videomappingcenter.com\/?lang=en\/#website\"},\"primaryImageOfPage\":{\"@id\":\"https:\/\/videomappingcenter.com\/loin-deurope-monument-aux-morts-des-18-ponts-lille-france-video-mapping-festival-2021\/?lang=en#primaryimage\"},\"image\":{\"@id\":\"https:\/\/videomappingcenter.com\/loin-deurope-monument-aux-morts-des-18-ponts-lille-france-video-mapping-festival-2021\/?lang=en#primaryimage\"},\"thumbnailUrl\":\"https:\/\/videomappingcenter.com\/wp-content\/uploads\/2022\/04\/18-ponts.png\",\"datePublished\":\"2021-10-19T16:00:07+00:00\",\"dateModified\":\"2022-04-07T11:19:12+00:00\",\"breadcrumb\":{\"@id\":\"https:\/\/videomappingcenter.com\/loin-deurope-monument-aux-morts-des-18-ponts-lille-france-video-mapping-festival-2021\/?lang=en#breadcrumb\"},\"inLanguage\":\"en-US\",\"potentialAction\":[{\"@type\":\"ReadAction\",\"target\":[\"https:\/\/videomappingcenter.com\/loin-deurope-monument-aux-morts-des-18-ponts-lille-france-video-mapping-festival-2021\/?lang=en\"]}]},{\"@type\":\"ImageObject\",\"inLanguage\":\"en-US\",\"@id\":\"https:\/\/videomappingcenter.com\/loin-deurope-monument-aux-morts-des-18-ponts-lille-france-video-mapping-festival-2021\/?lang=en#primaryimage\",\"url\":\"https:\/\/videomappingcenter.com\/wp-content\/uploads\/2022\/04\/18-ponts.png\",\"contentUrl\":\"https:\/\/videomappingcenter.com\/wp-content\/uploads\/2022\/04\/18-ponts.png\",\"width\":900,\"height\":500},{\"@type\":\"BreadcrumbList\",\"@id\":\"https:\/\/videomappingcenter.com\/loin-deurope-monument-aux-morts-des-18-ponts-lille-france-video-mapping-festival-2021\/?lang=en#breadcrumb\",\"itemListElement\":[{\"@type\":\"ListItem\",\"position\":1,\"name\":\"Accueil\",\"item\":\"https:\/\/videomappingcenter.com\/\"},{\"@type\":\"ListItem\",\"position\":2,\"name\":\"FAR FROM EUROPE &#8211; War Memorial 18 Ponts, Lille, France &#8211; Video Mapping Festival 2021\"}]},{\"@type\":\"WebSite\",\"@id\":\"https:\/\/videomappingcenter.com\/?lang=en\/#website\",\"url\":\"https:\/\/videomappingcenter.com\/?lang=en\/\",\"name\":\"Video Mapping European Center\",\"description\":\"Video Mapping European Center\",\"publisher\":{\"@id\":\"https:\/\/videomappingcenter.com\/?lang=en\/#organization\"},\"potentialAction\":[{\"@type\":\"SearchAction\",\"target\":{\"@type\":\"EntryPoint\",\"urlTemplate\":\"https:\/\/videomappingcenter.com\/?lang=en\/?s={search_term_string}\"},\"query-input\":{\"@type\":\"PropertyValueSpecification\",\"valueRequired\":true,\"valueName\":\"search_term_string\"}}],\"inLanguage\":\"en-US\"},{\"@type\":\"Organization\",\"@id\":\"https:\/\/videomappingcenter.com\/?lang=en\/#organization\",\"name\":\"Video Mapping European Center\",\"url\":\"https:\/\/videomappingcenter.com\/?lang=en\/\",\"logo\":{\"@type\":\"ImageObject\",\"inLanguage\":\"en-US\",\"@id\":\"https:\/\/videomappingcenter.com\/?lang=en\/#\/schema\/logo\/image\/\",\"url\":\"https:\/\/videomappingcenter.com\/wp-content\/uploads\/2017\/07\/logo-v3.png\",\"contentUrl\":\"https:\/\/videomappingcenter.com\/wp-content\/uploads\/2017\/07\/logo-v3.png\",\"width\":300,\"height\":135,\"caption\":\"Video Mapping European Center\"},\"image\":{\"@id\":\"https:\/\/videomappingcenter.com\/?lang=en\/#\/schema\/logo\/image\/\"}},{\"@type\":\"Person\",\"@id\":\"https:\/\/videomappingcenter.com\/?lang=en\/#\/schema\/person\/506136ad599d9c386ea59407d183cef8\",\"name\":\"Edimestre\",\"image\":{\"@type\":\"ImageObject\",\"inLanguage\":\"en-US\",\"@id\":\"https:\/\/videomappingcenter.com\/?lang=en\/#\/schema\/person\/image\/\",\"url\":\"https:\/\/videomappingcenter.com\/wp-content\/uploads\/2017\/07\/avatar.jpg\",\"contentUrl\":\"https:\/\/videomappingcenter.com\/wp-content\/uploads\/2017\/07\/avatar.jpg\",\"caption\":\"Edimestre\"}}]}<\/script>\n<!-- \/ Yoast SEO plugin. -->","yoast_head_json":{"title":"FAR FROM EUROPE - War Memorial 18 Ponts, Lille, France - Video Mapping Festival 2021 | Video Mapping European Center","robots":{"index":"index","follow":"follow","max-snippet":"max-snippet:-1","max-image-preview":"max-image-preview:large","max-video-preview":"max-video-preview:-1"},"canonical":"https:\/\/videomappingcenter.com\/loin-deurope-monument-aux-morts-des-18-ponts-lille-france-video-mapping-festival-2021\/?lang=en","og_locale":"en_US","og_type":"article","og_title":"FAR FROM EUROPE - War Memorial 18 Ponts, Lille, France - Video Mapping Festival 2021 | Video Mapping European Center","og_description":"Video mapping created by Julian H\u00d6LSCHER as part of the Video Mapping Festival #4. \u25ba Far from EuropeEurope has grown together and new borders have formed. Today we hear about war-related suffering mostly on our screens. Starting from the commemoration of the victims of the \u201c18 ponts\u201d in the First World War, the work raises [&hellip;]","og_url":"https:\/\/videomappingcenter.com\/loin-deurope-monument-aux-morts-des-18-ponts-lille-france-video-mapping-festival-2021\/?lang=en","og_site_name":"Video Mapping European Center","article_published_time":"2021-10-19T16:00:07+00:00","article_modified_time":"2022-04-07T11:19:12+00:00","og_image":[{"width":900,"height":500,"url":"https:\/\/videomappingcenter.com\/wp-content\/uploads\/2022\/04\/18-ponts.png","type":"image\/png"}],"author":"Edimestre","twitter_card":"summary_large_image","twitter_misc":{"Written by":"Edimestre","Est. reading time":"1 minute"},"schema":{"@context":"https:\/\/schema.org","@graph":[{"@type":"Article","@id":"https:\/\/videomappingcenter.com\/loin-deurope-monument-aux-morts-des-18-ponts-lille-france-video-mapping-festival-2021\/?lang=en#article","isPartOf":{"@id":"https:\/\/videomappingcenter.com\/loin-deurope-monument-aux-morts-des-18-ponts-lille-france-video-mapping-festival-2021\/?lang=en"},"author":{"name":"Edimestre","@id":"https:\/\/videomappingcenter.com\/?lang=en\/#\/schema\/person\/506136ad599d9c386ea59407d183cef8"},"headline":"FAR FROM EUROPE &#8211; War Memorial 18 Ponts, Lille, France &#8211; Video Mapping Festival 2021","datePublished":"2021-10-19T16:00:07+00:00","dateModified":"2022-04-07T11:19:12+00:00","mainEntityOfPage":{"@id":"https:\/\/videomappingcenter.com\/loin-deurope-monument-aux-morts-des-18-ponts-lille-france-video-mapping-festival-2021\/?lang=en"},"wordCount":132,"publisher":{"@id":"https:\/\/videomappingcenter.com\/?lang=en\/#organization"},"image":{"@id":"https:\/\/videomappingcenter.com\/loin-deurope-monument-aux-morts-des-18-ponts-lille-france-video-mapping-festival-2021\/?lang=en#primaryimage"},"thumbnailUrl":"https:\/\/videomappingcenter.com\/wp-content\/uploads\/2022\/04\/18-ponts.png","keywords":["2021","2021","Ephemeral","Frontal","Frontal","Hauts-de-France","Hauts-de-France","Julian H\u00f6lscher","Julian H\u00f6lscher","Lille","Lille","linear","Monument aux Morts des 18 Ponts","Monument aux Morts des 18 Ponts","Monument video mapping","Outdoor","Production","Thomas Friedrich","Thomas Friedrich","Video Mapping Festival","Video Mapping Festival"],"articleSection":["Production","Video Mapping Festival"],"inLanguage":"en-US"},{"@type":"WebPage","@id":"https:\/\/videomappingcenter.com\/loin-deurope-monument-aux-morts-des-18-ponts-lille-france-video-mapping-festival-2021\/?lang=en","url":"https:\/\/videomappingcenter.com\/loin-deurope-monument-aux-morts-des-18-ponts-lille-france-video-mapping-festival-2021\/?lang=en","name":"FAR FROM EUROPE - War Memorial 18 Ponts, Lille, France - Video Mapping Festival 2021 | Video Mapping European Center","isPartOf":{"@id":"https:\/\/videomappingcenter.com\/?lang=en\/#website"},"primaryImageOfPage":{"@id":"https:\/\/videomappingcenter.com\/loin-deurope-monument-aux-morts-des-18-ponts-lille-france-video-mapping-festival-2021\/?lang=en#primaryimage"},"image":{"@id":"https:\/\/videomappingcenter.com\/loin-deurope-monument-aux-morts-des-18-ponts-lille-france-video-mapping-festival-2021\/?lang=en#primaryimage"},"thumbnailUrl":"https:\/\/videomappingcenter.com\/wp-content\/uploads\/2022\/04\/18-ponts.png","datePublished":"2021-10-19T16:00:07+00:00","dateModified":"2022-04-07T11:19:12+00:00","breadcrumb":{"@id":"https:\/\/videomappingcenter.com\/loin-deurope-monument-aux-morts-des-18-ponts-lille-france-video-mapping-festival-2021\/?lang=en#breadcrumb"},"inLanguage":"en-US","potentialAction":[{"@type":"ReadAction","target":["https:\/\/videomappingcenter.com\/loin-deurope-monument-aux-morts-des-18-ponts-lille-france-video-mapping-festival-2021\/?lang=en"]}]},{"@type":"ImageObject","inLanguage":"en-US","@id":"https:\/\/videomappingcenter.com\/loin-deurope-monument-aux-morts-des-18-ponts-lille-france-video-mapping-festival-2021\/?lang=en#primaryimage","url":"https:\/\/videomappingcenter.com\/wp-content\/uploads\/2022\/04\/18-ponts.png","contentUrl":"https:\/\/videomappingcenter.com\/wp-content\/uploads\/2022\/04\/18-ponts.png","width":900,"height":500},{"@type":"BreadcrumbList","@id":"https:\/\/videomappingcenter.com\/loin-deurope-monument-aux-morts-des-18-ponts-lille-france-video-mapping-festival-2021\/?lang=en#breadcrumb","itemListElement":[{"@type":"ListItem","position":1,"name":"Accueil","item":"https:\/\/videomappingcenter.com\/"},{"@type":"ListItem","position":2,"name":"FAR FROM EUROPE &#8211; War Memorial 18 Ponts, Lille, France &#8211; Video Mapping Festival 2021"}]},{"@type":"WebSite","@id":"https:\/\/videomappingcenter.com\/?lang=en\/#website","url":"https:\/\/videomappingcenter.com\/?lang=en\/","name":"Video Mapping European Center","description":"Video Mapping European Center","publisher":{"@id":"https:\/\/videomappingcenter.com\/?lang=en\/#organization"},"potentialAction":[{"@type":"SearchAction","target":{"@type":"EntryPoint","urlTemplate":"https:\/\/videomappingcenter.com\/?lang=en\/?s={search_term_string}"},"query-input":{"@type":"PropertyValueSpecification","valueRequired":true,"valueName":"search_term_string"}}],"inLanguage":"en-US"},{"@type":"Organization","@id":"https:\/\/videomappingcenter.com\/?lang=en\/#organization","name":"Video Mapping European Center","url":"https:\/\/videomappingcenter.com\/?lang=en\/","logo":{"@type":"ImageObject","inLanguage":"en-US","@id":"https:\/\/videomappingcenter.com\/?lang=en\/#\/schema\/logo\/image\/","url":"https:\/\/videomappingcenter.com\/wp-content\/uploads\/2017\/07\/logo-v3.png","contentUrl":"https:\/\/videomappingcenter.com\/wp-content\/uploads\/2017\/07\/logo-v3.png","width":300,"height":135,"caption":"Video Mapping European Center"},"image":{"@id":"https:\/\/videomappingcenter.com\/?lang=en\/#\/schema\/logo\/image\/"}},{"@type":"Person","@id":"https:\/\/videomappingcenter.com\/?lang=en\/#\/schema\/person\/506136ad599d9c386ea59407d183cef8","name":"Edimestre","image":{"@type":"ImageObject","inLanguage":"en-US","@id":"https:\/\/videomappingcenter.com\/?lang=en\/#\/schema\/person\/image\/","url":"https:\/\/videomappingcenter.com\/wp-content\/uploads\/2017\/07\/avatar.jpg","contentUrl":"https:\/\/videomappingcenter.com\/wp-content\/uploads\/2017\/07\/avatar.jpg","caption":"Edimestre"}}]}},"_links":{"self":[{"href":"https:\/\/videomappingcenter.com\/en\/wp-json\/wp\/v2\/posts\/9348","targetHints":{"allow":["GET"]}}],"collection":[{"href":"https:\/\/videomappingcenter.com\/en\/wp-json\/wp\/v2\/posts"}],"about":[{"href":"https:\/\/videomappingcenter.com\/en\/wp-json\/wp\/v2\/types\/post"}],"author":[{"embeddable":true,"href":"https:\/\/videomappingcenter.com\/en\/wp-json\/wp\/v2\/users\/3"}],"replies":[{"embeddable":true,"href":"https:\/\/videomappingcenter.com\/en\/wp-json\/wp\/v2\/comments?post=9348"}],"version-history":[{"count":0,"href":"https:\/\/videomappingcenter.com\/en\/wp-json\/wp\/v2\/posts\/9348\/revisions"}],"wp:featuredmedia":[{"embeddable":true,"href":"https:\/\/videomappingcenter.com\/en\/wp-json\/wp\/v2\/media\/9343"}],"wp:attachment":[{"href":"https:\/\/videomappingcenter.com\/en\/wp-json\/wp\/v2\/media?parent=9348"}],"wp:term":[{"taxonomy":"category","embeddable":true,"href":"https:\/\/videomappingcenter.com\/en\/wp-json\/wp\/v2\/categories?post=9348"},{"taxonomy":"post_tag","embeddable":true,"href":"https:\/\/videomappingcenter.com\/en\/wp-json\/wp\/v2\/tags?post=9348"},{"taxonomy":"item-prod","embeddable":true,"href":"https:\/\/videomappingcenter.com\/en\/wp-json\/wp\/v2\/item-prod?post=9348"},{"taxonomy":"item-mapping","embeddable":true,"href":"https:\/\/videomappingcenter.com\/en\/wp-json\/wp\/v2\/item-mapping?post=9348"},{"taxonomy":"item-lieu","embeddable":true,"href":"https:\/\/videomappingcenter.com\/en\/wp-json\/wp\/v2\/item-lieu?post=9348"},{"taxonomy":"item-dates","embeddable":true,"href":"https:\/\/videomappingcenter.com\/en\/wp-json\/wp\/v2\/item-dates?post=9348"}],"curies":[{"name":"wp","href":"https:\/\/api.w.org\/{rel}","templated":true}]}}