{"id":9673,"date":"2021-10-30T11:51:36","date_gmt":"2021-10-30T09:51:36","guid":{"rendered":"https:\/\/videomappingcenter.com\/le-jeune-roi-et-le-cerf-chateau-royal-%e2%80%a8senlis-france-video-mapping-festival-2021%e2%80%a8\/"},"modified":"2022-05-23T11:03:07","modified_gmt":"2022-05-23T09:03:07","slug":"le-jeune-roi-et-le-cerf-chateau-royal-%e2%80%a8senlis-france-video-mapping-festival-2021%e2%80%a8","status":"publish","type":"post","link":"https:\/\/videomappingcenter.com\/en\/le-jeune-roi-et-le-cerf-chateau-royal-%e2%80%a8senlis-france-video-mapping-festival-2021%e2%80%a8\/","title":{"rendered":"THE YOUNG KING AND THE STAG &#8211; Royal Castle, Senlis, France &#8211; Video Mapping Festival 2021"},"content":{"rendered":"\n<figure><iframe loading=\"lazy\" src=\"https:\/\/player.vimeo.com\/video\/696743256?h=7265b574e7\" width=\"640\" height=\"360\" allowfullscreen=\"\"><\/iframe><\/figure>\n\n\n\n<p style=\"text-align:justify\"> Video mapping created by Rencontres Audiovisuelles as part of the Video Mapping Festival #4.<br><br>\u25ba&nbsp;<strong>The young king and the deer<\/strong><br>Charles VI is a character with a colourful history. King appreciated by his people, he was unfortunately afflicted with terrible psychic disorders. Using the magical properties of the forest, this video mapping invites you to explore the different aspects of the personality of Charles VI in the manner of a tale.<br><br><strong>Supervision:<\/strong> Jules HUVIG<br><strong>Visual design:<\/strong>&nbsp;Jules HUVIG, St\u00e9phanie L\u00c9ONARD, Lea MINIGGIO, C\u00e9sar PAYRAT, Cl\u00e9ment VERFAILLIE<br><strong>Original music:<\/strong>&nbsp;Virgile GUIOST<br><br><em>With the support of the Hauts-de-France Region, the Drac Hauts-de-France and the City of Senlis.<\/em><br><br><br><strong>More info:&nbsp;<a rel=\"noreferrer noopener\" href=\"https:\/\/videomappingfestival.com\/?lang=en\" target=\"_blank\">videomappingfestival.com<\/a><\/strong><br><strong>Facebook&nbsp;:&nbsp;<a rel=\"noreferrer noopener\" href=\"https:\/\/www.facebook.com\/VideoMappingFestival\" target=\"_blank\">Video Mapping Festival<\/a><\/strong><br><\/p>\n<div class=\"simple-taxonomy\">\n\t<div class=\"taxonomy-item-prod\"><a href=\"https:\/\/videomappingcenter.com\/en\/item-prod\/evenement\/\" rel=\"tag\">Event<\/a>, <a href=\"https:\/\/videomappingcenter.com\/en\/item-prod\/production\/\" rel=\"tag\">Production<\/a><\/div>\n\t<div class=\"taxonomy-item-mapping\"><a href=\"https:\/\/videomappingcenter.com\/en\/item-mapping\/itinerary\/\" rel=\"tag\">Itinerary<\/a>, <a href=\"https:\/\/videomappingcenter.com\/en\/item-mapping\/mapping-monumental-en\/\" rel=\"tag\">Monument video mapping<\/a><\/div>\n\t<div class=\"taxonomy-item-lieu\"><a href=\"https:\/\/videomappingcenter.com\/en\/item-lieu\/hauts-de-france-en\/\" rel=\"tag\">Hauts-de-France<\/a><\/div>\n\t<div class=\"taxonomy-item-dates\"><a href=\"https:\/\/videomappingcenter.com\/en\/item-dates\/2021-en\/\" rel=\"tag\">2021<\/a><\/div>\n\n<\/div>\n","protected":false},"excerpt":{"rendered":"<p>Video mapping created by Rencontres Audiovisuelles as part of the Video Mapping Festival #4. \u25ba&nbsp;The young king and the deerCharles VI is a character with a colourful history. King appreciated by his people, he was unfortunately afflicted with terrible psychic disorders. Using the magical properties of the forest, this video mapping invites you to explore [&hellip;]<\/p>\n<div class=\"simple-taxonomy\">\n\t<div class=\"taxonomy-item-prod\"><a href=\"https:\/\/videomappingcenter.com\/en\/item-prod\/evenement\/\" rel=\"tag\">Event<\/a>, <a href=\"https:\/\/videomappingcenter.com\/en\/item-prod\/production\/\" rel=\"tag\">Production<\/a><\/div>\n\t<div class=\"taxonomy-item-mapping\"><a href=\"https:\/\/videomappingcenter.com\/en\/item-mapping\/itinerary\/\" rel=\"tag\">Itinerary<\/a>, <a href=\"https:\/\/videomappingcenter.com\/en\/item-mapping\/mapping-monumental-en\/\" rel=\"tag\">Monument video mapping<\/a><\/div>\n\t<div class=\"taxonomy-item-lieu\"><a href=\"https:\/\/videomappingcenter.com\/en\/item-lieu\/hauts-de-france-en\/\" rel=\"tag\">Hauts-de-France<\/a><\/div>\n\t<div class=\"taxonomy-item-dates\"><a href=\"https:\/\/videomappingcenter.com\/en\/item-dates\/2021-en\/\" rel=\"tag\">2021<\/a><\/div>\n\n<\/div>\n","protected":false},"author":3,"featured_media":9665,"comment_status":"closed","ping_status":"closed","sticky":false,"template":"","format":"standard","meta":{"footnotes":""},"categories":[146,149],"tags":[1897,1956,2112,2113,124,117,131,674,1959,120,110,116,105,1716,108,1952],"item-prod":[157,155],"item-mapping":[563,277],"item-lieu":[281],"item-dates":[1901],"class_list":["post-9673","post","type-post","status-publish","format-standard","has-post-thumbnail","hentry","category-production-en","category-video-mapping-festival-en","tag-2021-en","tag-cesar-payrat-en","tag-chateau-royal-en","tag-clement-verfaillie-en","tag-transcient","tag-front","tag-hauts-de-france-en","tag-jules-huvig-en","tag-lea-miniggio-en","tag-linear","tag-monument-video-mapping","tag-outdoor","tag-production-en","tag-stephanie-leonard-en","tag-video-mapping-festival-en","tag-virgile-guiost-en","item-prod-evenement","item-prod-production","item-mapping-itinerary","item-mapping-mapping-monumental-en","item-lieu-hauts-de-france-en","item-dates-2021-en"],"yoast_head":"<!-- This site is optimized with the Yoast SEO plugin v25.8 - https:\/\/yoast.com\/wordpress\/plugins\/seo\/ -->\n<title>THE YOUNG KING AND THE STAG - Royal Castle, Senlis, France - Video Mapping Festival 2021 | Video Mapping European Center<\/title>\n<meta name=\"robots\" content=\"index, follow, max-snippet:-1, max-image-preview:large, max-video-preview:-1\" \/>\n<link rel=\"canonical\" href=\"https:\/\/videomappingcenter.com\/le-jeune-roi-et-le-cerf-chateau-royal-\u2028senlis-france-video-mapping-festival-2021\u2028\/\" \/>\n<meta property=\"og:locale\" content=\"en_US\" \/>\n<meta property=\"og:type\" content=\"article\" \/>\n<meta property=\"og:title\" content=\"THE YOUNG KING AND THE STAG - Royal Castle, Senlis, France - Video Mapping Festival 2021 | Video Mapping European Center\" \/>\n<meta property=\"og:description\" content=\"Video mapping created by Rencontres Audiovisuelles as part of the Video Mapping Festival #4. \u25ba&nbsp;The young king and the deerCharles VI is a character with a colourful history. King appreciated by his people, he was unfortunately afflicted with terrible psychic disorders. Using the magical properties of the forest, this video mapping invites you to explore [&hellip;]\" \/>\n<meta property=\"og:url\" content=\"https:\/\/videomappingcenter.com\/le-jeune-roi-et-le-cerf-chateau-royal-\u2028senlis-france-video-mapping-festival-2021\u2028\/\" \/>\n<meta property=\"og:site_name\" content=\"Video Mapping European Center\" \/>\n<meta property=\"article:published_time\" content=\"2021-10-30T09:51:36+00:00\" \/>\n<meta property=\"article:modified_time\" content=\"2022-05-23T09:03:07+00:00\" \/>\n<meta property=\"og:image\" content=\"https:\/\/videomappingcenter.com\/wp-content\/uploads\/2022\/04\/VMF4_Senlis_2.png\" \/>\n\t<meta property=\"og:image:width\" content=\"900\" \/>\n\t<meta property=\"og:image:height\" content=\"500\" \/>\n\t<meta property=\"og:image:type\" content=\"image\/png\" \/>\n<meta name=\"author\" content=\"Edimestre\" \/>\n<meta name=\"twitter:card\" content=\"summary_large_image\" \/>\n<meta name=\"twitter:label1\" content=\"Written by\" \/>\n\t<meta name=\"twitter:data1\" content=\"Edimestre\" \/>\n\t<meta name=\"twitter:label2\" content=\"Est. reading time\" \/>\n\t<meta name=\"twitter:data2\" content=\"1 minute\" \/>\n<script type=\"application\/ld+json\" class=\"yoast-schema-graph\">{\"@context\":\"https:\/\/schema.org\",\"@graph\":[{\"@type\":\"Article\",\"@id\":\"https:\/\/videomappingcenter.com\/le-jeune-roi-et-le-cerf-chateau-royal-%e2%80%a8senlis-france-video-mapping-festival-2021%e2%80%a8\/#article\",\"isPartOf\":{\"@id\":\"https:\/\/videomappingcenter.com\/le-jeune-roi-et-le-cerf-chateau-royal-%e2%80%a8senlis-france-video-mapping-festival-2021%e2%80%a8\/\"},\"author\":{\"name\":\"Edimestre\",\"@id\":\"https:\/\/videomappingcenter.com\/?lang=en\/#\/schema\/person\/506136ad599d9c386ea59407d183cef8\"},\"headline\":\"THE YOUNG KING AND THE STAG &#8211; Royal Castle, Senlis, France &#8211; Video Mapping Festival 2021\",\"datePublished\":\"2021-10-30T09:51:36+00:00\",\"dateModified\":\"2022-05-23T09:03:07+00:00\",\"mainEntityOfPage\":{\"@id\":\"https:\/\/videomappingcenter.com\/le-jeune-roi-et-le-cerf-chateau-royal-%e2%80%a8senlis-france-video-mapping-festival-2021%e2%80%a8\/\"},\"wordCount\":137,\"publisher\":{\"@id\":\"https:\/\/videomappingcenter.com\/?lang=en\/#organization\"},\"image\":{\"@id\":\"https:\/\/videomappingcenter.com\/le-jeune-roi-et-le-cerf-chateau-royal-%e2%80%a8senlis-france-video-mapping-festival-2021%e2%80%a8\/#primaryimage\"},\"thumbnailUrl\":\"https:\/\/videomappingcenter.com\/wp-content\/uploads\/2022\/04\/VMF4_Senlis_2.png\",\"keywords\":[\"2021\",\"C\u00e9sar Payrat\",\"Ch\u00e2teau royal\",\"Cl\u00e9ment VERFAILLIE\",\"Ephemeral\",\"Frontal\",\"Hauts-de-France\",\"Jules Huvig\",\"Lea Miniggio\",\"linear\",\"Monument video mapping\",\"Outdoor\",\"Production\",\"St\u00e9phanie LEONARD\",\"Video Mapping Festival\",\"Virgile GUIOST\"],\"articleSection\":[\"Production\",\"Video Mapping Festival\"],\"inLanguage\":\"en-US\"},{\"@type\":\"WebPage\",\"@id\":\"https:\/\/videomappingcenter.com\/le-jeune-roi-et-le-cerf-chateau-royal-%e2%80%a8senlis-france-video-mapping-festival-2021%e2%80%a8\/\",\"url\":\"https:\/\/videomappingcenter.com\/le-jeune-roi-et-le-cerf-chateau-royal-%e2%80%a8senlis-france-video-mapping-festival-2021%e2%80%a8\/\",\"name\":\"THE YOUNG KING AND THE STAG - Royal Castle, Senlis, France - Video Mapping Festival 2021 | Video Mapping European Center\",\"isPartOf\":{\"@id\":\"https:\/\/videomappingcenter.com\/?lang=en\/#website\"},\"primaryImageOfPage\":{\"@id\":\"https:\/\/videomappingcenter.com\/le-jeune-roi-et-le-cerf-chateau-royal-%e2%80%a8senlis-france-video-mapping-festival-2021%e2%80%a8\/#primaryimage\"},\"image\":{\"@id\":\"https:\/\/videomappingcenter.com\/le-jeune-roi-et-le-cerf-chateau-royal-%e2%80%a8senlis-france-video-mapping-festival-2021%e2%80%a8\/#primaryimage\"},\"thumbnailUrl\":\"https:\/\/videomappingcenter.com\/wp-content\/uploads\/2022\/04\/VMF4_Senlis_2.png\",\"datePublished\":\"2021-10-30T09:51:36+00:00\",\"dateModified\":\"2022-05-23T09:03:07+00:00\",\"breadcrumb\":{\"@id\":\"https:\/\/videomappingcenter.com\/le-jeune-roi-et-le-cerf-chateau-royal-%e2%80%a8senlis-france-video-mapping-festival-2021%e2%80%a8\/#breadcrumb\"},\"inLanguage\":\"en-US\",\"potentialAction\":[{\"@type\":\"ReadAction\",\"target\":[\"https:\/\/videomappingcenter.com\/le-jeune-roi-et-le-cerf-chateau-royal-%e2%80%a8senlis-france-video-mapping-festival-2021%e2%80%a8\/\"]}]},{\"@type\":\"ImageObject\",\"inLanguage\":\"en-US\",\"@id\":\"https:\/\/videomappingcenter.com\/le-jeune-roi-et-le-cerf-chateau-royal-%e2%80%a8senlis-france-video-mapping-festival-2021%e2%80%a8\/#primaryimage\",\"url\":\"https:\/\/videomappingcenter.com\/wp-content\/uploads\/2022\/04\/VMF4_Senlis_2.png\",\"contentUrl\":\"https:\/\/videomappingcenter.com\/wp-content\/uploads\/2022\/04\/VMF4_Senlis_2.png\",\"width\":900,\"height\":500},{\"@type\":\"BreadcrumbList\",\"@id\":\"https:\/\/videomappingcenter.com\/le-jeune-roi-et-le-cerf-chateau-royal-%e2%80%a8senlis-france-video-mapping-festival-2021%e2%80%a8\/#breadcrumb\",\"itemListElement\":[{\"@type\":\"ListItem\",\"position\":1,\"name\":\"Accueil\",\"item\":\"https:\/\/videomappingcenter.com\/\"},{\"@type\":\"ListItem\",\"position\":2,\"name\":\"THE YOUNG KING AND THE STAG &#8211; Royal Castle, Senlis, France &#8211; Video Mapping Festival 2021\"}]},{\"@type\":\"WebSite\",\"@id\":\"https:\/\/videomappingcenter.com\/?lang=en\/#website\",\"url\":\"https:\/\/videomappingcenter.com\/?lang=en\/\",\"name\":\"Video Mapping European Center\",\"description\":\"Video Mapping European Center\",\"publisher\":{\"@id\":\"https:\/\/videomappingcenter.com\/?lang=en\/#organization\"},\"potentialAction\":[{\"@type\":\"SearchAction\",\"target\":{\"@type\":\"EntryPoint\",\"urlTemplate\":\"https:\/\/videomappingcenter.com\/?lang=en\/?s={search_term_string}\"},\"query-input\":{\"@type\":\"PropertyValueSpecification\",\"valueRequired\":true,\"valueName\":\"search_term_string\"}}],\"inLanguage\":\"en-US\"},{\"@type\":\"Organization\",\"@id\":\"https:\/\/videomappingcenter.com\/?lang=en\/#organization\",\"name\":\"Video Mapping European Center\",\"url\":\"https:\/\/videomappingcenter.com\/?lang=en\/\",\"logo\":{\"@type\":\"ImageObject\",\"inLanguage\":\"en-US\",\"@id\":\"https:\/\/videomappingcenter.com\/?lang=en\/#\/schema\/logo\/image\/\",\"url\":\"https:\/\/videomappingcenter.com\/wp-content\/uploads\/2017\/07\/logo-v3.png\",\"contentUrl\":\"https:\/\/videomappingcenter.com\/wp-content\/uploads\/2017\/07\/logo-v3.png\",\"width\":300,\"height\":135,\"caption\":\"Video Mapping European Center\"},\"image\":{\"@id\":\"https:\/\/videomappingcenter.com\/?lang=en\/#\/schema\/logo\/image\/\"}},{\"@type\":\"Person\",\"@id\":\"https:\/\/videomappingcenter.com\/?lang=en\/#\/schema\/person\/506136ad599d9c386ea59407d183cef8\",\"name\":\"Edimestre\",\"image\":{\"@type\":\"ImageObject\",\"inLanguage\":\"en-US\",\"@id\":\"https:\/\/videomappingcenter.com\/?lang=en\/#\/schema\/person\/image\/\",\"url\":\"https:\/\/videomappingcenter.com\/wp-content\/uploads\/2017\/07\/avatar.jpg\",\"contentUrl\":\"https:\/\/videomappingcenter.com\/wp-content\/uploads\/2017\/07\/avatar.jpg\",\"caption\":\"Edimestre\"}}]}<\/script>\n<!-- \/ Yoast SEO plugin. -->","yoast_head_json":{"title":"THE YOUNG KING AND THE STAG - Royal Castle, Senlis, France - Video Mapping Festival 2021 | Video Mapping European Center","robots":{"index":"index","follow":"follow","max-snippet":"max-snippet:-1","max-image-preview":"max-image-preview:large","max-video-preview":"max-video-preview:-1"},"canonical":"https:\/\/videomappingcenter.com\/le-jeune-roi-et-le-cerf-chateau-royal-\u2028senlis-france-video-mapping-festival-2021\u2028\/","og_locale":"en_US","og_type":"article","og_title":"THE YOUNG KING AND THE STAG - Royal Castle, Senlis, France - Video Mapping Festival 2021 | Video Mapping European Center","og_description":"Video mapping created by Rencontres Audiovisuelles as part of the Video Mapping Festival #4. \u25ba&nbsp;The young king and the deerCharles VI is a character with a colourful history. King appreciated by his people, he was unfortunately afflicted with terrible psychic disorders. Using the magical properties of the forest, this video mapping invites you to explore [&hellip;]","og_url":"https:\/\/videomappingcenter.com\/le-jeune-roi-et-le-cerf-chateau-royal-\u2028senlis-france-video-mapping-festival-2021\u2028\/","og_site_name":"Video Mapping European Center","article_published_time":"2021-10-30T09:51:36+00:00","article_modified_time":"2022-05-23T09:03:07+00:00","og_image":[{"width":900,"height":500,"url":"https:\/\/videomappingcenter.com\/wp-content\/uploads\/2022\/04\/VMF4_Senlis_2.png","type":"image\/png"}],"author":"Edimestre","twitter_card":"summary_large_image","twitter_misc":{"Written by":"Edimestre","Est. reading time":"1 minute"},"schema":{"@context":"https:\/\/schema.org","@graph":[{"@type":"Article","@id":"https:\/\/videomappingcenter.com\/le-jeune-roi-et-le-cerf-chateau-royal-%e2%80%a8senlis-france-video-mapping-festival-2021%e2%80%a8\/#article","isPartOf":{"@id":"https:\/\/videomappingcenter.com\/le-jeune-roi-et-le-cerf-chateau-royal-%e2%80%a8senlis-france-video-mapping-festival-2021%e2%80%a8\/"},"author":{"name":"Edimestre","@id":"https:\/\/videomappingcenter.com\/?lang=en\/#\/schema\/person\/506136ad599d9c386ea59407d183cef8"},"headline":"THE YOUNG KING AND THE STAG &#8211; Royal Castle, Senlis, France &#8211; Video Mapping Festival 2021","datePublished":"2021-10-30T09:51:36+00:00","dateModified":"2022-05-23T09:03:07+00:00","mainEntityOfPage":{"@id":"https:\/\/videomappingcenter.com\/le-jeune-roi-et-le-cerf-chateau-royal-%e2%80%a8senlis-france-video-mapping-festival-2021%e2%80%a8\/"},"wordCount":137,"publisher":{"@id":"https:\/\/videomappingcenter.com\/?lang=en\/#organization"},"image":{"@id":"https:\/\/videomappingcenter.com\/le-jeune-roi-et-le-cerf-chateau-royal-%e2%80%a8senlis-france-video-mapping-festival-2021%e2%80%a8\/#primaryimage"},"thumbnailUrl":"https:\/\/videomappingcenter.com\/wp-content\/uploads\/2022\/04\/VMF4_Senlis_2.png","keywords":["2021","C\u00e9sar Payrat","Ch\u00e2teau royal","Cl\u00e9ment VERFAILLIE","Ephemeral","Frontal","Hauts-de-France","Jules Huvig","Lea Miniggio","linear","Monument video mapping","Outdoor","Production","St\u00e9phanie LEONARD","Video Mapping Festival","Virgile GUIOST"],"articleSection":["Production","Video Mapping Festival"],"inLanguage":"en-US"},{"@type":"WebPage","@id":"https:\/\/videomappingcenter.com\/le-jeune-roi-et-le-cerf-chateau-royal-%e2%80%a8senlis-france-video-mapping-festival-2021%e2%80%a8\/","url":"https:\/\/videomappingcenter.com\/le-jeune-roi-et-le-cerf-chateau-royal-%e2%80%a8senlis-france-video-mapping-festival-2021%e2%80%a8\/","name":"THE YOUNG KING AND THE STAG - Royal Castle, Senlis, France - Video Mapping Festival 2021 | Video Mapping European Center","isPartOf":{"@id":"https:\/\/videomappingcenter.com\/?lang=en\/#website"},"primaryImageOfPage":{"@id":"https:\/\/videomappingcenter.com\/le-jeune-roi-et-le-cerf-chateau-royal-%e2%80%a8senlis-france-video-mapping-festival-2021%e2%80%a8\/#primaryimage"},"image":{"@id":"https:\/\/videomappingcenter.com\/le-jeune-roi-et-le-cerf-chateau-royal-%e2%80%a8senlis-france-video-mapping-festival-2021%e2%80%a8\/#primaryimage"},"thumbnailUrl":"https:\/\/videomappingcenter.com\/wp-content\/uploads\/2022\/04\/VMF4_Senlis_2.png","datePublished":"2021-10-30T09:51:36+00:00","dateModified":"2022-05-23T09:03:07+00:00","breadcrumb":{"@id":"https:\/\/videomappingcenter.com\/le-jeune-roi-et-le-cerf-chateau-royal-%e2%80%a8senlis-france-video-mapping-festival-2021%e2%80%a8\/#breadcrumb"},"inLanguage":"en-US","potentialAction":[{"@type":"ReadAction","target":["https:\/\/videomappingcenter.com\/le-jeune-roi-et-le-cerf-chateau-royal-%e2%80%a8senlis-france-video-mapping-festival-2021%e2%80%a8\/"]}]},{"@type":"ImageObject","inLanguage":"en-US","@id":"https:\/\/videomappingcenter.com\/le-jeune-roi-et-le-cerf-chateau-royal-%e2%80%a8senlis-france-video-mapping-festival-2021%e2%80%a8\/#primaryimage","url":"https:\/\/videomappingcenter.com\/wp-content\/uploads\/2022\/04\/VMF4_Senlis_2.png","contentUrl":"https:\/\/videomappingcenter.com\/wp-content\/uploads\/2022\/04\/VMF4_Senlis_2.png","width":900,"height":500},{"@type":"BreadcrumbList","@id":"https:\/\/videomappingcenter.com\/le-jeune-roi-et-le-cerf-chateau-royal-%e2%80%a8senlis-france-video-mapping-festival-2021%e2%80%a8\/#breadcrumb","itemListElement":[{"@type":"ListItem","position":1,"name":"Accueil","item":"https:\/\/videomappingcenter.com\/"},{"@type":"ListItem","position":2,"name":"THE YOUNG KING AND THE STAG &#8211; Royal Castle, Senlis, France &#8211; Video Mapping Festival 2021"}]},{"@type":"WebSite","@id":"https:\/\/videomappingcenter.com\/?lang=en\/#website","url":"https:\/\/videomappingcenter.com\/?lang=en\/","name":"Video Mapping European Center","description":"Video Mapping European Center","publisher":{"@id":"https:\/\/videomappingcenter.com\/?lang=en\/#organization"},"potentialAction":[{"@type":"SearchAction","target":{"@type":"EntryPoint","urlTemplate":"https:\/\/videomappingcenter.com\/?lang=en\/?s={search_term_string}"},"query-input":{"@type":"PropertyValueSpecification","valueRequired":true,"valueName":"search_term_string"}}],"inLanguage":"en-US"},{"@type":"Organization","@id":"https:\/\/videomappingcenter.com\/?lang=en\/#organization","name":"Video Mapping European Center","url":"https:\/\/videomappingcenter.com\/?lang=en\/","logo":{"@type":"ImageObject","inLanguage":"en-US","@id":"https:\/\/videomappingcenter.com\/?lang=en\/#\/schema\/logo\/image\/","url":"https:\/\/videomappingcenter.com\/wp-content\/uploads\/2017\/07\/logo-v3.png","contentUrl":"https:\/\/videomappingcenter.com\/wp-content\/uploads\/2017\/07\/logo-v3.png","width":300,"height":135,"caption":"Video Mapping European Center"},"image":{"@id":"https:\/\/videomappingcenter.com\/?lang=en\/#\/schema\/logo\/image\/"}},{"@type":"Person","@id":"https:\/\/videomappingcenter.com\/?lang=en\/#\/schema\/person\/506136ad599d9c386ea59407d183cef8","name":"Edimestre","image":{"@type":"ImageObject","inLanguage":"en-US","@id":"https:\/\/videomappingcenter.com\/?lang=en\/#\/schema\/person\/image\/","url":"https:\/\/videomappingcenter.com\/wp-content\/uploads\/2017\/07\/avatar.jpg","contentUrl":"https:\/\/videomappingcenter.com\/wp-content\/uploads\/2017\/07\/avatar.jpg","caption":"Edimestre"}}]}},"_links":{"self":[{"href":"https:\/\/videomappingcenter.com\/en\/wp-json\/wp\/v2\/posts\/9673","targetHints":{"allow":["GET"]}}],"collection":[{"href":"https:\/\/videomappingcenter.com\/en\/wp-json\/wp\/v2\/posts"}],"about":[{"href":"https:\/\/videomappingcenter.com\/en\/wp-json\/wp\/v2\/types\/post"}],"author":[{"embeddable":true,"href":"https:\/\/videomappingcenter.com\/en\/wp-json\/wp\/v2\/users\/3"}],"replies":[{"embeddable":true,"href":"https:\/\/videomappingcenter.com\/en\/wp-json\/wp\/v2\/comments?post=9673"}],"version-history":[{"count":0,"href":"https:\/\/videomappingcenter.com\/en\/wp-json\/wp\/v2\/posts\/9673\/revisions"}],"wp:featuredmedia":[{"embeddable":true,"href":"https:\/\/videomappingcenter.com\/en\/wp-json\/wp\/v2\/media\/9665"}],"wp:attachment":[{"href":"https:\/\/videomappingcenter.com\/en\/wp-json\/wp\/v2\/media?parent=9673"}],"wp:term":[{"taxonomy":"category","embeddable":true,"href":"https:\/\/videomappingcenter.com\/en\/wp-json\/wp\/v2\/categories?post=9673"},{"taxonomy":"post_tag","embeddable":true,"href":"https:\/\/videomappingcenter.com\/en\/wp-json\/wp\/v2\/tags?post=9673"},{"taxonomy":"item-prod","embeddable":true,"href":"https:\/\/videomappingcenter.com\/en\/wp-json\/wp\/v2\/item-prod?post=9673"},{"taxonomy":"item-mapping","embeddable":true,"href":"https:\/\/videomappingcenter.com\/en\/wp-json\/wp\/v2\/item-mapping?post=9673"},{"taxonomy":"item-lieu","embeddable":true,"href":"https:\/\/videomappingcenter.com\/en\/wp-json\/wp\/v2\/item-lieu?post=9673"},{"taxonomy":"item-dates","embeddable":true,"href":"https:\/\/videomappingcenter.com\/en\/wp-json\/wp\/v2\/item-dates?post=9673"}],"curies":[{"name":"wp","href":"https:\/\/api.w.org\/{rel}","templated":true}]}}