{"id":9801,"date":"2021-12-04T13:00:53","date_gmt":"2021-12-04T12:00:53","guid":{"rendered":"https:\/\/videomappingcenter.com\/cinemapporama%e2%80%a8%e2%80%a8-le-pont-des-arts-%e2%80%a8marcq-en-baroeul-france%e2%80%a8-video-mapping-festival-2021\/"},"modified":"2022-05-23T12:33:36","modified_gmt":"2022-05-23T10:33:36","slug":"cinemapporama%e2%80%a8%e2%80%a8-le-pont-des-arts-%e2%80%a8marcq-en-baroeul-france%e2%80%a8-video-mapping-festival-2021","status":"publish","type":"post","link":"https:\/\/videomappingcenter.com\/en\/cinemapporama%e2%80%a8%e2%80%a8-le-pont-des-arts-%e2%80%a8marcq-en-baroeul-france%e2%80%a8-video-mapping-festival-2021\/","title":{"rendered":"CINEMAPPORAMA &#8211; Le Pont des Arts, Marcq-en-Bar\u0153ul, France &#8211; Video Mapping Festival 2021"},"content":{"rendered":"\n<figure><iframe loading=\"lazy\" src=\"https:\/\/player.vimeo.com\/video\/697151973?h=2334e3e8b0\" width=\"640\" height=\"360\" allowfullscreen=\"\"><\/iframe><\/figure>\n\n\n\n<p style=\"text-align:justify\">Video mapping created by Rencontres Audiovisuelles as part of the Video Mapping Festival #4.<br>In collaboration with the CNC \u2013 Film heritage directorate.<br><br><strong>\u25ba Cinemapporama<\/strong><br>In the early days of cinema, a very mischievous heroine travels through different film extracts and interacts with the scenes visited. She becomes in turn a spectator, an actress, a prop-maker, a character\u2026 Based on old films from the CNC collections, this original creation offers you a dive into the cinema as you have never seen it, extended to the video mapping format!<br><br><strong style=\"font-size: inherit; text-align: justify;\">Supervision:<\/strong><span style=\"font-size: inherit; text-align: justify;\">\u00a0Susie lou CHETCUTI<\/span><br><strong style=\"font-size: inherit; text-align: justify;\">In collaboration with:\u00a0<\/strong><span style=\"font-size: inherit; text-align: justify;\">Hermine COGNIE, CNC \u2013 Direction du patrimoine cin\u00e9matographique<\/span><br><strong style=\"font-size: inherit; text-align: justify;\">Visual design:<\/strong><span style=\"font-size: inherit; text-align: justify;\">\u00a0Susie lou CHETCUTI, Laurence DE WILDE, Loan LE HOANG, Alicia MONNOT, Hava OLLITRAULT, C\u00e9sar PAYRAT, In\u00e8s THOMASSIN<\/span><br><strong style=\"font-size: inherit; text-align: justify;\">Original music:<\/strong><span style=\"font-size: inherit; text-align: justify;\">\u00a0G\u00e9raldine KWI<\/span>K<br><br><span style=\"font-size: inherit; text-align: justify;\"><em>With the support of the Hauts-de-France Region, the Drac Hauts-de-France and the City of Senlis.<\/em><\/span><br><em style=\"font-size: inherit; text-align: justify;\">In collaboration with Le Pont des Arts and CNC \u2013 Film heritage directorate<\/em><br><br><strong>All footage comes from the CNC&#8217;s film collections<br><\/strong><em style=\"font-size: inherit; text-align: justify;\">Voyage dans la lune<\/em><span style=\"font-size: inherit; text-align: justify;\">, Georges M\u00e9li\u00e8s (1902)<\/span><br><em style=\"font-size: inherit; text-align: justify;\">Pied de mouton<\/em><span style=\"font-size: inherit; text-align: justify;\">, Albert Capellani (1907)<\/span><br><em style=\"font-size: inherit; text-align: justify;\">Danse serpentine,\u00a0<\/em><span style=\"font-size: inherit; text-align: justify;\">Mademoiselle Bob-Walter (1899)<\/span><br><em style=\"font-size: inherit; text-align: justify;\">La valse \u00e0 la mode<\/em><span style=\"font-size: inherit; text-align: justify;\">, r\u00e9alisateur inconnu \/ <\/span><em style=\"font-size: inherit; text-align: justify;\">unknown director<\/em><span style=\"font-size: inherit; text-align: justify;\"> (1908)<\/span><br><em style=\"font-size: inherit; text-align: justify;\">Le Monsieur qui a mang\u00e9 du taureau<\/em><span style=\"font-size: inherit; text-align: justify;\">, r\u00e9alisateur inconnu \/ <\/span><em style=\"font-size: inherit; text-align: justify;\">unknown director<\/em><span style=\"font-size: inherit; text-align: justify;\"> (1909)<\/span><br><em style=\"font-size: inherit; text-align: justify;\">Le voyage extraordinaire<\/em><span style=\"font-size: inherit; text-align: justify;\">, r\u00e9alisateur inconnu \/ <\/span><em style=\"font-size: inherit; text-align: justify;\">unknown director<\/em><span style=\"font-size: inherit; text-align: justify;\"> (1909)<\/span><br><em style=\"font-size: inherit; text-align: justify;\">Visions de New York<\/em><span style=\"font-size: inherit; text-align: justify;\">, Ren\u00e9 Moreau (1922)<\/span><br><em style=\"font-size: inherit; text-align: justify;\">Le manoir de la peur<\/em><span style=\"font-size: inherit; text-align: justify;\">, Alfred Machin (1927)<\/span><br><em style=\"font-size: inherit; text-align: justify;\">La sultane de l\u2019amour<\/em><span style=\"font-size: inherit; text-align: justify;\">, Charles Burguet et Ren\u00e9 Le Somptier (1919)<\/span><br><em style=\"font-size: inherit; text-align: justify;\">Quarante ans de cin\u00e9ma<\/em><span style=\"font-size: inherit; text-align: justify;\">, Louis Licot (1935)<\/span><br><em style=\"font-size: inherit; text-align: justify;\">Gulliver chez les Lilliputiens<\/em><span style=\"font-size: inherit; text-align: justify;\">, Albert Mourlan (1923)<\/span><br><em style=\"font-size: inherit; text-align: justify;\">Bucking Broadway<\/em><span style=\"font-size: inherit; text-align: justify;\">, Jack Ford (1917)<\/span><br><em style=\"font-size: inherit; text-align: justify;\">En suivant le soleil vers l\u2019Ouest<\/em><span style=\"font-size: inherit; text-align: justify;\">, r\u00e9alisateur inconnu \/ <\/span><em style=\"font-size: inherit; text-align: justify;\">unknown director<\/em><span style=\"font-size: inherit; text-align: justify;\"> (1924)<\/span><br><em style=\"font-size: inherit; text-align: justify;\">La main<\/em><span style=\"font-size: inherit; text-align: justify;\">, Edouard-Emile Violet (1920)<\/span><br><em style=\"font-size: inherit; text-align: justify;\">Croisi\u00e8res sid\u00e9rales<\/em><span style=\"font-size: inherit; text-align: justify;\">, Andr\u00e9 Zwobada (1942)<\/span><br><em style=\"font-size: inherit; text-align: justify;\">Pacific 231<\/em><span style=\"font-size: inherit; text-align: justify;\">, Jean Mitry (1949)<\/span><br><br><strong style=\"font-size: inherit; text-align: justify;\">Thanks to the rights holders<\/strong><br>Le Conseil d\u00e9partemental de la Charente<br>La Cin\u00e9math\u00e8que Robert Lynen &#8211; Ville de Paris<br>La Cin\u00e9math\u00e8que de Toulouse<br>Studiocanal<br>Succession Georges M\u00e9li\u00e8s<br>Succession Jean Mitry<br>Succession Albert Mourlan<br>Succession Edouard-Emile Violet<br><\/p>\n<div class=\"simple-taxonomy\">\n\t<div class=\"taxonomy-item-prod\"><a href=\"https:\/\/videomappingcenter.com\/en\/item-prod\/evenement\/\" rel=\"tag\">Event<\/a>, <a href=\"https:\/\/videomappingcenter.com\/en\/item-prod\/production\/\" rel=\"tag\">Production<\/a><\/div>\n\t<div class=\"taxonomy-item-mapping\"><a href=\"https:\/\/videomappingcenter.com\/en\/item-mapping\/mapping-monumental-en\/\" rel=\"tag\">Monument video mapping<\/a><\/div>\n\t<div class=\"taxonomy-item-lieu\"><a href=\"https:\/\/videomappingcenter.com\/en\/item-lieu\/hauts-de-france-en\/\" rel=\"tag\">Hauts-de-France<\/a><\/div>\n\t<div class=\"taxonomy-item-dates\"><a href=\"https:\/\/videomappingcenter.com\/en\/item-dates\/2021-en\/\" rel=\"tag\">2021<\/a><\/div>\n\n<\/div>\n","protected":false},"excerpt":{"rendered":"<p>Video mapping created by Rencontres Audiovisuelles as part of the Video Mapping Festival #4.In collaboration with the CNC \u2013 Film heritage directorate. \u25ba CinemapporamaIn the early days of cinema, a very mischievous heroine travels through different film extracts and interacts with the scenes visited. She becomes in turn a spectator, an actress, a prop-maker, a [&hellip;]<\/p>\n<div class=\"simple-taxonomy\">\n\t<div class=\"taxonomy-item-prod\"><a href=\"https:\/\/videomappingcenter.com\/en\/item-prod\/evenement\/\" rel=\"tag\">Event<\/a>, <a href=\"https:\/\/videomappingcenter.com\/en\/item-prod\/production\/\" rel=\"tag\">Production<\/a><\/div>\n\t<div class=\"taxonomy-item-mapping\"><a href=\"https:\/\/videomappingcenter.com\/en\/item-mapping\/mapping-monumental-en\/\" rel=\"tag\">Monument video mapping<\/a><\/div>\n\t<div class=\"taxonomy-item-lieu\"><a href=\"https:\/\/videomappingcenter.com\/en\/item-lieu\/hauts-de-france-en\/\" rel=\"tag\">Hauts-de-France<\/a><\/div>\n\t<div class=\"taxonomy-item-dates\"><a href=\"https:\/\/videomappingcenter.com\/en\/item-dates\/2021-en\/\" rel=\"tag\">2021<\/a><\/div>\n\n<\/div>\n","protected":false},"author":3,"featured_media":9796,"comment_status":"closed","ping_status":"closed","sticky":false,"template":"","format":"standard","meta":{"footnotes":""},"categories":[146,149],"tags":[1897,2004,1956,124,117,131,2079,2006,1357,2135,120,1550,2136,110,116,105,505,108],"item-prod":[157,155],"item-mapping":[277],"item-lieu":[281],"item-dates":[1901],"class_list":["post-9801","post","type-post","status-publish","format-standard","has-post-thumbnail","hentry","category-production-en","category-video-mapping-festival-en","tag-2021-en","tag-alicia-monnot-en","tag-cesar-payrat-en","tag-transcient","tag-front","tag-hauts-de-france-en","tag-hava-ollitrault-en","tag-ines-thomassin-en","tag-laurence-de-wilde-en","tag-le-pont-des-arts-en","tag-linear","tag-loan-le-hoang-en","tag-marcq-en-baroeul-en","tag-monument-video-mapping","tag-outdoor","tag-production-en","tag-susie-lou-chetcuti-en","tag-video-mapping-festival-en","item-prod-evenement","item-prod-production","item-mapping-mapping-monumental-en","item-lieu-hauts-de-france-en","item-dates-2021-en"],"yoast_head":"<!-- This site is optimized with the Yoast SEO plugin v25.8 - https:\/\/yoast.com\/wordpress\/plugins\/seo\/ -->\n<title>CINEMAPPORAMA - Le Pont des Arts, Marcq-en-Bar\u0153ul, France - Video Mapping Festival 2021 | Video Mapping European Center<\/title>\n<meta name=\"robots\" content=\"index, follow, max-snippet:-1, max-image-preview:large, max-video-preview:-1\" \/>\n<link rel=\"canonical\" href=\"https:\/\/videomappingcenter.com\/cinemapporama\u2028\u2028-le-pont-des-arts-\u2028marcq-en-baroeul-france\u2028-video-mapping-festival-2021\/?lang=en\" \/>\n<meta property=\"og:locale\" content=\"en_US\" \/>\n<meta property=\"og:type\" content=\"article\" \/>\n<meta property=\"og:title\" content=\"CINEMAPPORAMA - Le Pont des Arts, Marcq-en-Bar\u0153ul, France - Video Mapping Festival 2021 | Video Mapping European Center\" \/>\n<meta property=\"og:description\" content=\"Video mapping created by Rencontres Audiovisuelles as part of the Video Mapping Festival #4.In collaboration with the CNC \u2013 Film heritage directorate. \u25ba CinemapporamaIn the early days of cinema, a very mischievous heroine travels through different film extracts and interacts with the scenes visited. She becomes in turn a spectator, an actress, a prop-maker, a [&hellip;]\" \/>\n<meta property=\"og:url\" content=\"https:\/\/videomappingcenter.com\/cinemapporama\u2028\u2028-le-pont-des-arts-\u2028marcq-en-baroeul-france\u2028-video-mapping-festival-2021\/?lang=en\" \/>\n<meta property=\"og:site_name\" content=\"Video Mapping European Center\" \/>\n<meta property=\"article:published_time\" content=\"2021-12-04T12:00:53+00:00\" \/>\n<meta property=\"article:modified_time\" content=\"2022-05-23T10:33:36+00:00\" \/>\n<meta property=\"og:image\" content=\"https:\/\/videomappingcenter.com\/wp-content\/uploads\/2022\/04\/Le-pont-des-arts.png\" \/>\n\t<meta property=\"og:image:width\" content=\"900\" \/>\n\t<meta property=\"og:image:height\" content=\"500\" \/>\n\t<meta property=\"og:image:type\" content=\"image\/png\" \/>\n<meta name=\"author\" content=\"Edimestre\" \/>\n<meta name=\"twitter:card\" content=\"summary_large_image\" \/>\n<meta name=\"twitter:label1\" content=\"Written by\" \/>\n\t<meta name=\"twitter:data1\" content=\"Edimestre\" \/>\n\t<meta name=\"twitter:label2\" content=\"Est. reading time\" \/>\n\t<meta name=\"twitter:data2\" content=\"2 minutes\" \/>\n<script type=\"application\/ld+json\" class=\"yoast-schema-graph\">{\"@context\":\"https:\/\/schema.org\",\"@graph\":[{\"@type\":\"Article\",\"@id\":\"https:\/\/videomappingcenter.com\/cinemapporama%e2%80%a8%e2%80%a8-le-pont-des-arts-%e2%80%a8marcq-en-baroeul-france%e2%80%a8-video-mapping-festival-2021\/?lang=en#article\",\"isPartOf\":{\"@id\":\"https:\/\/videomappingcenter.com\/cinemapporama%e2%80%a8%e2%80%a8-le-pont-des-arts-%e2%80%a8marcq-en-baroeul-france%e2%80%a8-video-mapping-festival-2021\/?lang=en\"},\"author\":{\"name\":\"Edimestre\",\"@id\":\"https:\/\/videomappingcenter.com\/?lang=en\/#\/schema\/person\/506136ad599d9c386ea59407d183cef8\"},\"headline\":\"CINEMAPPORAMA &#8211; Le Pont des Arts, Marcq-en-Bar\u0153ul, France &#8211; Video Mapping Festival 2021\",\"datePublished\":\"2021-12-04T12:00:53+00:00\",\"dateModified\":\"2022-05-23T10:33:36+00:00\",\"mainEntityOfPage\":{\"@id\":\"https:\/\/videomappingcenter.com\/cinemapporama%e2%80%a8%e2%80%a8-le-pont-des-arts-%e2%80%a8marcq-en-baroeul-france%e2%80%a8-video-mapping-festival-2021\/?lang=en\"},\"wordCount\":323,\"publisher\":{\"@id\":\"https:\/\/videomappingcenter.com\/?lang=en\/#organization\"},\"image\":{\"@id\":\"https:\/\/videomappingcenter.com\/cinemapporama%e2%80%a8%e2%80%a8-le-pont-des-arts-%e2%80%a8marcq-en-baroeul-france%e2%80%a8-video-mapping-festival-2021\/?lang=en#primaryimage\"},\"thumbnailUrl\":\"https:\/\/videomappingcenter.com\/wp-content\/uploads\/2022\/04\/Le-pont-des-arts.png\",\"keywords\":[\"2021\",\"Alicia MONNOT\",\"C\u00e9sar Payrat\",\"Ephemeral\",\"Frontal\",\"Hauts-de-France\",\"Hava Ollitrault\",\"Ines THOMASSIN\",\"Laurence DE WILDE\",\"Le Pont des Arts\",\"linear\",\"Loan LE HOANG\",\"Marcq-en-Bar\u0153ul\",\"Monument video mapping\",\"Outdoor\",\"Production\",\"Susie-Lou Chetcuti\",\"Video Mapping Festival\"],\"articleSection\":[\"Production\",\"Video Mapping Festival\"],\"inLanguage\":\"en-US\"},{\"@type\":\"WebPage\",\"@id\":\"https:\/\/videomappingcenter.com\/cinemapporama%e2%80%a8%e2%80%a8-le-pont-des-arts-%e2%80%a8marcq-en-baroeul-france%e2%80%a8-video-mapping-festival-2021\/?lang=en\",\"url\":\"https:\/\/videomappingcenter.com\/cinemapporama%e2%80%a8%e2%80%a8-le-pont-des-arts-%e2%80%a8marcq-en-baroeul-france%e2%80%a8-video-mapping-festival-2021\/?lang=en\",\"name\":\"CINEMAPPORAMA - Le Pont des Arts, Marcq-en-Bar\u0153ul, France - Video Mapping Festival 2021 | Video Mapping European Center\",\"isPartOf\":{\"@id\":\"https:\/\/videomappingcenter.com\/?lang=en\/#website\"},\"primaryImageOfPage\":{\"@id\":\"https:\/\/videomappingcenter.com\/cinemapporama%e2%80%a8%e2%80%a8-le-pont-des-arts-%e2%80%a8marcq-en-baroeul-france%e2%80%a8-video-mapping-festival-2021\/?lang=en#primaryimage\"},\"image\":{\"@id\":\"https:\/\/videomappingcenter.com\/cinemapporama%e2%80%a8%e2%80%a8-le-pont-des-arts-%e2%80%a8marcq-en-baroeul-france%e2%80%a8-video-mapping-festival-2021\/?lang=en#primaryimage\"},\"thumbnailUrl\":\"https:\/\/videomappingcenter.com\/wp-content\/uploads\/2022\/04\/Le-pont-des-arts.png\",\"datePublished\":\"2021-12-04T12:00:53+00:00\",\"dateModified\":\"2022-05-23T10:33:36+00:00\",\"breadcrumb\":{\"@id\":\"https:\/\/videomappingcenter.com\/cinemapporama%e2%80%a8%e2%80%a8-le-pont-des-arts-%e2%80%a8marcq-en-baroeul-france%e2%80%a8-video-mapping-festival-2021\/?lang=en#breadcrumb\"},\"inLanguage\":\"en-US\",\"potentialAction\":[{\"@type\":\"ReadAction\",\"target\":[\"https:\/\/videomappingcenter.com\/cinemapporama%e2%80%a8%e2%80%a8-le-pont-des-arts-%e2%80%a8marcq-en-baroeul-france%e2%80%a8-video-mapping-festival-2021\/?lang=en\"]}]},{\"@type\":\"ImageObject\",\"inLanguage\":\"en-US\",\"@id\":\"https:\/\/videomappingcenter.com\/cinemapporama%e2%80%a8%e2%80%a8-le-pont-des-arts-%e2%80%a8marcq-en-baroeul-france%e2%80%a8-video-mapping-festival-2021\/?lang=en#primaryimage\",\"url\":\"https:\/\/videomappingcenter.com\/wp-content\/uploads\/2022\/04\/Le-pont-des-arts.png\",\"contentUrl\":\"https:\/\/videomappingcenter.com\/wp-content\/uploads\/2022\/04\/Le-pont-des-arts.png\",\"width\":900,\"height\":500},{\"@type\":\"BreadcrumbList\",\"@id\":\"https:\/\/videomappingcenter.com\/cinemapporama%e2%80%a8%e2%80%a8-le-pont-des-arts-%e2%80%a8marcq-en-baroeul-france%e2%80%a8-video-mapping-festival-2021\/?lang=en#breadcrumb\",\"itemListElement\":[{\"@type\":\"ListItem\",\"position\":1,\"name\":\"Accueil\",\"item\":\"https:\/\/videomappingcenter.com\/\"},{\"@type\":\"ListItem\",\"position\":2,\"name\":\"CINEMAPPORAMA &#8211; Le Pont des Arts, Marcq-en-Bar\u0153ul, France &#8211; Video Mapping Festival 2021\"}]},{\"@type\":\"WebSite\",\"@id\":\"https:\/\/videomappingcenter.com\/?lang=en\/#website\",\"url\":\"https:\/\/videomappingcenter.com\/?lang=en\/\",\"name\":\"Video Mapping European Center\",\"description\":\"Video Mapping European Center\",\"publisher\":{\"@id\":\"https:\/\/videomappingcenter.com\/?lang=en\/#organization\"},\"potentialAction\":[{\"@type\":\"SearchAction\",\"target\":{\"@type\":\"EntryPoint\",\"urlTemplate\":\"https:\/\/videomappingcenter.com\/?lang=en\/?s={search_term_string}\"},\"query-input\":{\"@type\":\"PropertyValueSpecification\",\"valueRequired\":true,\"valueName\":\"search_term_string\"}}],\"inLanguage\":\"en-US\"},{\"@type\":\"Organization\",\"@id\":\"https:\/\/videomappingcenter.com\/?lang=en\/#organization\",\"name\":\"Video Mapping European Center\",\"url\":\"https:\/\/videomappingcenter.com\/?lang=en\/\",\"logo\":{\"@type\":\"ImageObject\",\"inLanguage\":\"en-US\",\"@id\":\"https:\/\/videomappingcenter.com\/?lang=en\/#\/schema\/logo\/image\/\",\"url\":\"https:\/\/videomappingcenter.com\/wp-content\/uploads\/2017\/07\/logo-v3.png\",\"contentUrl\":\"https:\/\/videomappingcenter.com\/wp-content\/uploads\/2017\/07\/logo-v3.png\",\"width\":300,\"height\":135,\"caption\":\"Video Mapping European Center\"},\"image\":{\"@id\":\"https:\/\/videomappingcenter.com\/?lang=en\/#\/schema\/logo\/image\/\"}},{\"@type\":\"Person\",\"@id\":\"https:\/\/videomappingcenter.com\/?lang=en\/#\/schema\/person\/506136ad599d9c386ea59407d183cef8\",\"name\":\"Edimestre\",\"image\":{\"@type\":\"ImageObject\",\"inLanguage\":\"en-US\",\"@id\":\"https:\/\/videomappingcenter.com\/?lang=en\/#\/schema\/person\/image\/\",\"url\":\"https:\/\/videomappingcenter.com\/wp-content\/uploads\/2017\/07\/avatar.jpg\",\"contentUrl\":\"https:\/\/videomappingcenter.com\/wp-content\/uploads\/2017\/07\/avatar.jpg\",\"caption\":\"Edimestre\"}}]}<\/script>\n<!-- \/ Yoast SEO plugin. -->","yoast_head_json":{"title":"CINEMAPPORAMA - Le Pont des Arts, Marcq-en-Bar\u0153ul, France - Video Mapping Festival 2021 | Video Mapping European Center","robots":{"index":"index","follow":"follow","max-snippet":"max-snippet:-1","max-image-preview":"max-image-preview:large","max-video-preview":"max-video-preview:-1"},"canonical":"https:\/\/videomappingcenter.com\/cinemapporama\u2028\u2028-le-pont-des-arts-\u2028marcq-en-baroeul-france\u2028-video-mapping-festival-2021\/?lang=en","og_locale":"en_US","og_type":"article","og_title":"CINEMAPPORAMA - Le Pont des Arts, Marcq-en-Bar\u0153ul, France - Video Mapping Festival 2021 | Video Mapping European Center","og_description":"Video mapping created by Rencontres Audiovisuelles as part of the Video Mapping Festival #4.In collaboration with the CNC \u2013 Film heritage directorate. \u25ba CinemapporamaIn the early days of cinema, a very mischievous heroine travels through different film extracts and interacts with the scenes visited. She becomes in turn a spectator, an actress, a prop-maker, a [&hellip;]","og_url":"https:\/\/videomappingcenter.com\/cinemapporama\u2028\u2028-le-pont-des-arts-\u2028marcq-en-baroeul-france\u2028-video-mapping-festival-2021\/?lang=en","og_site_name":"Video Mapping European Center","article_published_time":"2021-12-04T12:00:53+00:00","article_modified_time":"2022-05-23T10:33:36+00:00","og_image":[{"width":900,"height":500,"url":"https:\/\/videomappingcenter.com\/wp-content\/uploads\/2022\/04\/Le-pont-des-arts.png","type":"image\/png"}],"author":"Edimestre","twitter_card":"summary_large_image","twitter_misc":{"Written by":"Edimestre","Est. reading time":"2 minutes"},"schema":{"@context":"https:\/\/schema.org","@graph":[{"@type":"Article","@id":"https:\/\/videomappingcenter.com\/cinemapporama%e2%80%a8%e2%80%a8-le-pont-des-arts-%e2%80%a8marcq-en-baroeul-france%e2%80%a8-video-mapping-festival-2021\/?lang=en#article","isPartOf":{"@id":"https:\/\/videomappingcenter.com\/cinemapporama%e2%80%a8%e2%80%a8-le-pont-des-arts-%e2%80%a8marcq-en-baroeul-france%e2%80%a8-video-mapping-festival-2021\/?lang=en"},"author":{"name":"Edimestre","@id":"https:\/\/videomappingcenter.com\/?lang=en\/#\/schema\/person\/506136ad599d9c386ea59407d183cef8"},"headline":"CINEMAPPORAMA &#8211; Le Pont des Arts, Marcq-en-Bar\u0153ul, France &#8211; Video Mapping Festival 2021","datePublished":"2021-12-04T12:00:53+00:00","dateModified":"2022-05-23T10:33:36+00:00","mainEntityOfPage":{"@id":"https:\/\/videomappingcenter.com\/cinemapporama%e2%80%a8%e2%80%a8-le-pont-des-arts-%e2%80%a8marcq-en-baroeul-france%e2%80%a8-video-mapping-festival-2021\/?lang=en"},"wordCount":323,"publisher":{"@id":"https:\/\/videomappingcenter.com\/?lang=en\/#organization"},"image":{"@id":"https:\/\/videomappingcenter.com\/cinemapporama%e2%80%a8%e2%80%a8-le-pont-des-arts-%e2%80%a8marcq-en-baroeul-france%e2%80%a8-video-mapping-festival-2021\/?lang=en#primaryimage"},"thumbnailUrl":"https:\/\/videomappingcenter.com\/wp-content\/uploads\/2022\/04\/Le-pont-des-arts.png","keywords":["2021","Alicia MONNOT","C\u00e9sar Payrat","Ephemeral","Frontal","Hauts-de-France","Hava Ollitrault","Ines THOMASSIN","Laurence DE WILDE","Le Pont des Arts","linear","Loan LE HOANG","Marcq-en-Bar\u0153ul","Monument video mapping","Outdoor","Production","Susie-Lou Chetcuti","Video Mapping Festival"],"articleSection":["Production","Video Mapping Festival"],"inLanguage":"en-US"},{"@type":"WebPage","@id":"https:\/\/videomappingcenter.com\/cinemapporama%e2%80%a8%e2%80%a8-le-pont-des-arts-%e2%80%a8marcq-en-baroeul-france%e2%80%a8-video-mapping-festival-2021\/?lang=en","url":"https:\/\/videomappingcenter.com\/cinemapporama%e2%80%a8%e2%80%a8-le-pont-des-arts-%e2%80%a8marcq-en-baroeul-france%e2%80%a8-video-mapping-festival-2021\/?lang=en","name":"CINEMAPPORAMA - Le Pont des Arts, Marcq-en-Bar\u0153ul, France - Video Mapping Festival 2021 | Video Mapping European Center","isPartOf":{"@id":"https:\/\/videomappingcenter.com\/?lang=en\/#website"},"primaryImageOfPage":{"@id":"https:\/\/videomappingcenter.com\/cinemapporama%e2%80%a8%e2%80%a8-le-pont-des-arts-%e2%80%a8marcq-en-baroeul-france%e2%80%a8-video-mapping-festival-2021\/?lang=en#primaryimage"},"image":{"@id":"https:\/\/videomappingcenter.com\/cinemapporama%e2%80%a8%e2%80%a8-le-pont-des-arts-%e2%80%a8marcq-en-baroeul-france%e2%80%a8-video-mapping-festival-2021\/?lang=en#primaryimage"},"thumbnailUrl":"https:\/\/videomappingcenter.com\/wp-content\/uploads\/2022\/04\/Le-pont-des-arts.png","datePublished":"2021-12-04T12:00:53+00:00","dateModified":"2022-05-23T10:33:36+00:00","breadcrumb":{"@id":"https:\/\/videomappingcenter.com\/cinemapporama%e2%80%a8%e2%80%a8-le-pont-des-arts-%e2%80%a8marcq-en-baroeul-france%e2%80%a8-video-mapping-festival-2021\/?lang=en#breadcrumb"},"inLanguage":"en-US","potentialAction":[{"@type":"ReadAction","target":["https:\/\/videomappingcenter.com\/cinemapporama%e2%80%a8%e2%80%a8-le-pont-des-arts-%e2%80%a8marcq-en-baroeul-france%e2%80%a8-video-mapping-festival-2021\/?lang=en"]}]},{"@type":"ImageObject","inLanguage":"en-US","@id":"https:\/\/videomappingcenter.com\/cinemapporama%e2%80%a8%e2%80%a8-le-pont-des-arts-%e2%80%a8marcq-en-baroeul-france%e2%80%a8-video-mapping-festival-2021\/?lang=en#primaryimage","url":"https:\/\/videomappingcenter.com\/wp-content\/uploads\/2022\/04\/Le-pont-des-arts.png","contentUrl":"https:\/\/videomappingcenter.com\/wp-content\/uploads\/2022\/04\/Le-pont-des-arts.png","width":900,"height":500},{"@type":"BreadcrumbList","@id":"https:\/\/videomappingcenter.com\/cinemapporama%e2%80%a8%e2%80%a8-le-pont-des-arts-%e2%80%a8marcq-en-baroeul-france%e2%80%a8-video-mapping-festival-2021\/?lang=en#breadcrumb","itemListElement":[{"@type":"ListItem","position":1,"name":"Accueil","item":"https:\/\/videomappingcenter.com\/"},{"@type":"ListItem","position":2,"name":"CINEMAPPORAMA &#8211; Le Pont des Arts, Marcq-en-Bar\u0153ul, France &#8211; Video Mapping Festival 2021"}]},{"@type":"WebSite","@id":"https:\/\/videomappingcenter.com\/?lang=en\/#website","url":"https:\/\/videomappingcenter.com\/?lang=en\/","name":"Video Mapping European Center","description":"Video Mapping European Center","publisher":{"@id":"https:\/\/videomappingcenter.com\/?lang=en\/#organization"},"potentialAction":[{"@type":"SearchAction","target":{"@type":"EntryPoint","urlTemplate":"https:\/\/videomappingcenter.com\/?lang=en\/?s={search_term_string}"},"query-input":{"@type":"PropertyValueSpecification","valueRequired":true,"valueName":"search_term_string"}}],"inLanguage":"en-US"},{"@type":"Organization","@id":"https:\/\/videomappingcenter.com\/?lang=en\/#organization","name":"Video Mapping European Center","url":"https:\/\/videomappingcenter.com\/?lang=en\/","logo":{"@type":"ImageObject","inLanguage":"en-US","@id":"https:\/\/videomappingcenter.com\/?lang=en\/#\/schema\/logo\/image\/","url":"https:\/\/videomappingcenter.com\/wp-content\/uploads\/2017\/07\/logo-v3.png","contentUrl":"https:\/\/videomappingcenter.com\/wp-content\/uploads\/2017\/07\/logo-v3.png","width":300,"height":135,"caption":"Video Mapping European Center"},"image":{"@id":"https:\/\/videomappingcenter.com\/?lang=en\/#\/schema\/logo\/image\/"}},{"@type":"Person","@id":"https:\/\/videomappingcenter.com\/?lang=en\/#\/schema\/person\/506136ad599d9c386ea59407d183cef8","name":"Edimestre","image":{"@type":"ImageObject","inLanguage":"en-US","@id":"https:\/\/videomappingcenter.com\/?lang=en\/#\/schema\/person\/image\/","url":"https:\/\/videomappingcenter.com\/wp-content\/uploads\/2017\/07\/avatar.jpg","contentUrl":"https:\/\/videomappingcenter.com\/wp-content\/uploads\/2017\/07\/avatar.jpg","caption":"Edimestre"}}]}},"_links":{"self":[{"href":"https:\/\/videomappingcenter.com\/en\/wp-json\/wp\/v2\/posts\/9801","targetHints":{"allow":["GET"]}}],"collection":[{"href":"https:\/\/videomappingcenter.com\/en\/wp-json\/wp\/v2\/posts"}],"about":[{"href":"https:\/\/videomappingcenter.com\/en\/wp-json\/wp\/v2\/types\/post"}],"author":[{"embeddable":true,"href":"https:\/\/videomappingcenter.com\/en\/wp-json\/wp\/v2\/users\/3"}],"replies":[{"embeddable":true,"href":"https:\/\/videomappingcenter.com\/en\/wp-json\/wp\/v2\/comments?post=9801"}],"version-history":[{"count":0,"href":"https:\/\/videomappingcenter.com\/en\/wp-json\/wp\/v2\/posts\/9801\/revisions"}],"wp:featuredmedia":[{"embeddable":true,"href":"https:\/\/videomappingcenter.com\/en\/wp-json\/wp\/v2\/media\/9796"}],"wp:attachment":[{"href":"https:\/\/videomappingcenter.com\/en\/wp-json\/wp\/v2\/media?parent=9801"}],"wp:term":[{"taxonomy":"category","embeddable":true,"href":"https:\/\/videomappingcenter.com\/en\/wp-json\/wp\/v2\/categories?post=9801"},{"taxonomy":"post_tag","embeddable":true,"href":"https:\/\/videomappingcenter.com\/en\/wp-json\/wp\/v2\/tags?post=9801"},{"taxonomy":"item-prod","embeddable":true,"href":"https:\/\/videomappingcenter.com\/en\/wp-json\/wp\/v2\/item-prod?post=9801"},{"taxonomy":"item-mapping","embeddable":true,"href":"https:\/\/videomappingcenter.com\/en\/wp-json\/wp\/v2\/item-mapping?post=9801"},{"taxonomy":"item-lieu","embeddable":true,"href":"https:\/\/videomappingcenter.com\/en\/wp-json\/wp\/v2\/item-lieu?post=9801"},{"taxonomy":"item-dates","embeddable":true,"href":"https:\/\/videomappingcenter.com\/en\/wp-json\/wp\/v2\/item-dates?post=9801"}],"curies":[{"name":"wp","href":"https:\/\/api.w.org\/{rel}","templated":true}]}}