{"id":9999,"date":"2021-12-18T14:44:08","date_gmt":"2021-12-18T13:44:08","guid":{"rendered":"https:\/\/videomappingcenter.com\/espace-temps%e2%80%a8-le-quartier-centre-des-arts-plastiques%e2%80%a8-fresnes-sur-escaut-france%e2%80%a8-video-mapping-festival-2021\/"},"modified":"2022-05-23T10:38:27","modified_gmt":"2022-05-23T08:38:27","slug":"espace-temps%e2%80%a8-le-quartier-centre-des-arts-plastiques%e2%80%a8-fresnes-sur-escaut-france%e2%80%a8-video-mapping-festival-2021","status":"publish","type":"post","link":"https:\/\/videomappingcenter.com\/en\/espace-temps%e2%80%a8-le-quartier-centre-des-arts-plastiques%e2%80%a8-fresnes-sur-escaut-france%e2%80%a8-video-mapping-festival-2021\/","title":{"rendered":"SPACE-TIME &#8211; Le quARTier \u2013 Centre des Arts Plastiques, Fresnes-sur-Escaut, France &#8211; Video Mapping Festival 2021"},"content":{"rendered":"\n<figure><iframe loading=\"lazy\" src=\"https:\/\/player.vimeo.com\/video\/704173614?h=4dc0b21c46\" width=\"640\" height=\"360\" allowfullscreen=\"\"><\/iframe><\/figure>\n\n\n\n<p style=\"text-align:justify\">Video mapping created by children during an educational workshop, as part of the Video Mapping Festival #4.<br><br>\u25ba&nbsp;<strong> Space-Time<\/strong><br>Between the bricks, a story of time through space.<br><br><strong>Creative team:<\/strong>&nbsp;<strong>CLSH d\u2019Onnaing \u00e0 la BibliO\u2019 Victor Hugo &#8211; Onnaing<br><\/strong>Deva<br>\u00c9lise<br>Floriant<br>Gauthier<br>Gregory<br>In\u00e8s<br>Jade<br>Jasmine<br>Jihane<br>Lenny<br>Louna<br>Lyad<br>Lucas<br>Mathys<br>Ma\u00ebl<br>Matylda<br>Maxence<br>No\u00e9<br>Nolan<br>Simon<br>Stella<br>Thibaut<br>Tim\u00fcr<br>Ya\u00eblle<br><br>Supervised by:<br>Charik REBIA<br> <br><strong>Supervising staff: <\/strong>Morgan RIO<br><strong>Sound creation:<\/strong> Morgan RIO<br><br><em>With the support of the Hauts-de-France Region, the Drac Hauts-de-France and Valenciennes M\u00e9tropole.<br>In collaboration with the City of Fresnes-sur-Escaut and the City of Onnaing.<\/em><br><br><br><strong>More info:&nbsp;<a rel=\"noreferrer noopener\" href=\"https:\/\/videomappingfestival.com\/?lang=en\" target=\"_blank\">videomappingfestival.com<\/a><\/strong><br><strong>Facebook:&nbsp;<a rel=\"noreferrer noopener\" href=\"https:\/\/www.facebook.com\/VideoMappingFestival\" target=\"_blank\">Video Mapping Festival<\/a><\/strong><\/p>\n<div class=\"simple-taxonomy\">\n\t<div class=\"taxonomy-item-prod\"><a href=\"https:\/\/videomappingcenter.com\/en\/item-prod\/atelier-pedagogique\/\" rel=\"tag\">Educational workshop<\/a>, <a href=\"https:\/\/videomappingcenter.com\/en\/item-prod\/evenement\/\" rel=\"tag\">Event<\/a><\/div>\n\t<div class=\"taxonomy-item-mapping\"><a href=\"https:\/\/videomappingcenter.com\/en\/item-mapping\/mapping-monumental-en\/\" rel=\"tag\">Monument video mapping<\/a><\/div>\n\t<div class=\"taxonomy-item-lieu\"><a href=\"https:\/\/videomappingcenter.com\/en\/item-lieu\/hauts-de-france-en\/\" rel=\"tag\">Hauts-de-France<\/a><\/div>\n\t<div class=\"taxonomy-item-dates\"><a href=\"https:\/\/videomappingcenter.com\/en\/item-dates\/2021-en\/\" rel=\"tag\">2021<\/a><\/div>\n\n<\/div>\n","protected":false},"excerpt":{"rendered":"<p>Video mapping created by children during an educational workshop, as part of the Video Mapping Festival #4. \u25ba&nbsp; Space-TimeBetween the bricks, a story of time through space. Creative team:&nbsp;CLSH d\u2019Onnaing \u00e0 la BibliO\u2019 Victor Hugo &#8211; OnnaingDeva\u00c9liseFloriantGauthierGregoryIn\u00e8sJadeJasmineJihaneLennyLounaLyadLucasMathysMa\u00eblMatyldaMaxenceNo\u00e9NolanSimonStellaThibautTim\u00fcrYa\u00eblle Supervised by:Charik REBIA Supervising staff: Morgan RIOSound creation: Morgan RIO With the support of the Hauts-de-France Region, the [&hellip;]<\/p>\n<div class=\"simple-taxonomy\">\n\t<div class=\"taxonomy-item-prod\"><a href=\"https:\/\/videomappingcenter.com\/en\/item-prod\/atelier-pedagogique\/\" rel=\"tag\">Educational workshop<\/a>, <a href=\"https:\/\/videomappingcenter.com\/en\/item-prod\/evenement\/\" rel=\"tag\">Event<\/a><\/div>\n\t<div class=\"taxonomy-item-mapping\"><a href=\"https:\/\/videomappingcenter.com\/en\/item-mapping\/mapping-monumental-en\/\" rel=\"tag\">Monument video mapping<\/a><\/div>\n\t<div class=\"taxonomy-item-lieu\"><a href=\"https:\/\/videomappingcenter.com\/en\/item-lieu\/hauts-de-france-en\/\" rel=\"tag\">Hauts-de-France<\/a><\/div>\n\t<div class=\"taxonomy-item-dates\"><a href=\"https:\/\/videomappingcenter.com\/en\/item-dates\/2021-en\/\" rel=\"tag\">2021<\/a><\/div>\n\n<\/div>\n","protected":false},"author":3,"featured_media":9993,"comment_status":"closed","ping_status":"closed","sticky":false,"template":"","format":"standard","meta":{"footnotes":""},"categories":[151,149],"tags":[1897,109,124,2180,117,131,2230,2175,120,110,749,116,108],"item-prod":[156,157],"item-mapping":[277],"item-lieu":[281],"item-dates":[1901],"class_list":["post-9999","post","type-post","status-publish","format-standard","has-post-thumbnail","hentry","category-educative-workshop","category-video-mapping-festival-en","tag-2021-en","tag-educational-workshop","tag-transcient","tag-fresnes-sur-escaut-en","tag-front","tag-hauts-de-france-en","tag-le-quartier-centre-des-arts-plastiques-en-2","tag-le-quartier-centre-des-arts-plastiques","tag-linear","tag-monument-video-mapping","tag-morgan-rio-en","tag-outdoor","tag-video-mapping-festival-en","item-prod-atelier-pedagogique","item-prod-evenement","item-mapping-mapping-monumental-en","item-lieu-hauts-de-france-en","item-dates-2021-en"],"yoast_head":"<!-- This site is optimized with the Yoast SEO plugin v25.8 - https:\/\/yoast.com\/wordpress\/plugins\/seo\/ -->\n<title>SPACE-TIME - Le quARTier \u2013 Centre des Arts Plastiques, Fresnes-sur-Escaut, France - Video Mapping Festival 2021 | Video Mapping European Center<\/title>\n<meta name=\"robots\" content=\"index, follow, max-snippet:-1, max-image-preview:large, max-video-preview:-1\" \/>\n<link rel=\"canonical\" href=\"https:\/\/videomappingcenter.com\/espace-temps\u2028-le-quartier-centre-des-arts-plastiques\u2028-fresnes-sur-escaut-france\u2028-video-mapping-festival-2021\/\" \/>\n<meta property=\"og:locale\" content=\"en_US\" \/>\n<meta property=\"og:type\" content=\"article\" \/>\n<meta property=\"og:title\" content=\"SPACE-TIME - Le quARTier \u2013 Centre des Arts Plastiques, Fresnes-sur-Escaut, France - Video Mapping Festival 2021 | Video Mapping European Center\" \/>\n<meta property=\"og:description\" content=\"Video mapping created by children during an educational workshop, as part of the Video Mapping Festival #4. \u25ba&nbsp; Space-TimeBetween the bricks, a story of time through space. Creative team:&nbsp;CLSH d\u2019Onnaing \u00e0 la BibliO\u2019 Victor Hugo &#8211; OnnaingDeva\u00c9liseFloriantGauthierGregoryIn\u00e8sJadeJasmineJihaneLennyLounaLyadLucasMathysMa\u00eblMatyldaMaxenceNo\u00e9NolanSimonStellaThibautTim\u00fcrYa\u00eblle Supervised by:Charik REBIA Supervising staff: Morgan RIOSound creation: Morgan RIO With the support of the Hauts-de-France Region, the [&hellip;]\" \/>\n<meta property=\"og:url\" content=\"https:\/\/videomappingcenter.com\/espace-temps\u2028-le-quartier-centre-des-arts-plastiques\u2028-fresnes-sur-escaut-france\u2028-video-mapping-festival-2021\/\" \/>\n<meta property=\"og:site_name\" content=\"Video Mapping European Center\" \/>\n<meta property=\"article:published_time\" content=\"2021-12-18T13:44:08+00:00\" \/>\n<meta property=\"article:modified_time\" content=\"2022-05-23T08:38:27+00:00\" \/>\n<meta property=\"og:image\" content=\"https:\/\/videomappingcenter.com\/wp-content\/uploads\/2022\/05\/Atelier-1.png\" \/>\n\t<meta property=\"og:image:width\" content=\"900\" \/>\n\t<meta property=\"og:image:height\" content=\"500\" \/>\n\t<meta property=\"og:image:type\" content=\"image\/png\" \/>\n<meta name=\"author\" content=\"Edimestre\" \/>\n<meta name=\"twitter:card\" content=\"summary_large_image\" \/>\n<meta name=\"twitter:label1\" content=\"Written by\" \/>\n\t<meta name=\"twitter:data1\" content=\"Edimestre\" \/>\n<script type=\"application\/ld+json\" class=\"yoast-schema-graph\">{\"@context\":\"https:\/\/schema.org\",\"@graph\":[{\"@type\":\"Article\",\"@id\":\"https:\/\/videomappingcenter.com\/espace-temps%e2%80%a8-le-quartier-centre-des-arts-plastiques%e2%80%a8-fresnes-sur-escaut-france%e2%80%a8-video-mapping-festival-2021\/#article\",\"isPartOf\":{\"@id\":\"https:\/\/videomappingcenter.com\/espace-temps%e2%80%a8-le-quartier-centre-des-arts-plastiques%e2%80%a8-fresnes-sur-escaut-france%e2%80%a8-video-mapping-festival-2021\/\"},\"author\":{\"name\":\"Edimestre\",\"@id\":\"https:\/\/videomappingcenter.com\/?lang=en\/#\/schema\/person\/506136ad599d9c386ea59407d183cef8\"},\"headline\":\"SPACE-TIME &#8211; Le quARTier \u2013 Centre des Arts Plastiques, Fresnes-sur-Escaut, France &#8211; Video Mapping Festival 2021\",\"datePublished\":\"2021-12-18T13:44:08+00:00\",\"dateModified\":\"2022-05-23T08:38:27+00:00\",\"mainEntityOfPage\":{\"@id\":\"https:\/\/videomappingcenter.com\/espace-temps%e2%80%a8-le-quartier-centre-des-arts-plastiques%e2%80%a8-fresnes-sur-escaut-france%e2%80%a8-video-mapping-festival-2021\/\"},\"wordCount\":108,\"publisher\":{\"@id\":\"https:\/\/videomappingcenter.com\/?lang=en\/#organization\"},\"image\":{\"@id\":\"https:\/\/videomappingcenter.com\/espace-temps%e2%80%a8-le-quartier-centre-des-arts-plastiques%e2%80%a8-fresnes-sur-escaut-france%e2%80%a8-video-mapping-festival-2021\/#primaryimage\"},\"thumbnailUrl\":\"https:\/\/videomappingcenter.com\/wp-content\/uploads\/2022\/05\/Atelier-1.png\",\"keywords\":[\"2021\",\"Educational workshop\",\"Ephemeral\",\"Fresnes-sur-Escaut\",\"Frontal\",\"Hauts-de-France\",\"Le quARTier - Centre des Arts Plastiques\",\"Le quARTier - Centre des Arts Plastiques\",\"linear\",\"Monument video mapping\",\"Morgan RIO\",\"Outdoor\",\"Video Mapping Festival\"],\"articleSection\":[\"Educational workshop\",\"Video Mapping Festival\"],\"inLanguage\":\"en-US\"},{\"@type\":\"WebPage\",\"@id\":\"https:\/\/videomappingcenter.com\/espace-temps%e2%80%a8-le-quartier-centre-des-arts-plastiques%e2%80%a8-fresnes-sur-escaut-france%e2%80%a8-video-mapping-festival-2021\/\",\"url\":\"https:\/\/videomappingcenter.com\/espace-temps%e2%80%a8-le-quartier-centre-des-arts-plastiques%e2%80%a8-fresnes-sur-escaut-france%e2%80%a8-video-mapping-festival-2021\/\",\"name\":\"SPACE-TIME - Le quARTier \u2013 Centre des Arts Plastiques, Fresnes-sur-Escaut, France - Video Mapping Festival 2021 | Video Mapping European Center\",\"isPartOf\":{\"@id\":\"https:\/\/videomappingcenter.com\/?lang=en\/#website\"},\"primaryImageOfPage\":{\"@id\":\"https:\/\/videomappingcenter.com\/espace-temps%e2%80%a8-le-quartier-centre-des-arts-plastiques%e2%80%a8-fresnes-sur-escaut-france%e2%80%a8-video-mapping-festival-2021\/#primaryimage\"},\"image\":{\"@id\":\"https:\/\/videomappingcenter.com\/espace-temps%e2%80%a8-le-quartier-centre-des-arts-plastiques%e2%80%a8-fresnes-sur-escaut-france%e2%80%a8-video-mapping-festival-2021\/#primaryimage\"},\"thumbnailUrl\":\"https:\/\/videomappingcenter.com\/wp-content\/uploads\/2022\/05\/Atelier-1.png\",\"datePublished\":\"2021-12-18T13:44:08+00:00\",\"dateModified\":\"2022-05-23T08:38:27+00:00\",\"breadcrumb\":{\"@id\":\"https:\/\/videomappingcenter.com\/espace-temps%e2%80%a8-le-quartier-centre-des-arts-plastiques%e2%80%a8-fresnes-sur-escaut-france%e2%80%a8-video-mapping-festival-2021\/#breadcrumb\"},\"inLanguage\":\"en-US\",\"potentialAction\":[{\"@type\":\"ReadAction\",\"target\":[\"https:\/\/videomappingcenter.com\/espace-temps%e2%80%a8-le-quartier-centre-des-arts-plastiques%e2%80%a8-fresnes-sur-escaut-france%e2%80%a8-video-mapping-festival-2021\/\"]}]},{\"@type\":\"ImageObject\",\"inLanguage\":\"en-US\",\"@id\":\"https:\/\/videomappingcenter.com\/espace-temps%e2%80%a8-le-quartier-centre-des-arts-plastiques%e2%80%a8-fresnes-sur-escaut-france%e2%80%a8-video-mapping-festival-2021\/#primaryimage\",\"url\":\"https:\/\/videomappingcenter.com\/wp-content\/uploads\/2022\/05\/Atelier-1.png\",\"contentUrl\":\"https:\/\/videomappingcenter.com\/wp-content\/uploads\/2022\/05\/Atelier-1.png\",\"width\":900,\"height\":500},{\"@type\":\"BreadcrumbList\",\"@id\":\"https:\/\/videomappingcenter.com\/espace-temps%e2%80%a8-le-quartier-centre-des-arts-plastiques%e2%80%a8-fresnes-sur-escaut-france%e2%80%a8-video-mapping-festival-2021\/#breadcrumb\",\"itemListElement\":[{\"@type\":\"ListItem\",\"position\":1,\"name\":\"Accueil\",\"item\":\"https:\/\/videomappingcenter.com\/\"},{\"@type\":\"ListItem\",\"position\":2,\"name\":\"SPACE-TIME &#8211; Le quARTier \u2013 Centre des Arts Plastiques, Fresnes-sur-Escaut, France &#8211; Video Mapping Festival 2021\"}]},{\"@type\":\"WebSite\",\"@id\":\"https:\/\/videomappingcenter.com\/?lang=en\/#website\",\"url\":\"https:\/\/videomappingcenter.com\/?lang=en\/\",\"name\":\"Video Mapping European Center\",\"description\":\"Video Mapping European Center\",\"publisher\":{\"@id\":\"https:\/\/videomappingcenter.com\/?lang=en\/#organization\"},\"potentialAction\":[{\"@type\":\"SearchAction\",\"target\":{\"@type\":\"EntryPoint\",\"urlTemplate\":\"https:\/\/videomappingcenter.com\/?lang=en\/?s={search_term_string}\"},\"query-input\":{\"@type\":\"PropertyValueSpecification\",\"valueRequired\":true,\"valueName\":\"search_term_string\"}}],\"inLanguage\":\"en-US\"},{\"@type\":\"Organization\",\"@id\":\"https:\/\/videomappingcenter.com\/?lang=en\/#organization\",\"name\":\"Video Mapping European Center\",\"url\":\"https:\/\/videomappingcenter.com\/?lang=en\/\",\"logo\":{\"@type\":\"ImageObject\",\"inLanguage\":\"en-US\",\"@id\":\"https:\/\/videomappingcenter.com\/?lang=en\/#\/schema\/logo\/image\/\",\"url\":\"https:\/\/videomappingcenter.com\/wp-content\/uploads\/2017\/07\/logo-v3.png\",\"contentUrl\":\"https:\/\/videomappingcenter.com\/wp-content\/uploads\/2017\/07\/logo-v3.png\",\"width\":300,\"height\":135,\"caption\":\"Video Mapping European Center\"},\"image\":{\"@id\":\"https:\/\/videomappingcenter.com\/?lang=en\/#\/schema\/logo\/image\/\"}},{\"@type\":\"Person\",\"@id\":\"https:\/\/videomappingcenter.com\/?lang=en\/#\/schema\/person\/506136ad599d9c386ea59407d183cef8\",\"name\":\"Edimestre\",\"image\":{\"@type\":\"ImageObject\",\"inLanguage\":\"en-US\",\"@id\":\"https:\/\/videomappingcenter.com\/?lang=en\/#\/schema\/person\/image\/\",\"url\":\"https:\/\/videomappingcenter.com\/wp-content\/uploads\/2017\/07\/avatar.jpg\",\"contentUrl\":\"https:\/\/videomappingcenter.com\/wp-content\/uploads\/2017\/07\/avatar.jpg\",\"caption\":\"Edimestre\"}}]}<\/script>\n<!-- \/ Yoast SEO plugin. -->","yoast_head_json":{"title":"SPACE-TIME - Le quARTier \u2013 Centre des Arts Plastiques, Fresnes-sur-Escaut, France - Video Mapping Festival 2021 | Video Mapping European Center","robots":{"index":"index","follow":"follow","max-snippet":"max-snippet:-1","max-image-preview":"max-image-preview:large","max-video-preview":"max-video-preview:-1"},"canonical":"https:\/\/videomappingcenter.com\/espace-temps\u2028-le-quartier-centre-des-arts-plastiques\u2028-fresnes-sur-escaut-france\u2028-video-mapping-festival-2021\/","og_locale":"en_US","og_type":"article","og_title":"SPACE-TIME - Le quARTier \u2013 Centre des Arts Plastiques, Fresnes-sur-Escaut, France - Video Mapping Festival 2021 | Video Mapping European Center","og_description":"Video mapping created by children during an educational workshop, as part of the Video Mapping Festival #4. \u25ba&nbsp; Space-TimeBetween the bricks, a story of time through space. Creative team:&nbsp;CLSH d\u2019Onnaing \u00e0 la BibliO\u2019 Victor Hugo &#8211; OnnaingDeva\u00c9liseFloriantGauthierGregoryIn\u00e8sJadeJasmineJihaneLennyLounaLyadLucasMathysMa\u00eblMatyldaMaxenceNo\u00e9NolanSimonStellaThibautTim\u00fcrYa\u00eblle Supervised by:Charik REBIA Supervising staff: Morgan RIOSound creation: Morgan RIO With the support of the Hauts-de-France Region, the [&hellip;]","og_url":"https:\/\/videomappingcenter.com\/espace-temps\u2028-le-quartier-centre-des-arts-plastiques\u2028-fresnes-sur-escaut-france\u2028-video-mapping-festival-2021\/","og_site_name":"Video Mapping European Center","article_published_time":"2021-12-18T13:44:08+00:00","article_modified_time":"2022-05-23T08:38:27+00:00","og_image":[{"width":900,"height":500,"url":"https:\/\/videomappingcenter.com\/wp-content\/uploads\/2022\/05\/Atelier-1.png","type":"image\/png"}],"author":"Edimestre","twitter_card":"summary_large_image","twitter_misc":{"Written by":"Edimestre"},"schema":{"@context":"https:\/\/schema.org","@graph":[{"@type":"Article","@id":"https:\/\/videomappingcenter.com\/espace-temps%e2%80%a8-le-quartier-centre-des-arts-plastiques%e2%80%a8-fresnes-sur-escaut-france%e2%80%a8-video-mapping-festival-2021\/#article","isPartOf":{"@id":"https:\/\/videomappingcenter.com\/espace-temps%e2%80%a8-le-quartier-centre-des-arts-plastiques%e2%80%a8-fresnes-sur-escaut-france%e2%80%a8-video-mapping-festival-2021\/"},"author":{"name":"Edimestre","@id":"https:\/\/videomappingcenter.com\/?lang=en\/#\/schema\/person\/506136ad599d9c386ea59407d183cef8"},"headline":"SPACE-TIME &#8211; Le quARTier \u2013 Centre des Arts Plastiques, Fresnes-sur-Escaut, France &#8211; Video Mapping Festival 2021","datePublished":"2021-12-18T13:44:08+00:00","dateModified":"2022-05-23T08:38:27+00:00","mainEntityOfPage":{"@id":"https:\/\/videomappingcenter.com\/espace-temps%e2%80%a8-le-quartier-centre-des-arts-plastiques%e2%80%a8-fresnes-sur-escaut-france%e2%80%a8-video-mapping-festival-2021\/"},"wordCount":108,"publisher":{"@id":"https:\/\/videomappingcenter.com\/?lang=en\/#organization"},"image":{"@id":"https:\/\/videomappingcenter.com\/espace-temps%e2%80%a8-le-quartier-centre-des-arts-plastiques%e2%80%a8-fresnes-sur-escaut-france%e2%80%a8-video-mapping-festival-2021\/#primaryimage"},"thumbnailUrl":"https:\/\/videomappingcenter.com\/wp-content\/uploads\/2022\/05\/Atelier-1.png","keywords":["2021","Educational workshop","Ephemeral","Fresnes-sur-Escaut","Frontal","Hauts-de-France","Le quARTier - Centre des Arts Plastiques","Le quARTier - Centre des Arts Plastiques","linear","Monument video mapping","Morgan RIO","Outdoor","Video Mapping Festival"],"articleSection":["Educational workshop","Video Mapping Festival"],"inLanguage":"en-US"},{"@type":"WebPage","@id":"https:\/\/videomappingcenter.com\/espace-temps%e2%80%a8-le-quartier-centre-des-arts-plastiques%e2%80%a8-fresnes-sur-escaut-france%e2%80%a8-video-mapping-festival-2021\/","url":"https:\/\/videomappingcenter.com\/espace-temps%e2%80%a8-le-quartier-centre-des-arts-plastiques%e2%80%a8-fresnes-sur-escaut-france%e2%80%a8-video-mapping-festival-2021\/","name":"SPACE-TIME - Le quARTier \u2013 Centre des Arts Plastiques, Fresnes-sur-Escaut, France - Video Mapping Festival 2021 | Video Mapping European Center","isPartOf":{"@id":"https:\/\/videomappingcenter.com\/?lang=en\/#website"},"primaryImageOfPage":{"@id":"https:\/\/videomappingcenter.com\/espace-temps%e2%80%a8-le-quartier-centre-des-arts-plastiques%e2%80%a8-fresnes-sur-escaut-france%e2%80%a8-video-mapping-festival-2021\/#primaryimage"},"image":{"@id":"https:\/\/videomappingcenter.com\/espace-temps%e2%80%a8-le-quartier-centre-des-arts-plastiques%e2%80%a8-fresnes-sur-escaut-france%e2%80%a8-video-mapping-festival-2021\/#primaryimage"},"thumbnailUrl":"https:\/\/videomappingcenter.com\/wp-content\/uploads\/2022\/05\/Atelier-1.png","datePublished":"2021-12-18T13:44:08+00:00","dateModified":"2022-05-23T08:38:27+00:00","breadcrumb":{"@id":"https:\/\/videomappingcenter.com\/espace-temps%e2%80%a8-le-quartier-centre-des-arts-plastiques%e2%80%a8-fresnes-sur-escaut-france%e2%80%a8-video-mapping-festival-2021\/#breadcrumb"},"inLanguage":"en-US","potentialAction":[{"@type":"ReadAction","target":["https:\/\/videomappingcenter.com\/espace-temps%e2%80%a8-le-quartier-centre-des-arts-plastiques%e2%80%a8-fresnes-sur-escaut-france%e2%80%a8-video-mapping-festival-2021\/"]}]},{"@type":"ImageObject","inLanguage":"en-US","@id":"https:\/\/videomappingcenter.com\/espace-temps%e2%80%a8-le-quartier-centre-des-arts-plastiques%e2%80%a8-fresnes-sur-escaut-france%e2%80%a8-video-mapping-festival-2021\/#primaryimage","url":"https:\/\/videomappingcenter.com\/wp-content\/uploads\/2022\/05\/Atelier-1.png","contentUrl":"https:\/\/videomappingcenter.com\/wp-content\/uploads\/2022\/05\/Atelier-1.png","width":900,"height":500},{"@type":"BreadcrumbList","@id":"https:\/\/videomappingcenter.com\/espace-temps%e2%80%a8-le-quartier-centre-des-arts-plastiques%e2%80%a8-fresnes-sur-escaut-france%e2%80%a8-video-mapping-festival-2021\/#breadcrumb","itemListElement":[{"@type":"ListItem","position":1,"name":"Accueil","item":"https:\/\/videomappingcenter.com\/"},{"@type":"ListItem","position":2,"name":"SPACE-TIME &#8211; Le quARTier \u2013 Centre des Arts Plastiques, Fresnes-sur-Escaut, France &#8211; Video Mapping Festival 2021"}]},{"@type":"WebSite","@id":"https:\/\/videomappingcenter.com\/?lang=en\/#website","url":"https:\/\/videomappingcenter.com\/?lang=en\/","name":"Video Mapping European Center","description":"Video Mapping European Center","publisher":{"@id":"https:\/\/videomappingcenter.com\/?lang=en\/#organization"},"potentialAction":[{"@type":"SearchAction","target":{"@type":"EntryPoint","urlTemplate":"https:\/\/videomappingcenter.com\/?lang=en\/?s={search_term_string}"},"query-input":{"@type":"PropertyValueSpecification","valueRequired":true,"valueName":"search_term_string"}}],"inLanguage":"en-US"},{"@type":"Organization","@id":"https:\/\/videomappingcenter.com\/?lang=en\/#organization","name":"Video Mapping European Center","url":"https:\/\/videomappingcenter.com\/?lang=en\/","logo":{"@type":"ImageObject","inLanguage":"en-US","@id":"https:\/\/videomappingcenter.com\/?lang=en\/#\/schema\/logo\/image\/","url":"https:\/\/videomappingcenter.com\/wp-content\/uploads\/2017\/07\/logo-v3.png","contentUrl":"https:\/\/videomappingcenter.com\/wp-content\/uploads\/2017\/07\/logo-v3.png","width":300,"height":135,"caption":"Video Mapping European Center"},"image":{"@id":"https:\/\/videomappingcenter.com\/?lang=en\/#\/schema\/logo\/image\/"}},{"@type":"Person","@id":"https:\/\/videomappingcenter.com\/?lang=en\/#\/schema\/person\/506136ad599d9c386ea59407d183cef8","name":"Edimestre","image":{"@type":"ImageObject","inLanguage":"en-US","@id":"https:\/\/videomappingcenter.com\/?lang=en\/#\/schema\/person\/image\/","url":"https:\/\/videomappingcenter.com\/wp-content\/uploads\/2017\/07\/avatar.jpg","contentUrl":"https:\/\/videomappingcenter.com\/wp-content\/uploads\/2017\/07\/avatar.jpg","caption":"Edimestre"}}]}},"_links":{"self":[{"href":"https:\/\/videomappingcenter.com\/en\/wp-json\/wp\/v2\/posts\/9999","targetHints":{"allow":["GET"]}}],"collection":[{"href":"https:\/\/videomappingcenter.com\/en\/wp-json\/wp\/v2\/posts"}],"about":[{"href":"https:\/\/videomappingcenter.com\/en\/wp-json\/wp\/v2\/types\/post"}],"author":[{"embeddable":true,"href":"https:\/\/videomappingcenter.com\/en\/wp-json\/wp\/v2\/users\/3"}],"replies":[{"embeddable":true,"href":"https:\/\/videomappingcenter.com\/en\/wp-json\/wp\/v2\/comments?post=9999"}],"version-history":[{"count":0,"href":"https:\/\/videomappingcenter.com\/en\/wp-json\/wp\/v2\/posts\/9999\/revisions"}],"wp:featuredmedia":[{"embeddable":true,"href":"https:\/\/videomappingcenter.com\/en\/wp-json\/wp\/v2\/media\/9993"}],"wp:attachment":[{"href":"https:\/\/videomappingcenter.com\/en\/wp-json\/wp\/v2\/media?parent=9999"}],"wp:term":[{"taxonomy":"category","embeddable":true,"href":"https:\/\/videomappingcenter.com\/en\/wp-json\/wp\/v2\/categories?post=9999"},{"taxonomy":"post_tag","embeddable":true,"href":"https:\/\/videomappingcenter.com\/en\/wp-json\/wp\/v2\/tags?post=9999"},{"taxonomy":"item-prod","embeddable":true,"href":"https:\/\/videomappingcenter.com\/en\/wp-json\/wp\/v2\/item-prod?post=9999"},{"taxonomy":"item-mapping","embeddable":true,"href":"https:\/\/videomappingcenter.com\/en\/wp-json\/wp\/v2\/item-mapping?post=9999"},{"taxonomy":"item-lieu","embeddable":true,"href":"https:\/\/videomappingcenter.com\/en\/wp-json\/wp\/v2\/item-lieu?post=9999"},{"taxonomy":"item-dates","embeddable":true,"href":"https:\/\/videomappingcenter.com\/en\/wp-json\/wp\/v2\/item-dates?post=9999"}],"curies":[{"name":"wp","href":"https:\/\/api.w.org\/{rel}","templated":true}]}}